{"id":6679,"date":"2014-02-16T15:31:05","date_gmt":"2014-02-16T15:31:05","guid":{"rendered":"https:\/\/pagina10.com\/web\/suspension-de-agua-lunes-17-de-febrero\/"},"modified":"2014-02-16T15:31:05","modified_gmt":"2014-02-16T15:31:05","slug":"suspension-de-agua-lunes-17-de-febrero","status":"publish","type":"post","link":"https:\/\/pagina10.com\/web\/suspension-de-agua-lunes-17-de-febrero\/","title":{"rendered":"Suspensi\u00f3n de agua lunes 17 de febrero"},"content":{"rendered":"<p><img fetchpriority=\"high\" decoding=\"async\" class=\" size-full wp-image-6678\" src=\"https:\/\/pagina10.com\/web\/wp-content\/uploads\/2014\/02\/57c9bc1955ac2daa49754b18e0d2c2c1.jpg\" alt=\"\" width=\"400\" height=\"300\" srcset=\"https:\/\/pagina10.com\/web\/wp-content\/uploads\/2014\/02\/57c9bc1955ac2daa49754b18e0d2c2c1.jpg 400w, https:\/\/pagina10.com\/web\/wp-content\/uploads\/2014\/02\/57c9bc1955ac2daa49754b18e0d2c2c1-300x225.jpg 300w, https:\/\/pagina10.com\/web\/wp-content\/uploads\/2014\/02\/57c9bc1955ac2daa49754b18e0d2c2c1-86x64.jpg 86w\" sizes=\"(max-width: 400px) 100vw, 400px\" \/><\/p>\n<p style=\"text-align: justify;\">Empopasto S.A. E.S.P informa a la comunidad que debido a la instalaci\u00f3n de una v\u00e1lvula en el barrio obrero el d\u00eda lunes 17 de febrero, se suspender\u00e1 el suministro de agua, desde las 8:00 de la ma\u00f1ana y hasta las 6:00 de la tarde<\/p>\n<p style=\"text-align: justify;\"><strong>Barrios en los que el servicio ser\u00e1 suspendido<\/strong><\/p>\n<p style=\"text-align: justify;\"><span style=\"line-height: 1.8;\">San Miguel<\/span><\/p>\n<p style=\"text-align: justify;\"><span style=\"line-height: 1.8;\">Atahualpa<\/span><\/p>\n<p style=\"text-align: justify;\"><span style=\"line-height: 1.8;\"> Villa Lucia<\/span><\/p>\n<p style=\"text-align: justify;\"><span style=\"line-height: 1.8;\">Los \u00c1lamos<\/span><\/p>\n<p style=\"text-align: justify;\"><span style=\"line-height: 1.8;\"> Los Balcones<\/span><\/p>\n<p style=\"text-align: justify;\"><span style=\"line-height: 1.8;\"> Obrero<\/span><\/p>\n<p style=\"text-align: justify;\"><span style=\"line-height: 1.8;\"> Caracha<\/span><\/p>\n<p style=\"text-align: justify;\"><span style=\"line-height: 1.8;\"> Capusigra<\/span><\/p>\n<p style=\"text-align: justify;\"><span style=\"line-height: 1.8;\"> \u00c9xito<\/span><\/p>\n<p style=\"text-align: justify;\"><span style=\"line-height: 1.8;\"> San Felipe<\/span><\/p>\n<p style=\"text-align: justify;\"><span style=\"line-height: 1.8;\"> La Normal<\/span><\/p>\n<p style=\"text-align: justify;\"><span style=\"line-height: 1.8;\">Avenida Boyac\u00e1.<\/span><\/p>\n<p style=\"text-align: justify;\">&nbsp;<\/p>\n<p style=\"text-align: justify;\">Igualmente se informa que se presentar\u00e1 baja presi\u00f3n en los barrios:<\/p>\n<p style=\"text-align: justify;\">San Ignacio<\/p>\n<p style=\"text-align: justify;\">La Aurora<\/p>\n<p style=\"text-align: justify;\">Las Acacias<\/p>\n<p style=\"text-align: justify;\">Santiago.<\/p>\n<p style=\"text-align: justify;\">&nbsp;<\/p>\n<p style=\"text-align: justify;\">&nbsp;<\/p>\n","protected":false},"excerpt":{"rendered":"<p>Empopasto S.A. E.S.P informa a la comunidad que debido a la instalaci\u00f3n de una v\u00e1lvula en el barrio obrero el d\u00eda lunes 17 de febrero, se suspender\u00e1 el suministro de agua, desde las 8:00 de la ma\u00f1ana y hasta las 6:00 de la tarde Barrios en los que el servicio ser\u00e1 suspendido San Miguel Atahualpa [&hellip;]<\/p>\n","protected":false},"author":29,"featured_media":6678,"comment_status":"open","ping_status":"open","sticky":false,"template":"","format":"standard","meta":{"footnotes":""},"categories":[82],"tags":[],"class_list":["post-6679","post","type-post","status-publish","format-standard","has-post-thumbnail","hentry","category-ciudad-2"],"yoast_head":"<!-- This site is optimized with the Yoast SEO plugin v27.1.1 - https:\/\/yoast.com\/product\/yoast-seo-wordpress\/ -->\n<title>Suspensi\u00f3n de agua lunes 17 de febrero | P\u00e1gina10<\/title>\n<meta name=\"robots\" content=\"index, follow, max-snippet:-1, max-image-preview:large, max-video-preview:-1\" \/>\n<link rel=\"canonical\" href=\"https:\/\/pagina10.com\/web\/suspension-de-agua-lunes-17-de-febrero\/\" \/>\n<meta property=\"og:locale\" content=\"es_ES\" \/>\n<meta property=\"og:type\" content=\"article\" \/>\n<meta property=\"og:title\" content=\"Suspensi\u00f3n de agua lunes 17 de febrero | P\u00e1gina10\" \/>\n<meta property=\"og:description\" content=\"Empopasto S.A. E.S.P informa a la comunidad que debido a la instalaci\u00f3n de una v\u00e1lvula en el barrio obrero el d\u00eda lunes 17 de febrero, se suspender\u00e1 el suministro de agua, desde las 8:00 de la ma\u00f1ana y hasta las 6:00 de la tarde Barrios en los que el servicio ser\u00e1 suspendido San Miguel Atahualpa [&hellip;]\" \/>\n<meta property=\"og:url\" content=\"https:\/\/pagina10.com\/web\/suspension-de-agua-lunes-17-de-febrero\/\" \/>\n<meta property=\"og:site_name\" content=\"P\u00e1gina10\" \/>\n<meta property=\"article:publisher\" content=\"https:\/\/www.facebook.com\/pag10com\" \/>\n<meta property=\"article:published_time\" content=\"2014-02-16T15:31:05+00:00\" \/>\n<meta property=\"og:image\" content=\"https:\/\/pagina10.com\/web\/wp-content\/uploads\/2014\/02\/57c9bc1955ac2daa49754b18e0d2c2c1.jpg\" \/>\n\t<meta property=\"og:image:width\" content=\"400\" \/>\n\t<meta property=\"og:image:height\" content=\"300\" \/>\n\t<meta property=\"og:image:type\" content=\"image\/jpeg\" \/>\n<meta name=\"author\" content=\"P\u00e1gina 10\" \/>\n<meta name=\"twitter:card\" content=\"summary_large_image\" \/>\n<meta name=\"twitter:creator\" content=\"@Pag10com\" \/>\n<meta name=\"twitter:site\" content=\"@Pag10com\" \/>\n<meta name=\"twitter:label1\" content=\"Escrito por\" \/>\n\t<meta name=\"twitter:data1\" content=\"P\u00e1gina 10\" \/>\n<script type=\"application\/ld+json\" class=\"yoast-schema-graph\">{\"@context\":\"https:\/\/schema.org\",\"@graph\":[{\"@type\":\"Article\",\"@id\":\"https:\/\/pagina10.com\/web\/suspension-de-agua-lunes-17-de-febrero\/#article\",\"isPartOf\":{\"@id\":\"https:\/\/pagina10.com\/web\/suspension-de-agua-lunes-17-de-febrero\/\"},\"author\":{\"name\":\"P\u00e1gina 10\",\"@id\":\"https:\/\/pagina10.com\/web\/#\/schema\/person\/a7a5d38f0629dfc107f619fbae4f6cc3\"},\"headline\":\"Suspensi\u00f3n de agua lunes 17 de febrero\",\"datePublished\":\"2014-02-16T15:31:05+00:00\",\"mainEntityOfPage\":{\"@id\":\"https:\/\/pagina10.com\/web\/suspension-de-agua-lunes-17-de-febrero\/\"},\"wordCount\":104,\"commentCount\":0,\"publisher\":{\"@id\":\"https:\/\/pagina10.com\/web\/#organization\"},\"image\":{\"@id\":\"https:\/\/pagina10.com\/web\/suspension-de-agua-lunes-17-de-febrero\/#primaryimage\"},\"thumbnailUrl\":\"https:\/\/pagina10.com\/web\/wp-content\/uploads\/2014\/02\/57c9bc1955ac2daa49754b18e0d2c2c1.jpg\",\"articleSection\":[\"Ciudad\"],\"inLanguage\":\"es\",\"potentialAction\":[{\"@type\":\"CommentAction\",\"name\":\"Comment\",\"target\":[\"https:\/\/pagina10.com\/web\/suspension-de-agua-lunes-17-de-febrero\/#respond\"]}]},{\"@type\":\"WebPage\",\"@id\":\"https:\/\/pagina10.com\/web\/suspension-de-agua-lunes-17-de-febrero\/\",\"url\":\"https:\/\/pagina10.com\/web\/suspension-de-agua-lunes-17-de-febrero\/\",\"name\":\"Suspensi\u00f3n de agua lunes 17 de febrero | P\u00e1gina10\",\"isPartOf\":{\"@id\":\"https:\/\/pagina10.com\/web\/#website\"},\"primaryImageOfPage\":{\"@id\":\"https:\/\/pagina10.com\/web\/suspension-de-agua-lunes-17-de-febrero\/#primaryimage\"},\"image\":{\"@id\":\"https:\/\/pagina10.com\/web\/suspension-de-agua-lunes-17-de-febrero\/#primaryimage\"},\"thumbnailUrl\":\"https:\/\/pagina10.com\/web\/wp-content\/uploads\/2014\/02\/57c9bc1955ac2daa49754b18e0d2c2c1.jpg\",\"datePublished\":\"2014-02-16T15:31:05+00:00\",\"breadcrumb\":{\"@id\":\"https:\/\/pagina10.com\/web\/suspension-de-agua-lunes-17-de-febrero\/#breadcrumb\"},\"inLanguage\":\"es\",\"potentialAction\":[{\"@type\":\"ReadAction\",\"target\":[\"https:\/\/pagina10.com\/web\/suspension-de-agua-lunes-17-de-febrero\/\"]}]},{\"@type\":\"ImageObject\",\"inLanguage\":\"es\",\"@id\":\"https:\/\/pagina10.com\/web\/suspension-de-agua-lunes-17-de-febrero\/#primaryimage\",\"url\":\"https:\/\/pagina10.com\/web\/wp-content\/uploads\/2014\/02\/57c9bc1955ac2daa49754b18e0d2c2c1.jpg\",\"contentUrl\":\"https:\/\/pagina10.com\/web\/wp-content\/uploads\/2014\/02\/57c9bc1955ac2daa49754b18e0d2c2c1.jpg\",\"width\":400,\"height\":300},{\"@type\":\"BreadcrumbList\",\"@id\":\"https:\/\/pagina10.com\/web\/suspension-de-agua-lunes-17-de-febrero\/#breadcrumb\",\"itemListElement\":[{\"@type\":\"ListItem\",\"position\":1,\"name\":\"Portada\",\"item\":\"https:\/\/pagina10.com\/web\/\"},{\"@type\":\"ListItem\",\"position\":2,\"name\":\"Suspensi\u00f3n de agua lunes 17 de febrero\"}]},{\"@type\":\"WebSite\",\"@id\":\"https:\/\/pagina10.com\/web\/#website\",\"url\":\"https:\/\/pagina10.com\/web\/\",\"name\":\"P\u00e1gina10\",\"description\":\"Peri\u00f3dico Regional\",\"publisher\":{\"@id\":\"https:\/\/pagina10.com\/web\/#organization\"},\"alternateName\":\"P\u00e1gina10 Peri\u00f3dico Regional\",\"potentialAction\":[{\"@type\":\"SearchAction\",\"target\":{\"@type\":\"EntryPoint\",\"urlTemplate\":\"https:\/\/pagina10.com\/web\/?s={search_term_string}\"},\"query-input\":{\"@type\":\"PropertyValueSpecification\",\"valueRequired\":true,\"valueName\":\"search_term_string\"}}],\"inLanguage\":\"es\"},{\"@type\":\"Organization\",\"@id\":\"https:\/\/pagina10.com\/web\/#organization\",\"name\":\"P\u00e1gina10\",\"alternateName\":\"P\u00e1gina10 Peri\u00f3dico Regional\",\"url\":\"https:\/\/pagina10.com\/web\/\",\"logo\":{\"@type\":\"ImageObject\",\"inLanguage\":\"es\",\"@id\":\"https:\/\/pagina10.com\/web\/#\/schema\/logo\/image\/\",\"url\":\"https:\/\/pagina10.com\/web\/wp-content\/uploads\/2024\/01\/40-pagina-10-periodico-regional-pasto.jpg\",\"contentUrl\":\"https:\/\/pagina10.com\/web\/wp-content\/uploads\/2024\/01\/40-pagina-10-periodico-regional-pasto.jpg\",\"width\":1280,\"height\":720,\"caption\":\"P\u00e1gina10\"},\"image\":{\"@id\":\"https:\/\/pagina10.com\/web\/#\/schema\/logo\/image\/\"},\"sameAs\":[\"https:\/\/www.facebook.com\/pag10com\",\"https:\/\/x.com\/Pag10com\",\"https:\/\/www.instagram.com\/pagina10col\/\",\"https:\/\/youtube.com\/channel\/pag10\",\"https:\/\/www.tiktok.com\/@p10col\"]},{\"@type\":\"Person\",\"@id\":\"https:\/\/pagina10.com\/web\/#\/schema\/person\/a7a5d38f0629dfc107f619fbae4f6cc3\",\"name\":\"P\u00e1gina 10\",\"description\":\"P\u00e1gina10.com es un peri\u00f3dico digital que nace en Colombia, en el departamento de Nari\u00f1o, con un enfoque global, fundamentado en cuatro pilares esenciales: la libertad, el pluralismo, la inclusi\u00f3n y la independencia. P\u00e1gina10.com hace referencia a Nari\u00f1o como el d\u00e9cimo departamento creado en Colombia, despu\u00e9s de un proceso pol\u00edtico liderado por actores y actrices regionales con el fin de obtener la independencia y autonom\u00eda de nuestros territorios. Con la creaci\u00f3n de P\u00e1gina10.com se pretende abrir un escenario para el dialogo, la reflexi\u00f3n y el debate que se extienda a otras geograf\u00edas de Am\u00e9rica Latina y del planeta, en una apuesta por transformar colectivamente los desaf\u00edos de un mundo contempor\u00e1neo, m\u00e1s all\u00e1 de las fronteras impuestas.\",\"url\":\"https:\/\/pagina10.com\/web\/author\/mcepeda\/\"}]}<\/script>\n<!-- \/ Yoast SEO plugin. -->","yoast_head_json":{"title":"Suspensi\u00f3n de agua lunes 17 de febrero | P\u00e1gina10","robots":{"index":"index","follow":"follow","max-snippet":"max-snippet:-1","max-image-preview":"max-image-preview:large","max-video-preview":"max-video-preview:-1"},"canonical":"https:\/\/pagina10.com\/web\/suspension-de-agua-lunes-17-de-febrero\/","og_locale":"es_ES","og_type":"article","og_title":"Suspensi\u00f3n de agua lunes 17 de febrero | P\u00e1gina10","og_description":"Empopasto S.A. E.S.P informa a la comunidad que debido a la instalaci\u00f3n de una v\u00e1lvula en el barrio obrero el d\u00eda lunes 17 de febrero, se suspender\u00e1 el suministro de agua, desde las 8:00 de la ma\u00f1ana y hasta las 6:00 de la tarde Barrios en los que el servicio ser\u00e1 suspendido San Miguel Atahualpa [&hellip;]","og_url":"https:\/\/pagina10.com\/web\/suspension-de-agua-lunes-17-de-febrero\/","og_site_name":"P\u00e1gina10","article_publisher":"https:\/\/www.facebook.com\/pag10com","article_published_time":"2014-02-16T15:31:05+00:00","og_image":[{"width":400,"height":300,"url":"https:\/\/pagina10.com\/web\/wp-content\/uploads\/2014\/02\/57c9bc1955ac2daa49754b18e0d2c2c1.jpg","type":"image\/jpeg"}],"author":"P\u00e1gina 10","twitter_card":"summary_large_image","twitter_creator":"@Pag10com","twitter_site":"@Pag10com","twitter_misc":{"Escrito por":"P\u00e1gina 10"},"schema":{"@context":"https:\/\/schema.org","@graph":[{"@type":"Article","@id":"https:\/\/pagina10.com\/web\/suspension-de-agua-lunes-17-de-febrero\/#article","isPartOf":{"@id":"https:\/\/pagina10.com\/web\/suspension-de-agua-lunes-17-de-febrero\/"},"author":{"name":"P\u00e1gina 10","@id":"https:\/\/pagina10.com\/web\/#\/schema\/person\/a7a5d38f0629dfc107f619fbae4f6cc3"},"headline":"Suspensi\u00f3n de agua lunes 17 de febrero","datePublished":"2014-02-16T15:31:05+00:00","mainEntityOfPage":{"@id":"https:\/\/pagina10.com\/web\/suspension-de-agua-lunes-17-de-febrero\/"},"wordCount":104,"commentCount":0,"publisher":{"@id":"https:\/\/pagina10.com\/web\/#organization"},"image":{"@id":"https:\/\/pagina10.com\/web\/suspension-de-agua-lunes-17-de-febrero\/#primaryimage"},"thumbnailUrl":"https:\/\/pagina10.com\/web\/wp-content\/uploads\/2014\/02\/57c9bc1955ac2daa49754b18e0d2c2c1.jpg","articleSection":["Ciudad"],"inLanguage":"es","potentialAction":[{"@type":"CommentAction","name":"Comment","target":["https:\/\/pagina10.com\/web\/suspension-de-agua-lunes-17-de-febrero\/#respond"]}]},{"@type":"WebPage","@id":"https:\/\/pagina10.com\/web\/suspension-de-agua-lunes-17-de-febrero\/","url":"https:\/\/pagina10.com\/web\/suspension-de-agua-lunes-17-de-febrero\/","name":"Suspensi\u00f3n de agua lunes 17 de febrero | P\u00e1gina10","isPartOf":{"@id":"https:\/\/pagina10.com\/web\/#website"},"primaryImageOfPage":{"@id":"https:\/\/pagina10.com\/web\/suspension-de-agua-lunes-17-de-febrero\/#primaryimage"},"image":{"@id":"https:\/\/pagina10.com\/web\/suspension-de-agua-lunes-17-de-febrero\/#primaryimage"},"thumbnailUrl":"https:\/\/pagina10.com\/web\/wp-content\/uploads\/2014\/02\/57c9bc1955ac2daa49754b18e0d2c2c1.jpg","datePublished":"2014-02-16T15:31:05+00:00","breadcrumb":{"@id":"https:\/\/pagina10.com\/web\/suspension-de-agua-lunes-17-de-febrero\/#breadcrumb"},"inLanguage":"es","potentialAction":[{"@type":"ReadAction","target":["https:\/\/pagina10.com\/web\/suspension-de-agua-lunes-17-de-febrero\/"]}]},{"@type":"ImageObject","inLanguage":"es","@id":"https:\/\/pagina10.com\/web\/suspension-de-agua-lunes-17-de-febrero\/#primaryimage","url":"https:\/\/pagina10.com\/web\/wp-content\/uploads\/2014\/02\/57c9bc1955ac2daa49754b18e0d2c2c1.jpg","contentUrl":"https:\/\/pagina10.com\/web\/wp-content\/uploads\/2014\/02\/57c9bc1955ac2daa49754b18e0d2c2c1.jpg","width":400,"height":300},{"@type":"BreadcrumbList","@id":"https:\/\/pagina10.com\/web\/suspension-de-agua-lunes-17-de-febrero\/#breadcrumb","itemListElement":[{"@type":"ListItem","position":1,"name":"Portada","item":"https:\/\/pagina10.com\/web\/"},{"@type":"ListItem","position":2,"name":"Suspensi\u00f3n de agua lunes 17 de febrero"}]},{"@type":"WebSite","@id":"https:\/\/pagina10.com\/web\/#website","url":"https:\/\/pagina10.com\/web\/","name":"P\u00e1gina10","description":"Peri\u00f3dico Regional","publisher":{"@id":"https:\/\/pagina10.com\/web\/#organization"},"alternateName":"P\u00e1gina10 Peri\u00f3dico Regional","potentialAction":[{"@type":"SearchAction","target":{"@type":"EntryPoint","urlTemplate":"https:\/\/pagina10.com\/web\/?s={search_term_string}"},"query-input":{"@type":"PropertyValueSpecification","valueRequired":true,"valueName":"search_term_string"}}],"inLanguage":"es"},{"@type":"Organization","@id":"https:\/\/pagina10.com\/web\/#organization","name":"P\u00e1gina10","alternateName":"P\u00e1gina10 Peri\u00f3dico Regional","url":"https:\/\/pagina10.com\/web\/","logo":{"@type":"ImageObject","inLanguage":"es","@id":"https:\/\/pagina10.com\/web\/#\/schema\/logo\/image\/","url":"https:\/\/pagina10.com\/web\/wp-content\/uploads\/2024\/01\/40-pagina-10-periodico-regional-pasto.jpg","contentUrl":"https:\/\/pagina10.com\/web\/wp-content\/uploads\/2024\/01\/40-pagina-10-periodico-regional-pasto.jpg","width":1280,"height":720,"caption":"P\u00e1gina10"},"image":{"@id":"https:\/\/pagina10.com\/web\/#\/schema\/logo\/image\/"},"sameAs":["https:\/\/www.facebook.com\/pag10com","https:\/\/x.com\/Pag10com","https:\/\/www.instagram.com\/pagina10col\/","https:\/\/youtube.com\/channel\/pag10","https:\/\/www.tiktok.com\/@p10col"]},{"@type":"Person","@id":"https:\/\/pagina10.com\/web\/#\/schema\/person\/a7a5d38f0629dfc107f619fbae4f6cc3","name":"P\u00e1gina 10","description":"P\u00e1gina10.com es un peri\u00f3dico digital que nace en Colombia, en el departamento de Nari\u00f1o, con un enfoque global, fundamentado en cuatro pilares esenciales: la libertad, el pluralismo, la inclusi\u00f3n y la independencia. P\u00e1gina10.com hace referencia a Nari\u00f1o como el d\u00e9cimo departamento creado en Colombia, despu\u00e9s de un proceso pol\u00edtico liderado por actores y actrices regionales con el fin de obtener la independencia y autonom\u00eda de nuestros territorios. Con la creaci\u00f3n de P\u00e1gina10.com se pretende abrir un escenario para el dialogo, la reflexi\u00f3n y el debate que se extienda a otras geograf\u00edas de Am\u00e9rica Latina y del planeta, en una apuesta por transformar colectivamente los desaf\u00edos de un mundo contempor\u00e1neo, m\u00e1s all\u00e1 de las fronteras impuestas.","url":"https:\/\/pagina10.com\/web\/author\/mcepeda\/"}]}},"_links":{"self":[{"href":"https:\/\/pagina10.com\/web\/wp-json\/wp\/v2\/posts\/6679","targetHints":{"allow":["GET"]}}],"collection":[{"href":"https:\/\/pagina10.com\/web\/wp-json\/wp\/v2\/posts"}],"about":[{"href":"https:\/\/pagina10.com\/web\/wp-json\/wp\/v2\/types\/post"}],"author":[{"embeddable":true,"href":"https:\/\/pagina10.com\/web\/wp-json\/wp\/v2\/users\/29"}],"replies":[{"embeddable":true,"href":"https:\/\/pagina10.com\/web\/wp-json\/wp\/v2\/comments?post=6679"}],"version-history":[{"count":0,"href":"https:\/\/pagina10.com\/web\/wp-json\/wp\/v2\/posts\/6679\/revisions"}],"wp:featuredmedia":[{"embeddable":true,"href":"https:\/\/pagina10.com\/web\/wp-json\/wp\/v2\/media\/6678"}],"wp:attachment":[{"href":"https:\/\/pagina10.com\/web\/wp-json\/wp\/v2\/media?parent=6679"}],"wp:term":[{"taxonomy":"category","embeddable":true,"href":"https:\/\/pagina10.com\/web\/wp-json\/wp\/v2\/categories?post=6679"},{"taxonomy":"post_tag","embeddable":true,"href":"https:\/\/pagina10.com\/web\/wp-json\/wp\/v2\/tags?post=6679"}],"curies":[{"name":"wp","href":"https:\/\/api.w.org\/{rel}","templated":true}]}}