{"id":66840,"date":"2023-06-21T12:52:10","date_gmt":"2023-06-21T17:52:10","guid":{"rendered":"https:\/\/pagina10.com\/web\/?p=66840"},"modified":"2023-06-21T12:52:44","modified_gmt":"2023-06-21T17:52:44","slug":"se-hundio-reforma-laboral-de-petro","status":"publish","type":"post","link":"https:\/\/pagina10.com\/web\/se-hundio-reforma-laboral-de-petro\/","title":{"rendered":"Se hundi\u00f3 Reforma laboral de Petro"},"content":{"rendered":"<p>El proyecto de reforma laboral propuesto por el gobierno de Gustavo Petro se hundi\u00f3 en el Congreso, no se pudo llevar a cabo la votaci\u00f3n debido a la falta de qu\u00f3rum en la Comisi\u00f3n S\u00e9ptima de la C\u00e1mara de Representantes.<\/p>\n<p>El presidente Petro expres\u00f3 su preocupaci\u00f3n por el fracaso de la iniciativa a trav\u00e9s de su cuenta de Twitter, se\u00f1alando que esto demuestra la falta de voluntad de paz y pacto social por parte del poder econ\u00f3mico.<\/p>\n<p>\u201cEl hundimiento de la reforma laboral es muy grave. Demuestra que la voluntad de paz y de pacto social no existe en el poder econ\u00f3mico. Due\u00f1os del capital y de los medios lograron cooptar el Congreso en contra de la dignidad del pueblo trabajador. Creen que las ganancias salen de la esclavitud, las largas jornadas y la completa inestabilidad laboral. El gobierno del cambio no abandonar\u00e1 los intereses de la trabajadora y el trabajador\u201d, se\u00f1al\u00f3 el presidente.<\/p>\n<p><a href=\"https:\/\/twitter.com\/petrogustavo\/status\/1671252387518988288?s=20\"><img fetchpriority=\"high\" decoding=\"async\" class=\"aligncenter wp-image-66844\" src=\"https:\/\/pagina10.com\/web\/wp-content\/uploads\/2023\/06\/Picture1h.png\" alt=\"\" width=\"494\" height=\"318\" srcset=\"https:\/\/pagina10.com\/web\/wp-content\/uploads\/2023\/06\/Picture1h.png 849w, https:\/\/pagina10.com\/web\/wp-content\/uploads\/2023\/06\/Picture1h-300x193.png 300w, https:\/\/pagina10.com\/web\/wp-content\/uploads\/2023\/06\/Picture1h-768x494.png 768w, https:\/\/pagina10.com\/web\/wp-content\/uploads\/2023\/06\/Picture1h-210x136.png 210w\" sizes=\"(max-width: 494px) 100vw, 494px\" \/><\/a><\/p>\n<p>La \u00faltima oportunidad para que el proyecto siguiera su curso, era superar este primer debate en las sesiones extraordinarias de la Legislatura actual, sin embargo, no logr\u00f3 avanzar.<\/p>\n<p>El proyecto de reforma laboral fue presentado ante el Congreso de la Rep\u00fablica por el Ministerio de Trabajo el 16 de marzo. Antes de su presentaci\u00f3n, se llevaron a cabo cuatro borradores del documento y se realizaron consultas en la Comisi\u00f3n Permanente de Pol\u00edticas Salariales y Laborales. Despu\u00e9s de este proceso, se consolid\u00f3 la versi\u00f3n final del proyecto, que consta de 75 art\u00edculos. Durante el proceso de elaboraci\u00f3n, el Ministerio recibi\u00f3 propuestas tanto de sindicatos como de gremios, incluyendo la CUT, CCT, CGT, Fenalco, Andi y Acopi.<\/p>\n<p>Aunque se realizaron cambios significativos para llegar al documento final, se mantuvo el objetivo de priorizar la estabilidad laboral de aquellos que ya tienen empleo formal. Es importante resaltar que una de los aspectos positivos de esta propuesta es que brinda protecci\u00f3n y acceso a seguridad social a los migrantes.<\/p>\n","protected":false},"excerpt":{"rendered":"<p>El proyecto de reforma laboral propuesto por el gobierno de Gustavo Petro se hundi\u00f3 en el Congreso, no se pudo llevar a cabo la votaci\u00f3n debido a la falta de qu\u00f3rum en la Comisi\u00f3n S\u00e9ptima de la C\u00e1mara de Representantes. El presidente Petro expres\u00f3 su preocupaci\u00f3n por el fracaso de la iniciativa a trav\u00e9s de [&hellip;]<\/p>\n","protected":false},"author":1,"featured_media":66843,"comment_status":"open","ping_status":"open","sticky":false,"template":"","format":"standard","meta":{"footnotes":""},"categories":[94],"tags":[],"class_list":["post-66840","post","type-post","status-publish","format-standard","has-post-thumbnail","hentry","category-nacional-global-2"],"yoast_head":"<!-- This site is optimized with the Yoast SEO plugin v27.1.1 - https:\/\/yoast.com\/product\/yoast-seo-wordpress\/ -->\n<title>Se hundi\u00f3 Reforma laboral de Petro | P\u00e1gina10<\/title>\n<meta name=\"robots\" content=\"index, follow, max-snippet:-1, max-image-preview:large, max-video-preview:-1\" \/>\n<link rel=\"canonical\" href=\"https:\/\/pagina10.com\/web\/se-hundio-reforma-laboral-de-petro\/\" \/>\n<meta property=\"og:locale\" content=\"es_ES\" \/>\n<meta property=\"og:type\" content=\"article\" \/>\n<meta property=\"og:title\" content=\"Se hundi\u00f3 Reforma laboral de Petro | P\u00e1gina10\" \/>\n<meta property=\"og:description\" content=\"El proyecto de reforma laboral propuesto por el gobierno de Gustavo Petro se hundi\u00f3 en el Congreso, no se pudo llevar a cabo la votaci\u00f3n debido a la falta de qu\u00f3rum en la Comisi\u00f3n S\u00e9ptima de la C\u00e1mara de Representantes. El presidente Petro expres\u00f3 su preocupaci\u00f3n por el fracaso de la iniciativa a trav\u00e9s de [&hellip;]\" \/>\n<meta property=\"og:url\" content=\"https:\/\/pagina10.com\/web\/se-hundio-reforma-laboral-de-petro\/\" \/>\n<meta property=\"og:site_name\" content=\"P\u00e1gina10\" \/>\n<meta property=\"article:publisher\" content=\"https:\/\/www.facebook.com\/pag10com\" \/>\n<meta property=\"article:published_time\" content=\"2023-06-21T17:52:10+00:00\" \/>\n<meta property=\"article:modified_time\" content=\"2023-06-21T17:52:44+00:00\" \/>\n<meta property=\"og:image\" content=\"https:\/\/pagina10.com\/web\/wp-content\/uploads\/2023\/06\/64921151ee274.jpeg\" \/>\n\t<meta property=\"og:image:width\" content=\"700\" \/>\n\t<meta property=\"og:image:height\" content=\"526\" \/>\n\t<meta property=\"og:image:type\" content=\"image\/jpeg\" \/>\n<meta name=\"author\" content=\"P\u00e1gina 10\" \/>\n<meta name=\"twitter:card\" content=\"summary_large_image\" \/>\n<meta name=\"twitter:creator\" content=\"@Pag10com\" \/>\n<meta name=\"twitter:site\" content=\"@Pag10com\" \/>\n<meta name=\"twitter:label1\" content=\"Escrito por\" \/>\n\t<meta name=\"twitter:data1\" content=\"P\u00e1gina 10\" \/>\n\t<meta name=\"twitter:label2\" content=\"Tiempo de lectura\" \/>\n\t<meta name=\"twitter:data2\" content=\"2 minutos\" \/>\n<script type=\"application\/ld+json\" class=\"yoast-schema-graph\">{\"@context\":\"https:\/\/schema.org\",\"@graph\":[{\"@type\":\"Article\",\"@id\":\"https:\/\/pagina10.com\/web\/se-hundio-reforma-laboral-de-petro\/#article\",\"isPartOf\":{\"@id\":\"https:\/\/pagina10.com\/web\/se-hundio-reforma-laboral-de-petro\/\"},\"author\":{\"name\":\"P\u00e1gina 10\",\"@id\":\"https:\/\/pagina10.com\/web\/#\/schema\/person\/2efc4a090d25b667d3bc796798a3a81b\"},\"headline\":\"Se hundi\u00f3 Reforma laboral de Petro\",\"datePublished\":\"2023-06-21T17:52:10+00:00\",\"dateModified\":\"2023-06-21T17:52:44+00:00\",\"mainEntityOfPage\":{\"@id\":\"https:\/\/pagina10.com\/web\/se-hundio-reforma-laboral-de-petro\/\"},\"wordCount\":344,\"commentCount\":0,\"publisher\":{\"@id\":\"https:\/\/pagina10.com\/web\/#organization\"},\"image\":{\"@id\":\"https:\/\/pagina10.com\/web\/se-hundio-reforma-laboral-de-petro\/#primaryimage\"},\"thumbnailUrl\":\"https:\/\/pagina10.com\/web\/wp-content\/uploads\/2023\/06\/64921151ee274.jpeg\",\"articleSection\":[\"Nacional\"],\"inLanguage\":\"es\",\"potentialAction\":[{\"@type\":\"CommentAction\",\"name\":\"Comment\",\"target\":[\"https:\/\/pagina10.com\/web\/se-hundio-reforma-laboral-de-petro\/#respond\"]}]},{\"@type\":\"WebPage\",\"@id\":\"https:\/\/pagina10.com\/web\/se-hundio-reforma-laboral-de-petro\/\",\"url\":\"https:\/\/pagina10.com\/web\/se-hundio-reforma-laboral-de-petro\/\",\"name\":\"Se hundi\u00f3 Reforma laboral de Petro | P\u00e1gina10\",\"isPartOf\":{\"@id\":\"https:\/\/pagina10.com\/web\/#website\"},\"primaryImageOfPage\":{\"@id\":\"https:\/\/pagina10.com\/web\/se-hundio-reforma-laboral-de-petro\/#primaryimage\"},\"image\":{\"@id\":\"https:\/\/pagina10.com\/web\/se-hundio-reforma-laboral-de-petro\/#primaryimage\"},\"thumbnailUrl\":\"https:\/\/pagina10.com\/web\/wp-content\/uploads\/2023\/06\/64921151ee274.jpeg\",\"datePublished\":\"2023-06-21T17:52:10+00:00\",\"dateModified\":\"2023-06-21T17:52:44+00:00\",\"breadcrumb\":{\"@id\":\"https:\/\/pagina10.com\/web\/se-hundio-reforma-laboral-de-petro\/#breadcrumb\"},\"inLanguage\":\"es\",\"potentialAction\":[{\"@type\":\"ReadAction\",\"target\":[\"https:\/\/pagina10.com\/web\/se-hundio-reforma-laboral-de-petro\/\"]}]},{\"@type\":\"ImageObject\",\"inLanguage\":\"es\",\"@id\":\"https:\/\/pagina10.com\/web\/se-hundio-reforma-laboral-de-petro\/#primaryimage\",\"url\":\"https:\/\/pagina10.com\/web\/wp-content\/uploads\/2023\/06\/64921151ee274.jpeg\",\"contentUrl\":\"https:\/\/pagina10.com\/web\/wp-content\/uploads\/2023\/06\/64921151ee274.jpeg\",\"width\":700,\"height\":526},{\"@type\":\"BreadcrumbList\",\"@id\":\"https:\/\/pagina10.com\/web\/se-hundio-reforma-laboral-de-petro\/#breadcrumb\",\"itemListElement\":[{\"@type\":\"ListItem\",\"position\":1,\"name\":\"Portada\",\"item\":\"https:\/\/pagina10.com\/web\/\"},{\"@type\":\"ListItem\",\"position\":2,\"name\":\"Se hundi\u00f3 Reforma laboral de Petro\"}]},{\"@type\":\"WebSite\",\"@id\":\"https:\/\/pagina10.com\/web\/#website\",\"url\":\"https:\/\/pagina10.com\/web\/\",\"name\":\"P\u00e1gina10\",\"description\":\"Peri\u00f3dico Regional\",\"publisher\":{\"@id\":\"https:\/\/pagina10.com\/web\/#organization\"},\"alternateName\":\"P\u00e1gina10 Peri\u00f3dico Regional\",\"potentialAction\":[{\"@type\":\"SearchAction\",\"target\":{\"@type\":\"EntryPoint\",\"urlTemplate\":\"https:\/\/pagina10.com\/web\/?s={search_term_string}\"},\"query-input\":{\"@type\":\"PropertyValueSpecification\",\"valueRequired\":true,\"valueName\":\"search_term_string\"}}],\"inLanguage\":\"es\"},{\"@type\":\"Organization\",\"@id\":\"https:\/\/pagina10.com\/web\/#organization\",\"name\":\"P\u00e1gina10\",\"alternateName\":\"P\u00e1gina10 Peri\u00f3dico Regional\",\"url\":\"https:\/\/pagina10.com\/web\/\",\"logo\":{\"@type\":\"ImageObject\",\"inLanguage\":\"es\",\"@id\":\"https:\/\/pagina10.com\/web\/#\/schema\/logo\/image\/\",\"url\":\"https:\/\/pagina10.com\/web\/wp-content\/uploads\/2024\/01\/40-pagina-10-periodico-regional-pasto.jpg\",\"contentUrl\":\"https:\/\/pagina10.com\/web\/wp-content\/uploads\/2024\/01\/40-pagina-10-periodico-regional-pasto.jpg\",\"width\":1280,\"height\":720,\"caption\":\"P\u00e1gina10\"},\"image\":{\"@id\":\"https:\/\/pagina10.com\/web\/#\/schema\/logo\/image\/\"},\"sameAs\":[\"https:\/\/www.facebook.com\/pag10com\",\"https:\/\/x.com\/Pag10com\",\"https:\/\/www.instagram.com\/pagina10col\/\",\"https:\/\/youtube.com\/channel\/pag10\",\"https:\/\/www.tiktok.com\/@p10col\"]},{\"@type\":\"Person\",\"@id\":\"https:\/\/pagina10.com\/web\/#\/schema\/person\/2efc4a090d25b667d3bc796798a3a81b\",\"name\":\"P\u00e1gina 10\",\"description\":\"P\u00e1gina 10 es un peri\u00f3dico regional que nace en Colombia, en el departamento de Nari\u00f1o, con un enfoque global, fundamentado en cuatro pilares esenciales: la libertad, el pluralismo, la inclusi\u00f3n y la independencia. P\u00e1gina 10 hace referencia a Nari\u00f1o como el d\u00e9cimo departamento creado en Colombia, despu\u00e9s de un proceso pol\u00edtico liderado por actores y actrices regionales con el fin de obtener la independencia y autonom\u00eda de nuestros territorios. Con la creaci\u00f3n de P\u00e1gina 10 se pretende abrir un escenario para el dialogo, la reflexi\u00f3n y el debate que se extienda a otras geograf\u00edas de Am\u00e9rica Latina y del planeta, en una apuesta por transformar colectivamente los desaf\u00edos de un mundo contempor\u00e1neo, m\u00e1s all\u00e1 de las fronteras impuestas.\",\"url\":\"https:\/\/pagina10.com\/web\/author\/pdiezadmin\/\"}]}<\/script>\n<!-- \/ Yoast SEO plugin. -->","yoast_head_json":{"title":"Se hundi\u00f3 Reforma laboral de Petro | P\u00e1gina10","robots":{"index":"index","follow":"follow","max-snippet":"max-snippet:-1","max-image-preview":"max-image-preview:large","max-video-preview":"max-video-preview:-1"},"canonical":"https:\/\/pagina10.com\/web\/se-hundio-reforma-laboral-de-petro\/","og_locale":"es_ES","og_type":"article","og_title":"Se hundi\u00f3 Reforma laboral de Petro | P\u00e1gina10","og_description":"El proyecto de reforma laboral propuesto por el gobierno de Gustavo Petro se hundi\u00f3 en el Congreso, no se pudo llevar a cabo la votaci\u00f3n debido a la falta de qu\u00f3rum en la Comisi\u00f3n S\u00e9ptima de la C\u00e1mara de Representantes. El presidente Petro expres\u00f3 su preocupaci\u00f3n por el fracaso de la iniciativa a trav\u00e9s de [&hellip;]","og_url":"https:\/\/pagina10.com\/web\/se-hundio-reforma-laboral-de-petro\/","og_site_name":"P\u00e1gina10","article_publisher":"https:\/\/www.facebook.com\/pag10com","article_published_time":"2023-06-21T17:52:10+00:00","article_modified_time":"2023-06-21T17:52:44+00:00","og_image":[{"width":700,"height":526,"url":"https:\/\/pagina10.com\/web\/wp-content\/uploads\/2023\/06\/64921151ee274.jpeg","type":"image\/jpeg"}],"author":"P\u00e1gina 10","twitter_card":"summary_large_image","twitter_creator":"@Pag10com","twitter_site":"@Pag10com","twitter_misc":{"Escrito por":"P\u00e1gina 10","Tiempo de lectura":"2 minutos"},"schema":{"@context":"https:\/\/schema.org","@graph":[{"@type":"Article","@id":"https:\/\/pagina10.com\/web\/se-hundio-reforma-laboral-de-petro\/#article","isPartOf":{"@id":"https:\/\/pagina10.com\/web\/se-hundio-reforma-laboral-de-petro\/"},"author":{"name":"P\u00e1gina 10","@id":"https:\/\/pagina10.com\/web\/#\/schema\/person\/2efc4a090d25b667d3bc796798a3a81b"},"headline":"Se hundi\u00f3 Reforma laboral de Petro","datePublished":"2023-06-21T17:52:10+00:00","dateModified":"2023-06-21T17:52:44+00:00","mainEntityOfPage":{"@id":"https:\/\/pagina10.com\/web\/se-hundio-reforma-laboral-de-petro\/"},"wordCount":344,"commentCount":0,"publisher":{"@id":"https:\/\/pagina10.com\/web\/#organization"},"image":{"@id":"https:\/\/pagina10.com\/web\/se-hundio-reforma-laboral-de-petro\/#primaryimage"},"thumbnailUrl":"https:\/\/pagina10.com\/web\/wp-content\/uploads\/2023\/06\/64921151ee274.jpeg","articleSection":["Nacional"],"inLanguage":"es","potentialAction":[{"@type":"CommentAction","name":"Comment","target":["https:\/\/pagina10.com\/web\/se-hundio-reforma-laboral-de-petro\/#respond"]}]},{"@type":"WebPage","@id":"https:\/\/pagina10.com\/web\/se-hundio-reforma-laboral-de-petro\/","url":"https:\/\/pagina10.com\/web\/se-hundio-reforma-laboral-de-petro\/","name":"Se hundi\u00f3 Reforma laboral de Petro | P\u00e1gina10","isPartOf":{"@id":"https:\/\/pagina10.com\/web\/#website"},"primaryImageOfPage":{"@id":"https:\/\/pagina10.com\/web\/se-hundio-reforma-laboral-de-petro\/#primaryimage"},"image":{"@id":"https:\/\/pagina10.com\/web\/se-hundio-reforma-laboral-de-petro\/#primaryimage"},"thumbnailUrl":"https:\/\/pagina10.com\/web\/wp-content\/uploads\/2023\/06\/64921151ee274.jpeg","datePublished":"2023-06-21T17:52:10+00:00","dateModified":"2023-06-21T17:52:44+00:00","breadcrumb":{"@id":"https:\/\/pagina10.com\/web\/se-hundio-reforma-laboral-de-petro\/#breadcrumb"},"inLanguage":"es","potentialAction":[{"@type":"ReadAction","target":["https:\/\/pagina10.com\/web\/se-hundio-reforma-laboral-de-petro\/"]}]},{"@type":"ImageObject","inLanguage":"es","@id":"https:\/\/pagina10.com\/web\/se-hundio-reforma-laboral-de-petro\/#primaryimage","url":"https:\/\/pagina10.com\/web\/wp-content\/uploads\/2023\/06\/64921151ee274.jpeg","contentUrl":"https:\/\/pagina10.com\/web\/wp-content\/uploads\/2023\/06\/64921151ee274.jpeg","width":700,"height":526},{"@type":"BreadcrumbList","@id":"https:\/\/pagina10.com\/web\/se-hundio-reforma-laboral-de-petro\/#breadcrumb","itemListElement":[{"@type":"ListItem","position":1,"name":"Portada","item":"https:\/\/pagina10.com\/web\/"},{"@type":"ListItem","position":2,"name":"Se hundi\u00f3 Reforma laboral de Petro"}]},{"@type":"WebSite","@id":"https:\/\/pagina10.com\/web\/#website","url":"https:\/\/pagina10.com\/web\/","name":"P\u00e1gina10","description":"Peri\u00f3dico Regional","publisher":{"@id":"https:\/\/pagina10.com\/web\/#organization"},"alternateName":"P\u00e1gina10 Peri\u00f3dico Regional","potentialAction":[{"@type":"SearchAction","target":{"@type":"EntryPoint","urlTemplate":"https:\/\/pagina10.com\/web\/?s={search_term_string}"},"query-input":{"@type":"PropertyValueSpecification","valueRequired":true,"valueName":"search_term_string"}}],"inLanguage":"es"},{"@type":"Organization","@id":"https:\/\/pagina10.com\/web\/#organization","name":"P\u00e1gina10","alternateName":"P\u00e1gina10 Peri\u00f3dico Regional","url":"https:\/\/pagina10.com\/web\/","logo":{"@type":"ImageObject","inLanguage":"es","@id":"https:\/\/pagina10.com\/web\/#\/schema\/logo\/image\/","url":"https:\/\/pagina10.com\/web\/wp-content\/uploads\/2024\/01\/40-pagina-10-periodico-regional-pasto.jpg","contentUrl":"https:\/\/pagina10.com\/web\/wp-content\/uploads\/2024\/01\/40-pagina-10-periodico-regional-pasto.jpg","width":1280,"height":720,"caption":"P\u00e1gina10"},"image":{"@id":"https:\/\/pagina10.com\/web\/#\/schema\/logo\/image\/"},"sameAs":["https:\/\/www.facebook.com\/pag10com","https:\/\/x.com\/Pag10com","https:\/\/www.instagram.com\/pagina10col\/","https:\/\/youtube.com\/channel\/pag10","https:\/\/www.tiktok.com\/@p10col"]},{"@type":"Person","@id":"https:\/\/pagina10.com\/web\/#\/schema\/person\/2efc4a090d25b667d3bc796798a3a81b","name":"P\u00e1gina 10","description":"P\u00e1gina 10 es un peri\u00f3dico regional que nace en Colombia, en el departamento de Nari\u00f1o, con un enfoque global, fundamentado en cuatro pilares esenciales: la libertad, el pluralismo, la inclusi\u00f3n y la independencia. P\u00e1gina 10 hace referencia a Nari\u00f1o como el d\u00e9cimo departamento creado en Colombia, despu\u00e9s de un proceso pol\u00edtico liderado por actores y actrices regionales con el fin de obtener la independencia y autonom\u00eda de nuestros territorios. Con la creaci\u00f3n de P\u00e1gina 10 se pretende abrir un escenario para el dialogo, la reflexi\u00f3n y el debate que se extienda a otras geograf\u00edas de Am\u00e9rica Latina y del planeta, en una apuesta por transformar colectivamente los desaf\u00edos de un mundo contempor\u00e1neo, m\u00e1s all\u00e1 de las fronteras impuestas.","url":"https:\/\/pagina10.com\/web\/author\/pdiezadmin\/"}]}},"_links":{"self":[{"href":"https:\/\/pagina10.com\/web\/wp-json\/wp\/v2\/posts\/66840","targetHints":{"allow":["GET"]}}],"collection":[{"href":"https:\/\/pagina10.com\/web\/wp-json\/wp\/v2\/posts"}],"about":[{"href":"https:\/\/pagina10.com\/web\/wp-json\/wp\/v2\/types\/post"}],"author":[{"embeddable":true,"href":"https:\/\/pagina10.com\/web\/wp-json\/wp\/v2\/users\/1"}],"replies":[{"embeddable":true,"href":"https:\/\/pagina10.com\/web\/wp-json\/wp\/v2\/comments?post=66840"}],"version-history":[{"count":1,"href":"https:\/\/pagina10.com\/web\/wp-json\/wp\/v2\/posts\/66840\/revisions"}],"predecessor-version":[{"id":66845,"href":"https:\/\/pagina10.com\/web\/wp-json\/wp\/v2\/posts\/66840\/revisions\/66845"}],"wp:featuredmedia":[{"embeddable":true,"href":"https:\/\/pagina10.com\/web\/wp-json\/wp\/v2\/media\/66843"}],"wp:attachment":[{"href":"https:\/\/pagina10.com\/web\/wp-json\/wp\/v2\/media?parent=66840"}],"wp:term":[{"taxonomy":"category","embeddable":true,"href":"https:\/\/pagina10.com\/web\/wp-json\/wp\/v2\/categories?post=66840"},{"taxonomy":"post_tag","embeddable":true,"href":"https:\/\/pagina10.com\/web\/wp-json\/wp\/v2\/tags?post=66840"}],"curies":[{"name":"wp","href":"https:\/\/api.w.org\/{rel}","templated":true}]}}