{"id":66852,"date":"2023-06-21T13:03:01","date_gmt":"2023-06-21T18:03:01","guid":{"rendered":"https:\/\/pagina10.com\/web\/?p=66852"},"modified":"2023-06-21T13:07:28","modified_gmt":"2023-06-21T18:07:28","slug":"se-hundio-en-ultimo-debate-el-proyecto-de-regulacion-de-cannabis","status":"publish","type":"post","link":"https:\/\/pagina10.com\/web\/se-hundio-en-ultimo-debate-el-proyecto-de-regulacion-de-cannabis\/","title":{"rendered":"Se hundi\u00f3 en \u00faltimo debate el proyecto de regulaci\u00f3n de cannabis"},"content":{"rendered":"<p style=\"text-align: justify;\">El proyecto sometido a su \u00faltimo debate en el Senado recibi\u00f3 47 votos a favor y 43 votos en contra. A pesar de obtener una mayor\u00eda simple, n<strong>o logr\u00f3 alcanzar las mayor\u00edas calificadas necesarias para su aprobaci\u00f3n como ley.<\/strong><\/p>\n<p style=\"text-align: justify;\">La discusi\u00f3n sobre el proyecto que busca regular el consumo de cannabis recreativo tendr\u00e1 que iniciar de nuevo desde cero, para convertirse en ley. Esta es la \u00fanica vez en la que el proyecto llegaba tan lejos, pues se hab\u00eda presentado varias veces en legislaturas pasadas.<\/p>\n","protected":false},"excerpt":{"rendered":"<p>El proyecto sometido a su \u00faltimo debate en el Senado recibi\u00f3 47 votos a favor y 43 votos en contra. A pesar de obtener una mayor\u00eda simple, no logr\u00f3 alcanzar las mayor\u00edas calificadas necesarias para su aprobaci\u00f3n como ley. La discusi\u00f3n sobre el proyecto que busca regular el consumo de cannabis recreativo tendr\u00e1 que iniciar [&hellip;]<\/p>\n","protected":false},"author":1,"featured_media":66853,"comment_status":"open","ping_status":"open","sticky":false,"template":"","format":"standard","meta":{"footnotes":""},"categories":[94],"tags":[],"class_list":["post-66852","post","type-post","status-publish","format-standard","has-post-thumbnail","hentry","category-nacional-global-2"],"yoast_head":"<!-- This site is optimized with the Yoast SEO plugin v27.1.1 - https:\/\/yoast.com\/product\/yoast-seo-wordpress\/ -->\n<title>Se hundi\u00f3 en \u00faltimo debate el proyecto de regulaci\u00f3n de cannabis | P\u00e1gina10<\/title>\n<meta name=\"robots\" content=\"index, follow, max-snippet:-1, max-image-preview:large, max-video-preview:-1\" \/>\n<link rel=\"canonical\" href=\"https:\/\/pagina10.com\/web\/se-hundio-en-ultimo-debate-el-proyecto-de-regulacion-de-cannabis\/\" \/>\n<meta property=\"og:locale\" content=\"es_ES\" \/>\n<meta property=\"og:type\" content=\"article\" \/>\n<meta property=\"og:title\" content=\"Se hundi\u00f3 en \u00faltimo debate el proyecto de regulaci\u00f3n de cannabis | P\u00e1gina10\" \/>\n<meta property=\"og:description\" content=\"El proyecto sometido a su \u00faltimo debate en el Senado recibi\u00f3 47 votos a favor y 43 votos en contra. A pesar de obtener una mayor\u00eda simple, no logr\u00f3 alcanzar las mayor\u00edas calificadas necesarias para su aprobaci\u00f3n como ley. La discusi\u00f3n sobre el proyecto que busca regular el consumo de cannabis recreativo tendr\u00e1 que iniciar [&hellip;]\" \/>\n<meta property=\"og:url\" content=\"https:\/\/pagina10.com\/web\/se-hundio-en-ultimo-debate-el-proyecto-de-regulacion-de-cannabis\/\" \/>\n<meta property=\"og:site_name\" content=\"P\u00e1gina10\" \/>\n<meta property=\"article:publisher\" content=\"https:\/\/www.facebook.com\/pag10com\" \/>\n<meta property=\"article:published_time\" content=\"2023-06-21T18:03:01+00:00\" \/>\n<meta property=\"article:modified_time\" content=\"2023-06-21T18:07:28+00:00\" \/>\n<meta property=\"og:image\" content=\"https:\/\/pagina10.com\/web\/wp-content\/uploads\/2023\/06\/cannabis.jpg\" \/>\n\t<meta property=\"og:image:width\" content=\"620\" \/>\n\t<meta property=\"og:image:height\" content=\"347\" \/>\n\t<meta property=\"og:image:type\" content=\"image\/jpeg\" \/>\n<meta name=\"author\" content=\"P\u00e1gina 10\" \/>\n<meta name=\"twitter:card\" content=\"summary_large_image\" \/>\n<meta name=\"twitter:creator\" content=\"@Pag10com\" \/>\n<meta name=\"twitter:site\" content=\"@Pag10com\" \/>\n<meta name=\"twitter:label1\" content=\"Escrito por\" \/>\n\t<meta name=\"twitter:data1\" content=\"P\u00e1gina 10\" \/>\n<script type=\"application\/ld+json\" class=\"yoast-schema-graph\">{\"@context\":\"https:\/\/schema.org\",\"@graph\":[{\"@type\":\"Article\",\"@id\":\"https:\/\/pagina10.com\/web\/se-hundio-en-ultimo-debate-el-proyecto-de-regulacion-de-cannabis\/#article\",\"isPartOf\":{\"@id\":\"https:\/\/pagina10.com\/web\/se-hundio-en-ultimo-debate-el-proyecto-de-regulacion-de-cannabis\/\"},\"author\":{\"name\":\"P\u00e1gina 10\",\"@id\":\"https:\/\/pagina10.com\/web\/#\/schema\/person\/2efc4a090d25b667d3bc796798a3a81b\"},\"headline\":\"Se hundi\u00f3 en \u00faltimo debate el proyecto de regulaci\u00f3n de cannabis\",\"datePublished\":\"2023-06-21T18:03:01+00:00\",\"dateModified\":\"2023-06-21T18:07:28+00:00\",\"mainEntityOfPage\":{\"@id\":\"https:\/\/pagina10.com\/web\/se-hundio-en-ultimo-debate-el-proyecto-de-regulacion-de-cannabis\/\"},\"wordCount\":100,\"commentCount\":0,\"publisher\":{\"@id\":\"https:\/\/pagina10.com\/web\/#organization\"},\"image\":{\"@id\":\"https:\/\/pagina10.com\/web\/se-hundio-en-ultimo-debate-el-proyecto-de-regulacion-de-cannabis\/#primaryimage\"},\"thumbnailUrl\":\"https:\/\/pagina10.com\/web\/wp-content\/uploads\/2023\/06\/cannabis.jpg\",\"articleSection\":[\"Nacional\"],\"inLanguage\":\"es\",\"potentialAction\":[{\"@type\":\"CommentAction\",\"name\":\"Comment\",\"target\":[\"https:\/\/pagina10.com\/web\/se-hundio-en-ultimo-debate-el-proyecto-de-regulacion-de-cannabis\/#respond\"]}]},{\"@type\":\"WebPage\",\"@id\":\"https:\/\/pagina10.com\/web\/se-hundio-en-ultimo-debate-el-proyecto-de-regulacion-de-cannabis\/\",\"url\":\"https:\/\/pagina10.com\/web\/se-hundio-en-ultimo-debate-el-proyecto-de-regulacion-de-cannabis\/\",\"name\":\"Se hundi\u00f3 en \u00faltimo debate el proyecto de regulaci\u00f3n de cannabis | P\u00e1gina10\",\"isPartOf\":{\"@id\":\"https:\/\/pagina10.com\/web\/#website\"},\"primaryImageOfPage\":{\"@id\":\"https:\/\/pagina10.com\/web\/se-hundio-en-ultimo-debate-el-proyecto-de-regulacion-de-cannabis\/#primaryimage\"},\"image\":{\"@id\":\"https:\/\/pagina10.com\/web\/se-hundio-en-ultimo-debate-el-proyecto-de-regulacion-de-cannabis\/#primaryimage\"},\"thumbnailUrl\":\"https:\/\/pagina10.com\/web\/wp-content\/uploads\/2023\/06\/cannabis.jpg\",\"datePublished\":\"2023-06-21T18:03:01+00:00\",\"dateModified\":\"2023-06-21T18:07:28+00:00\",\"breadcrumb\":{\"@id\":\"https:\/\/pagina10.com\/web\/se-hundio-en-ultimo-debate-el-proyecto-de-regulacion-de-cannabis\/#breadcrumb\"},\"inLanguage\":\"es\",\"potentialAction\":[{\"@type\":\"ReadAction\",\"target\":[\"https:\/\/pagina10.com\/web\/se-hundio-en-ultimo-debate-el-proyecto-de-regulacion-de-cannabis\/\"]}]},{\"@type\":\"ImageObject\",\"inLanguage\":\"es\",\"@id\":\"https:\/\/pagina10.com\/web\/se-hundio-en-ultimo-debate-el-proyecto-de-regulacion-de-cannabis\/#primaryimage\",\"url\":\"https:\/\/pagina10.com\/web\/wp-content\/uploads\/2023\/06\/cannabis.jpg\",\"contentUrl\":\"https:\/\/pagina10.com\/web\/wp-content\/uploads\/2023\/06\/cannabis.jpg\",\"width\":620,\"height\":347},{\"@type\":\"BreadcrumbList\",\"@id\":\"https:\/\/pagina10.com\/web\/se-hundio-en-ultimo-debate-el-proyecto-de-regulacion-de-cannabis\/#breadcrumb\",\"itemListElement\":[{\"@type\":\"ListItem\",\"position\":1,\"name\":\"Portada\",\"item\":\"https:\/\/pagina10.com\/web\/\"},{\"@type\":\"ListItem\",\"position\":2,\"name\":\"Se hundi\u00f3 en \u00faltimo debate el proyecto de regulaci\u00f3n de cannabis\"}]},{\"@type\":\"WebSite\",\"@id\":\"https:\/\/pagina10.com\/web\/#website\",\"url\":\"https:\/\/pagina10.com\/web\/\",\"name\":\"P\u00e1gina10\",\"description\":\"Peri\u00f3dico Regional\",\"publisher\":{\"@id\":\"https:\/\/pagina10.com\/web\/#organization\"},\"alternateName\":\"P\u00e1gina10 Peri\u00f3dico Regional\",\"potentialAction\":[{\"@type\":\"SearchAction\",\"target\":{\"@type\":\"EntryPoint\",\"urlTemplate\":\"https:\/\/pagina10.com\/web\/?s={search_term_string}\"},\"query-input\":{\"@type\":\"PropertyValueSpecification\",\"valueRequired\":true,\"valueName\":\"search_term_string\"}}],\"inLanguage\":\"es\"},{\"@type\":\"Organization\",\"@id\":\"https:\/\/pagina10.com\/web\/#organization\",\"name\":\"P\u00e1gina10\",\"alternateName\":\"P\u00e1gina10 Peri\u00f3dico Regional\",\"url\":\"https:\/\/pagina10.com\/web\/\",\"logo\":{\"@type\":\"ImageObject\",\"inLanguage\":\"es\",\"@id\":\"https:\/\/pagina10.com\/web\/#\/schema\/logo\/image\/\",\"url\":\"https:\/\/pagina10.com\/web\/wp-content\/uploads\/2024\/01\/40-pagina-10-periodico-regional-pasto.jpg\",\"contentUrl\":\"https:\/\/pagina10.com\/web\/wp-content\/uploads\/2024\/01\/40-pagina-10-periodico-regional-pasto.jpg\",\"width\":1280,\"height\":720,\"caption\":\"P\u00e1gina10\"},\"image\":{\"@id\":\"https:\/\/pagina10.com\/web\/#\/schema\/logo\/image\/\"},\"sameAs\":[\"https:\/\/www.facebook.com\/pag10com\",\"https:\/\/x.com\/Pag10com\",\"https:\/\/www.instagram.com\/pagina10col\/\",\"https:\/\/youtube.com\/channel\/pag10\",\"https:\/\/www.tiktok.com\/@p10col\"]},{\"@type\":\"Person\",\"@id\":\"https:\/\/pagina10.com\/web\/#\/schema\/person\/2efc4a090d25b667d3bc796798a3a81b\",\"name\":\"P\u00e1gina 10\",\"description\":\"P\u00e1gina 10 es un peri\u00f3dico regional que nace en Colombia, en el departamento de Nari\u00f1o, con un enfoque global, fundamentado en cuatro pilares esenciales: la libertad, el pluralismo, la inclusi\u00f3n y la independencia. P\u00e1gina 10 hace referencia a Nari\u00f1o como el d\u00e9cimo departamento creado en Colombia, despu\u00e9s de un proceso pol\u00edtico liderado por actores y actrices regionales con el fin de obtener la independencia y autonom\u00eda de nuestros territorios. Con la creaci\u00f3n de P\u00e1gina 10 se pretende abrir un escenario para el dialogo, la reflexi\u00f3n y el debate que se extienda a otras geograf\u00edas de Am\u00e9rica Latina y del planeta, en una apuesta por transformar colectivamente los desaf\u00edos de un mundo contempor\u00e1neo, m\u00e1s all\u00e1 de las fronteras impuestas.\",\"url\":\"https:\/\/pagina10.com\/web\/author\/pdiezadmin\/\"}]}<\/script>\n<!-- \/ Yoast SEO plugin. -->","yoast_head_json":{"title":"Se hundi\u00f3 en \u00faltimo debate el proyecto de regulaci\u00f3n de cannabis | P\u00e1gina10","robots":{"index":"index","follow":"follow","max-snippet":"max-snippet:-1","max-image-preview":"max-image-preview:large","max-video-preview":"max-video-preview:-1"},"canonical":"https:\/\/pagina10.com\/web\/se-hundio-en-ultimo-debate-el-proyecto-de-regulacion-de-cannabis\/","og_locale":"es_ES","og_type":"article","og_title":"Se hundi\u00f3 en \u00faltimo debate el proyecto de regulaci\u00f3n de cannabis | P\u00e1gina10","og_description":"El proyecto sometido a su \u00faltimo debate en el Senado recibi\u00f3 47 votos a favor y 43 votos en contra. A pesar de obtener una mayor\u00eda simple, no logr\u00f3 alcanzar las mayor\u00edas calificadas necesarias para su aprobaci\u00f3n como ley. La discusi\u00f3n sobre el proyecto que busca regular el consumo de cannabis recreativo tendr\u00e1 que iniciar [&hellip;]","og_url":"https:\/\/pagina10.com\/web\/se-hundio-en-ultimo-debate-el-proyecto-de-regulacion-de-cannabis\/","og_site_name":"P\u00e1gina10","article_publisher":"https:\/\/www.facebook.com\/pag10com","article_published_time":"2023-06-21T18:03:01+00:00","article_modified_time":"2023-06-21T18:07:28+00:00","og_image":[{"width":620,"height":347,"url":"https:\/\/pagina10.com\/web\/wp-content\/uploads\/2023\/06\/cannabis.jpg","type":"image\/jpeg"}],"author":"P\u00e1gina 10","twitter_card":"summary_large_image","twitter_creator":"@Pag10com","twitter_site":"@Pag10com","twitter_misc":{"Escrito por":"P\u00e1gina 10"},"schema":{"@context":"https:\/\/schema.org","@graph":[{"@type":"Article","@id":"https:\/\/pagina10.com\/web\/se-hundio-en-ultimo-debate-el-proyecto-de-regulacion-de-cannabis\/#article","isPartOf":{"@id":"https:\/\/pagina10.com\/web\/se-hundio-en-ultimo-debate-el-proyecto-de-regulacion-de-cannabis\/"},"author":{"name":"P\u00e1gina 10","@id":"https:\/\/pagina10.com\/web\/#\/schema\/person\/2efc4a090d25b667d3bc796798a3a81b"},"headline":"Se hundi\u00f3 en \u00faltimo debate el proyecto de regulaci\u00f3n de cannabis","datePublished":"2023-06-21T18:03:01+00:00","dateModified":"2023-06-21T18:07:28+00:00","mainEntityOfPage":{"@id":"https:\/\/pagina10.com\/web\/se-hundio-en-ultimo-debate-el-proyecto-de-regulacion-de-cannabis\/"},"wordCount":100,"commentCount":0,"publisher":{"@id":"https:\/\/pagina10.com\/web\/#organization"},"image":{"@id":"https:\/\/pagina10.com\/web\/se-hundio-en-ultimo-debate-el-proyecto-de-regulacion-de-cannabis\/#primaryimage"},"thumbnailUrl":"https:\/\/pagina10.com\/web\/wp-content\/uploads\/2023\/06\/cannabis.jpg","articleSection":["Nacional"],"inLanguage":"es","potentialAction":[{"@type":"CommentAction","name":"Comment","target":["https:\/\/pagina10.com\/web\/se-hundio-en-ultimo-debate-el-proyecto-de-regulacion-de-cannabis\/#respond"]}]},{"@type":"WebPage","@id":"https:\/\/pagina10.com\/web\/se-hundio-en-ultimo-debate-el-proyecto-de-regulacion-de-cannabis\/","url":"https:\/\/pagina10.com\/web\/se-hundio-en-ultimo-debate-el-proyecto-de-regulacion-de-cannabis\/","name":"Se hundi\u00f3 en \u00faltimo debate el proyecto de regulaci\u00f3n de cannabis | P\u00e1gina10","isPartOf":{"@id":"https:\/\/pagina10.com\/web\/#website"},"primaryImageOfPage":{"@id":"https:\/\/pagina10.com\/web\/se-hundio-en-ultimo-debate-el-proyecto-de-regulacion-de-cannabis\/#primaryimage"},"image":{"@id":"https:\/\/pagina10.com\/web\/se-hundio-en-ultimo-debate-el-proyecto-de-regulacion-de-cannabis\/#primaryimage"},"thumbnailUrl":"https:\/\/pagina10.com\/web\/wp-content\/uploads\/2023\/06\/cannabis.jpg","datePublished":"2023-06-21T18:03:01+00:00","dateModified":"2023-06-21T18:07:28+00:00","breadcrumb":{"@id":"https:\/\/pagina10.com\/web\/se-hundio-en-ultimo-debate-el-proyecto-de-regulacion-de-cannabis\/#breadcrumb"},"inLanguage":"es","potentialAction":[{"@type":"ReadAction","target":["https:\/\/pagina10.com\/web\/se-hundio-en-ultimo-debate-el-proyecto-de-regulacion-de-cannabis\/"]}]},{"@type":"ImageObject","inLanguage":"es","@id":"https:\/\/pagina10.com\/web\/se-hundio-en-ultimo-debate-el-proyecto-de-regulacion-de-cannabis\/#primaryimage","url":"https:\/\/pagina10.com\/web\/wp-content\/uploads\/2023\/06\/cannabis.jpg","contentUrl":"https:\/\/pagina10.com\/web\/wp-content\/uploads\/2023\/06\/cannabis.jpg","width":620,"height":347},{"@type":"BreadcrumbList","@id":"https:\/\/pagina10.com\/web\/se-hundio-en-ultimo-debate-el-proyecto-de-regulacion-de-cannabis\/#breadcrumb","itemListElement":[{"@type":"ListItem","position":1,"name":"Portada","item":"https:\/\/pagina10.com\/web\/"},{"@type":"ListItem","position":2,"name":"Se hundi\u00f3 en \u00faltimo debate el proyecto de regulaci\u00f3n de cannabis"}]},{"@type":"WebSite","@id":"https:\/\/pagina10.com\/web\/#website","url":"https:\/\/pagina10.com\/web\/","name":"P\u00e1gina10","description":"Peri\u00f3dico Regional","publisher":{"@id":"https:\/\/pagina10.com\/web\/#organization"},"alternateName":"P\u00e1gina10 Peri\u00f3dico Regional","potentialAction":[{"@type":"SearchAction","target":{"@type":"EntryPoint","urlTemplate":"https:\/\/pagina10.com\/web\/?s={search_term_string}"},"query-input":{"@type":"PropertyValueSpecification","valueRequired":true,"valueName":"search_term_string"}}],"inLanguage":"es"},{"@type":"Organization","@id":"https:\/\/pagina10.com\/web\/#organization","name":"P\u00e1gina10","alternateName":"P\u00e1gina10 Peri\u00f3dico Regional","url":"https:\/\/pagina10.com\/web\/","logo":{"@type":"ImageObject","inLanguage":"es","@id":"https:\/\/pagina10.com\/web\/#\/schema\/logo\/image\/","url":"https:\/\/pagina10.com\/web\/wp-content\/uploads\/2024\/01\/40-pagina-10-periodico-regional-pasto.jpg","contentUrl":"https:\/\/pagina10.com\/web\/wp-content\/uploads\/2024\/01\/40-pagina-10-periodico-regional-pasto.jpg","width":1280,"height":720,"caption":"P\u00e1gina10"},"image":{"@id":"https:\/\/pagina10.com\/web\/#\/schema\/logo\/image\/"},"sameAs":["https:\/\/www.facebook.com\/pag10com","https:\/\/x.com\/Pag10com","https:\/\/www.instagram.com\/pagina10col\/","https:\/\/youtube.com\/channel\/pag10","https:\/\/www.tiktok.com\/@p10col"]},{"@type":"Person","@id":"https:\/\/pagina10.com\/web\/#\/schema\/person\/2efc4a090d25b667d3bc796798a3a81b","name":"P\u00e1gina 10","description":"P\u00e1gina 10 es un peri\u00f3dico regional que nace en Colombia, en el departamento de Nari\u00f1o, con un enfoque global, fundamentado en cuatro pilares esenciales: la libertad, el pluralismo, la inclusi\u00f3n y la independencia. P\u00e1gina 10 hace referencia a Nari\u00f1o como el d\u00e9cimo departamento creado en Colombia, despu\u00e9s de un proceso pol\u00edtico liderado por actores y actrices regionales con el fin de obtener la independencia y autonom\u00eda de nuestros territorios. Con la creaci\u00f3n de P\u00e1gina 10 se pretende abrir un escenario para el dialogo, la reflexi\u00f3n y el debate que se extienda a otras geograf\u00edas de Am\u00e9rica Latina y del planeta, en una apuesta por transformar colectivamente los desaf\u00edos de un mundo contempor\u00e1neo, m\u00e1s all\u00e1 de las fronteras impuestas.","url":"https:\/\/pagina10.com\/web\/author\/pdiezadmin\/"}]}},"_links":{"self":[{"href":"https:\/\/pagina10.com\/web\/wp-json\/wp\/v2\/posts\/66852","targetHints":{"allow":["GET"]}}],"collection":[{"href":"https:\/\/pagina10.com\/web\/wp-json\/wp\/v2\/posts"}],"about":[{"href":"https:\/\/pagina10.com\/web\/wp-json\/wp\/v2\/types\/post"}],"author":[{"embeddable":true,"href":"https:\/\/pagina10.com\/web\/wp-json\/wp\/v2\/users\/1"}],"replies":[{"embeddable":true,"href":"https:\/\/pagina10.com\/web\/wp-json\/wp\/v2\/comments?post=66852"}],"version-history":[{"count":2,"href":"https:\/\/pagina10.com\/web\/wp-json\/wp\/v2\/posts\/66852\/revisions"}],"predecessor-version":[{"id":66855,"href":"https:\/\/pagina10.com\/web\/wp-json\/wp\/v2\/posts\/66852\/revisions\/66855"}],"wp:featuredmedia":[{"embeddable":true,"href":"https:\/\/pagina10.com\/web\/wp-json\/wp\/v2\/media\/66853"}],"wp:attachment":[{"href":"https:\/\/pagina10.com\/web\/wp-json\/wp\/v2\/media?parent=66852"}],"wp:term":[{"taxonomy":"category","embeddable":true,"href":"https:\/\/pagina10.com\/web\/wp-json\/wp\/v2\/categories?post=66852"},{"taxonomy":"post_tag","embeddable":true,"href":"https:\/\/pagina10.com\/web\/wp-json\/wp\/v2\/tags?post=66852"}],"curies":[{"name":"wp","href":"https:\/\/api.w.org\/{rel}","templated":true}]}}