{"id":66865,"date":"2023-06-22T11:57:06","date_gmt":"2023-06-22T16:57:06","guid":{"rendered":"https:\/\/pagina10.com\/web\/?p=66865"},"modified":"2023-06-22T11:57:06","modified_gmt":"2023-06-22T16:57:06","slug":"james-se-reunio-con-expresidente-uribe","status":"publish","type":"post","link":"https:\/\/pagina10.com\/web\/james-se-reunio-con-expresidente-uribe\/","title":{"rendered":"James se reuni\u00f3 con expresidente Uribe"},"content":{"rendered":"<p style=\"text-align: justify;\">El pasado mi\u00e9rcoles 21 de junio, se produjo un encuentro entre James Rodr\u00edguez, mediocampista de la selecci\u00f3n Colombia y \u00c1lvaro Uribe V\u00e9lez, expresidente de Colombia. Ambos compartieron en Monter\u00eda (C\u00f3rdoba), como parte de la agenda del futbolista en la ciudad.<\/p>\n<p style=\"text-align: justify;\">James lleg\u00f3 a la residencia de Uribe, conocida como El Ub\u00e9rrimo, donde se encontr\u00f3 con el l\u00edder del Centro Democr\u00e1tico. Luego, se dirigieron al campo de f\u00fatbol personal del exmandatario, donde algunos ni\u00f1os disfrutaron de las instalaciones durante su sesi\u00f3n de entrenamiento. Juntos, ingresaron al terreno de juego despu\u00e9s de descender del veh\u00edculo en compa\u00f1\u00eda del famoso futbolista colombiano.<\/p>\n<p style=\"text-align: justify;\">James, quien actualmente se encuentra sin equipo despu\u00e9s de dejar el Olympiacos griego, lleg\u00f3 en un jet privado al aeropuerto Los Garzones de Monter\u00eda. De inmediato, se dirigi\u00f3 a la casa de Uribe V\u00e9lez, donde realiz\u00f3 un recorrido por las instalaciones, rodeado de estrictas medidas de seguridad.<\/p>\n<p style=\"text-align: justify;\">Durante la visita, Uribe aprovech\u00f3 la oportunidad para entregarle a James un sombrero \u2018vueltiao\u2019 en nombre de la comunidad y los ni\u00f1os que forman parte de la Escuela de F\u00fatbol Golfer, ubicada en el corregimiento de El Sabanal.<\/p>\n<p style=\"text-align: justify;\">\u201cJames: es un gran est\u00edmulo para estos ni\u00f1os de Golfer, del Ub\u00e9rrimo, y ellos le tienen un regalo\u201d, dijo el exmandatario mientras le entregaba el sombrero a uno de los menores.<\/p>\n","protected":false},"excerpt":{"rendered":"<p>El pasado mi\u00e9rcoles 21 de junio, se produjo un encuentro entre James Rodr\u00edguez, mediocampista de la selecci\u00f3n Colombia y \u00c1lvaro Uribe V\u00e9lez, expresidente de Colombia. Ambos compartieron en Monter\u00eda (C\u00f3rdoba), como parte de la agenda del futbolista en la ciudad. James lleg\u00f3 a la residencia de Uribe, conocida como El Ub\u00e9rrimo, donde se encontr\u00f3 con [&hellip;]<\/p>\n","protected":false},"author":1,"featured_media":66867,"comment_status":"open","ping_status":"open","sticky":false,"template":"","format":"standard","meta":{"footnotes":""},"categories":[94],"tags":[],"class_list":["post-66865","post","type-post","status-publish","format-standard","has-post-thumbnail","hentry","category-nacional-global-2"],"yoast_head":"<!-- This site is optimized with the Yoast SEO plugin v27.1.1 - https:\/\/yoast.com\/product\/yoast-seo-wordpress\/ -->\n<title>James se reuni\u00f3 con expresidente Uribe | P\u00e1gina10<\/title>\n<meta name=\"robots\" content=\"index, follow, max-snippet:-1, max-image-preview:large, max-video-preview:-1\" \/>\n<link rel=\"canonical\" href=\"https:\/\/pagina10.com\/web\/james-se-reunio-con-expresidente-uribe\/\" \/>\n<meta property=\"og:locale\" content=\"es_ES\" \/>\n<meta property=\"og:type\" content=\"article\" \/>\n<meta property=\"og:title\" content=\"James se reuni\u00f3 con expresidente Uribe | P\u00e1gina10\" \/>\n<meta property=\"og:description\" content=\"El pasado mi\u00e9rcoles 21 de junio, se produjo un encuentro entre James Rodr\u00edguez, mediocampista de la selecci\u00f3n Colombia y \u00c1lvaro Uribe V\u00e9lez, expresidente de Colombia. Ambos compartieron en Monter\u00eda (C\u00f3rdoba), como parte de la agenda del futbolista en la ciudad. James lleg\u00f3 a la residencia de Uribe, conocida como El Ub\u00e9rrimo, donde se encontr\u00f3 con [&hellip;]\" \/>\n<meta property=\"og:url\" content=\"https:\/\/pagina10.com\/web\/james-se-reunio-con-expresidente-uribe\/\" \/>\n<meta property=\"og:site_name\" content=\"P\u00e1gina10\" \/>\n<meta property=\"article:publisher\" content=\"https:\/\/www.facebook.com\/pag10com\" \/>\n<meta property=\"article:published_time\" content=\"2023-06-22T16:57:06+00:00\" \/>\n<meta property=\"og:image\" content=\"https:\/\/pagina10.com\/web\/wp-content\/uploads\/2023\/06\/expresidente_uribe_y_james_rodriguez_cordoba.jpeg\" \/>\n\t<meta property=\"og:image:width\" content=\"1200\" \/>\n\t<meta property=\"og:image:height\" content=\"675\" \/>\n\t<meta property=\"og:image:type\" content=\"image\/jpeg\" \/>\n<meta name=\"author\" content=\"P\u00e1gina 10\" \/>\n<meta name=\"twitter:card\" content=\"summary_large_image\" \/>\n<meta name=\"twitter:creator\" content=\"@Pag10com\" \/>\n<meta name=\"twitter:site\" content=\"@Pag10com\" \/>\n<meta name=\"twitter:label1\" content=\"Escrito por\" \/>\n\t<meta name=\"twitter:data1\" content=\"P\u00e1gina 10\" \/>\n\t<meta name=\"twitter:label2\" content=\"Tiempo de lectura\" \/>\n\t<meta name=\"twitter:data2\" content=\"1 minuto\" \/>\n<script type=\"application\/ld+json\" class=\"yoast-schema-graph\">{\"@context\":\"https:\/\/schema.org\",\"@graph\":[{\"@type\":\"Article\",\"@id\":\"https:\/\/pagina10.com\/web\/james-se-reunio-con-expresidente-uribe\/#article\",\"isPartOf\":{\"@id\":\"https:\/\/pagina10.com\/web\/james-se-reunio-con-expresidente-uribe\/\"},\"author\":{\"name\":\"P\u00e1gina 10\",\"@id\":\"https:\/\/pagina10.com\/web\/#\/schema\/person\/2efc4a090d25b667d3bc796798a3a81b\"},\"headline\":\"James se reuni\u00f3 con expresidente Uribe\",\"datePublished\":\"2023-06-22T16:57:06+00:00\",\"mainEntityOfPage\":{\"@id\":\"https:\/\/pagina10.com\/web\/james-se-reunio-con-expresidente-uribe\/\"},\"wordCount\":243,\"commentCount\":0,\"publisher\":{\"@id\":\"https:\/\/pagina10.com\/web\/#organization\"},\"image\":{\"@id\":\"https:\/\/pagina10.com\/web\/james-se-reunio-con-expresidente-uribe\/#primaryimage\"},\"thumbnailUrl\":\"https:\/\/pagina10.com\/web\/wp-content\/uploads\/2023\/06\/expresidente_uribe_y_james_rodriguez_cordoba.jpeg\",\"articleSection\":[\"Nacional\"],\"inLanguage\":\"es\",\"potentialAction\":[{\"@type\":\"CommentAction\",\"name\":\"Comment\",\"target\":[\"https:\/\/pagina10.com\/web\/james-se-reunio-con-expresidente-uribe\/#respond\"]}]},{\"@type\":\"WebPage\",\"@id\":\"https:\/\/pagina10.com\/web\/james-se-reunio-con-expresidente-uribe\/\",\"url\":\"https:\/\/pagina10.com\/web\/james-se-reunio-con-expresidente-uribe\/\",\"name\":\"James se reuni\u00f3 con expresidente Uribe | P\u00e1gina10\",\"isPartOf\":{\"@id\":\"https:\/\/pagina10.com\/web\/#website\"},\"primaryImageOfPage\":{\"@id\":\"https:\/\/pagina10.com\/web\/james-se-reunio-con-expresidente-uribe\/#primaryimage\"},\"image\":{\"@id\":\"https:\/\/pagina10.com\/web\/james-se-reunio-con-expresidente-uribe\/#primaryimage\"},\"thumbnailUrl\":\"https:\/\/pagina10.com\/web\/wp-content\/uploads\/2023\/06\/expresidente_uribe_y_james_rodriguez_cordoba.jpeg\",\"datePublished\":\"2023-06-22T16:57:06+00:00\",\"breadcrumb\":{\"@id\":\"https:\/\/pagina10.com\/web\/james-se-reunio-con-expresidente-uribe\/#breadcrumb\"},\"inLanguage\":\"es\",\"potentialAction\":[{\"@type\":\"ReadAction\",\"target\":[\"https:\/\/pagina10.com\/web\/james-se-reunio-con-expresidente-uribe\/\"]}]},{\"@type\":\"ImageObject\",\"inLanguage\":\"es\",\"@id\":\"https:\/\/pagina10.com\/web\/james-se-reunio-con-expresidente-uribe\/#primaryimage\",\"url\":\"https:\/\/pagina10.com\/web\/wp-content\/uploads\/2023\/06\/expresidente_uribe_y_james_rodriguez_cordoba.jpeg\",\"contentUrl\":\"https:\/\/pagina10.com\/web\/wp-content\/uploads\/2023\/06\/expresidente_uribe_y_james_rodriguez_cordoba.jpeg\",\"width\":1200,\"height\":675},{\"@type\":\"BreadcrumbList\",\"@id\":\"https:\/\/pagina10.com\/web\/james-se-reunio-con-expresidente-uribe\/#breadcrumb\",\"itemListElement\":[{\"@type\":\"ListItem\",\"position\":1,\"name\":\"Portada\",\"item\":\"https:\/\/pagina10.com\/web\/\"},{\"@type\":\"ListItem\",\"position\":2,\"name\":\"James se reuni\u00f3 con expresidente Uribe\"}]},{\"@type\":\"WebSite\",\"@id\":\"https:\/\/pagina10.com\/web\/#website\",\"url\":\"https:\/\/pagina10.com\/web\/\",\"name\":\"P\u00e1gina10\",\"description\":\"Peri\u00f3dico Regional\",\"publisher\":{\"@id\":\"https:\/\/pagina10.com\/web\/#organization\"},\"alternateName\":\"P\u00e1gina10 Peri\u00f3dico Regional\",\"potentialAction\":[{\"@type\":\"SearchAction\",\"target\":{\"@type\":\"EntryPoint\",\"urlTemplate\":\"https:\/\/pagina10.com\/web\/?s={search_term_string}\"},\"query-input\":{\"@type\":\"PropertyValueSpecification\",\"valueRequired\":true,\"valueName\":\"search_term_string\"}}],\"inLanguage\":\"es\"},{\"@type\":\"Organization\",\"@id\":\"https:\/\/pagina10.com\/web\/#organization\",\"name\":\"P\u00e1gina10\",\"alternateName\":\"P\u00e1gina10 Peri\u00f3dico Regional\",\"url\":\"https:\/\/pagina10.com\/web\/\",\"logo\":{\"@type\":\"ImageObject\",\"inLanguage\":\"es\",\"@id\":\"https:\/\/pagina10.com\/web\/#\/schema\/logo\/image\/\",\"url\":\"https:\/\/pagina10.com\/web\/wp-content\/uploads\/2024\/01\/40-pagina-10-periodico-regional-pasto.jpg\",\"contentUrl\":\"https:\/\/pagina10.com\/web\/wp-content\/uploads\/2024\/01\/40-pagina-10-periodico-regional-pasto.jpg\",\"width\":1280,\"height\":720,\"caption\":\"P\u00e1gina10\"},\"image\":{\"@id\":\"https:\/\/pagina10.com\/web\/#\/schema\/logo\/image\/\"},\"sameAs\":[\"https:\/\/www.facebook.com\/pag10com\",\"https:\/\/x.com\/Pag10com\",\"https:\/\/www.instagram.com\/pagina10col\/\",\"https:\/\/youtube.com\/channel\/pag10\",\"https:\/\/www.tiktok.com\/@p10col\"]},{\"@type\":\"Person\",\"@id\":\"https:\/\/pagina10.com\/web\/#\/schema\/person\/2efc4a090d25b667d3bc796798a3a81b\",\"name\":\"P\u00e1gina 10\",\"description\":\"P\u00e1gina 10 es un peri\u00f3dico regional que nace en Colombia, en el departamento de Nari\u00f1o, con un enfoque global, fundamentado en cuatro pilares esenciales: la libertad, el pluralismo, la inclusi\u00f3n y la independencia. P\u00e1gina 10 hace referencia a Nari\u00f1o como el d\u00e9cimo departamento creado en Colombia, despu\u00e9s de un proceso pol\u00edtico liderado por actores y actrices regionales con el fin de obtener la independencia y autonom\u00eda de nuestros territorios. Con la creaci\u00f3n de P\u00e1gina 10 se pretende abrir un escenario para el dialogo, la reflexi\u00f3n y el debate que se extienda a otras geograf\u00edas de Am\u00e9rica Latina y del planeta, en una apuesta por transformar colectivamente los desaf\u00edos de un mundo contempor\u00e1neo, m\u00e1s all\u00e1 de las fronteras impuestas.\",\"url\":\"https:\/\/pagina10.com\/web\/author\/pdiezadmin\/\"}]}<\/script>\n<!-- \/ Yoast SEO plugin. -->","yoast_head_json":{"title":"James se reuni\u00f3 con expresidente Uribe | P\u00e1gina10","robots":{"index":"index","follow":"follow","max-snippet":"max-snippet:-1","max-image-preview":"max-image-preview:large","max-video-preview":"max-video-preview:-1"},"canonical":"https:\/\/pagina10.com\/web\/james-se-reunio-con-expresidente-uribe\/","og_locale":"es_ES","og_type":"article","og_title":"James se reuni\u00f3 con expresidente Uribe | P\u00e1gina10","og_description":"El pasado mi\u00e9rcoles 21 de junio, se produjo un encuentro entre James Rodr\u00edguez, mediocampista de la selecci\u00f3n Colombia y \u00c1lvaro Uribe V\u00e9lez, expresidente de Colombia. Ambos compartieron en Monter\u00eda (C\u00f3rdoba), como parte de la agenda del futbolista en la ciudad. James lleg\u00f3 a la residencia de Uribe, conocida como El Ub\u00e9rrimo, donde se encontr\u00f3 con [&hellip;]","og_url":"https:\/\/pagina10.com\/web\/james-se-reunio-con-expresidente-uribe\/","og_site_name":"P\u00e1gina10","article_publisher":"https:\/\/www.facebook.com\/pag10com","article_published_time":"2023-06-22T16:57:06+00:00","og_image":[{"width":1200,"height":675,"url":"https:\/\/pagina10.com\/web\/wp-content\/uploads\/2023\/06\/expresidente_uribe_y_james_rodriguez_cordoba.jpeg","type":"image\/jpeg"}],"author":"P\u00e1gina 10","twitter_card":"summary_large_image","twitter_creator":"@Pag10com","twitter_site":"@Pag10com","twitter_misc":{"Escrito por":"P\u00e1gina 10","Tiempo de lectura":"1 minuto"},"schema":{"@context":"https:\/\/schema.org","@graph":[{"@type":"Article","@id":"https:\/\/pagina10.com\/web\/james-se-reunio-con-expresidente-uribe\/#article","isPartOf":{"@id":"https:\/\/pagina10.com\/web\/james-se-reunio-con-expresidente-uribe\/"},"author":{"name":"P\u00e1gina 10","@id":"https:\/\/pagina10.com\/web\/#\/schema\/person\/2efc4a090d25b667d3bc796798a3a81b"},"headline":"James se reuni\u00f3 con expresidente Uribe","datePublished":"2023-06-22T16:57:06+00:00","mainEntityOfPage":{"@id":"https:\/\/pagina10.com\/web\/james-se-reunio-con-expresidente-uribe\/"},"wordCount":243,"commentCount":0,"publisher":{"@id":"https:\/\/pagina10.com\/web\/#organization"},"image":{"@id":"https:\/\/pagina10.com\/web\/james-se-reunio-con-expresidente-uribe\/#primaryimage"},"thumbnailUrl":"https:\/\/pagina10.com\/web\/wp-content\/uploads\/2023\/06\/expresidente_uribe_y_james_rodriguez_cordoba.jpeg","articleSection":["Nacional"],"inLanguage":"es","potentialAction":[{"@type":"CommentAction","name":"Comment","target":["https:\/\/pagina10.com\/web\/james-se-reunio-con-expresidente-uribe\/#respond"]}]},{"@type":"WebPage","@id":"https:\/\/pagina10.com\/web\/james-se-reunio-con-expresidente-uribe\/","url":"https:\/\/pagina10.com\/web\/james-se-reunio-con-expresidente-uribe\/","name":"James se reuni\u00f3 con expresidente Uribe | P\u00e1gina10","isPartOf":{"@id":"https:\/\/pagina10.com\/web\/#website"},"primaryImageOfPage":{"@id":"https:\/\/pagina10.com\/web\/james-se-reunio-con-expresidente-uribe\/#primaryimage"},"image":{"@id":"https:\/\/pagina10.com\/web\/james-se-reunio-con-expresidente-uribe\/#primaryimage"},"thumbnailUrl":"https:\/\/pagina10.com\/web\/wp-content\/uploads\/2023\/06\/expresidente_uribe_y_james_rodriguez_cordoba.jpeg","datePublished":"2023-06-22T16:57:06+00:00","breadcrumb":{"@id":"https:\/\/pagina10.com\/web\/james-se-reunio-con-expresidente-uribe\/#breadcrumb"},"inLanguage":"es","potentialAction":[{"@type":"ReadAction","target":["https:\/\/pagina10.com\/web\/james-se-reunio-con-expresidente-uribe\/"]}]},{"@type":"ImageObject","inLanguage":"es","@id":"https:\/\/pagina10.com\/web\/james-se-reunio-con-expresidente-uribe\/#primaryimage","url":"https:\/\/pagina10.com\/web\/wp-content\/uploads\/2023\/06\/expresidente_uribe_y_james_rodriguez_cordoba.jpeg","contentUrl":"https:\/\/pagina10.com\/web\/wp-content\/uploads\/2023\/06\/expresidente_uribe_y_james_rodriguez_cordoba.jpeg","width":1200,"height":675},{"@type":"BreadcrumbList","@id":"https:\/\/pagina10.com\/web\/james-se-reunio-con-expresidente-uribe\/#breadcrumb","itemListElement":[{"@type":"ListItem","position":1,"name":"Portada","item":"https:\/\/pagina10.com\/web\/"},{"@type":"ListItem","position":2,"name":"James se reuni\u00f3 con expresidente Uribe"}]},{"@type":"WebSite","@id":"https:\/\/pagina10.com\/web\/#website","url":"https:\/\/pagina10.com\/web\/","name":"P\u00e1gina10","description":"Peri\u00f3dico Regional","publisher":{"@id":"https:\/\/pagina10.com\/web\/#organization"},"alternateName":"P\u00e1gina10 Peri\u00f3dico Regional","potentialAction":[{"@type":"SearchAction","target":{"@type":"EntryPoint","urlTemplate":"https:\/\/pagina10.com\/web\/?s={search_term_string}"},"query-input":{"@type":"PropertyValueSpecification","valueRequired":true,"valueName":"search_term_string"}}],"inLanguage":"es"},{"@type":"Organization","@id":"https:\/\/pagina10.com\/web\/#organization","name":"P\u00e1gina10","alternateName":"P\u00e1gina10 Peri\u00f3dico Regional","url":"https:\/\/pagina10.com\/web\/","logo":{"@type":"ImageObject","inLanguage":"es","@id":"https:\/\/pagina10.com\/web\/#\/schema\/logo\/image\/","url":"https:\/\/pagina10.com\/web\/wp-content\/uploads\/2024\/01\/40-pagina-10-periodico-regional-pasto.jpg","contentUrl":"https:\/\/pagina10.com\/web\/wp-content\/uploads\/2024\/01\/40-pagina-10-periodico-regional-pasto.jpg","width":1280,"height":720,"caption":"P\u00e1gina10"},"image":{"@id":"https:\/\/pagina10.com\/web\/#\/schema\/logo\/image\/"},"sameAs":["https:\/\/www.facebook.com\/pag10com","https:\/\/x.com\/Pag10com","https:\/\/www.instagram.com\/pagina10col\/","https:\/\/youtube.com\/channel\/pag10","https:\/\/www.tiktok.com\/@p10col"]},{"@type":"Person","@id":"https:\/\/pagina10.com\/web\/#\/schema\/person\/2efc4a090d25b667d3bc796798a3a81b","name":"P\u00e1gina 10","description":"P\u00e1gina 10 es un peri\u00f3dico regional que nace en Colombia, en el departamento de Nari\u00f1o, con un enfoque global, fundamentado en cuatro pilares esenciales: la libertad, el pluralismo, la inclusi\u00f3n y la independencia. P\u00e1gina 10 hace referencia a Nari\u00f1o como el d\u00e9cimo departamento creado en Colombia, despu\u00e9s de un proceso pol\u00edtico liderado por actores y actrices regionales con el fin de obtener la independencia y autonom\u00eda de nuestros territorios. Con la creaci\u00f3n de P\u00e1gina 10 se pretende abrir un escenario para el dialogo, la reflexi\u00f3n y el debate que se extienda a otras geograf\u00edas de Am\u00e9rica Latina y del planeta, en una apuesta por transformar colectivamente los desaf\u00edos de un mundo contempor\u00e1neo, m\u00e1s all\u00e1 de las fronteras impuestas.","url":"https:\/\/pagina10.com\/web\/author\/pdiezadmin\/"}]}},"_links":{"self":[{"href":"https:\/\/pagina10.com\/web\/wp-json\/wp\/v2\/posts\/66865","targetHints":{"allow":["GET"]}}],"collection":[{"href":"https:\/\/pagina10.com\/web\/wp-json\/wp\/v2\/posts"}],"about":[{"href":"https:\/\/pagina10.com\/web\/wp-json\/wp\/v2\/types\/post"}],"author":[{"embeddable":true,"href":"https:\/\/pagina10.com\/web\/wp-json\/wp\/v2\/users\/1"}],"replies":[{"embeddable":true,"href":"https:\/\/pagina10.com\/web\/wp-json\/wp\/v2\/comments?post=66865"}],"version-history":[{"count":2,"href":"https:\/\/pagina10.com\/web\/wp-json\/wp\/v2\/posts\/66865\/revisions"}],"predecessor-version":[{"id":66871,"href":"https:\/\/pagina10.com\/web\/wp-json\/wp\/v2\/posts\/66865\/revisions\/66871"}],"wp:featuredmedia":[{"embeddable":true,"href":"https:\/\/pagina10.com\/web\/wp-json\/wp\/v2\/media\/66867"}],"wp:attachment":[{"href":"https:\/\/pagina10.com\/web\/wp-json\/wp\/v2\/media?parent=66865"}],"wp:term":[{"taxonomy":"category","embeddable":true,"href":"https:\/\/pagina10.com\/web\/wp-json\/wp\/v2\/categories?post=66865"},{"taxonomy":"post_tag","embeddable":true,"href":"https:\/\/pagina10.com\/web\/wp-json\/wp\/v2\/tags?post=66865"}],"curies":[{"name":"wp","href":"https:\/\/api.w.org\/{rel}","templated":true}]}}