{"id":66891,"date":"2023-06-22T20:14:44","date_gmt":"2023-06-23T01:14:44","guid":{"rendered":"https:\/\/pagina10.com\/web\/?p=66891"},"modified":"2023-06-22T20:18:54","modified_gmt":"2023-06-23T01:18:54","slug":"sergio-fajardo-solicito-a-petro-un-balance-de-construcciones-de-colegios-y-universidades","status":"publish","type":"post","link":"https:\/\/pagina10.com\/web\/sergio-fajardo-solicito-a-petro-un-balance-de-construcciones-de-colegios-y-universidades\/","title":{"rendered":"Sergio Fajardo solicit\u00f3 a Petro un balance de construcciones de colegios y universidades"},"content":{"rendered":"<p style=\"text-align: justify;\">Despu\u00e9s de un a\u00f1o de la publicaci\u00f3n de un tweet, hecha por el presidente Gustavo Petro, en el que solicitaba a gobernadores y alcaldes alistar lotes con t\u00edtulos saneados para construir sedes educativas, Sergio Fajardo, excandidato presidencial, pidi\u00f3 un balance general de los progresos de las construcciones de dichas instalaciones.<\/p>\n<p style=\"text-align: justify;\">\u201cPresidente, a un a\u00f1o de este trino, quisiera preguntarle en qu\u00e9 va la construcci\u00f3n de esos colegios y universidades. \u00bfCu\u00e1l es el balance? \u00bfCu\u00e1ntos predios se alistaron, cu\u00e1ntos colegios se han iniciado y cu\u00e1ntas universidades? \u00bfEn qu\u00e9 va esa sociedad del conocimiento&#8230; O se qued\u00f3 en buscar likes?\u201d, asegur\u00f3 Fajardo.<\/p>\n<p style=\"text-align: justify;\">Adem\u00e1s de su solicitud, reclama la supuesta b\u00fasqueda de \u2018likes\u2019 que, seg\u00fan Fajardo, estar\u00eda haciendo Petro.<\/p>\n<p><a href=\"https:\/\/twitter.com\/sergio_fajardo\/status\/1671839166261239814?s=20\"><img fetchpriority=\"high\" decoding=\"async\" class=\"aligncenter wp-image-66892\" src=\"https:\/\/pagina10.com\/web\/wp-content\/uploads\/2023\/06\/Picture1-5.png\" alt=\"\" width=\"481\" height=\"305\" srcset=\"https:\/\/pagina10.com\/web\/wp-content\/uploads\/2023\/06\/Picture1-5.png 846w, https:\/\/pagina10.com\/web\/wp-content\/uploads\/2023\/06\/Picture1-5-300x190.png 300w, https:\/\/pagina10.com\/web\/wp-content\/uploads\/2023\/06\/Picture1-5-768x487.png 768w\" sizes=\"(max-width: 481px) 100vw, 481px\" \/><\/a><\/p>\n","protected":false},"excerpt":{"rendered":"<p>Despu\u00e9s de un a\u00f1o de la publicaci\u00f3n de un tweet, hecha por el presidente Gustavo Petro, en el que solicitaba a gobernadores y alcaldes alistar lotes con t\u00edtulos saneados para construir sedes educativas, Sergio Fajardo, excandidato presidencial, pidi\u00f3 un balance general de los progresos de las construcciones de dichas instalaciones. \u201cPresidente, a un a\u00f1o de [&hellip;]<\/p>\n","protected":false},"author":1,"featured_media":66893,"comment_status":"open","ping_status":"open","sticky":false,"template":"","format":"standard","meta":{"footnotes":""},"categories":[94],"tags":[],"class_list":["post-66891","post","type-post","status-publish","format-standard","has-post-thumbnail","hentry","category-nacional-global-2"],"yoast_head":"<!-- This site is optimized with the Yoast SEO plugin v27.1.1 - https:\/\/yoast.com\/product\/yoast-seo-wordpress\/ -->\n<title>Sergio Fajardo solicit\u00f3 a Petro un balance de construcciones de colegios y universidades | P\u00e1gina10<\/title>\n<meta name=\"robots\" content=\"index, follow, max-snippet:-1, max-image-preview:large, max-video-preview:-1\" \/>\n<link rel=\"canonical\" href=\"https:\/\/pagina10.com\/web\/sergio-fajardo-solicito-a-petro-un-balance-de-construcciones-de-colegios-y-universidades\/\" \/>\n<meta property=\"og:locale\" content=\"es_ES\" \/>\n<meta property=\"og:type\" content=\"article\" \/>\n<meta property=\"og:title\" content=\"Sergio Fajardo solicit\u00f3 a Petro un balance de construcciones de colegios y universidades | P\u00e1gina10\" \/>\n<meta property=\"og:description\" content=\"Despu\u00e9s de un a\u00f1o de la publicaci\u00f3n de un tweet, hecha por el presidente Gustavo Petro, en el que solicitaba a gobernadores y alcaldes alistar lotes con t\u00edtulos saneados para construir sedes educativas, Sergio Fajardo, excandidato presidencial, pidi\u00f3 un balance general de los progresos de las construcciones de dichas instalaciones. \u201cPresidente, a un a\u00f1o de [&hellip;]\" \/>\n<meta property=\"og:url\" content=\"https:\/\/pagina10.com\/web\/sergio-fajardo-solicito-a-petro-un-balance-de-construcciones-de-colegios-y-universidades\/\" \/>\n<meta property=\"og:site_name\" content=\"P\u00e1gina10\" \/>\n<meta property=\"article:publisher\" content=\"https:\/\/www.facebook.com\/pag10com\" \/>\n<meta property=\"article:published_time\" content=\"2023-06-23T01:14:44+00:00\" \/>\n<meta property=\"article:modified_time\" content=\"2023-06-23T01:18:54+00:00\" \/>\n<meta property=\"og:image\" content=\"https:\/\/pagina10.com\/web\/wp-content\/uploads\/2023\/06\/Picture2-3-1024x668.png\" \/>\n\t<meta property=\"og:image:width\" content=\"1024\" \/>\n\t<meta property=\"og:image:height\" content=\"668\" \/>\n\t<meta property=\"og:image:type\" content=\"image\/png\" \/>\n<meta name=\"author\" content=\"P\u00e1gina 10\" \/>\n<meta name=\"twitter:card\" content=\"summary_large_image\" \/>\n<meta name=\"twitter:creator\" content=\"@Pag10com\" \/>\n<meta name=\"twitter:site\" content=\"@Pag10com\" \/>\n<meta name=\"twitter:label1\" content=\"Escrito por\" \/>\n\t<meta name=\"twitter:data1\" content=\"P\u00e1gina 10\" \/>\n\t<meta name=\"twitter:label2\" content=\"Tiempo de lectura\" \/>\n\t<meta name=\"twitter:data2\" content=\"1 minuto\" \/>\n<script type=\"application\/ld+json\" class=\"yoast-schema-graph\">{\"@context\":\"https:\/\/schema.org\",\"@graph\":[{\"@type\":\"Article\",\"@id\":\"https:\/\/pagina10.com\/web\/sergio-fajardo-solicito-a-petro-un-balance-de-construcciones-de-colegios-y-universidades\/#article\",\"isPartOf\":{\"@id\":\"https:\/\/pagina10.com\/web\/sergio-fajardo-solicito-a-petro-un-balance-de-construcciones-de-colegios-y-universidades\/\"},\"author\":{\"name\":\"P\u00e1gina 10\",\"@id\":\"https:\/\/pagina10.com\/web\/#\/schema\/person\/2efc4a090d25b667d3bc796798a3a81b\"},\"headline\":\"Sergio Fajardo solicit\u00f3 a Petro un balance de construcciones de colegios y universidades\",\"datePublished\":\"2023-06-23T01:14:44+00:00\",\"dateModified\":\"2023-06-23T01:18:54+00:00\",\"mainEntityOfPage\":{\"@id\":\"https:\/\/pagina10.com\/web\/sergio-fajardo-solicito-a-petro-un-balance-de-construcciones-de-colegios-y-universidades\/\"},\"wordCount\":143,\"commentCount\":0,\"publisher\":{\"@id\":\"https:\/\/pagina10.com\/web\/#organization\"},\"image\":{\"@id\":\"https:\/\/pagina10.com\/web\/sergio-fajardo-solicito-a-petro-un-balance-de-construcciones-de-colegios-y-universidades\/#primaryimage\"},\"thumbnailUrl\":\"https:\/\/pagina10.com\/web\/wp-content\/uploads\/2023\/06\/Picture2-3.png\",\"articleSection\":[\"Nacional\"],\"inLanguage\":\"es\",\"potentialAction\":[{\"@type\":\"CommentAction\",\"name\":\"Comment\",\"target\":[\"https:\/\/pagina10.com\/web\/sergio-fajardo-solicito-a-petro-un-balance-de-construcciones-de-colegios-y-universidades\/#respond\"]}]},{\"@type\":\"WebPage\",\"@id\":\"https:\/\/pagina10.com\/web\/sergio-fajardo-solicito-a-petro-un-balance-de-construcciones-de-colegios-y-universidades\/\",\"url\":\"https:\/\/pagina10.com\/web\/sergio-fajardo-solicito-a-petro-un-balance-de-construcciones-de-colegios-y-universidades\/\",\"name\":\"Sergio Fajardo solicit\u00f3 a Petro un balance de construcciones de colegios y universidades | P\u00e1gina10\",\"isPartOf\":{\"@id\":\"https:\/\/pagina10.com\/web\/#website\"},\"primaryImageOfPage\":{\"@id\":\"https:\/\/pagina10.com\/web\/sergio-fajardo-solicito-a-petro-un-balance-de-construcciones-de-colegios-y-universidades\/#primaryimage\"},\"image\":{\"@id\":\"https:\/\/pagina10.com\/web\/sergio-fajardo-solicito-a-petro-un-balance-de-construcciones-de-colegios-y-universidades\/#primaryimage\"},\"thumbnailUrl\":\"https:\/\/pagina10.com\/web\/wp-content\/uploads\/2023\/06\/Picture2-3.png\",\"datePublished\":\"2023-06-23T01:14:44+00:00\",\"dateModified\":\"2023-06-23T01:18:54+00:00\",\"breadcrumb\":{\"@id\":\"https:\/\/pagina10.com\/web\/sergio-fajardo-solicito-a-petro-un-balance-de-construcciones-de-colegios-y-universidades\/#breadcrumb\"},\"inLanguage\":\"es\",\"potentialAction\":[{\"@type\":\"ReadAction\",\"target\":[\"https:\/\/pagina10.com\/web\/sergio-fajardo-solicito-a-petro-un-balance-de-construcciones-de-colegios-y-universidades\/\"]}]},{\"@type\":\"ImageObject\",\"inLanguage\":\"es\",\"@id\":\"https:\/\/pagina10.com\/web\/sergio-fajardo-solicito-a-petro-un-balance-de-construcciones-de-colegios-y-universidades\/#primaryimage\",\"url\":\"https:\/\/pagina10.com\/web\/wp-content\/uploads\/2023\/06\/Picture2-3.png\",\"contentUrl\":\"https:\/\/pagina10.com\/web\/wp-content\/uploads\/2023\/06\/Picture2-3.png\",\"width\":1725,\"height\":1125},{\"@type\":\"BreadcrumbList\",\"@id\":\"https:\/\/pagina10.com\/web\/sergio-fajardo-solicito-a-petro-un-balance-de-construcciones-de-colegios-y-universidades\/#breadcrumb\",\"itemListElement\":[{\"@type\":\"ListItem\",\"position\":1,\"name\":\"Portada\",\"item\":\"https:\/\/pagina10.com\/web\/\"},{\"@type\":\"ListItem\",\"position\":2,\"name\":\"Sergio Fajardo solicit\u00f3 a Petro un balance de construcciones de colegios y universidades\"}]},{\"@type\":\"WebSite\",\"@id\":\"https:\/\/pagina10.com\/web\/#website\",\"url\":\"https:\/\/pagina10.com\/web\/\",\"name\":\"P\u00e1gina10\",\"description\":\"Peri\u00f3dico Regional\",\"publisher\":{\"@id\":\"https:\/\/pagina10.com\/web\/#organization\"},\"alternateName\":\"P\u00e1gina10 Peri\u00f3dico Regional\",\"potentialAction\":[{\"@type\":\"SearchAction\",\"target\":{\"@type\":\"EntryPoint\",\"urlTemplate\":\"https:\/\/pagina10.com\/web\/?s={search_term_string}\"},\"query-input\":{\"@type\":\"PropertyValueSpecification\",\"valueRequired\":true,\"valueName\":\"search_term_string\"}}],\"inLanguage\":\"es\"},{\"@type\":\"Organization\",\"@id\":\"https:\/\/pagina10.com\/web\/#organization\",\"name\":\"P\u00e1gina10\",\"alternateName\":\"P\u00e1gina10 Peri\u00f3dico Regional\",\"url\":\"https:\/\/pagina10.com\/web\/\",\"logo\":{\"@type\":\"ImageObject\",\"inLanguage\":\"es\",\"@id\":\"https:\/\/pagina10.com\/web\/#\/schema\/logo\/image\/\",\"url\":\"https:\/\/pagina10.com\/web\/wp-content\/uploads\/2024\/01\/40-pagina-10-periodico-regional-pasto.jpg\",\"contentUrl\":\"https:\/\/pagina10.com\/web\/wp-content\/uploads\/2024\/01\/40-pagina-10-periodico-regional-pasto.jpg\",\"width\":1280,\"height\":720,\"caption\":\"P\u00e1gina10\"},\"image\":{\"@id\":\"https:\/\/pagina10.com\/web\/#\/schema\/logo\/image\/\"},\"sameAs\":[\"https:\/\/www.facebook.com\/pag10com\",\"https:\/\/x.com\/Pag10com\",\"https:\/\/www.instagram.com\/pagina10col\/\",\"https:\/\/youtube.com\/channel\/pag10\",\"https:\/\/www.tiktok.com\/@p10col\"]},{\"@type\":\"Person\",\"@id\":\"https:\/\/pagina10.com\/web\/#\/schema\/person\/2efc4a090d25b667d3bc796798a3a81b\",\"name\":\"P\u00e1gina 10\",\"description\":\"P\u00e1gina 10 es un peri\u00f3dico regional que nace en Colombia, en el departamento de Nari\u00f1o, con un enfoque global, fundamentado en cuatro pilares esenciales: la libertad, el pluralismo, la inclusi\u00f3n y la independencia. P\u00e1gina 10 hace referencia a Nari\u00f1o como el d\u00e9cimo departamento creado en Colombia, despu\u00e9s de un proceso pol\u00edtico liderado por actores y actrices regionales con el fin de obtener la independencia y autonom\u00eda de nuestros territorios. Con la creaci\u00f3n de P\u00e1gina 10 se pretende abrir un escenario para el dialogo, la reflexi\u00f3n y el debate que se extienda a otras geograf\u00edas de Am\u00e9rica Latina y del planeta, en una apuesta por transformar colectivamente los desaf\u00edos de un mundo contempor\u00e1neo, m\u00e1s all\u00e1 de las fronteras impuestas.\",\"url\":\"https:\/\/pagina10.com\/web\/author\/pdiezadmin\/\"}]}<\/script>\n<!-- \/ Yoast SEO plugin. -->","yoast_head_json":{"title":"Sergio Fajardo solicit\u00f3 a Petro un balance de construcciones de colegios y universidades | P\u00e1gina10","robots":{"index":"index","follow":"follow","max-snippet":"max-snippet:-1","max-image-preview":"max-image-preview:large","max-video-preview":"max-video-preview:-1"},"canonical":"https:\/\/pagina10.com\/web\/sergio-fajardo-solicito-a-petro-un-balance-de-construcciones-de-colegios-y-universidades\/","og_locale":"es_ES","og_type":"article","og_title":"Sergio Fajardo solicit\u00f3 a Petro un balance de construcciones de colegios y universidades | P\u00e1gina10","og_description":"Despu\u00e9s de un a\u00f1o de la publicaci\u00f3n de un tweet, hecha por el presidente Gustavo Petro, en el que solicitaba a gobernadores y alcaldes alistar lotes con t\u00edtulos saneados para construir sedes educativas, Sergio Fajardo, excandidato presidencial, pidi\u00f3 un balance general de los progresos de las construcciones de dichas instalaciones. \u201cPresidente, a un a\u00f1o de [&hellip;]","og_url":"https:\/\/pagina10.com\/web\/sergio-fajardo-solicito-a-petro-un-balance-de-construcciones-de-colegios-y-universidades\/","og_site_name":"P\u00e1gina10","article_publisher":"https:\/\/www.facebook.com\/pag10com","article_published_time":"2023-06-23T01:14:44+00:00","article_modified_time":"2023-06-23T01:18:54+00:00","og_image":[{"width":1024,"height":668,"url":"https:\/\/pagina10.com\/web\/wp-content\/uploads\/2023\/06\/Picture2-3-1024x668.png","type":"image\/png"}],"author":"P\u00e1gina 10","twitter_card":"summary_large_image","twitter_creator":"@Pag10com","twitter_site":"@Pag10com","twitter_misc":{"Escrito por":"P\u00e1gina 10","Tiempo de lectura":"1 minuto"},"schema":{"@context":"https:\/\/schema.org","@graph":[{"@type":"Article","@id":"https:\/\/pagina10.com\/web\/sergio-fajardo-solicito-a-petro-un-balance-de-construcciones-de-colegios-y-universidades\/#article","isPartOf":{"@id":"https:\/\/pagina10.com\/web\/sergio-fajardo-solicito-a-petro-un-balance-de-construcciones-de-colegios-y-universidades\/"},"author":{"name":"P\u00e1gina 10","@id":"https:\/\/pagina10.com\/web\/#\/schema\/person\/2efc4a090d25b667d3bc796798a3a81b"},"headline":"Sergio Fajardo solicit\u00f3 a Petro un balance de construcciones de colegios y universidades","datePublished":"2023-06-23T01:14:44+00:00","dateModified":"2023-06-23T01:18:54+00:00","mainEntityOfPage":{"@id":"https:\/\/pagina10.com\/web\/sergio-fajardo-solicito-a-petro-un-balance-de-construcciones-de-colegios-y-universidades\/"},"wordCount":143,"commentCount":0,"publisher":{"@id":"https:\/\/pagina10.com\/web\/#organization"},"image":{"@id":"https:\/\/pagina10.com\/web\/sergio-fajardo-solicito-a-petro-un-balance-de-construcciones-de-colegios-y-universidades\/#primaryimage"},"thumbnailUrl":"https:\/\/pagina10.com\/web\/wp-content\/uploads\/2023\/06\/Picture2-3.png","articleSection":["Nacional"],"inLanguage":"es","potentialAction":[{"@type":"CommentAction","name":"Comment","target":["https:\/\/pagina10.com\/web\/sergio-fajardo-solicito-a-petro-un-balance-de-construcciones-de-colegios-y-universidades\/#respond"]}]},{"@type":"WebPage","@id":"https:\/\/pagina10.com\/web\/sergio-fajardo-solicito-a-petro-un-balance-de-construcciones-de-colegios-y-universidades\/","url":"https:\/\/pagina10.com\/web\/sergio-fajardo-solicito-a-petro-un-balance-de-construcciones-de-colegios-y-universidades\/","name":"Sergio Fajardo solicit\u00f3 a Petro un balance de construcciones de colegios y universidades | P\u00e1gina10","isPartOf":{"@id":"https:\/\/pagina10.com\/web\/#website"},"primaryImageOfPage":{"@id":"https:\/\/pagina10.com\/web\/sergio-fajardo-solicito-a-petro-un-balance-de-construcciones-de-colegios-y-universidades\/#primaryimage"},"image":{"@id":"https:\/\/pagina10.com\/web\/sergio-fajardo-solicito-a-petro-un-balance-de-construcciones-de-colegios-y-universidades\/#primaryimage"},"thumbnailUrl":"https:\/\/pagina10.com\/web\/wp-content\/uploads\/2023\/06\/Picture2-3.png","datePublished":"2023-06-23T01:14:44+00:00","dateModified":"2023-06-23T01:18:54+00:00","breadcrumb":{"@id":"https:\/\/pagina10.com\/web\/sergio-fajardo-solicito-a-petro-un-balance-de-construcciones-de-colegios-y-universidades\/#breadcrumb"},"inLanguage":"es","potentialAction":[{"@type":"ReadAction","target":["https:\/\/pagina10.com\/web\/sergio-fajardo-solicito-a-petro-un-balance-de-construcciones-de-colegios-y-universidades\/"]}]},{"@type":"ImageObject","inLanguage":"es","@id":"https:\/\/pagina10.com\/web\/sergio-fajardo-solicito-a-petro-un-balance-de-construcciones-de-colegios-y-universidades\/#primaryimage","url":"https:\/\/pagina10.com\/web\/wp-content\/uploads\/2023\/06\/Picture2-3.png","contentUrl":"https:\/\/pagina10.com\/web\/wp-content\/uploads\/2023\/06\/Picture2-3.png","width":1725,"height":1125},{"@type":"BreadcrumbList","@id":"https:\/\/pagina10.com\/web\/sergio-fajardo-solicito-a-petro-un-balance-de-construcciones-de-colegios-y-universidades\/#breadcrumb","itemListElement":[{"@type":"ListItem","position":1,"name":"Portada","item":"https:\/\/pagina10.com\/web\/"},{"@type":"ListItem","position":2,"name":"Sergio Fajardo solicit\u00f3 a Petro un balance de construcciones de colegios y universidades"}]},{"@type":"WebSite","@id":"https:\/\/pagina10.com\/web\/#website","url":"https:\/\/pagina10.com\/web\/","name":"P\u00e1gina10","description":"Peri\u00f3dico Regional","publisher":{"@id":"https:\/\/pagina10.com\/web\/#organization"},"alternateName":"P\u00e1gina10 Peri\u00f3dico Regional","potentialAction":[{"@type":"SearchAction","target":{"@type":"EntryPoint","urlTemplate":"https:\/\/pagina10.com\/web\/?s={search_term_string}"},"query-input":{"@type":"PropertyValueSpecification","valueRequired":true,"valueName":"search_term_string"}}],"inLanguage":"es"},{"@type":"Organization","@id":"https:\/\/pagina10.com\/web\/#organization","name":"P\u00e1gina10","alternateName":"P\u00e1gina10 Peri\u00f3dico Regional","url":"https:\/\/pagina10.com\/web\/","logo":{"@type":"ImageObject","inLanguage":"es","@id":"https:\/\/pagina10.com\/web\/#\/schema\/logo\/image\/","url":"https:\/\/pagina10.com\/web\/wp-content\/uploads\/2024\/01\/40-pagina-10-periodico-regional-pasto.jpg","contentUrl":"https:\/\/pagina10.com\/web\/wp-content\/uploads\/2024\/01\/40-pagina-10-periodico-regional-pasto.jpg","width":1280,"height":720,"caption":"P\u00e1gina10"},"image":{"@id":"https:\/\/pagina10.com\/web\/#\/schema\/logo\/image\/"},"sameAs":["https:\/\/www.facebook.com\/pag10com","https:\/\/x.com\/Pag10com","https:\/\/www.instagram.com\/pagina10col\/","https:\/\/youtube.com\/channel\/pag10","https:\/\/www.tiktok.com\/@p10col"]},{"@type":"Person","@id":"https:\/\/pagina10.com\/web\/#\/schema\/person\/2efc4a090d25b667d3bc796798a3a81b","name":"P\u00e1gina 10","description":"P\u00e1gina 10 es un peri\u00f3dico regional que nace en Colombia, en el departamento de Nari\u00f1o, con un enfoque global, fundamentado en cuatro pilares esenciales: la libertad, el pluralismo, la inclusi\u00f3n y la independencia. P\u00e1gina 10 hace referencia a Nari\u00f1o como el d\u00e9cimo departamento creado en Colombia, despu\u00e9s de un proceso pol\u00edtico liderado por actores y actrices regionales con el fin de obtener la independencia y autonom\u00eda de nuestros territorios. Con la creaci\u00f3n de P\u00e1gina 10 se pretende abrir un escenario para el dialogo, la reflexi\u00f3n y el debate que se extienda a otras geograf\u00edas de Am\u00e9rica Latina y del planeta, en una apuesta por transformar colectivamente los desaf\u00edos de un mundo contempor\u00e1neo, m\u00e1s all\u00e1 de las fronteras impuestas.","url":"https:\/\/pagina10.com\/web\/author\/pdiezadmin\/"}]}},"_links":{"self":[{"href":"https:\/\/pagina10.com\/web\/wp-json\/wp\/v2\/posts\/66891","targetHints":{"allow":["GET"]}}],"collection":[{"href":"https:\/\/pagina10.com\/web\/wp-json\/wp\/v2\/posts"}],"about":[{"href":"https:\/\/pagina10.com\/web\/wp-json\/wp\/v2\/types\/post"}],"author":[{"embeddable":true,"href":"https:\/\/pagina10.com\/web\/wp-json\/wp\/v2\/users\/1"}],"replies":[{"embeddable":true,"href":"https:\/\/pagina10.com\/web\/wp-json\/wp\/v2\/comments?post=66891"}],"version-history":[{"count":1,"href":"https:\/\/pagina10.com\/web\/wp-json\/wp\/v2\/posts\/66891\/revisions"}],"predecessor-version":[{"id":66894,"href":"https:\/\/pagina10.com\/web\/wp-json\/wp\/v2\/posts\/66891\/revisions\/66894"}],"wp:featuredmedia":[{"embeddable":true,"href":"https:\/\/pagina10.com\/web\/wp-json\/wp\/v2\/media\/66893"}],"wp:attachment":[{"href":"https:\/\/pagina10.com\/web\/wp-json\/wp\/v2\/media?parent=66891"}],"wp:term":[{"taxonomy":"category","embeddable":true,"href":"https:\/\/pagina10.com\/web\/wp-json\/wp\/v2\/categories?post=66891"},{"taxonomy":"post_tag","embeddable":true,"href":"https:\/\/pagina10.com\/web\/wp-json\/wp\/v2\/tags?post=66891"}],"curies":[{"name":"wp","href":"https:\/\/api.w.org\/{rel}","templated":true}]}}