{"id":66897,"date":"2023-06-23T13:14:43","date_gmt":"2023-06-23T18:14:43","guid":{"rendered":"https:\/\/pagina10.com\/web\/?p=66897"},"modified":"2023-06-23T13:14:43","modified_gmt":"2023-06-23T18:14:43","slug":"petro-propuso-plan-marshall-mundial-para-enfrentar-la-crisis-climatica","status":"publish","type":"post","link":"https:\/\/pagina10.com\/web\/petro-propuso-plan-marshall-mundial-para-enfrentar-la-crisis-climatica\/","title":{"rendered":"Petro propuso Plan Marshall mundial para enfrentar la crisis clim\u00e1tica"},"content":{"rendered":"<p style=\"text-align: justify;\">El presidente Gustavo Petro present\u00f3 en la \u2018Cumbre para un Nuevo Pacto Financiero Mundial\u2019 en Par\u00eds una propuesta para activar un Plan Marshall global que destine recursos a los pa\u00edses para abordar la crisis clim\u00e1tica. La iniciativa buscar\u00eda lograr reducir las emisiones de gases de efecto invernadero y preservar la vida en la tierra.<\/p>\n<p style=\"text-align: justify;\">\u200b\u201cSer\u00eda un relanzamiento de la econom\u00eda mundial, pero, espec\u00edficamente, en lo que m\u00e1s importa hoy, que es la soluci\u00f3n de la crisis clim\u00e1tica\u201d, explic\u00f3 el presidente.<\/p>\n<p style=\"text-align: justify;\">El mandatario sugiri\u00f3 una emisi\u00f3n mundial de derechos especiales de giro a trav\u00e9s del Fondo Monetario Internacional (FMI) que se destinar\u00edan a un fondo clim\u00e1tico para liberar presupuesto en los pa\u00edses y mitigar o adaptarse a la crisis clim\u00e1tica.<\/p>\n<p style=\"text-align: justify;\">La propuesta que fue aplaudida por los asistentes, busca incrementar la liquidez monetaria sin generar inflaci\u00f3n, enfoc\u00e1ndose en inversiones productivas para solucionar la crisis clim\u00e1tica. Petro pidi\u00f3 cambiar la deuda por acciones clim\u00e1ticas, proponiendo una tasaci\u00f3n a las transacciones financieras globales para financiar estas acciones.<\/p>\n","protected":false},"excerpt":{"rendered":"<p>El presidente Gustavo Petro present\u00f3 en la \u2018Cumbre para un Nuevo Pacto Financiero Mundial\u2019 en Par\u00eds una propuesta para activar un Plan Marshall global que destine recursos a los pa\u00edses para abordar la crisis clim\u00e1tica. La iniciativa buscar\u00eda lograr reducir las emisiones de gases de efecto invernadero y preservar la vida en la tierra. \u200b\u201cSer\u00eda [&hellip;]<\/p>\n","protected":false},"author":1,"featured_media":66898,"comment_status":"open","ping_status":"open","sticky":false,"template":"","format":"standard","meta":{"footnotes":""},"categories":[94],"tags":[],"class_list":["post-66897","post","type-post","status-publish","format-standard","has-post-thumbnail","hentry","category-nacional-global-2"],"yoast_head":"<!-- This site is optimized with the Yoast SEO plugin v27.1.1 - https:\/\/yoast.com\/product\/yoast-seo-wordpress\/ -->\n<title>Petro propuso Plan Marshall mundial para enfrentar la crisis clim\u00e1tica | P\u00e1gina10<\/title>\n<meta name=\"robots\" content=\"index, follow, max-snippet:-1, max-image-preview:large, max-video-preview:-1\" \/>\n<link rel=\"canonical\" href=\"https:\/\/pagina10.com\/web\/petro-propuso-plan-marshall-mundial-para-enfrentar-la-crisis-climatica\/\" \/>\n<meta property=\"og:locale\" content=\"es_ES\" \/>\n<meta property=\"og:type\" content=\"article\" \/>\n<meta property=\"og:title\" content=\"Petro propuso Plan Marshall mundial para enfrentar la crisis clim\u00e1tica | P\u00e1gina10\" \/>\n<meta property=\"og:description\" content=\"El presidente Gustavo Petro present\u00f3 en la \u2018Cumbre para un Nuevo Pacto Financiero Mundial\u2019 en Par\u00eds una propuesta para activar un Plan Marshall global que destine recursos a los pa\u00edses para abordar la crisis clim\u00e1tica. La iniciativa buscar\u00eda lograr reducir las emisiones de gases de efecto invernadero y preservar la vida en la tierra. \u200b\u201cSer\u00eda [&hellip;]\" \/>\n<meta property=\"og:url\" content=\"https:\/\/pagina10.com\/web\/petro-propuso-plan-marshall-mundial-para-enfrentar-la-crisis-climatica\/\" \/>\n<meta property=\"og:site_name\" content=\"P\u00e1gina10\" \/>\n<meta property=\"article:publisher\" content=\"https:\/\/www.facebook.com\/pag10com\" \/>\n<meta property=\"article:published_time\" content=\"2023-06-23T18:14:43+00:00\" \/>\n<meta property=\"og:image\" content=\"https:\/\/pagina10.com\/web\/wp-content\/uploads\/2023\/06\/230622-03-Mesa-nuevo-metodo-alianzas-crecimiento-verde-1280.jpg\" \/>\n\t<meta property=\"og:image:width\" content=\"1280\" \/>\n\t<meta property=\"og:image:height\" content=\"720\" \/>\n\t<meta property=\"og:image:type\" content=\"image\/jpeg\" \/>\n<meta name=\"author\" content=\"P\u00e1gina 10\" \/>\n<meta name=\"twitter:card\" content=\"summary_large_image\" \/>\n<meta name=\"twitter:creator\" content=\"@Pag10com\" \/>\n<meta name=\"twitter:site\" content=\"@Pag10com\" \/>\n<meta name=\"twitter:label1\" content=\"Escrito por\" \/>\n\t<meta name=\"twitter:data1\" content=\"P\u00e1gina 10\" \/>\n\t<meta name=\"twitter:label2\" content=\"Tiempo de lectura\" \/>\n\t<meta name=\"twitter:data2\" content=\"1 minuto\" \/>\n<script type=\"application\/ld+json\" class=\"yoast-schema-graph\">{\"@context\":\"https:\/\/schema.org\",\"@graph\":[{\"@type\":\"Article\",\"@id\":\"https:\/\/pagina10.com\/web\/petro-propuso-plan-marshall-mundial-para-enfrentar-la-crisis-climatica\/#article\",\"isPartOf\":{\"@id\":\"https:\/\/pagina10.com\/web\/petro-propuso-plan-marshall-mundial-para-enfrentar-la-crisis-climatica\/\"},\"author\":{\"name\":\"P\u00e1gina 10\",\"@id\":\"https:\/\/pagina10.com\/web\/#\/schema\/person\/2efc4a090d25b667d3bc796798a3a81b\"},\"headline\":\"Petro propuso Plan Marshall mundial para enfrentar la crisis clim\u00e1tica\",\"datePublished\":\"2023-06-23T18:14:43+00:00\",\"mainEntityOfPage\":{\"@id\":\"https:\/\/pagina10.com\/web\/petro-propuso-plan-marshall-mundial-para-enfrentar-la-crisis-climatica\/\"},\"wordCount\":196,\"commentCount\":0,\"publisher\":{\"@id\":\"https:\/\/pagina10.com\/web\/#organization\"},\"image\":{\"@id\":\"https:\/\/pagina10.com\/web\/petro-propuso-plan-marshall-mundial-para-enfrentar-la-crisis-climatica\/#primaryimage\"},\"thumbnailUrl\":\"https:\/\/pagina10.com\/web\/wp-content\/uploads\/2023\/06\/230622-03-Mesa-nuevo-metodo-alianzas-crecimiento-verde-1280.jpg\",\"articleSection\":[\"Nacional\"],\"inLanguage\":\"es\",\"potentialAction\":[{\"@type\":\"CommentAction\",\"name\":\"Comment\",\"target\":[\"https:\/\/pagina10.com\/web\/petro-propuso-plan-marshall-mundial-para-enfrentar-la-crisis-climatica\/#respond\"]}]},{\"@type\":\"WebPage\",\"@id\":\"https:\/\/pagina10.com\/web\/petro-propuso-plan-marshall-mundial-para-enfrentar-la-crisis-climatica\/\",\"url\":\"https:\/\/pagina10.com\/web\/petro-propuso-plan-marshall-mundial-para-enfrentar-la-crisis-climatica\/\",\"name\":\"Petro propuso Plan Marshall mundial para enfrentar la crisis clim\u00e1tica | P\u00e1gina10\",\"isPartOf\":{\"@id\":\"https:\/\/pagina10.com\/web\/#website\"},\"primaryImageOfPage\":{\"@id\":\"https:\/\/pagina10.com\/web\/petro-propuso-plan-marshall-mundial-para-enfrentar-la-crisis-climatica\/#primaryimage\"},\"image\":{\"@id\":\"https:\/\/pagina10.com\/web\/petro-propuso-plan-marshall-mundial-para-enfrentar-la-crisis-climatica\/#primaryimage\"},\"thumbnailUrl\":\"https:\/\/pagina10.com\/web\/wp-content\/uploads\/2023\/06\/230622-03-Mesa-nuevo-metodo-alianzas-crecimiento-verde-1280.jpg\",\"datePublished\":\"2023-06-23T18:14:43+00:00\",\"breadcrumb\":{\"@id\":\"https:\/\/pagina10.com\/web\/petro-propuso-plan-marshall-mundial-para-enfrentar-la-crisis-climatica\/#breadcrumb\"},\"inLanguage\":\"es\",\"potentialAction\":[{\"@type\":\"ReadAction\",\"target\":[\"https:\/\/pagina10.com\/web\/petro-propuso-plan-marshall-mundial-para-enfrentar-la-crisis-climatica\/\"]}]},{\"@type\":\"ImageObject\",\"inLanguage\":\"es\",\"@id\":\"https:\/\/pagina10.com\/web\/petro-propuso-plan-marshall-mundial-para-enfrentar-la-crisis-climatica\/#primaryimage\",\"url\":\"https:\/\/pagina10.com\/web\/wp-content\/uploads\/2023\/06\/230622-03-Mesa-nuevo-metodo-alianzas-crecimiento-verde-1280.jpg\",\"contentUrl\":\"https:\/\/pagina10.com\/web\/wp-content\/uploads\/2023\/06\/230622-03-Mesa-nuevo-metodo-alianzas-crecimiento-verde-1280.jpg\",\"width\":1280,\"height\":720},{\"@type\":\"BreadcrumbList\",\"@id\":\"https:\/\/pagina10.com\/web\/petro-propuso-plan-marshall-mundial-para-enfrentar-la-crisis-climatica\/#breadcrumb\",\"itemListElement\":[{\"@type\":\"ListItem\",\"position\":1,\"name\":\"Portada\",\"item\":\"https:\/\/pagina10.com\/web\/\"},{\"@type\":\"ListItem\",\"position\":2,\"name\":\"Petro propuso Plan Marshall mundial para enfrentar la crisis clim\u00e1tica\"}]},{\"@type\":\"WebSite\",\"@id\":\"https:\/\/pagina10.com\/web\/#website\",\"url\":\"https:\/\/pagina10.com\/web\/\",\"name\":\"P\u00e1gina10\",\"description\":\"Peri\u00f3dico Regional\",\"publisher\":{\"@id\":\"https:\/\/pagina10.com\/web\/#organization\"},\"alternateName\":\"P\u00e1gina10 Peri\u00f3dico Regional\",\"potentialAction\":[{\"@type\":\"SearchAction\",\"target\":{\"@type\":\"EntryPoint\",\"urlTemplate\":\"https:\/\/pagina10.com\/web\/?s={search_term_string}\"},\"query-input\":{\"@type\":\"PropertyValueSpecification\",\"valueRequired\":true,\"valueName\":\"search_term_string\"}}],\"inLanguage\":\"es\"},{\"@type\":\"Organization\",\"@id\":\"https:\/\/pagina10.com\/web\/#organization\",\"name\":\"P\u00e1gina10\",\"alternateName\":\"P\u00e1gina10 Peri\u00f3dico Regional\",\"url\":\"https:\/\/pagina10.com\/web\/\",\"logo\":{\"@type\":\"ImageObject\",\"inLanguage\":\"es\",\"@id\":\"https:\/\/pagina10.com\/web\/#\/schema\/logo\/image\/\",\"url\":\"https:\/\/pagina10.com\/web\/wp-content\/uploads\/2024\/01\/40-pagina-10-periodico-regional-pasto.jpg\",\"contentUrl\":\"https:\/\/pagina10.com\/web\/wp-content\/uploads\/2024\/01\/40-pagina-10-periodico-regional-pasto.jpg\",\"width\":1280,\"height\":720,\"caption\":\"P\u00e1gina10\"},\"image\":{\"@id\":\"https:\/\/pagina10.com\/web\/#\/schema\/logo\/image\/\"},\"sameAs\":[\"https:\/\/www.facebook.com\/pag10com\",\"https:\/\/x.com\/Pag10com\",\"https:\/\/www.instagram.com\/pagina10col\/\",\"https:\/\/youtube.com\/channel\/pag10\",\"https:\/\/www.tiktok.com\/@p10col\"]},{\"@type\":\"Person\",\"@id\":\"https:\/\/pagina10.com\/web\/#\/schema\/person\/2efc4a090d25b667d3bc796798a3a81b\",\"name\":\"P\u00e1gina 10\",\"description\":\"P\u00e1gina 10 es un peri\u00f3dico regional que nace en Colombia, en el departamento de Nari\u00f1o, con un enfoque global, fundamentado en cuatro pilares esenciales: la libertad, el pluralismo, la inclusi\u00f3n y la independencia. P\u00e1gina 10 hace referencia a Nari\u00f1o como el d\u00e9cimo departamento creado en Colombia, despu\u00e9s de un proceso pol\u00edtico liderado por actores y actrices regionales con el fin de obtener la independencia y autonom\u00eda de nuestros territorios. Con la creaci\u00f3n de P\u00e1gina 10 se pretende abrir un escenario para el dialogo, la reflexi\u00f3n y el debate que se extienda a otras geograf\u00edas de Am\u00e9rica Latina y del planeta, en una apuesta por transformar colectivamente los desaf\u00edos de un mundo contempor\u00e1neo, m\u00e1s all\u00e1 de las fronteras impuestas.\",\"url\":\"https:\/\/pagina10.com\/web\/author\/pdiezadmin\/\"}]}<\/script>\n<!-- \/ Yoast SEO plugin. -->","yoast_head_json":{"title":"Petro propuso Plan Marshall mundial para enfrentar la crisis clim\u00e1tica | P\u00e1gina10","robots":{"index":"index","follow":"follow","max-snippet":"max-snippet:-1","max-image-preview":"max-image-preview:large","max-video-preview":"max-video-preview:-1"},"canonical":"https:\/\/pagina10.com\/web\/petro-propuso-plan-marshall-mundial-para-enfrentar-la-crisis-climatica\/","og_locale":"es_ES","og_type":"article","og_title":"Petro propuso Plan Marshall mundial para enfrentar la crisis clim\u00e1tica | P\u00e1gina10","og_description":"El presidente Gustavo Petro present\u00f3 en la \u2018Cumbre para un Nuevo Pacto Financiero Mundial\u2019 en Par\u00eds una propuesta para activar un Plan Marshall global que destine recursos a los pa\u00edses para abordar la crisis clim\u00e1tica. La iniciativa buscar\u00eda lograr reducir las emisiones de gases de efecto invernadero y preservar la vida en la tierra. \u200b\u201cSer\u00eda [&hellip;]","og_url":"https:\/\/pagina10.com\/web\/petro-propuso-plan-marshall-mundial-para-enfrentar-la-crisis-climatica\/","og_site_name":"P\u00e1gina10","article_publisher":"https:\/\/www.facebook.com\/pag10com","article_published_time":"2023-06-23T18:14:43+00:00","og_image":[{"width":1280,"height":720,"url":"https:\/\/pagina10.com\/web\/wp-content\/uploads\/2023\/06\/230622-03-Mesa-nuevo-metodo-alianzas-crecimiento-verde-1280.jpg","type":"image\/jpeg"}],"author":"P\u00e1gina 10","twitter_card":"summary_large_image","twitter_creator":"@Pag10com","twitter_site":"@Pag10com","twitter_misc":{"Escrito por":"P\u00e1gina 10","Tiempo de lectura":"1 minuto"},"schema":{"@context":"https:\/\/schema.org","@graph":[{"@type":"Article","@id":"https:\/\/pagina10.com\/web\/petro-propuso-plan-marshall-mundial-para-enfrentar-la-crisis-climatica\/#article","isPartOf":{"@id":"https:\/\/pagina10.com\/web\/petro-propuso-plan-marshall-mundial-para-enfrentar-la-crisis-climatica\/"},"author":{"name":"P\u00e1gina 10","@id":"https:\/\/pagina10.com\/web\/#\/schema\/person\/2efc4a090d25b667d3bc796798a3a81b"},"headline":"Petro propuso Plan Marshall mundial para enfrentar la crisis clim\u00e1tica","datePublished":"2023-06-23T18:14:43+00:00","mainEntityOfPage":{"@id":"https:\/\/pagina10.com\/web\/petro-propuso-plan-marshall-mundial-para-enfrentar-la-crisis-climatica\/"},"wordCount":196,"commentCount":0,"publisher":{"@id":"https:\/\/pagina10.com\/web\/#organization"},"image":{"@id":"https:\/\/pagina10.com\/web\/petro-propuso-plan-marshall-mundial-para-enfrentar-la-crisis-climatica\/#primaryimage"},"thumbnailUrl":"https:\/\/pagina10.com\/web\/wp-content\/uploads\/2023\/06\/230622-03-Mesa-nuevo-metodo-alianzas-crecimiento-verde-1280.jpg","articleSection":["Nacional"],"inLanguage":"es","potentialAction":[{"@type":"CommentAction","name":"Comment","target":["https:\/\/pagina10.com\/web\/petro-propuso-plan-marshall-mundial-para-enfrentar-la-crisis-climatica\/#respond"]}]},{"@type":"WebPage","@id":"https:\/\/pagina10.com\/web\/petro-propuso-plan-marshall-mundial-para-enfrentar-la-crisis-climatica\/","url":"https:\/\/pagina10.com\/web\/petro-propuso-plan-marshall-mundial-para-enfrentar-la-crisis-climatica\/","name":"Petro propuso Plan Marshall mundial para enfrentar la crisis clim\u00e1tica | P\u00e1gina10","isPartOf":{"@id":"https:\/\/pagina10.com\/web\/#website"},"primaryImageOfPage":{"@id":"https:\/\/pagina10.com\/web\/petro-propuso-plan-marshall-mundial-para-enfrentar-la-crisis-climatica\/#primaryimage"},"image":{"@id":"https:\/\/pagina10.com\/web\/petro-propuso-plan-marshall-mundial-para-enfrentar-la-crisis-climatica\/#primaryimage"},"thumbnailUrl":"https:\/\/pagina10.com\/web\/wp-content\/uploads\/2023\/06\/230622-03-Mesa-nuevo-metodo-alianzas-crecimiento-verde-1280.jpg","datePublished":"2023-06-23T18:14:43+00:00","breadcrumb":{"@id":"https:\/\/pagina10.com\/web\/petro-propuso-plan-marshall-mundial-para-enfrentar-la-crisis-climatica\/#breadcrumb"},"inLanguage":"es","potentialAction":[{"@type":"ReadAction","target":["https:\/\/pagina10.com\/web\/petro-propuso-plan-marshall-mundial-para-enfrentar-la-crisis-climatica\/"]}]},{"@type":"ImageObject","inLanguage":"es","@id":"https:\/\/pagina10.com\/web\/petro-propuso-plan-marshall-mundial-para-enfrentar-la-crisis-climatica\/#primaryimage","url":"https:\/\/pagina10.com\/web\/wp-content\/uploads\/2023\/06\/230622-03-Mesa-nuevo-metodo-alianzas-crecimiento-verde-1280.jpg","contentUrl":"https:\/\/pagina10.com\/web\/wp-content\/uploads\/2023\/06\/230622-03-Mesa-nuevo-metodo-alianzas-crecimiento-verde-1280.jpg","width":1280,"height":720},{"@type":"BreadcrumbList","@id":"https:\/\/pagina10.com\/web\/petro-propuso-plan-marshall-mundial-para-enfrentar-la-crisis-climatica\/#breadcrumb","itemListElement":[{"@type":"ListItem","position":1,"name":"Portada","item":"https:\/\/pagina10.com\/web\/"},{"@type":"ListItem","position":2,"name":"Petro propuso Plan Marshall mundial para enfrentar la crisis clim\u00e1tica"}]},{"@type":"WebSite","@id":"https:\/\/pagina10.com\/web\/#website","url":"https:\/\/pagina10.com\/web\/","name":"P\u00e1gina10","description":"Peri\u00f3dico Regional","publisher":{"@id":"https:\/\/pagina10.com\/web\/#organization"},"alternateName":"P\u00e1gina10 Peri\u00f3dico Regional","potentialAction":[{"@type":"SearchAction","target":{"@type":"EntryPoint","urlTemplate":"https:\/\/pagina10.com\/web\/?s={search_term_string}"},"query-input":{"@type":"PropertyValueSpecification","valueRequired":true,"valueName":"search_term_string"}}],"inLanguage":"es"},{"@type":"Organization","@id":"https:\/\/pagina10.com\/web\/#organization","name":"P\u00e1gina10","alternateName":"P\u00e1gina10 Peri\u00f3dico Regional","url":"https:\/\/pagina10.com\/web\/","logo":{"@type":"ImageObject","inLanguage":"es","@id":"https:\/\/pagina10.com\/web\/#\/schema\/logo\/image\/","url":"https:\/\/pagina10.com\/web\/wp-content\/uploads\/2024\/01\/40-pagina-10-periodico-regional-pasto.jpg","contentUrl":"https:\/\/pagina10.com\/web\/wp-content\/uploads\/2024\/01\/40-pagina-10-periodico-regional-pasto.jpg","width":1280,"height":720,"caption":"P\u00e1gina10"},"image":{"@id":"https:\/\/pagina10.com\/web\/#\/schema\/logo\/image\/"},"sameAs":["https:\/\/www.facebook.com\/pag10com","https:\/\/x.com\/Pag10com","https:\/\/www.instagram.com\/pagina10col\/","https:\/\/youtube.com\/channel\/pag10","https:\/\/www.tiktok.com\/@p10col"]},{"@type":"Person","@id":"https:\/\/pagina10.com\/web\/#\/schema\/person\/2efc4a090d25b667d3bc796798a3a81b","name":"P\u00e1gina 10","description":"P\u00e1gina 10 es un peri\u00f3dico regional que nace en Colombia, en el departamento de Nari\u00f1o, con un enfoque global, fundamentado en cuatro pilares esenciales: la libertad, el pluralismo, la inclusi\u00f3n y la independencia. P\u00e1gina 10 hace referencia a Nari\u00f1o como el d\u00e9cimo departamento creado en Colombia, despu\u00e9s de un proceso pol\u00edtico liderado por actores y actrices regionales con el fin de obtener la independencia y autonom\u00eda de nuestros territorios. Con la creaci\u00f3n de P\u00e1gina 10 se pretende abrir un escenario para el dialogo, la reflexi\u00f3n y el debate que se extienda a otras geograf\u00edas de Am\u00e9rica Latina y del planeta, en una apuesta por transformar colectivamente los desaf\u00edos de un mundo contempor\u00e1neo, m\u00e1s all\u00e1 de las fronteras impuestas.","url":"https:\/\/pagina10.com\/web\/author\/pdiezadmin\/"}]}},"_links":{"self":[{"href":"https:\/\/pagina10.com\/web\/wp-json\/wp\/v2\/posts\/66897","targetHints":{"allow":["GET"]}}],"collection":[{"href":"https:\/\/pagina10.com\/web\/wp-json\/wp\/v2\/posts"}],"about":[{"href":"https:\/\/pagina10.com\/web\/wp-json\/wp\/v2\/types\/post"}],"author":[{"embeddable":true,"href":"https:\/\/pagina10.com\/web\/wp-json\/wp\/v2\/users\/1"}],"replies":[{"embeddable":true,"href":"https:\/\/pagina10.com\/web\/wp-json\/wp\/v2\/comments?post=66897"}],"version-history":[{"count":1,"href":"https:\/\/pagina10.com\/web\/wp-json\/wp\/v2\/posts\/66897\/revisions"}],"predecessor-version":[{"id":66899,"href":"https:\/\/pagina10.com\/web\/wp-json\/wp\/v2\/posts\/66897\/revisions\/66899"}],"wp:featuredmedia":[{"embeddable":true,"href":"https:\/\/pagina10.com\/web\/wp-json\/wp\/v2\/media\/66898"}],"wp:attachment":[{"href":"https:\/\/pagina10.com\/web\/wp-json\/wp\/v2\/media?parent=66897"}],"wp:term":[{"taxonomy":"category","embeddable":true,"href":"https:\/\/pagina10.com\/web\/wp-json\/wp\/v2\/categories?post=66897"},{"taxonomy":"post_tag","embeddable":true,"href":"https:\/\/pagina10.com\/web\/wp-json\/wp\/v2\/tags?post=66897"}],"curies":[{"name":"wp","href":"https:\/\/api.w.org\/{rel}","templated":true}]}}