{"id":66919,"date":"2023-06-24T11:08:15","date_gmt":"2023-06-24T16:08:15","guid":{"rendered":"https:\/\/pagina10.com\/web\/?p=66919"},"modified":"2023-06-24T11:08:15","modified_gmt":"2023-06-24T16:08:15","slug":"armando-benedetti-sera-investigado-por-compra-de-votos","status":"publish","type":"post","link":"https:\/\/pagina10.com\/web\/armando-benedetti-sera-investigado-por-compra-de-votos\/","title":{"rendered":"Armando Benedetti ser\u00e1 investigado por compra de votos."},"content":{"rendered":"<p style=\"text-align: justify;\">La Corte Suprema de Justicia ha solicitado una investigaci\u00f3n sobre la presunta compra de votos realizada por Armando Benedetti, exsenador y exembajador de Colombia en Venezuela.<\/p>\n<p style=\"text-align: justify;\">La solicitud surge a ra\u00edz de una investigaci\u00f3n en curso contra el excongresista Eduardo Pulgar Daza, donde se encontraron pruebas que implican a Benedetti en la compra de votos durante las elecciones legislativas de 2018 en Maicao, La Guajira.<\/p>\n<p style=\"text-align: justify;\">Se espera que la Sala de Instrucci\u00f3n de la Corte Suprema abra un nuevo proceso para evaluar las pruebas y decidir si se inicia una investigaci\u00f3n formal. Aunque estas pruebas no est\u00e1n directamente relacionadas con el caso de Pulgar Daza, quien ya ha admitido su responsabilidad en otros delitos, se considera abrir un expediente separado para investigar a Benedetti.<\/p>\n<p style=\"text-align: justify;\">Benedetti enfrenta m\u00faltiples procesos judiciales y ha generado atenci\u00f3n p\u00fablica debido a unos audios en los que menciona la financiaci\u00f3n de la campa\u00f1a de Petro en la costa Caribe, afirmando haber contribuido con 15.000 millones de pesos para dicho fin.<\/p>\n","protected":false},"excerpt":{"rendered":"<p>La Corte Suprema de Justicia ha solicitado una investigaci\u00f3n sobre la presunta compra de votos realizada por Armando Benedetti, exsenador y exembajador de Colombia en Venezuela. La solicitud surge a ra\u00edz de una investigaci\u00f3n en curso contra el excongresista Eduardo Pulgar Daza, donde se encontraron pruebas que implican a Benedetti en la compra de votos [&hellip;]<\/p>\n","protected":false},"author":1,"featured_media":66920,"comment_status":"open","ping_status":"open","sticky":false,"template":"","format":"standard","meta":{"footnotes":""},"categories":[94],"tags":[],"class_list":["post-66919","post","type-post","status-publish","format-standard","has-post-thumbnail","hentry","category-nacional-global-2"],"yoast_head":"<!-- This site is optimized with the Yoast SEO plugin v27.1.1 - https:\/\/yoast.com\/product\/yoast-seo-wordpress\/ -->\n<title>Armando Benedetti ser\u00e1 investigado por compra de votos. | P\u00e1gina10<\/title>\n<meta name=\"robots\" content=\"index, follow, max-snippet:-1, max-image-preview:large, max-video-preview:-1\" \/>\n<link rel=\"canonical\" href=\"https:\/\/pagina10.com\/web\/armando-benedetti-sera-investigado-por-compra-de-votos\/\" \/>\n<meta property=\"og:locale\" content=\"es_ES\" \/>\n<meta property=\"og:type\" content=\"article\" \/>\n<meta property=\"og:title\" content=\"Armando Benedetti ser\u00e1 investigado por compra de votos. | P\u00e1gina10\" \/>\n<meta property=\"og:description\" content=\"La Corte Suprema de Justicia ha solicitado una investigaci\u00f3n sobre la presunta compra de votos realizada por Armando Benedetti, exsenador y exembajador de Colombia en Venezuela. La solicitud surge a ra\u00edz de una investigaci\u00f3n en curso contra el excongresista Eduardo Pulgar Daza, donde se encontraron pruebas que implican a Benedetti en la compra de votos [&hellip;]\" \/>\n<meta property=\"og:url\" content=\"https:\/\/pagina10.com\/web\/armando-benedetti-sera-investigado-por-compra-de-votos\/\" \/>\n<meta property=\"og:site_name\" content=\"P\u00e1gina10\" \/>\n<meta property=\"article:publisher\" content=\"https:\/\/www.facebook.com\/pag10com\" \/>\n<meta property=\"article:published_time\" content=\"2023-06-24T16:08:15+00:00\" \/>\n<meta property=\"og:image\" content=\"https:\/\/pagina10.com\/web\/wp-content\/uploads\/2023\/06\/download-6.jpeg\" \/>\n\t<meta property=\"og:image:width\" content=\"1000\" \/>\n\t<meta property=\"og:image:height\" content=\"563\" \/>\n\t<meta property=\"og:image:type\" content=\"image\/jpeg\" \/>\n<meta name=\"author\" content=\"P\u00e1gina 10\" \/>\n<meta name=\"twitter:card\" content=\"summary_large_image\" \/>\n<meta name=\"twitter:creator\" content=\"@Pag10com\" \/>\n<meta name=\"twitter:site\" content=\"@Pag10com\" \/>\n<meta name=\"twitter:label1\" content=\"Escrito por\" \/>\n\t<meta name=\"twitter:data1\" content=\"P\u00e1gina 10\" \/>\n\t<meta name=\"twitter:label2\" content=\"Tiempo de lectura\" \/>\n\t<meta name=\"twitter:data2\" content=\"1 minuto\" \/>\n<script type=\"application\/ld+json\" class=\"yoast-schema-graph\">{\"@context\":\"https:\/\/schema.org\",\"@graph\":[{\"@type\":\"Article\",\"@id\":\"https:\/\/pagina10.com\/web\/armando-benedetti-sera-investigado-por-compra-de-votos\/#article\",\"isPartOf\":{\"@id\":\"https:\/\/pagina10.com\/web\/armando-benedetti-sera-investigado-por-compra-de-votos\/\"},\"author\":{\"name\":\"P\u00e1gina 10\",\"@id\":\"https:\/\/pagina10.com\/web\/#\/schema\/person\/2efc4a090d25b667d3bc796798a3a81b\"},\"headline\":\"Armando Benedetti ser\u00e1 investigado por compra de votos.\",\"datePublished\":\"2023-06-24T16:08:15+00:00\",\"mainEntityOfPage\":{\"@id\":\"https:\/\/pagina10.com\/web\/armando-benedetti-sera-investigado-por-compra-de-votos\/\"},\"wordCount\":181,\"commentCount\":0,\"publisher\":{\"@id\":\"https:\/\/pagina10.com\/web\/#organization\"},\"image\":{\"@id\":\"https:\/\/pagina10.com\/web\/armando-benedetti-sera-investigado-por-compra-de-votos\/#primaryimage\"},\"thumbnailUrl\":\"https:\/\/pagina10.com\/web\/wp-content\/uploads\/2023\/06\/download-6.jpeg\",\"articleSection\":[\"Nacional\"],\"inLanguage\":\"es\",\"potentialAction\":[{\"@type\":\"CommentAction\",\"name\":\"Comment\",\"target\":[\"https:\/\/pagina10.com\/web\/armando-benedetti-sera-investigado-por-compra-de-votos\/#respond\"]}]},{\"@type\":\"WebPage\",\"@id\":\"https:\/\/pagina10.com\/web\/armando-benedetti-sera-investigado-por-compra-de-votos\/\",\"url\":\"https:\/\/pagina10.com\/web\/armando-benedetti-sera-investigado-por-compra-de-votos\/\",\"name\":\"Armando Benedetti ser\u00e1 investigado por compra de votos. | P\u00e1gina10\",\"isPartOf\":{\"@id\":\"https:\/\/pagina10.com\/web\/#website\"},\"primaryImageOfPage\":{\"@id\":\"https:\/\/pagina10.com\/web\/armando-benedetti-sera-investigado-por-compra-de-votos\/#primaryimage\"},\"image\":{\"@id\":\"https:\/\/pagina10.com\/web\/armando-benedetti-sera-investigado-por-compra-de-votos\/#primaryimage\"},\"thumbnailUrl\":\"https:\/\/pagina10.com\/web\/wp-content\/uploads\/2023\/06\/download-6.jpeg\",\"datePublished\":\"2023-06-24T16:08:15+00:00\",\"breadcrumb\":{\"@id\":\"https:\/\/pagina10.com\/web\/armando-benedetti-sera-investigado-por-compra-de-votos\/#breadcrumb\"},\"inLanguage\":\"es\",\"potentialAction\":[{\"@type\":\"ReadAction\",\"target\":[\"https:\/\/pagina10.com\/web\/armando-benedetti-sera-investigado-por-compra-de-votos\/\"]}]},{\"@type\":\"ImageObject\",\"inLanguage\":\"es\",\"@id\":\"https:\/\/pagina10.com\/web\/armando-benedetti-sera-investigado-por-compra-de-votos\/#primaryimage\",\"url\":\"https:\/\/pagina10.com\/web\/wp-content\/uploads\/2023\/06\/download-6.jpeg\",\"contentUrl\":\"https:\/\/pagina10.com\/web\/wp-content\/uploads\/2023\/06\/download-6.jpeg\",\"width\":1000,\"height\":563},{\"@type\":\"BreadcrumbList\",\"@id\":\"https:\/\/pagina10.com\/web\/armando-benedetti-sera-investigado-por-compra-de-votos\/#breadcrumb\",\"itemListElement\":[{\"@type\":\"ListItem\",\"position\":1,\"name\":\"Portada\",\"item\":\"https:\/\/pagina10.com\/web\/\"},{\"@type\":\"ListItem\",\"position\":2,\"name\":\"Armando Benedetti ser\u00e1 investigado por compra de votos.\"}]},{\"@type\":\"WebSite\",\"@id\":\"https:\/\/pagina10.com\/web\/#website\",\"url\":\"https:\/\/pagina10.com\/web\/\",\"name\":\"P\u00e1gina10\",\"description\":\"Peri\u00f3dico Regional\",\"publisher\":{\"@id\":\"https:\/\/pagina10.com\/web\/#organization\"},\"alternateName\":\"P\u00e1gina10 Peri\u00f3dico Regional\",\"potentialAction\":[{\"@type\":\"SearchAction\",\"target\":{\"@type\":\"EntryPoint\",\"urlTemplate\":\"https:\/\/pagina10.com\/web\/?s={search_term_string}\"},\"query-input\":{\"@type\":\"PropertyValueSpecification\",\"valueRequired\":true,\"valueName\":\"search_term_string\"}}],\"inLanguage\":\"es\"},{\"@type\":\"Organization\",\"@id\":\"https:\/\/pagina10.com\/web\/#organization\",\"name\":\"P\u00e1gina10\",\"alternateName\":\"P\u00e1gina10 Peri\u00f3dico Regional\",\"url\":\"https:\/\/pagina10.com\/web\/\",\"logo\":{\"@type\":\"ImageObject\",\"inLanguage\":\"es\",\"@id\":\"https:\/\/pagina10.com\/web\/#\/schema\/logo\/image\/\",\"url\":\"https:\/\/pagina10.com\/web\/wp-content\/uploads\/2024\/01\/40-pagina-10-periodico-regional-pasto.jpg\",\"contentUrl\":\"https:\/\/pagina10.com\/web\/wp-content\/uploads\/2024\/01\/40-pagina-10-periodico-regional-pasto.jpg\",\"width\":1280,\"height\":720,\"caption\":\"P\u00e1gina10\"},\"image\":{\"@id\":\"https:\/\/pagina10.com\/web\/#\/schema\/logo\/image\/\"},\"sameAs\":[\"https:\/\/www.facebook.com\/pag10com\",\"https:\/\/x.com\/Pag10com\",\"https:\/\/www.instagram.com\/pagina10col\/\",\"https:\/\/youtube.com\/channel\/pag10\",\"https:\/\/www.tiktok.com\/@p10col\"]},{\"@type\":\"Person\",\"@id\":\"https:\/\/pagina10.com\/web\/#\/schema\/person\/2efc4a090d25b667d3bc796798a3a81b\",\"name\":\"P\u00e1gina 10\",\"description\":\"P\u00e1gina 10 es un peri\u00f3dico regional que nace en Colombia, en el departamento de Nari\u00f1o, con un enfoque global, fundamentado en cuatro pilares esenciales: la libertad, el pluralismo, la inclusi\u00f3n y la independencia. P\u00e1gina 10 hace referencia a Nari\u00f1o como el d\u00e9cimo departamento creado en Colombia, despu\u00e9s de un proceso pol\u00edtico liderado por actores y actrices regionales con el fin de obtener la independencia y autonom\u00eda de nuestros territorios. Con la creaci\u00f3n de P\u00e1gina 10 se pretende abrir un escenario para el dialogo, la reflexi\u00f3n y el debate que se extienda a otras geograf\u00edas de Am\u00e9rica Latina y del planeta, en una apuesta por transformar colectivamente los desaf\u00edos de un mundo contempor\u00e1neo, m\u00e1s all\u00e1 de las fronteras impuestas.\",\"url\":\"https:\/\/pagina10.com\/web\/author\/pdiezadmin\/\"}]}<\/script>\n<!-- \/ Yoast SEO plugin. -->","yoast_head_json":{"title":"Armando Benedetti ser\u00e1 investigado por compra de votos. | P\u00e1gina10","robots":{"index":"index","follow":"follow","max-snippet":"max-snippet:-1","max-image-preview":"max-image-preview:large","max-video-preview":"max-video-preview:-1"},"canonical":"https:\/\/pagina10.com\/web\/armando-benedetti-sera-investigado-por-compra-de-votos\/","og_locale":"es_ES","og_type":"article","og_title":"Armando Benedetti ser\u00e1 investigado por compra de votos. | P\u00e1gina10","og_description":"La Corte Suprema de Justicia ha solicitado una investigaci\u00f3n sobre la presunta compra de votos realizada por Armando Benedetti, exsenador y exembajador de Colombia en Venezuela. La solicitud surge a ra\u00edz de una investigaci\u00f3n en curso contra el excongresista Eduardo Pulgar Daza, donde se encontraron pruebas que implican a Benedetti en la compra de votos [&hellip;]","og_url":"https:\/\/pagina10.com\/web\/armando-benedetti-sera-investigado-por-compra-de-votos\/","og_site_name":"P\u00e1gina10","article_publisher":"https:\/\/www.facebook.com\/pag10com","article_published_time":"2023-06-24T16:08:15+00:00","og_image":[{"width":1000,"height":563,"url":"https:\/\/pagina10.com\/web\/wp-content\/uploads\/2023\/06\/download-6.jpeg","type":"image\/jpeg"}],"author":"P\u00e1gina 10","twitter_card":"summary_large_image","twitter_creator":"@Pag10com","twitter_site":"@Pag10com","twitter_misc":{"Escrito por":"P\u00e1gina 10","Tiempo de lectura":"1 minuto"},"schema":{"@context":"https:\/\/schema.org","@graph":[{"@type":"Article","@id":"https:\/\/pagina10.com\/web\/armando-benedetti-sera-investigado-por-compra-de-votos\/#article","isPartOf":{"@id":"https:\/\/pagina10.com\/web\/armando-benedetti-sera-investigado-por-compra-de-votos\/"},"author":{"name":"P\u00e1gina 10","@id":"https:\/\/pagina10.com\/web\/#\/schema\/person\/2efc4a090d25b667d3bc796798a3a81b"},"headline":"Armando Benedetti ser\u00e1 investigado por compra de votos.","datePublished":"2023-06-24T16:08:15+00:00","mainEntityOfPage":{"@id":"https:\/\/pagina10.com\/web\/armando-benedetti-sera-investigado-por-compra-de-votos\/"},"wordCount":181,"commentCount":0,"publisher":{"@id":"https:\/\/pagina10.com\/web\/#organization"},"image":{"@id":"https:\/\/pagina10.com\/web\/armando-benedetti-sera-investigado-por-compra-de-votos\/#primaryimage"},"thumbnailUrl":"https:\/\/pagina10.com\/web\/wp-content\/uploads\/2023\/06\/download-6.jpeg","articleSection":["Nacional"],"inLanguage":"es","potentialAction":[{"@type":"CommentAction","name":"Comment","target":["https:\/\/pagina10.com\/web\/armando-benedetti-sera-investigado-por-compra-de-votos\/#respond"]}]},{"@type":"WebPage","@id":"https:\/\/pagina10.com\/web\/armando-benedetti-sera-investigado-por-compra-de-votos\/","url":"https:\/\/pagina10.com\/web\/armando-benedetti-sera-investigado-por-compra-de-votos\/","name":"Armando Benedetti ser\u00e1 investigado por compra de votos. | P\u00e1gina10","isPartOf":{"@id":"https:\/\/pagina10.com\/web\/#website"},"primaryImageOfPage":{"@id":"https:\/\/pagina10.com\/web\/armando-benedetti-sera-investigado-por-compra-de-votos\/#primaryimage"},"image":{"@id":"https:\/\/pagina10.com\/web\/armando-benedetti-sera-investigado-por-compra-de-votos\/#primaryimage"},"thumbnailUrl":"https:\/\/pagina10.com\/web\/wp-content\/uploads\/2023\/06\/download-6.jpeg","datePublished":"2023-06-24T16:08:15+00:00","breadcrumb":{"@id":"https:\/\/pagina10.com\/web\/armando-benedetti-sera-investigado-por-compra-de-votos\/#breadcrumb"},"inLanguage":"es","potentialAction":[{"@type":"ReadAction","target":["https:\/\/pagina10.com\/web\/armando-benedetti-sera-investigado-por-compra-de-votos\/"]}]},{"@type":"ImageObject","inLanguage":"es","@id":"https:\/\/pagina10.com\/web\/armando-benedetti-sera-investigado-por-compra-de-votos\/#primaryimage","url":"https:\/\/pagina10.com\/web\/wp-content\/uploads\/2023\/06\/download-6.jpeg","contentUrl":"https:\/\/pagina10.com\/web\/wp-content\/uploads\/2023\/06\/download-6.jpeg","width":1000,"height":563},{"@type":"BreadcrumbList","@id":"https:\/\/pagina10.com\/web\/armando-benedetti-sera-investigado-por-compra-de-votos\/#breadcrumb","itemListElement":[{"@type":"ListItem","position":1,"name":"Portada","item":"https:\/\/pagina10.com\/web\/"},{"@type":"ListItem","position":2,"name":"Armando Benedetti ser\u00e1 investigado por compra de votos."}]},{"@type":"WebSite","@id":"https:\/\/pagina10.com\/web\/#website","url":"https:\/\/pagina10.com\/web\/","name":"P\u00e1gina10","description":"Peri\u00f3dico Regional","publisher":{"@id":"https:\/\/pagina10.com\/web\/#organization"},"alternateName":"P\u00e1gina10 Peri\u00f3dico Regional","potentialAction":[{"@type":"SearchAction","target":{"@type":"EntryPoint","urlTemplate":"https:\/\/pagina10.com\/web\/?s={search_term_string}"},"query-input":{"@type":"PropertyValueSpecification","valueRequired":true,"valueName":"search_term_string"}}],"inLanguage":"es"},{"@type":"Organization","@id":"https:\/\/pagina10.com\/web\/#organization","name":"P\u00e1gina10","alternateName":"P\u00e1gina10 Peri\u00f3dico Regional","url":"https:\/\/pagina10.com\/web\/","logo":{"@type":"ImageObject","inLanguage":"es","@id":"https:\/\/pagina10.com\/web\/#\/schema\/logo\/image\/","url":"https:\/\/pagina10.com\/web\/wp-content\/uploads\/2024\/01\/40-pagina-10-periodico-regional-pasto.jpg","contentUrl":"https:\/\/pagina10.com\/web\/wp-content\/uploads\/2024\/01\/40-pagina-10-periodico-regional-pasto.jpg","width":1280,"height":720,"caption":"P\u00e1gina10"},"image":{"@id":"https:\/\/pagina10.com\/web\/#\/schema\/logo\/image\/"},"sameAs":["https:\/\/www.facebook.com\/pag10com","https:\/\/x.com\/Pag10com","https:\/\/www.instagram.com\/pagina10col\/","https:\/\/youtube.com\/channel\/pag10","https:\/\/www.tiktok.com\/@p10col"]},{"@type":"Person","@id":"https:\/\/pagina10.com\/web\/#\/schema\/person\/2efc4a090d25b667d3bc796798a3a81b","name":"P\u00e1gina 10","description":"P\u00e1gina 10 es un peri\u00f3dico regional que nace en Colombia, en el departamento de Nari\u00f1o, con un enfoque global, fundamentado en cuatro pilares esenciales: la libertad, el pluralismo, la inclusi\u00f3n y la independencia. P\u00e1gina 10 hace referencia a Nari\u00f1o como el d\u00e9cimo departamento creado en Colombia, despu\u00e9s de un proceso pol\u00edtico liderado por actores y actrices regionales con el fin de obtener la independencia y autonom\u00eda de nuestros territorios. Con la creaci\u00f3n de P\u00e1gina 10 se pretende abrir un escenario para el dialogo, la reflexi\u00f3n y el debate que se extienda a otras geograf\u00edas de Am\u00e9rica Latina y del planeta, en una apuesta por transformar colectivamente los desaf\u00edos de un mundo contempor\u00e1neo, m\u00e1s all\u00e1 de las fronteras impuestas.","url":"https:\/\/pagina10.com\/web\/author\/pdiezadmin\/"}]}},"_links":{"self":[{"href":"https:\/\/pagina10.com\/web\/wp-json\/wp\/v2\/posts\/66919","targetHints":{"allow":["GET"]}}],"collection":[{"href":"https:\/\/pagina10.com\/web\/wp-json\/wp\/v2\/posts"}],"about":[{"href":"https:\/\/pagina10.com\/web\/wp-json\/wp\/v2\/types\/post"}],"author":[{"embeddable":true,"href":"https:\/\/pagina10.com\/web\/wp-json\/wp\/v2\/users\/1"}],"replies":[{"embeddable":true,"href":"https:\/\/pagina10.com\/web\/wp-json\/wp\/v2\/comments?post=66919"}],"version-history":[{"count":1,"href":"https:\/\/pagina10.com\/web\/wp-json\/wp\/v2\/posts\/66919\/revisions"}],"predecessor-version":[{"id":66921,"href":"https:\/\/pagina10.com\/web\/wp-json\/wp\/v2\/posts\/66919\/revisions\/66921"}],"wp:featuredmedia":[{"embeddable":true,"href":"https:\/\/pagina10.com\/web\/wp-json\/wp\/v2\/media\/66920"}],"wp:attachment":[{"href":"https:\/\/pagina10.com\/web\/wp-json\/wp\/v2\/media?parent=66919"}],"wp:term":[{"taxonomy":"category","embeddable":true,"href":"https:\/\/pagina10.com\/web\/wp-json\/wp\/v2\/categories?post=66919"},{"taxonomy":"post_tag","embeddable":true,"href":"https:\/\/pagina10.com\/web\/wp-json\/wp\/v2\/tags?post=66919"}],"curies":[{"name":"wp","href":"https:\/\/api.w.org\/{rel}","templated":true}]}}