{"id":66992,"date":"2023-06-26T11:31:12","date_gmt":"2023-06-26T16:31:12","guid":{"rendered":"https:\/\/pagina10.com\/web\/?p=66992"},"modified":"2023-06-26T11:32:02","modified_gmt":"2023-06-26T16:32:02","slug":"presidente-gustavo-petro-liderara-jornada-gobierno-con-el-pueblo-en-la-guajira","status":"publish","type":"post","link":"https:\/\/pagina10.com\/web\/presidente-gustavo-petro-liderara-jornada-gobierno-con-el-pueblo-en-la-guajira\/","title":{"rendered":"Presidente Gustavo Petro liderar\u00e1 jornada &#8216;Gobierno con el Pueblo&#8217; en La Guajira"},"content":{"rendered":"<p style=\"text-align: justify;\">Gustavo Petro encabezar\u00e1 esta semana la jornada &#8220;Gobierno con el Pueblo&#8221; en el departamento de La Guajira, como parte del compromiso de atender las necesidades de esta regi\u00f3n.<\/p>\n<p style=\"text-align: justify;\">Durante seis d\u00edas, el presidente y todo su gabinete llevar\u00e1n a cabo encuentros con la comunidad en diferentes localidades, como Riohacha, Uribia, Nazareth, Albania, Manaure y Maicao. En estas reuniones, se abordar\u00e1n temas como la entrega de t\u00edtulos de propiedad, la discusi\u00f3n de proyectos de energ\u00eda e\u00f3lica y la entrega de instalaciones pedi\u00e1tricas para combatir la desnutrici\u00f3n. Adem\u00e1s, se destinar\u00e1n terrenos para la construcci\u00f3n de un hogar de paso y atenci\u00f3n nutricional, as\u00ed como un centro de acogida para madres gestantes.<\/p>\n<p style=\"text-align: justify;\">La visita busca dar respuesta a las demandas de la comunidad y promover el desarrollo de la regi\u00f3n. En este contexto, se pondr\u00e1 \u00e9nfasis en la implementaci\u00f3n de medidas para cumplir con la sentencia de la Corte Constitucional de 2017, que ordena proteger los derechos al agua, la alimentaci\u00f3n y la salud de la poblaci\u00f3n wayu\u00fa.<\/p>\n","protected":false},"excerpt":{"rendered":"<p>Gustavo Petro encabezar\u00e1 esta semana la jornada &#8220;Gobierno con el Pueblo&#8221; en el departamento de La Guajira, como parte del compromiso de atender las necesidades de esta regi\u00f3n. Durante seis d\u00edas, el presidente y todo su gabinete llevar\u00e1n a cabo encuentros con la comunidad en diferentes localidades, como Riohacha, Uribia, Nazareth, Albania, Manaure y Maicao. [&hellip;]<\/p>\n","protected":false},"author":1,"featured_media":66993,"comment_status":"open","ping_status":"open","sticky":false,"template":"","format":"standard","meta":{"footnotes":""},"categories":[94],"tags":[],"class_list":["post-66992","post","type-post","status-publish","format-standard","has-post-thumbnail","hentry","category-nacional-global-2"],"yoast_head":"<!-- This site is optimized with the Yoast SEO plugin v27.1.1 - https:\/\/yoast.com\/product\/yoast-seo-wordpress\/ -->\n<title>Presidente Gustavo Petro liderar\u00e1 jornada &#039;Gobierno con el Pueblo&#039; en La Guajira | P\u00e1gina10<\/title>\n<meta name=\"robots\" content=\"index, follow, max-snippet:-1, max-image-preview:large, max-video-preview:-1\" \/>\n<link rel=\"canonical\" href=\"https:\/\/pagina10.com\/web\/presidente-gustavo-petro-liderara-jornada-gobierno-con-el-pueblo-en-la-guajira\/\" \/>\n<meta property=\"og:locale\" content=\"es_ES\" \/>\n<meta property=\"og:type\" content=\"article\" \/>\n<meta property=\"og:title\" content=\"Presidente Gustavo Petro liderar\u00e1 jornada &#039;Gobierno con el Pueblo&#039; en La Guajira | P\u00e1gina10\" \/>\n<meta property=\"og:description\" content=\"Gustavo Petro encabezar\u00e1 esta semana la jornada &#8220;Gobierno con el Pueblo&#8221; en el departamento de La Guajira, como parte del compromiso de atender las necesidades de esta regi\u00f3n. Durante seis d\u00edas, el presidente y todo su gabinete llevar\u00e1n a cabo encuentros con la comunidad en diferentes localidades, como Riohacha, Uribia, Nazareth, Albania, Manaure y Maicao. [&hellip;]\" \/>\n<meta property=\"og:url\" content=\"https:\/\/pagina10.com\/web\/presidente-gustavo-petro-liderara-jornada-gobierno-con-el-pueblo-en-la-guajira\/\" \/>\n<meta property=\"og:site_name\" content=\"P\u00e1gina10\" \/>\n<meta property=\"article:publisher\" content=\"https:\/\/www.facebook.com\/pag10com\" \/>\n<meta property=\"article:published_time\" content=\"2023-06-26T16:31:12+00:00\" \/>\n<meta property=\"article:modified_time\" content=\"2023-06-26T16:32:02+00:00\" \/>\n<meta property=\"og:image\" content=\"https:\/\/pagina10.com\/web\/wp-content\/uploads\/2023\/06\/230623-Presidente-lidera-semana-proxima-jornada-Gobierno-La-Guajira-1280.jpg\" \/>\n\t<meta property=\"og:image:width\" content=\"1280\" \/>\n\t<meta property=\"og:image:height\" content=\"720\" \/>\n\t<meta property=\"og:image:type\" content=\"image\/jpeg\" \/>\n<meta name=\"author\" content=\"P\u00e1gina 10\" \/>\n<meta name=\"twitter:card\" content=\"summary_large_image\" \/>\n<meta name=\"twitter:creator\" content=\"@Pag10com\" \/>\n<meta name=\"twitter:site\" content=\"@Pag10com\" \/>\n<meta name=\"twitter:label1\" content=\"Escrito por\" \/>\n\t<meta name=\"twitter:data1\" content=\"P\u00e1gina 10\" \/>\n\t<meta name=\"twitter:label2\" content=\"Tiempo de lectura\" \/>\n\t<meta name=\"twitter:data2\" content=\"1 minuto\" \/>\n<script type=\"application\/ld+json\" class=\"yoast-schema-graph\">{\"@context\":\"https:\/\/schema.org\",\"@graph\":[{\"@type\":\"Article\",\"@id\":\"https:\/\/pagina10.com\/web\/presidente-gustavo-petro-liderara-jornada-gobierno-con-el-pueblo-en-la-guajira\/#article\",\"isPartOf\":{\"@id\":\"https:\/\/pagina10.com\/web\/presidente-gustavo-petro-liderara-jornada-gobierno-con-el-pueblo-en-la-guajira\/\"},\"author\":{\"name\":\"P\u00e1gina 10\",\"@id\":\"https:\/\/pagina10.com\/web\/#\/schema\/person\/2efc4a090d25b667d3bc796798a3a81b\"},\"headline\":\"Presidente Gustavo Petro liderar\u00e1 jornada &#8216;Gobierno con el Pueblo&#8217; en La Guajira\",\"datePublished\":\"2023-06-26T16:31:12+00:00\",\"dateModified\":\"2023-06-26T16:32:02+00:00\",\"mainEntityOfPage\":{\"@id\":\"https:\/\/pagina10.com\/web\/presidente-gustavo-petro-liderara-jornada-gobierno-con-el-pueblo-en-la-guajira\/\"},\"wordCount\":194,\"commentCount\":0,\"publisher\":{\"@id\":\"https:\/\/pagina10.com\/web\/#organization\"},\"image\":{\"@id\":\"https:\/\/pagina10.com\/web\/presidente-gustavo-petro-liderara-jornada-gobierno-con-el-pueblo-en-la-guajira\/#primaryimage\"},\"thumbnailUrl\":\"https:\/\/pagina10.com\/web\/wp-content\/uploads\/2023\/06\/230623-Presidente-lidera-semana-proxima-jornada-Gobierno-La-Guajira-1280.jpg\",\"articleSection\":[\"Nacional\"],\"inLanguage\":\"es\",\"potentialAction\":[{\"@type\":\"CommentAction\",\"name\":\"Comment\",\"target\":[\"https:\/\/pagina10.com\/web\/presidente-gustavo-petro-liderara-jornada-gobierno-con-el-pueblo-en-la-guajira\/#respond\"]}]},{\"@type\":\"WebPage\",\"@id\":\"https:\/\/pagina10.com\/web\/presidente-gustavo-petro-liderara-jornada-gobierno-con-el-pueblo-en-la-guajira\/\",\"url\":\"https:\/\/pagina10.com\/web\/presidente-gustavo-petro-liderara-jornada-gobierno-con-el-pueblo-en-la-guajira\/\",\"name\":\"Presidente Gustavo Petro liderar\u00e1 jornada 'Gobierno con el Pueblo' en La Guajira | P\u00e1gina10\",\"isPartOf\":{\"@id\":\"https:\/\/pagina10.com\/web\/#website\"},\"primaryImageOfPage\":{\"@id\":\"https:\/\/pagina10.com\/web\/presidente-gustavo-petro-liderara-jornada-gobierno-con-el-pueblo-en-la-guajira\/#primaryimage\"},\"image\":{\"@id\":\"https:\/\/pagina10.com\/web\/presidente-gustavo-petro-liderara-jornada-gobierno-con-el-pueblo-en-la-guajira\/#primaryimage\"},\"thumbnailUrl\":\"https:\/\/pagina10.com\/web\/wp-content\/uploads\/2023\/06\/230623-Presidente-lidera-semana-proxima-jornada-Gobierno-La-Guajira-1280.jpg\",\"datePublished\":\"2023-06-26T16:31:12+00:00\",\"dateModified\":\"2023-06-26T16:32:02+00:00\",\"breadcrumb\":{\"@id\":\"https:\/\/pagina10.com\/web\/presidente-gustavo-petro-liderara-jornada-gobierno-con-el-pueblo-en-la-guajira\/#breadcrumb\"},\"inLanguage\":\"es\",\"potentialAction\":[{\"@type\":\"ReadAction\",\"target\":[\"https:\/\/pagina10.com\/web\/presidente-gustavo-petro-liderara-jornada-gobierno-con-el-pueblo-en-la-guajira\/\"]}]},{\"@type\":\"ImageObject\",\"inLanguage\":\"es\",\"@id\":\"https:\/\/pagina10.com\/web\/presidente-gustavo-petro-liderara-jornada-gobierno-con-el-pueblo-en-la-guajira\/#primaryimage\",\"url\":\"https:\/\/pagina10.com\/web\/wp-content\/uploads\/2023\/06\/230623-Presidente-lidera-semana-proxima-jornada-Gobierno-La-Guajira-1280.jpg\",\"contentUrl\":\"https:\/\/pagina10.com\/web\/wp-content\/uploads\/2023\/06\/230623-Presidente-lidera-semana-proxima-jornada-Gobierno-La-Guajira-1280.jpg\",\"width\":1280,\"height\":720},{\"@type\":\"BreadcrumbList\",\"@id\":\"https:\/\/pagina10.com\/web\/presidente-gustavo-petro-liderara-jornada-gobierno-con-el-pueblo-en-la-guajira\/#breadcrumb\",\"itemListElement\":[{\"@type\":\"ListItem\",\"position\":1,\"name\":\"Portada\",\"item\":\"https:\/\/pagina10.com\/web\/\"},{\"@type\":\"ListItem\",\"position\":2,\"name\":\"Presidente Gustavo Petro liderar\u00e1 jornada &#8216;Gobierno con el Pueblo&#8217; en La Guajira\"}]},{\"@type\":\"WebSite\",\"@id\":\"https:\/\/pagina10.com\/web\/#website\",\"url\":\"https:\/\/pagina10.com\/web\/\",\"name\":\"P\u00e1gina10\",\"description\":\"Peri\u00f3dico Regional\",\"publisher\":{\"@id\":\"https:\/\/pagina10.com\/web\/#organization\"},\"alternateName\":\"P\u00e1gina10 Peri\u00f3dico Regional\",\"potentialAction\":[{\"@type\":\"SearchAction\",\"target\":{\"@type\":\"EntryPoint\",\"urlTemplate\":\"https:\/\/pagina10.com\/web\/?s={search_term_string}\"},\"query-input\":{\"@type\":\"PropertyValueSpecification\",\"valueRequired\":true,\"valueName\":\"search_term_string\"}}],\"inLanguage\":\"es\"},{\"@type\":\"Organization\",\"@id\":\"https:\/\/pagina10.com\/web\/#organization\",\"name\":\"P\u00e1gina10\",\"alternateName\":\"P\u00e1gina10 Peri\u00f3dico Regional\",\"url\":\"https:\/\/pagina10.com\/web\/\",\"logo\":{\"@type\":\"ImageObject\",\"inLanguage\":\"es\",\"@id\":\"https:\/\/pagina10.com\/web\/#\/schema\/logo\/image\/\",\"url\":\"https:\/\/pagina10.com\/web\/wp-content\/uploads\/2024\/01\/40-pagina-10-periodico-regional-pasto.jpg\",\"contentUrl\":\"https:\/\/pagina10.com\/web\/wp-content\/uploads\/2024\/01\/40-pagina-10-periodico-regional-pasto.jpg\",\"width\":1280,\"height\":720,\"caption\":\"P\u00e1gina10\"},\"image\":{\"@id\":\"https:\/\/pagina10.com\/web\/#\/schema\/logo\/image\/\"},\"sameAs\":[\"https:\/\/www.facebook.com\/pag10com\",\"https:\/\/x.com\/Pag10com\",\"https:\/\/www.instagram.com\/pagina10col\/\",\"https:\/\/youtube.com\/channel\/pag10\",\"https:\/\/www.tiktok.com\/@p10col\"]},{\"@type\":\"Person\",\"@id\":\"https:\/\/pagina10.com\/web\/#\/schema\/person\/2efc4a090d25b667d3bc796798a3a81b\",\"name\":\"P\u00e1gina 10\",\"description\":\"P\u00e1gina 10 es un peri\u00f3dico regional que nace en Colombia, en el departamento de Nari\u00f1o, con un enfoque global, fundamentado en cuatro pilares esenciales: la libertad, el pluralismo, la inclusi\u00f3n y la independencia. P\u00e1gina 10 hace referencia a Nari\u00f1o como el d\u00e9cimo departamento creado en Colombia, despu\u00e9s de un proceso pol\u00edtico liderado por actores y actrices regionales con el fin de obtener la independencia y autonom\u00eda de nuestros territorios. Con la creaci\u00f3n de P\u00e1gina 10 se pretende abrir un escenario para el dialogo, la reflexi\u00f3n y el debate que se extienda a otras geograf\u00edas de Am\u00e9rica Latina y del planeta, en una apuesta por transformar colectivamente los desaf\u00edos de un mundo contempor\u00e1neo, m\u00e1s all\u00e1 de las fronteras impuestas.\",\"url\":\"https:\/\/pagina10.com\/web\/author\/pdiezadmin\/\"}]}<\/script>\n<!-- \/ Yoast SEO plugin. -->","yoast_head_json":{"title":"Presidente Gustavo Petro liderar\u00e1 jornada 'Gobierno con el Pueblo' en La Guajira | P\u00e1gina10","robots":{"index":"index","follow":"follow","max-snippet":"max-snippet:-1","max-image-preview":"max-image-preview:large","max-video-preview":"max-video-preview:-1"},"canonical":"https:\/\/pagina10.com\/web\/presidente-gustavo-petro-liderara-jornada-gobierno-con-el-pueblo-en-la-guajira\/","og_locale":"es_ES","og_type":"article","og_title":"Presidente Gustavo Petro liderar\u00e1 jornada 'Gobierno con el Pueblo' en La Guajira | P\u00e1gina10","og_description":"Gustavo Petro encabezar\u00e1 esta semana la jornada &#8220;Gobierno con el Pueblo&#8221; en el departamento de La Guajira, como parte del compromiso de atender las necesidades de esta regi\u00f3n. Durante seis d\u00edas, el presidente y todo su gabinete llevar\u00e1n a cabo encuentros con la comunidad en diferentes localidades, como Riohacha, Uribia, Nazareth, Albania, Manaure y Maicao. [&hellip;]","og_url":"https:\/\/pagina10.com\/web\/presidente-gustavo-petro-liderara-jornada-gobierno-con-el-pueblo-en-la-guajira\/","og_site_name":"P\u00e1gina10","article_publisher":"https:\/\/www.facebook.com\/pag10com","article_published_time":"2023-06-26T16:31:12+00:00","article_modified_time":"2023-06-26T16:32:02+00:00","og_image":[{"width":1280,"height":720,"url":"https:\/\/pagina10.com\/web\/wp-content\/uploads\/2023\/06\/230623-Presidente-lidera-semana-proxima-jornada-Gobierno-La-Guajira-1280.jpg","type":"image\/jpeg"}],"author":"P\u00e1gina 10","twitter_card":"summary_large_image","twitter_creator":"@Pag10com","twitter_site":"@Pag10com","twitter_misc":{"Escrito por":"P\u00e1gina 10","Tiempo de lectura":"1 minuto"},"schema":{"@context":"https:\/\/schema.org","@graph":[{"@type":"Article","@id":"https:\/\/pagina10.com\/web\/presidente-gustavo-petro-liderara-jornada-gobierno-con-el-pueblo-en-la-guajira\/#article","isPartOf":{"@id":"https:\/\/pagina10.com\/web\/presidente-gustavo-petro-liderara-jornada-gobierno-con-el-pueblo-en-la-guajira\/"},"author":{"name":"P\u00e1gina 10","@id":"https:\/\/pagina10.com\/web\/#\/schema\/person\/2efc4a090d25b667d3bc796798a3a81b"},"headline":"Presidente Gustavo Petro liderar\u00e1 jornada &#8216;Gobierno con el Pueblo&#8217; en La Guajira","datePublished":"2023-06-26T16:31:12+00:00","dateModified":"2023-06-26T16:32:02+00:00","mainEntityOfPage":{"@id":"https:\/\/pagina10.com\/web\/presidente-gustavo-petro-liderara-jornada-gobierno-con-el-pueblo-en-la-guajira\/"},"wordCount":194,"commentCount":0,"publisher":{"@id":"https:\/\/pagina10.com\/web\/#organization"},"image":{"@id":"https:\/\/pagina10.com\/web\/presidente-gustavo-petro-liderara-jornada-gobierno-con-el-pueblo-en-la-guajira\/#primaryimage"},"thumbnailUrl":"https:\/\/pagina10.com\/web\/wp-content\/uploads\/2023\/06\/230623-Presidente-lidera-semana-proxima-jornada-Gobierno-La-Guajira-1280.jpg","articleSection":["Nacional"],"inLanguage":"es","potentialAction":[{"@type":"CommentAction","name":"Comment","target":["https:\/\/pagina10.com\/web\/presidente-gustavo-petro-liderara-jornada-gobierno-con-el-pueblo-en-la-guajira\/#respond"]}]},{"@type":"WebPage","@id":"https:\/\/pagina10.com\/web\/presidente-gustavo-petro-liderara-jornada-gobierno-con-el-pueblo-en-la-guajira\/","url":"https:\/\/pagina10.com\/web\/presidente-gustavo-petro-liderara-jornada-gobierno-con-el-pueblo-en-la-guajira\/","name":"Presidente Gustavo Petro liderar\u00e1 jornada 'Gobierno con el Pueblo' en La Guajira | P\u00e1gina10","isPartOf":{"@id":"https:\/\/pagina10.com\/web\/#website"},"primaryImageOfPage":{"@id":"https:\/\/pagina10.com\/web\/presidente-gustavo-petro-liderara-jornada-gobierno-con-el-pueblo-en-la-guajira\/#primaryimage"},"image":{"@id":"https:\/\/pagina10.com\/web\/presidente-gustavo-petro-liderara-jornada-gobierno-con-el-pueblo-en-la-guajira\/#primaryimage"},"thumbnailUrl":"https:\/\/pagina10.com\/web\/wp-content\/uploads\/2023\/06\/230623-Presidente-lidera-semana-proxima-jornada-Gobierno-La-Guajira-1280.jpg","datePublished":"2023-06-26T16:31:12+00:00","dateModified":"2023-06-26T16:32:02+00:00","breadcrumb":{"@id":"https:\/\/pagina10.com\/web\/presidente-gustavo-petro-liderara-jornada-gobierno-con-el-pueblo-en-la-guajira\/#breadcrumb"},"inLanguage":"es","potentialAction":[{"@type":"ReadAction","target":["https:\/\/pagina10.com\/web\/presidente-gustavo-petro-liderara-jornada-gobierno-con-el-pueblo-en-la-guajira\/"]}]},{"@type":"ImageObject","inLanguage":"es","@id":"https:\/\/pagina10.com\/web\/presidente-gustavo-petro-liderara-jornada-gobierno-con-el-pueblo-en-la-guajira\/#primaryimage","url":"https:\/\/pagina10.com\/web\/wp-content\/uploads\/2023\/06\/230623-Presidente-lidera-semana-proxima-jornada-Gobierno-La-Guajira-1280.jpg","contentUrl":"https:\/\/pagina10.com\/web\/wp-content\/uploads\/2023\/06\/230623-Presidente-lidera-semana-proxima-jornada-Gobierno-La-Guajira-1280.jpg","width":1280,"height":720},{"@type":"BreadcrumbList","@id":"https:\/\/pagina10.com\/web\/presidente-gustavo-petro-liderara-jornada-gobierno-con-el-pueblo-en-la-guajira\/#breadcrumb","itemListElement":[{"@type":"ListItem","position":1,"name":"Portada","item":"https:\/\/pagina10.com\/web\/"},{"@type":"ListItem","position":2,"name":"Presidente Gustavo Petro liderar\u00e1 jornada &#8216;Gobierno con el Pueblo&#8217; en La Guajira"}]},{"@type":"WebSite","@id":"https:\/\/pagina10.com\/web\/#website","url":"https:\/\/pagina10.com\/web\/","name":"P\u00e1gina10","description":"Peri\u00f3dico Regional","publisher":{"@id":"https:\/\/pagina10.com\/web\/#organization"},"alternateName":"P\u00e1gina10 Peri\u00f3dico Regional","potentialAction":[{"@type":"SearchAction","target":{"@type":"EntryPoint","urlTemplate":"https:\/\/pagina10.com\/web\/?s={search_term_string}"},"query-input":{"@type":"PropertyValueSpecification","valueRequired":true,"valueName":"search_term_string"}}],"inLanguage":"es"},{"@type":"Organization","@id":"https:\/\/pagina10.com\/web\/#organization","name":"P\u00e1gina10","alternateName":"P\u00e1gina10 Peri\u00f3dico Regional","url":"https:\/\/pagina10.com\/web\/","logo":{"@type":"ImageObject","inLanguage":"es","@id":"https:\/\/pagina10.com\/web\/#\/schema\/logo\/image\/","url":"https:\/\/pagina10.com\/web\/wp-content\/uploads\/2024\/01\/40-pagina-10-periodico-regional-pasto.jpg","contentUrl":"https:\/\/pagina10.com\/web\/wp-content\/uploads\/2024\/01\/40-pagina-10-periodico-regional-pasto.jpg","width":1280,"height":720,"caption":"P\u00e1gina10"},"image":{"@id":"https:\/\/pagina10.com\/web\/#\/schema\/logo\/image\/"},"sameAs":["https:\/\/www.facebook.com\/pag10com","https:\/\/x.com\/Pag10com","https:\/\/www.instagram.com\/pagina10col\/","https:\/\/youtube.com\/channel\/pag10","https:\/\/www.tiktok.com\/@p10col"]},{"@type":"Person","@id":"https:\/\/pagina10.com\/web\/#\/schema\/person\/2efc4a090d25b667d3bc796798a3a81b","name":"P\u00e1gina 10","description":"P\u00e1gina 10 es un peri\u00f3dico regional que nace en Colombia, en el departamento de Nari\u00f1o, con un enfoque global, fundamentado en cuatro pilares esenciales: la libertad, el pluralismo, la inclusi\u00f3n y la independencia. P\u00e1gina 10 hace referencia a Nari\u00f1o como el d\u00e9cimo departamento creado en Colombia, despu\u00e9s de un proceso pol\u00edtico liderado por actores y actrices regionales con el fin de obtener la independencia y autonom\u00eda de nuestros territorios. Con la creaci\u00f3n de P\u00e1gina 10 se pretende abrir un escenario para el dialogo, la reflexi\u00f3n y el debate que se extienda a otras geograf\u00edas de Am\u00e9rica Latina y del planeta, en una apuesta por transformar colectivamente los desaf\u00edos de un mundo contempor\u00e1neo, m\u00e1s all\u00e1 de las fronteras impuestas.","url":"https:\/\/pagina10.com\/web\/author\/pdiezadmin\/"}]}},"_links":{"self":[{"href":"https:\/\/pagina10.com\/web\/wp-json\/wp\/v2\/posts\/66992","targetHints":{"allow":["GET"]}}],"collection":[{"href":"https:\/\/pagina10.com\/web\/wp-json\/wp\/v2\/posts"}],"about":[{"href":"https:\/\/pagina10.com\/web\/wp-json\/wp\/v2\/types\/post"}],"author":[{"embeddable":true,"href":"https:\/\/pagina10.com\/web\/wp-json\/wp\/v2\/users\/1"}],"replies":[{"embeddable":true,"href":"https:\/\/pagina10.com\/web\/wp-json\/wp\/v2\/comments?post=66992"}],"version-history":[{"count":2,"href":"https:\/\/pagina10.com\/web\/wp-json\/wp\/v2\/posts\/66992\/revisions"}],"predecessor-version":[{"id":66995,"href":"https:\/\/pagina10.com\/web\/wp-json\/wp\/v2\/posts\/66992\/revisions\/66995"}],"wp:featuredmedia":[{"embeddable":true,"href":"https:\/\/pagina10.com\/web\/wp-json\/wp\/v2\/media\/66993"}],"wp:attachment":[{"href":"https:\/\/pagina10.com\/web\/wp-json\/wp\/v2\/media?parent=66992"}],"wp:term":[{"taxonomy":"category","embeddable":true,"href":"https:\/\/pagina10.com\/web\/wp-json\/wp\/v2\/categories?post=66992"},{"taxonomy":"post_tag","embeddable":true,"href":"https:\/\/pagina10.com\/web\/wp-json\/wp\/v2\/tags?post=66992"}],"curies":[{"name":"wp","href":"https:\/\/api.w.org\/{rel}","templated":true}]}}