{"id":66996,"date":"2023-06-26T13:21:34","date_gmt":"2023-06-26T18:21:34","guid":{"rendered":"https:\/\/pagina10.com\/web\/?p=66996"},"modified":"2023-06-26T13:22:20","modified_gmt":"2023-06-26T18:22:20","slug":"narino-entre-los-departamentos-con-mas-situaciones-de-confinamiento-forzado-en-el-pais","status":"publish","type":"post","link":"https:\/\/pagina10.com\/web\/narino-entre-los-departamentos-con-mas-situaciones-de-confinamiento-forzado-en-el-pais\/","title":{"rendered":"Nari\u00f1o entre los departamentos con m\u00e1s situaciones de confinamiento forzado en el pa\u00eds"},"content":{"rendered":"<p style=\"text-align: justify;\">Seg\u00fan la Defensor\u00eda del Pueblo, m\u00e1s de 5.000 familias han sido confinadas en el pa\u00eds este a\u00f1o. La mayor\u00eda de los casos se concentran en el departamento de Choc\u00f3.<\/p>\n<p style=\"text-align: justify;\">\u201cLas comunidades se ven obligadas a permanecer pr\u00e1cticamente secuestradas en sus territorios, al quedar en medio de los enfrentamientos de grupos armados ilegales, que son los causantes de los riesgos, las amenazas y se\u00f1alamientos\u201d, asegur\u00f3 el defensor del Pueblo, Carlos Camargo.<\/p>\n<p style=\"text-align: justify;\">La Defensor\u00eda revel\u00f3 en su informe \u201cEl Estado de la Movilidad Humana Forzada\u201d que, durante el per\u00edodo de enero a junio, se registraron 103 comunidades en confinamiento, 5.825 familias confinadas en el pa\u00eds, se produjeron 59 desplazamientos masivos, afectando a m\u00e1s de 18.000 personas. Los enfrentamientos entre grupos armados ilegales son la principal causa de esta situaci\u00f3n, generando riesgos, amenazas y se\u00f1alamientos hacia las comunidades.<\/p>\n<p style=\"text-align: justify;\">El departamento de Choc\u00f3 ha sido uno de los mayores afectados: registr\u00f3 70 eventos de los 89 que se cuentan en todo el pa\u00eds, le siguen <strong>Arauca, Cauca, Valle del Cauca y Nari\u00f1o<\/strong>.<\/p>\n<p style=\"text-align: justify;\">La Defensor\u00eda insta a las autoridades a tomar medidas efectivas para proteger a las comunidades y evitar que los grupos violentos sigan ganando terreno, destacando la necesidad de una respuesta oportuna y eficaz por parte del Estado.<\/p>\n","protected":false},"excerpt":{"rendered":"<p>Seg\u00fan la Defensor\u00eda del Pueblo, m\u00e1s de 5.000 familias han sido confinadas en el pa\u00eds este a\u00f1o. La mayor\u00eda de los casos se concentran en el departamento de Choc\u00f3. \u201cLas comunidades se ven obligadas a permanecer pr\u00e1cticamente secuestradas en sus territorios, al quedar en medio de los enfrentamientos de grupos armados ilegales, que son los [&hellip;]<\/p>\n","protected":false},"author":1,"featured_media":66998,"comment_status":"open","ping_status":"open","sticky":false,"template":"","format":"standard","meta":{"footnotes":""},"categories":[94],"tags":[],"class_list":["post-66996","post","type-post","status-publish","format-standard","has-post-thumbnail","hentry","category-nacional-global-2"],"yoast_head":"<!-- This site is optimized with the Yoast SEO plugin v27.1.1 - https:\/\/yoast.com\/product\/yoast-seo-wordpress\/ -->\n<title>Nari\u00f1o entre los departamentos con m\u00e1s situaciones de confinamiento forzado en el pa\u00eds | P\u00e1gina10<\/title>\n<meta name=\"robots\" content=\"index, follow, max-snippet:-1, max-image-preview:large, max-video-preview:-1\" \/>\n<link rel=\"canonical\" href=\"https:\/\/pagina10.com\/web\/narino-entre-los-departamentos-con-mas-situaciones-de-confinamiento-forzado-en-el-pais\/\" \/>\n<meta property=\"og:locale\" content=\"es_ES\" \/>\n<meta property=\"og:type\" content=\"article\" \/>\n<meta property=\"og:title\" content=\"Nari\u00f1o entre los departamentos con m\u00e1s situaciones de confinamiento forzado en el pa\u00eds | P\u00e1gina10\" \/>\n<meta property=\"og:description\" content=\"Seg\u00fan la Defensor\u00eda del Pueblo, m\u00e1s de 5.000 familias han sido confinadas en el pa\u00eds este a\u00f1o. La mayor\u00eda de los casos se concentran en el departamento de Choc\u00f3. \u201cLas comunidades se ven obligadas a permanecer pr\u00e1cticamente secuestradas en sus territorios, al quedar en medio de los enfrentamientos de grupos armados ilegales, que son los [&hellip;]\" \/>\n<meta property=\"og:url\" content=\"https:\/\/pagina10.com\/web\/narino-entre-los-departamentos-con-mas-situaciones-de-confinamiento-forzado-en-el-pais\/\" \/>\n<meta property=\"og:site_name\" content=\"P\u00e1gina10\" \/>\n<meta property=\"article:publisher\" content=\"https:\/\/www.facebook.com\/pag10com\" \/>\n<meta property=\"article:published_time\" content=\"2023-06-26T18:21:34+00:00\" \/>\n<meta property=\"article:modified_time\" content=\"2023-06-26T18:22:20+00:00\" \/>\n<meta property=\"og:image\" content=\"https:\/\/pagina10.com\/web\/wp-content\/uploads\/2023\/06\/Desplazados-1132x670-1.jpeg\" \/>\n\t<meta property=\"og:image:width\" content=\"1132\" \/>\n\t<meta property=\"og:image:height\" content=\"670\" \/>\n\t<meta property=\"og:image:type\" content=\"image\/jpeg\" \/>\n<meta name=\"author\" content=\"P\u00e1gina 10\" \/>\n<meta name=\"twitter:card\" content=\"summary_large_image\" \/>\n<meta name=\"twitter:creator\" content=\"@Pag10com\" \/>\n<meta name=\"twitter:site\" content=\"@Pag10com\" \/>\n<meta name=\"twitter:label1\" content=\"Escrito por\" \/>\n\t<meta name=\"twitter:data1\" content=\"P\u00e1gina 10\" \/>\n\t<meta name=\"twitter:label2\" content=\"Tiempo de lectura\" \/>\n\t<meta name=\"twitter:data2\" content=\"1 minuto\" \/>\n<script type=\"application\/ld+json\" class=\"yoast-schema-graph\">{\"@context\":\"https:\/\/schema.org\",\"@graph\":[{\"@type\":\"Article\",\"@id\":\"https:\/\/pagina10.com\/web\/narino-entre-los-departamentos-con-mas-situaciones-de-confinamiento-forzado-en-el-pais\/#article\",\"isPartOf\":{\"@id\":\"https:\/\/pagina10.com\/web\/narino-entre-los-departamentos-con-mas-situaciones-de-confinamiento-forzado-en-el-pais\/\"},\"author\":{\"name\":\"P\u00e1gina 10\",\"@id\":\"https:\/\/pagina10.com\/web\/#\/schema\/person\/2efc4a090d25b667d3bc796798a3a81b\"},\"headline\":\"Nari\u00f1o entre los departamentos con m\u00e1s situaciones de confinamiento forzado en el pa\u00eds\",\"datePublished\":\"2023-06-26T18:21:34+00:00\",\"dateModified\":\"2023-06-26T18:22:20+00:00\",\"mainEntityOfPage\":{\"@id\":\"https:\/\/pagina10.com\/web\/narino-entre-los-departamentos-con-mas-situaciones-de-confinamiento-forzado-en-el-pais\/\"},\"wordCount\":231,\"commentCount\":0,\"publisher\":{\"@id\":\"https:\/\/pagina10.com\/web\/#organization\"},\"image\":{\"@id\":\"https:\/\/pagina10.com\/web\/narino-entre-los-departamentos-con-mas-situaciones-de-confinamiento-forzado-en-el-pais\/#primaryimage\"},\"thumbnailUrl\":\"https:\/\/pagina10.com\/web\/wp-content\/uploads\/2023\/06\/Desplazados-1132x670-1.jpeg\",\"articleSection\":[\"Nacional\"],\"inLanguage\":\"es\",\"potentialAction\":[{\"@type\":\"CommentAction\",\"name\":\"Comment\",\"target\":[\"https:\/\/pagina10.com\/web\/narino-entre-los-departamentos-con-mas-situaciones-de-confinamiento-forzado-en-el-pais\/#respond\"]}]},{\"@type\":\"WebPage\",\"@id\":\"https:\/\/pagina10.com\/web\/narino-entre-los-departamentos-con-mas-situaciones-de-confinamiento-forzado-en-el-pais\/\",\"url\":\"https:\/\/pagina10.com\/web\/narino-entre-los-departamentos-con-mas-situaciones-de-confinamiento-forzado-en-el-pais\/\",\"name\":\"Nari\u00f1o entre los departamentos con m\u00e1s situaciones de confinamiento forzado en el pa\u00eds | P\u00e1gina10\",\"isPartOf\":{\"@id\":\"https:\/\/pagina10.com\/web\/#website\"},\"primaryImageOfPage\":{\"@id\":\"https:\/\/pagina10.com\/web\/narino-entre-los-departamentos-con-mas-situaciones-de-confinamiento-forzado-en-el-pais\/#primaryimage\"},\"image\":{\"@id\":\"https:\/\/pagina10.com\/web\/narino-entre-los-departamentos-con-mas-situaciones-de-confinamiento-forzado-en-el-pais\/#primaryimage\"},\"thumbnailUrl\":\"https:\/\/pagina10.com\/web\/wp-content\/uploads\/2023\/06\/Desplazados-1132x670-1.jpeg\",\"datePublished\":\"2023-06-26T18:21:34+00:00\",\"dateModified\":\"2023-06-26T18:22:20+00:00\",\"breadcrumb\":{\"@id\":\"https:\/\/pagina10.com\/web\/narino-entre-los-departamentos-con-mas-situaciones-de-confinamiento-forzado-en-el-pais\/#breadcrumb\"},\"inLanguage\":\"es\",\"potentialAction\":[{\"@type\":\"ReadAction\",\"target\":[\"https:\/\/pagina10.com\/web\/narino-entre-los-departamentos-con-mas-situaciones-de-confinamiento-forzado-en-el-pais\/\"]}]},{\"@type\":\"ImageObject\",\"inLanguage\":\"es\",\"@id\":\"https:\/\/pagina10.com\/web\/narino-entre-los-departamentos-con-mas-situaciones-de-confinamiento-forzado-en-el-pais\/#primaryimage\",\"url\":\"https:\/\/pagina10.com\/web\/wp-content\/uploads\/2023\/06\/Desplazados-1132x670-1.jpeg\",\"contentUrl\":\"https:\/\/pagina10.com\/web\/wp-content\/uploads\/2023\/06\/Desplazados-1132x670-1.jpeg\",\"width\":1132,\"height\":670},{\"@type\":\"BreadcrumbList\",\"@id\":\"https:\/\/pagina10.com\/web\/narino-entre-los-departamentos-con-mas-situaciones-de-confinamiento-forzado-en-el-pais\/#breadcrumb\",\"itemListElement\":[{\"@type\":\"ListItem\",\"position\":1,\"name\":\"Portada\",\"item\":\"https:\/\/pagina10.com\/web\/\"},{\"@type\":\"ListItem\",\"position\":2,\"name\":\"Nari\u00f1o entre los departamentos con m\u00e1s situaciones de confinamiento forzado en el pa\u00eds\"}]},{\"@type\":\"WebSite\",\"@id\":\"https:\/\/pagina10.com\/web\/#website\",\"url\":\"https:\/\/pagina10.com\/web\/\",\"name\":\"P\u00e1gina10\",\"description\":\"Peri\u00f3dico Regional\",\"publisher\":{\"@id\":\"https:\/\/pagina10.com\/web\/#organization\"},\"alternateName\":\"P\u00e1gina10 Peri\u00f3dico Regional\",\"potentialAction\":[{\"@type\":\"SearchAction\",\"target\":{\"@type\":\"EntryPoint\",\"urlTemplate\":\"https:\/\/pagina10.com\/web\/?s={search_term_string}\"},\"query-input\":{\"@type\":\"PropertyValueSpecification\",\"valueRequired\":true,\"valueName\":\"search_term_string\"}}],\"inLanguage\":\"es\"},{\"@type\":\"Organization\",\"@id\":\"https:\/\/pagina10.com\/web\/#organization\",\"name\":\"P\u00e1gina10\",\"alternateName\":\"P\u00e1gina10 Peri\u00f3dico Regional\",\"url\":\"https:\/\/pagina10.com\/web\/\",\"logo\":{\"@type\":\"ImageObject\",\"inLanguage\":\"es\",\"@id\":\"https:\/\/pagina10.com\/web\/#\/schema\/logo\/image\/\",\"url\":\"https:\/\/pagina10.com\/web\/wp-content\/uploads\/2024\/01\/40-pagina-10-periodico-regional-pasto.jpg\",\"contentUrl\":\"https:\/\/pagina10.com\/web\/wp-content\/uploads\/2024\/01\/40-pagina-10-periodico-regional-pasto.jpg\",\"width\":1280,\"height\":720,\"caption\":\"P\u00e1gina10\"},\"image\":{\"@id\":\"https:\/\/pagina10.com\/web\/#\/schema\/logo\/image\/\"},\"sameAs\":[\"https:\/\/www.facebook.com\/pag10com\",\"https:\/\/x.com\/Pag10com\",\"https:\/\/www.instagram.com\/pagina10col\/\",\"https:\/\/youtube.com\/channel\/pag10\",\"https:\/\/www.tiktok.com\/@p10col\"]},{\"@type\":\"Person\",\"@id\":\"https:\/\/pagina10.com\/web\/#\/schema\/person\/2efc4a090d25b667d3bc796798a3a81b\",\"name\":\"P\u00e1gina 10\",\"description\":\"P\u00e1gina 10 es un peri\u00f3dico regional que nace en Colombia, en el departamento de Nari\u00f1o, con un enfoque global, fundamentado en cuatro pilares esenciales: la libertad, el pluralismo, la inclusi\u00f3n y la independencia. P\u00e1gina 10 hace referencia a Nari\u00f1o como el d\u00e9cimo departamento creado en Colombia, despu\u00e9s de un proceso pol\u00edtico liderado por actores y actrices regionales con el fin de obtener la independencia y autonom\u00eda de nuestros territorios. Con la creaci\u00f3n de P\u00e1gina 10 se pretende abrir un escenario para el dialogo, la reflexi\u00f3n y el debate que se extienda a otras geograf\u00edas de Am\u00e9rica Latina y del planeta, en una apuesta por transformar colectivamente los desaf\u00edos de un mundo contempor\u00e1neo, m\u00e1s all\u00e1 de las fronteras impuestas.\",\"url\":\"https:\/\/pagina10.com\/web\/author\/pdiezadmin\/\"}]}<\/script>\n<!-- \/ Yoast SEO plugin. -->","yoast_head_json":{"title":"Nari\u00f1o entre los departamentos con m\u00e1s situaciones de confinamiento forzado en el pa\u00eds | P\u00e1gina10","robots":{"index":"index","follow":"follow","max-snippet":"max-snippet:-1","max-image-preview":"max-image-preview:large","max-video-preview":"max-video-preview:-1"},"canonical":"https:\/\/pagina10.com\/web\/narino-entre-los-departamentos-con-mas-situaciones-de-confinamiento-forzado-en-el-pais\/","og_locale":"es_ES","og_type":"article","og_title":"Nari\u00f1o entre los departamentos con m\u00e1s situaciones de confinamiento forzado en el pa\u00eds | P\u00e1gina10","og_description":"Seg\u00fan la Defensor\u00eda del Pueblo, m\u00e1s de 5.000 familias han sido confinadas en el pa\u00eds este a\u00f1o. La mayor\u00eda de los casos se concentran en el departamento de Choc\u00f3. \u201cLas comunidades se ven obligadas a permanecer pr\u00e1cticamente secuestradas en sus territorios, al quedar en medio de los enfrentamientos de grupos armados ilegales, que son los [&hellip;]","og_url":"https:\/\/pagina10.com\/web\/narino-entre-los-departamentos-con-mas-situaciones-de-confinamiento-forzado-en-el-pais\/","og_site_name":"P\u00e1gina10","article_publisher":"https:\/\/www.facebook.com\/pag10com","article_published_time":"2023-06-26T18:21:34+00:00","article_modified_time":"2023-06-26T18:22:20+00:00","og_image":[{"width":1132,"height":670,"url":"https:\/\/pagina10.com\/web\/wp-content\/uploads\/2023\/06\/Desplazados-1132x670-1.jpeg","type":"image\/jpeg"}],"author":"P\u00e1gina 10","twitter_card":"summary_large_image","twitter_creator":"@Pag10com","twitter_site":"@Pag10com","twitter_misc":{"Escrito por":"P\u00e1gina 10","Tiempo de lectura":"1 minuto"},"schema":{"@context":"https:\/\/schema.org","@graph":[{"@type":"Article","@id":"https:\/\/pagina10.com\/web\/narino-entre-los-departamentos-con-mas-situaciones-de-confinamiento-forzado-en-el-pais\/#article","isPartOf":{"@id":"https:\/\/pagina10.com\/web\/narino-entre-los-departamentos-con-mas-situaciones-de-confinamiento-forzado-en-el-pais\/"},"author":{"name":"P\u00e1gina 10","@id":"https:\/\/pagina10.com\/web\/#\/schema\/person\/2efc4a090d25b667d3bc796798a3a81b"},"headline":"Nari\u00f1o entre los departamentos con m\u00e1s situaciones de confinamiento forzado en el pa\u00eds","datePublished":"2023-06-26T18:21:34+00:00","dateModified":"2023-06-26T18:22:20+00:00","mainEntityOfPage":{"@id":"https:\/\/pagina10.com\/web\/narino-entre-los-departamentos-con-mas-situaciones-de-confinamiento-forzado-en-el-pais\/"},"wordCount":231,"commentCount":0,"publisher":{"@id":"https:\/\/pagina10.com\/web\/#organization"},"image":{"@id":"https:\/\/pagina10.com\/web\/narino-entre-los-departamentos-con-mas-situaciones-de-confinamiento-forzado-en-el-pais\/#primaryimage"},"thumbnailUrl":"https:\/\/pagina10.com\/web\/wp-content\/uploads\/2023\/06\/Desplazados-1132x670-1.jpeg","articleSection":["Nacional"],"inLanguage":"es","potentialAction":[{"@type":"CommentAction","name":"Comment","target":["https:\/\/pagina10.com\/web\/narino-entre-los-departamentos-con-mas-situaciones-de-confinamiento-forzado-en-el-pais\/#respond"]}]},{"@type":"WebPage","@id":"https:\/\/pagina10.com\/web\/narino-entre-los-departamentos-con-mas-situaciones-de-confinamiento-forzado-en-el-pais\/","url":"https:\/\/pagina10.com\/web\/narino-entre-los-departamentos-con-mas-situaciones-de-confinamiento-forzado-en-el-pais\/","name":"Nari\u00f1o entre los departamentos con m\u00e1s situaciones de confinamiento forzado en el pa\u00eds | P\u00e1gina10","isPartOf":{"@id":"https:\/\/pagina10.com\/web\/#website"},"primaryImageOfPage":{"@id":"https:\/\/pagina10.com\/web\/narino-entre-los-departamentos-con-mas-situaciones-de-confinamiento-forzado-en-el-pais\/#primaryimage"},"image":{"@id":"https:\/\/pagina10.com\/web\/narino-entre-los-departamentos-con-mas-situaciones-de-confinamiento-forzado-en-el-pais\/#primaryimage"},"thumbnailUrl":"https:\/\/pagina10.com\/web\/wp-content\/uploads\/2023\/06\/Desplazados-1132x670-1.jpeg","datePublished":"2023-06-26T18:21:34+00:00","dateModified":"2023-06-26T18:22:20+00:00","breadcrumb":{"@id":"https:\/\/pagina10.com\/web\/narino-entre-los-departamentos-con-mas-situaciones-de-confinamiento-forzado-en-el-pais\/#breadcrumb"},"inLanguage":"es","potentialAction":[{"@type":"ReadAction","target":["https:\/\/pagina10.com\/web\/narino-entre-los-departamentos-con-mas-situaciones-de-confinamiento-forzado-en-el-pais\/"]}]},{"@type":"ImageObject","inLanguage":"es","@id":"https:\/\/pagina10.com\/web\/narino-entre-los-departamentos-con-mas-situaciones-de-confinamiento-forzado-en-el-pais\/#primaryimage","url":"https:\/\/pagina10.com\/web\/wp-content\/uploads\/2023\/06\/Desplazados-1132x670-1.jpeg","contentUrl":"https:\/\/pagina10.com\/web\/wp-content\/uploads\/2023\/06\/Desplazados-1132x670-1.jpeg","width":1132,"height":670},{"@type":"BreadcrumbList","@id":"https:\/\/pagina10.com\/web\/narino-entre-los-departamentos-con-mas-situaciones-de-confinamiento-forzado-en-el-pais\/#breadcrumb","itemListElement":[{"@type":"ListItem","position":1,"name":"Portada","item":"https:\/\/pagina10.com\/web\/"},{"@type":"ListItem","position":2,"name":"Nari\u00f1o entre los departamentos con m\u00e1s situaciones de confinamiento forzado en el pa\u00eds"}]},{"@type":"WebSite","@id":"https:\/\/pagina10.com\/web\/#website","url":"https:\/\/pagina10.com\/web\/","name":"P\u00e1gina10","description":"Peri\u00f3dico Regional","publisher":{"@id":"https:\/\/pagina10.com\/web\/#organization"},"alternateName":"P\u00e1gina10 Peri\u00f3dico Regional","potentialAction":[{"@type":"SearchAction","target":{"@type":"EntryPoint","urlTemplate":"https:\/\/pagina10.com\/web\/?s={search_term_string}"},"query-input":{"@type":"PropertyValueSpecification","valueRequired":true,"valueName":"search_term_string"}}],"inLanguage":"es"},{"@type":"Organization","@id":"https:\/\/pagina10.com\/web\/#organization","name":"P\u00e1gina10","alternateName":"P\u00e1gina10 Peri\u00f3dico Regional","url":"https:\/\/pagina10.com\/web\/","logo":{"@type":"ImageObject","inLanguage":"es","@id":"https:\/\/pagina10.com\/web\/#\/schema\/logo\/image\/","url":"https:\/\/pagina10.com\/web\/wp-content\/uploads\/2024\/01\/40-pagina-10-periodico-regional-pasto.jpg","contentUrl":"https:\/\/pagina10.com\/web\/wp-content\/uploads\/2024\/01\/40-pagina-10-periodico-regional-pasto.jpg","width":1280,"height":720,"caption":"P\u00e1gina10"},"image":{"@id":"https:\/\/pagina10.com\/web\/#\/schema\/logo\/image\/"},"sameAs":["https:\/\/www.facebook.com\/pag10com","https:\/\/x.com\/Pag10com","https:\/\/www.instagram.com\/pagina10col\/","https:\/\/youtube.com\/channel\/pag10","https:\/\/www.tiktok.com\/@p10col"]},{"@type":"Person","@id":"https:\/\/pagina10.com\/web\/#\/schema\/person\/2efc4a090d25b667d3bc796798a3a81b","name":"P\u00e1gina 10","description":"P\u00e1gina 10 es un peri\u00f3dico regional que nace en Colombia, en el departamento de Nari\u00f1o, con un enfoque global, fundamentado en cuatro pilares esenciales: la libertad, el pluralismo, la inclusi\u00f3n y la independencia. P\u00e1gina 10 hace referencia a Nari\u00f1o como el d\u00e9cimo departamento creado en Colombia, despu\u00e9s de un proceso pol\u00edtico liderado por actores y actrices regionales con el fin de obtener la independencia y autonom\u00eda de nuestros territorios. Con la creaci\u00f3n de P\u00e1gina 10 se pretende abrir un escenario para el dialogo, la reflexi\u00f3n y el debate que se extienda a otras geograf\u00edas de Am\u00e9rica Latina y del planeta, en una apuesta por transformar colectivamente los desaf\u00edos de un mundo contempor\u00e1neo, m\u00e1s all\u00e1 de las fronteras impuestas.","url":"https:\/\/pagina10.com\/web\/author\/pdiezadmin\/"}]}},"_links":{"self":[{"href":"https:\/\/pagina10.com\/web\/wp-json\/wp\/v2\/posts\/66996","targetHints":{"allow":["GET"]}}],"collection":[{"href":"https:\/\/pagina10.com\/web\/wp-json\/wp\/v2\/posts"}],"about":[{"href":"https:\/\/pagina10.com\/web\/wp-json\/wp\/v2\/types\/post"}],"author":[{"embeddable":true,"href":"https:\/\/pagina10.com\/web\/wp-json\/wp\/v2\/users\/1"}],"replies":[{"embeddable":true,"href":"https:\/\/pagina10.com\/web\/wp-json\/wp\/v2\/comments?post=66996"}],"version-history":[{"count":2,"href":"https:\/\/pagina10.com\/web\/wp-json\/wp\/v2\/posts\/66996\/revisions"}],"predecessor-version":[{"id":66999,"href":"https:\/\/pagina10.com\/web\/wp-json\/wp\/v2\/posts\/66996\/revisions\/66999"}],"wp:featuredmedia":[{"embeddable":true,"href":"https:\/\/pagina10.com\/web\/wp-json\/wp\/v2\/media\/66998"}],"wp:attachment":[{"href":"https:\/\/pagina10.com\/web\/wp-json\/wp\/v2\/media?parent=66996"}],"wp:term":[{"taxonomy":"category","embeddable":true,"href":"https:\/\/pagina10.com\/web\/wp-json\/wp\/v2\/categories?post=66996"},{"taxonomy":"post_tag","embeddable":true,"href":"https:\/\/pagina10.com\/web\/wp-json\/wp\/v2\/tags?post=66996"}],"curies":[{"name":"wp","href":"https:\/\/api.w.org\/{rel}","templated":true}]}}