{"id":67020,"date":"2023-06-27T14:34:12","date_gmt":"2023-06-27T19:34:12","guid":{"rendered":"https:\/\/pagina10.com\/web\/?p=67020"},"modified":"2023-06-27T14:35:11","modified_gmt":"2023-06-27T19:35:11","slug":"narinense-obtuvo-tercer-puesto-en-campeonato-de-automovilismo-tc-2000","status":"publish","type":"post","link":"https:\/\/pagina10.com\/web\/narinense-obtuvo-tercer-puesto-en-campeonato-de-automovilismo-tc-2000\/","title":{"rendered":"Nari\u00f1ense obtuvo tercer puesto en Campeonato de Automovilismo TC 2000"},"content":{"rendered":"<p style=\"text-align: justify;\">Andr\u00e9s Felipe Ceballos es un <strong>Nari\u00f1ense nacido en el municipio de Ipiales<\/strong>, que se catalog\u00f3 como uno de los ganadores del <strong>Campeonato de Automovilismo TC 2000<\/strong> que se realiza en Colombia.<\/p>\n<p><img decoding=\"async\" class=\"wp-image-67034 alignright\" style=\"text-align: justify;\" src=\"https:\/\/pagina10.com\/web\/wp-content\/uploads\/2023\/06\/pppp.jpg\" alt=\"\" width=\"173\" height=\"268\" srcset=\"https:\/\/pagina10.com\/web\/wp-content\/uploads\/2023\/06\/pppp.jpg 405w, https:\/\/pagina10.com\/web\/wp-content\/uploads\/2023\/06\/pppp-193x300.jpg 193w\" sizes=\"(max-width: 173px) 100vw, 173px\" \/><\/p>\n<p style=\"text-align: justify;\">El <strong>reconocido piloto del sur de Colombia<\/strong> gan\u00f3 el tercer puesto, junto a Hugo Fajardo, su <strong>acompa\u00f1ante Bogotano<\/strong>, en la Tercera fecha del Hit extra corto del reconocido campeonato de automovilismo realizado el <strong>pasado 25 de junio<\/strong> en el aut\u00f3dromo de Tocancip\u00e1 -Cundinamarca.<\/p>\n<p style=\"text-align: justify;\">En un autom\u00f3vil Volvo, con escuder\u00eda FL Autosport e identificados con el n\u00famero 85, la pareja automovil\u00edstica gan\u00f3 el tercer puesto con 323 puntos finales obtenidos en la clasificaci\u00f3n general, <strong>superando a competidores de Pereira, Cali, Armenia, Cauca, Cali, Arauca, Medell\u00edn, entre otros.<\/strong><\/p>\n","protected":false},"excerpt":{"rendered":"<p>Andr\u00e9s Felipe Ceballos es un Nari\u00f1ense nacido en el municipio de Ipiales, que se catalog\u00f3 como uno de los ganadores del Campeonato de Automovilismo TC 2000 que se realiza en Colombia. El reconocido piloto del sur de Colombia gan\u00f3 el tercer puesto, junto a Hugo Fajardo, su acompa\u00f1ante Bogotano, en la Tercera fecha del Hit [&hellip;]<\/p>\n","protected":false},"author":1,"featured_media":67032,"comment_status":"open","ping_status":"open","sticky":false,"template":"","format":"standard","meta":{"footnotes":""},"categories":[14],"tags":[],"class_list":["post-67020","post","type-post","status-publish","format-standard","has-post-thumbnail","hentry","category-narino-actual"],"yoast_head":"<!-- This site is optimized with the Yoast SEO plugin v27.1.1 - https:\/\/yoast.com\/product\/yoast-seo-wordpress\/ -->\n<title>Nari\u00f1ense obtuvo tercer puesto en Campeonato de Automovilismo TC 2000 | P\u00e1gina10<\/title>\n<meta name=\"robots\" content=\"index, follow, max-snippet:-1, max-image-preview:large, max-video-preview:-1\" \/>\n<link rel=\"canonical\" href=\"https:\/\/pagina10.com\/web\/narinense-obtuvo-tercer-puesto-en-campeonato-de-automovilismo-tc-2000\/\" \/>\n<meta property=\"og:locale\" content=\"es_ES\" \/>\n<meta property=\"og:type\" content=\"article\" \/>\n<meta property=\"og:title\" content=\"Nari\u00f1ense obtuvo tercer puesto en Campeonato de Automovilismo TC 2000 | P\u00e1gina10\" \/>\n<meta property=\"og:description\" content=\"Andr\u00e9s Felipe Ceballos es un Nari\u00f1ense nacido en el municipio de Ipiales, que se catalog\u00f3 como uno de los ganadores del Campeonato de Automovilismo TC 2000 que se realiza en Colombia. El reconocido piloto del sur de Colombia gan\u00f3 el tercer puesto, junto a Hugo Fajardo, su acompa\u00f1ante Bogotano, en la Tercera fecha del Hit [&hellip;]\" \/>\n<meta property=\"og:url\" content=\"https:\/\/pagina10.com\/web\/narinense-obtuvo-tercer-puesto-en-campeonato-de-automovilismo-tc-2000\/\" \/>\n<meta property=\"og:site_name\" content=\"P\u00e1gina10\" \/>\n<meta property=\"article:publisher\" content=\"https:\/\/www.facebook.com\/pag10com\" \/>\n<meta property=\"article:published_time\" content=\"2023-06-27T19:34:12+00:00\" \/>\n<meta property=\"article:modified_time\" content=\"2023-06-27T19:35:11+00:00\" \/>\n<meta property=\"og:image\" content=\"https:\/\/pagina10.com\/web\/wp-content\/uploads\/2023\/06\/Picture1-5.jpg\" \/>\n\t<meta property=\"og:image:width\" content=\"405\" \/>\n\t<meta property=\"og:image:height\" content=\"411\" \/>\n\t<meta property=\"og:image:type\" content=\"image\/jpeg\" \/>\n<meta name=\"author\" content=\"P\u00e1gina 10\" \/>\n<meta name=\"twitter:card\" content=\"summary_large_image\" \/>\n<meta name=\"twitter:creator\" content=\"@Pag10com\" \/>\n<meta name=\"twitter:site\" content=\"@Pag10com\" \/>\n<meta name=\"twitter:label1\" content=\"Escrito por\" \/>\n\t<meta name=\"twitter:data1\" content=\"P\u00e1gina 10\" \/>\n\t<meta name=\"twitter:label2\" content=\"Tiempo de lectura\" \/>\n\t<meta name=\"twitter:data2\" content=\"1 minuto\" \/>\n<script type=\"application\/ld+json\" class=\"yoast-schema-graph\">{\"@context\":\"https:\/\/schema.org\",\"@graph\":[{\"@type\":\"Article\",\"@id\":\"https:\/\/pagina10.com\/web\/narinense-obtuvo-tercer-puesto-en-campeonato-de-automovilismo-tc-2000\/#article\",\"isPartOf\":{\"@id\":\"https:\/\/pagina10.com\/web\/narinense-obtuvo-tercer-puesto-en-campeonato-de-automovilismo-tc-2000\/\"},\"author\":{\"name\":\"P\u00e1gina 10\",\"@id\":\"https:\/\/pagina10.com\/web\/#\/schema\/person\/2efc4a090d25b667d3bc796798a3a81b\"},\"headline\":\"Nari\u00f1ense obtuvo tercer puesto en Campeonato de Automovilismo TC 2000\",\"datePublished\":\"2023-06-27T19:34:12+00:00\",\"dateModified\":\"2023-06-27T19:35:11+00:00\",\"mainEntityOfPage\":{\"@id\":\"https:\/\/pagina10.com\/web\/narinense-obtuvo-tercer-puesto-en-campeonato-de-automovilismo-tc-2000\/\"},\"wordCount\":133,\"commentCount\":0,\"publisher\":{\"@id\":\"https:\/\/pagina10.com\/web\/#organization\"},\"image\":{\"@id\":\"https:\/\/pagina10.com\/web\/narinense-obtuvo-tercer-puesto-en-campeonato-de-automovilismo-tc-2000\/#primaryimage\"},\"thumbnailUrl\":\"https:\/\/pagina10.com\/web\/wp-content\/uploads\/2023\/06\/Picture1-5.jpg\",\"articleSection\":[\"Nari\u00f1o Actual\"],\"inLanguage\":\"es\",\"potentialAction\":[{\"@type\":\"CommentAction\",\"name\":\"Comment\",\"target\":[\"https:\/\/pagina10.com\/web\/narinense-obtuvo-tercer-puesto-en-campeonato-de-automovilismo-tc-2000\/#respond\"]}]},{\"@type\":\"WebPage\",\"@id\":\"https:\/\/pagina10.com\/web\/narinense-obtuvo-tercer-puesto-en-campeonato-de-automovilismo-tc-2000\/\",\"url\":\"https:\/\/pagina10.com\/web\/narinense-obtuvo-tercer-puesto-en-campeonato-de-automovilismo-tc-2000\/\",\"name\":\"Nari\u00f1ense obtuvo tercer puesto en Campeonato de Automovilismo TC 2000 | P\u00e1gina10\",\"isPartOf\":{\"@id\":\"https:\/\/pagina10.com\/web\/#website\"},\"primaryImageOfPage\":{\"@id\":\"https:\/\/pagina10.com\/web\/narinense-obtuvo-tercer-puesto-en-campeonato-de-automovilismo-tc-2000\/#primaryimage\"},\"image\":{\"@id\":\"https:\/\/pagina10.com\/web\/narinense-obtuvo-tercer-puesto-en-campeonato-de-automovilismo-tc-2000\/#primaryimage\"},\"thumbnailUrl\":\"https:\/\/pagina10.com\/web\/wp-content\/uploads\/2023\/06\/Picture1-5.jpg\",\"datePublished\":\"2023-06-27T19:34:12+00:00\",\"dateModified\":\"2023-06-27T19:35:11+00:00\",\"breadcrumb\":{\"@id\":\"https:\/\/pagina10.com\/web\/narinense-obtuvo-tercer-puesto-en-campeonato-de-automovilismo-tc-2000\/#breadcrumb\"},\"inLanguage\":\"es\",\"potentialAction\":[{\"@type\":\"ReadAction\",\"target\":[\"https:\/\/pagina10.com\/web\/narinense-obtuvo-tercer-puesto-en-campeonato-de-automovilismo-tc-2000\/\"]}]},{\"@type\":\"ImageObject\",\"inLanguage\":\"es\",\"@id\":\"https:\/\/pagina10.com\/web\/narinense-obtuvo-tercer-puesto-en-campeonato-de-automovilismo-tc-2000\/#primaryimage\",\"url\":\"https:\/\/pagina10.com\/web\/wp-content\/uploads\/2023\/06\/Picture1-5.jpg\",\"contentUrl\":\"https:\/\/pagina10.com\/web\/wp-content\/uploads\/2023\/06\/Picture1-5.jpg\",\"width\":405,\"height\":411},{\"@type\":\"BreadcrumbList\",\"@id\":\"https:\/\/pagina10.com\/web\/narinense-obtuvo-tercer-puesto-en-campeonato-de-automovilismo-tc-2000\/#breadcrumb\",\"itemListElement\":[{\"@type\":\"ListItem\",\"position\":1,\"name\":\"Portada\",\"item\":\"https:\/\/pagina10.com\/web\/\"},{\"@type\":\"ListItem\",\"position\":2,\"name\":\"Nari\u00f1ense obtuvo tercer puesto en Campeonato de Automovilismo TC 2000\"}]},{\"@type\":\"WebSite\",\"@id\":\"https:\/\/pagina10.com\/web\/#website\",\"url\":\"https:\/\/pagina10.com\/web\/\",\"name\":\"P\u00e1gina10\",\"description\":\"Peri\u00f3dico Regional\",\"publisher\":{\"@id\":\"https:\/\/pagina10.com\/web\/#organization\"},\"alternateName\":\"P\u00e1gina10 Peri\u00f3dico Regional\",\"potentialAction\":[{\"@type\":\"SearchAction\",\"target\":{\"@type\":\"EntryPoint\",\"urlTemplate\":\"https:\/\/pagina10.com\/web\/?s={search_term_string}\"},\"query-input\":{\"@type\":\"PropertyValueSpecification\",\"valueRequired\":true,\"valueName\":\"search_term_string\"}}],\"inLanguage\":\"es\"},{\"@type\":\"Organization\",\"@id\":\"https:\/\/pagina10.com\/web\/#organization\",\"name\":\"P\u00e1gina10\",\"alternateName\":\"P\u00e1gina10 Peri\u00f3dico Regional\",\"url\":\"https:\/\/pagina10.com\/web\/\",\"logo\":{\"@type\":\"ImageObject\",\"inLanguage\":\"es\",\"@id\":\"https:\/\/pagina10.com\/web\/#\/schema\/logo\/image\/\",\"url\":\"https:\/\/pagina10.com\/web\/wp-content\/uploads\/2024\/01\/40-pagina-10-periodico-regional-pasto.jpg\",\"contentUrl\":\"https:\/\/pagina10.com\/web\/wp-content\/uploads\/2024\/01\/40-pagina-10-periodico-regional-pasto.jpg\",\"width\":1280,\"height\":720,\"caption\":\"P\u00e1gina10\"},\"image\":{\"@id\":\"https:\/\/pagina10.com\/web\/#\/schema\/logo\/image\/\"},\"sameAs\":[\"https:\/\/www.facebook.com\/pag10com\",\"https:\/\/x.com\/Pag10com\",\"https:\/\/www.instagram.com\/pagina10col\/\",\"https:\/\/youtube.com\/channel\/pag10\",\"https:\/\/www.tiktok.com\/@p10col\"]},{\"@type\":\"Person\",\"@id\":\"https:\/\/pagina10.com\/web\/#\/schema\/person\/2efc4a090d25b667d3bc796798a3a81b\",\"name\":\"P\u00e1gina 10\",\"description\":\"P\u00e1gina 10 es un peri\u00f3dico regional que nace en Colombia, en el departamento de Nari\u00f1o, con un enfoque global, fundamentado en cuatro pilares esenciales: la libertad, el pluralismo, la inclusi\u00f3n y la independencia. P\u00e1gina 10 hace referencia a Nari\u00f1o como el d\u00e9cimo departamento creado en Colombia, despu\u00e9s de un proceso pol\u00edtico liderado por actores y actrices regionales con el fin de obtener la independencia y autonom\u00eda de nuestros territorios. Con la creaci\u00f3n de P\u00e1gina 10 se pretende abrir un escenario para el dialogo, la reflexi\u00f3n y el debate que se extienda a otras geograf\u00edas de Am\u00e9rica Latina y del planeta, en una apuesta por transformar colectivamente los desaf\u00edos de un mundo contempor\u00e1neo, m\u00e1s all\u00e1 de las fronteras impuestas.\",\"url\":\"https:\/\/pagina10.com\/web\/author\/pdiezadmin\/\"}]}<\/script>\n<!-- \/ Yoast SEO plugin. -->","yoast_head_json":{"title":"Nari\u00f1ense obtuvo tercer puesto en Campeonato de Automovilismo TC 2000 | P\u00e1gina10","robots":{"index":"index","follow":"follow","max-snippet":"max-snippet:-1","max-image-preview":"max-image-preview:large","max-video-preview":"max-video-preview:-1"},"canonical":"https:\/\/pagina10.com\/web\/narinense-obtuvo-tercer-puesto-en-campeonato-de-automovilismo-tc-2000\/","og_locale":"es_ES","og_type":"article","og_title":"Nari\u00f1ense obtuvo tercer puesto en Campeonato de Automovilismo TC 2000 | P\u00e1gina10","og_description":"Andr\u00e9s Felipe Ceballos es un Nari\u00f1ense nacido en el municipio de Ipiales, que se catalog\u00f3 como uno de los ganadores del Campeonato de Automovilismo TC 2000 que se realiza en Colombia. El reconocido piloto del sur de Colombia gan\u00f3 el tercer puesto, junto a Hugo Fajardo, su acompa\u00f1ante Bogotano, en la Tercera fecha del Hit [&hellip;]","og_url":"https:\/\/pagina10.com\/web\/narinense-obtuvo-tercer-puesto-en-campeonato-de-automovilismo-tc-2000\/","og_site_name":"P\u00e1gina10","article_publisher":"https:\/\/www.facebook.com\/pag10com","article_published_time":"2023-06-27T19:34:12+00:00","article_modified_time":"2023-06-27T19:35:11+00:00","og_image":[{"width":405,"height":411,"url":"https:\/\/pagina10.com\/web\/wp-content\/uploads\/2023\/06\/Picture1-5.jpg","type":"image\/jpeg"}],"author":"P\u00e1gina 10","twitter_card":"summary_large_image","twitter_creator":"@Pag10com","twitter_site":"@Pag10com","twitter_misc":{"Escrito por":"P\u00e1gina 10","Tiempo de lectura":"1 minuto"},"schema":{"@context":"https:\/\/schema.org","@graph":[{"@type":"Article","@id":"https:\/\/pagina10.com\/web\/narinense-obtuvo-tercer-puesto-en-campeonato-de-automovilismo-tc-2000\/#article","isPartOf":{"@id":"https:\/\/pagina10.com\/web\/narinense-obtuvo-tercer-puesto-en-campeonato-de-automovilismo-tc-2000\/"},"author":{"name":"P\u00e1gina 10","@id":"https:\/\/pagina10.com\/web\/#\/schema\/person\/2efc4a090d25b667d3bc796798a3a81b"},"headline":"Nari\u00f1ense obtuvo tercer puesto en Campeonato de Automovilismo TC 2000","datePublished":"2023-06-27T19:34:12+00:00","dateModified":"2023-06-27T19:35:11+00:00","mainEntityOfPage":{"@id":"https:\/\/pagina10.com\/web\/narinense-obtuvo-tercer-puesto-en-campeonato-de-automovilismo-tc-2000\/"},"wordCount":133,"commentCount":0,"publisher":{"@id":"https:\/\/pagina10.com\/web\/#organization"},"image":{"@id":"https:\/\/pagina10.com\/web\/narinense-obtuvo-tercer-puesto-en-campeonato-de-automovilismo-tc-2000\/#primaryimage"},"thumbnailUrl":"https:\/\/pagina10.com\/web\/wp-content\/uploads\/2023\/06\/Picture1-5.jpg","articleSection":["Nari\u00f1o Actual"],"inLanguage":"es","potentialAction":[{"@type":"CommentAction","name":"Comment","target":["https:\/\/pagina10.com\/web\/narinense-obtuvo-tercer-puesto-en-campeonato-de-automovilismo-tc-2000\/#respond"]}]},{"@type":"WebPage","@id":"https:\/\/pagina10.com\/web\/narinense-obtuvo-tercer-puesto-en-campeonato-de-automovilismo-tc-2000\/","url":"https:\/\/pagina10.com\/web\/narinense-obtuvo-tercer-puesto-en-campeonato-de-automovilismo-tc-2000\/","name":"Nari\u00f1ense obtuvo tercer puesto en Campeonato de Automovilismo TC 2000 | P\u00e1gina10","isPartOf":{"@id":"https:\/\/pagina10.com\/web\/#website"},"primaryImageOfPage":{"@id":"https:\/\/pagina10.com\/web\/narinense-obtuvo-tercer-puesto-en-campeonato-de-automovilismo-tc-2000\/#primaryimage"},"image":{"@id":"https:\/\/pagina10.com\/web\/narinense-obtuvo-tercer-puesto-en-campeonato-de-automovilismo-tc-2000\/#primaryimage"},"thumbnailUrl":"https:\/\/pagina10.com\/web\/wp-content\/uploads\/2023\/06\/Picture1-5.jpg","datePublished":"2023-06-27T19:34:12+00:00","dateModified":"2023-06-27T19:35:11+00:00","breadcrumb":{"@id":"https:\/\/pagina10.com\/web\/narinense-obtuvo-tercer-puesto-en-campeonato-de-automovilismo-tc-2000\/#breadcrumb"},"inLanguage":"es","potentialAction":[{"@type":"ReadAction","target":["https:\/\/pagina10.com\/web\/narinense-obtuvo-tercer-puesto-en-campeonato-de-automovilismo-tc-2000\/"]}]},{"@type":"ImageObject","inLanguage":"es","@id":"https:\/\/pagina10.com\/web\/narinense-obtuvo-tercer-puesto-en-campeonato-de-automovilismo-tc-2000\/#primaryimage","url":"https:\/\/pagina10.com\/web\/wp-content\/uploads\/2023\/06\/Picture1-5.jpg","contentUrl":"https:\/\/pagina10.com\/web\/wp-content\/uploads\/2023\/06\/Picture1-5.jpg","width":405,"height":411},{"@type":"BreadcrumbList","@id":"https:\/\/pagina10.com\/web\/narinense-obtuvo-tercer-puesto-en-campeonato-de-automovilismo-tc-2000\/#breadcrumb","itemListElement":[{"@type":"ListItem","position":1,"name":"Portada","item":"https:\/\/pagina10.com\/web\/"},{"@type":"ListItem","position":2,"name":"Nari\u00f1ense obtuvo tercer puesto en Campeonato de Automovilismo TC 2000"}]},{"@type":"WebSite","@id":"https:\/\/pagina10.com\/web\/#website","url":"https:\/\/pagina10.com\/web\/","name":"P\u00e1gina10","description":"Peri\u00f3dico Regional","publisher":{"@id":"https:\/\/pagina10.com\/web\/#organization"},"alternateName":"P\u00e1gina10 Peri\u00f3dico Regional","potentialAction":[{"@type":"SearchAction","target":{"@type":"EntryPoint","urlTemplate":"https:\/\/pagina10.com\/web\/?s={search_term_string}"},"query-input":{"@type":"PropertyValueSpecification","valueRequired":true,"valueName":"search_term_string"}}],"inLanguage":"es"},{"@type":"Organization","@id":"https:\/\/pagina10.com\/web\/#organization","name":"P\u00e1gina10","alternateName":"P\u00e1gina10 Peri\u00f3dico Regional","url":"https:\/\/pagina10.com\/web\/","logo":{"@type":"ImageObject","inLanguage":"es","@id":"https:\/\/pagina10.com\/web\/#\/schema\/logo\/image\/","url":"https:\/\/pagina10.com\/web\/wp-content\/uploads\/2024\/01\/40-pagina-10-periodico-regional-pasto.jpg","contentUrl":"https:\/\/pagina10.com\/web\/wp-content\/uploads\/2024\/01\/40-pagina-10-periodico-regional-pasto.jpg","width":1280,"height":720,"caption":"P\u00e1gina10"},"image":{"@id":"https:\/\/pagina10.com\/web\/#\/schema\/logo\/image\/"},"sameAs":["https:\/\/www.facebook.com\/pag10com","https:\/\/x.com\/Pag10com","https:\/\/www.instagram.com\/pagina10col\/","https:\/\/youtube.com\/channel\/pag10","https:\/\/www.tiktok.com\/@p10col"]},{"@type":"Person","@id":"https:\/\/pagina10.com\/web\/#\/schema\/person\/2efc4a090d25b667d3bc796798a3a81b","name":"P\u00e1gina 10","description":"P\u00e1gina 10 es un peri\u00f3dico regional que nace en Colombia, en el departamento de Nari\u00f1o, con un enfoque global, fundamentado en cuatro pilares esenciales: la libertad, el pluralismo, la inclusi\u00f3n y la independencia. P\u00e1gina 10 hace referencia a Nari\u00f1o como el d\u00e9cimo departamento creado en Colombia, despu\u00e9s de un proceso pol\u00edtico liderado por actores y actrices regionales con el fin de obtener la independencia y autonom\u00eda de nuestros territorios. Con la creaci\u00f3n de P\u00e1gina 10 se pretende abrir un escenario para el dialogo, la reflexi\u00f3n y el debate que se extienda a otras geograf\u00edas de Am\u00e9rica Latina y del planeta, en una apuesta por transformar colectivamente los desaf\u00edos de un mundo contempor\u00e1neo, m\u00e1s all\u00e1 de las fronteras impuestas.","url":"https:\/\/pagina10.com\/web\/author\/pdiezadmin\/"}]}},"_links":{"self":[{"href":"https:\/\/pagina10.com\/web\/wp-json\/wp\/v2\/posts\/67020","targetHints":{"allow":["GET"]}}],"collection":[{"href":"https:\/\/pagina10.com\/web\/wp-json\/wp\/v2\/posts"}],"about":[{"href":"https:\/\/pagina10.com\/web\/wp-json\/wp\/v2\/types\/post"}],"author":[{"embeddable":true,"href":"https:\/\/pagina10.com\/web\/wp-json\/wp\/v2\/users\/1"}],"replies":[{"embeddable":true,"href":"https:\/\/pagina10.com\/web\/wp-json\/wp\/v2\/comments?post=67020"}],"version-history":[{"count":4,"href":"https:\/\/pagina10.com\/web\/wp-json\/wp\/v2\/posts\/67020\/revisions"}],"predecessor-version":[{"id":67037,"href":"https:\/\/pagina10.com\/web\/wp-json\/wp\/v2\/posts\/67020\/revisions\/67037"}],"wp:featuredmedia":[{"embeddable":true,"href":"https:\/\/pagina10.com\/web\/wp-json\/wp\/v2\/media\/67032"}],"wp:attachment":[{"href":"https:\/\/pagina10.com\/web\/wp-json\/wp\/v2\/media?parent=67020"}],"wp:term":[{"taxonomy":"category","embeddable":true,"href":"https:\/\/pagina10.com\/web\/wp-json\/wp\/v2\/categories?post=67020"},{"taxonomy":"post_tag","embeddable":true,"href":"https:\/\/pagina10.com\/web\/wp-json\/wp\/v2\/tags?post=67020"}],"curies":[{"name":"wp","href":"https:\/\/api.w.org\/{rel}","templated":true}]}}