{"id":67022,"date":"2023-06-27T11:31:44","date_gmt":"2023-06-27T16:31:44","guid":{"rendered":"https:\/\/pagina10.com\/web\/?p=67022"},"modified":"2023-06-27T11:32:06","modified_gmt":"2023-06-27T16:32:06","slug":"petro-condecoro-a-quienes-rescataron-a-ninos-indigenas-en-la-selva","status":"publish","type":"post","link":"https:\/\/pagina10.com\/web\/petro-condecoro-a-quienes-rescataron-a-ninos-indigenas-en-la-selva\/","title":{"rendered":"Petro condecor\u00f3 a quienes rescataron a ni\u00f1os ind\u00edgenas en la selva"},"content":{"rendered":"<p style=\"text-align: justify;\">Presidencia condecor\u00f3 a l\u00edderes ind\u00edgenas y miembros de las Fuerzas Militares que participaron en el rescate de ni\u00f1os ind\u00edgenas sobrevivientes de la selva. En total, se condecoraron 52 uniformados y se otorgaron diferentes distinciones.<\/p>\n<p style=\"text-align: justify;\">En la ceremonia realizada en la Casa de Nari\u00f1o, destac\u00f3 que este acto debe ser motivo para que el pa\u00eds inicie una nueva fase de entendimiento nacional. Petro resalt\u00f3 que el operativo de rescate reconstruy\u00f3 un puente entre el Estado y las comunidades ind\u00edgenas de Colombia y que el mensaje de la Madre Selva es que Colombia debe buscar un entendimiento com\u00fan.<\/p>\n<p style=\"text-align: justify;\">\u201cEse fue el mensaje de la Madre Selva: que nos tenemos que entender todos y todas. Entendernos alrededor de las ilusiones y esperanzas y necesidades, que quieren ser colmadas por decenas de millones de colombianos que vive en uno de los pa\u00edses m\u00e1s desiguales de la tierra\u201d, puntualiz\u00f3 Petro.<\/p>\n","protected":false},"excerpt":{"rendered":"<p>Presidencia condecor\u00f3 a l\u00edderes ind\u00edgenas y miembros de las Fuerzas Militares que participaron en el rescate de ni\u00f1os ind\u00edgenas sobrevivientes de la selva. En total, se condecoraron 52 uniformados y se otorgaron diferentes distinciones. En la ceremonia realizada en la Casa de Nari\u00f1o, destac\u00f3 que este acto debe ser motivo para que el pa\u00eds inicie [&hellip;]<\/p>\n","protected":false},"author":1,"featured_media":67023,"comment_status":"open","ping_status":"open","sticky":false,"template":"","format":"standard","meta":{"footnotes":""},"categories":[94],"tags":[],"class_list":["post-67022","post","type-post","status-publish","format-standard","has-post-thumbnail","hentry","category-nacional-global-2"],"yoast_head":"<!-- This site is optimized with the Yoast SEO plugin v27.1.1 - https:\/\/yoast.com\/product\/yoast-seo-wordpress\/ -->\n<title>Petro condecor\u00f3 a quienes rescataron a ni\u00f1os ind\u00edgenas en la selva | P\u00e1gina10<\/title>\n<meta name=\"robots\" content=\"index, follow, max-snippet:-1, max-image-preview:large, max-video-preview:-1\" \/>\n<link rel=\"canonical\" href=\"https:\/\/pagina10.com\/web\/petro-condecoro-a-quienes-rescataron-a-ninos-indigenas-en-la-selva\/\" \/>\n<meta property=\"og:locale\" content=\"es_ES\" \/>\n<meta property=\"og:type\" content=\"article\" \/>\n<meta property=\"og:title\" content=\"Petro condecor\u00f3 a quienes rescataron a ni\u00f1os ind\u00edgenas en la selva | P\u00e1gina10\" \/>\n<meta property=\"og:description\" content=\"Presidencia condecor\u00f3 a l\u00edderes ind\u00edgenas y miembros de las Fuerzas Militares que participaron en el rescate de ni\u00f1os ind\u00edgenas sobrevivientes de la selva. En total, se condecoraron 52 uniformados y se otorgaron diferentes distinciones. En la ceremonia realizada en la Casa de Nari\u00f1o, destac\u00f3 que este acto debe ser motivo para que el pa\u00eds inicie [&hellip;]\" \/>\n<meta property=\"og:url\" content=\"https:\/\/pagina10.com\/web\/petro-condecoro-a-quienes-rescataron-a-ninos-indigenas-en-la-selva\/\" \/>\n<meta property=\"og:site_name\" content=\"P\u00e1gina10\" \/>\n<meta property=\"article:publisher\" content=\"https:\/\/www.facebook.com\/pag10com\" \/>\n<meta property=\"article:published_time\" content=\"2023-06-27T16:31:44+00:00\" \/>\n<meta property=\"article:modified_time\" content=\"2023-06-27T16:32:06+00:00\" \/>\n<meta property=\"og:image\" content=\"https:\/\/pagina10.com\/web\/wp-content\/uploads\/2023\/06\/230626-02-Condecoracion-personas-participaron-Operacion-Esperanza-1280.jpg\" \/>\n\t<meta property=\"og:image:width\" content=\"1280\" \/>\n\t<meta property=\"og:image:height\" content=\"720\" \/>\n\t<meta property=\"og:image:type\" content=\"image\/jpeg\" \/>\n<meta name=\"author\" content=\"P\u00e1gina 10\" \/>\n<meta name=\"twitter:card\" content=\"summary_large_image\" \/>\n<meta name=\"twitter:creator\" content=\"@Pag10com\" \/>\n<meta name=\"twitter:site\" content=\"@Pag10com\" \/>\n<meta name=\"twitter:label1\" content=\"Escrito por\" \/>\n\t<meta name=\"twitter:data1\" content=\"P\u00e1gina 10\" \/>\n\t<meta name=\"twitter:label2\" content=\"Tiempo de lectura\" \/>\n\t<meta name=\"twitter:data2\" content=\"1 minuto\" \/>\n<script type=\"application\/ld+json\" class=\"yoast-schema-graph\">{\"@context\":\"https:\/\/schema.org\",\"@graph\":[{\"@type\":\"Article\",\"@id\":\"https:\/\/pagina10.com\/web\/petro-condecoro-a-quienes-rescataron-a-ninos-indigenas-en-la-selva\/#article\",\"isPartOf\":{\"@id\":\"https:\/\/pagina10.com\/web\/petro-condecoro-a-quienes-rescataron-a-ninos-indigenas-en-la-selva\/\"},\"author\":{\"name\":\"P\u00e1gina 10\",\"@id\":\"https:\/\/pagina10.com\/web\/#\/schema\/person\/2efc4a090d25b667d3bc796798a3a81b\"},\"headline\":\"Petro condecor\u00f3 a quienes rescataron a ni\u00f1os ind\u00edgenas en la selva\",\"datePublished\":\"2023-06-27T16:31:44+00:00\",\"dateModified\":\"2023-06-27T16:32:06+00:00\",\"mainEntityOfPage\":{\"@id\":\"https:\/\/pagina10.com\/web\/petro-condecoro-a-quienes-rescataron-a-ninos-indigenas-en-la-selva\/\"},\"wordCount\":167,\"commentCount\":0,\"publisher\":{\"@id\":\"https:\/\/pagina10.com\/web\/#organization\"},\"image\":{\"@id\":\"https:\/\/pagina10.com\/web\/petro-condecoro-a-quienes-rescataron-a-ninos-indigenas-en-la-selva\/#primaryimage\"},\"thumbnailUrl\":\"https:\/\/pagina10.com\/web\/wp-content\/uploads\/2023\/06\/230626-02-Condecoracion-personas-participaron-Operacion-Esperanza-1280.jpg\",\"articleSection\":[\"Nacional\"],\"inLanguage\":\"es\",\"potentialAction\":[{\"@type\":\"CommentAction\",\"name\":\"Comment\",\"target\":[\"https:\/\/pagina10.com\/web\/petro-condecoro-a-quienes-rescataron-a-ninos-indigenas-en-la-selva\/#respond\"]}]},{\"@type\":\"WebPage\",\"@id\":\"https:\/\/pagina10.com\/web\/petro-condecoro-a-quienes-rescataron-a-ninos-indigenas-en-la-selva\/\",\"url\":\"https:\/\/pagina10.com\/web\/petro-condecoro-a-quienes-rescataron-a-ninos-indigenas-en-la-selva\/\",\"name\":\"Petro condecor\u00f3 a quienes rescataron a ni\u00f1os ind\u00edgenas en la selva | P\u00e1gina10\",\"isPartOf\":{\"@id\":\"https:\/\/pagina10.com\/web\/#website\"},\"primaryImageOfPage\":{\"@id\":\"https:\/\/pagina10.com\/web\/petro-condecoro-a-quienes-rescataron-a-ninos-indigenas-en-la-selva\/#primaryimage\"},\"image\":{\"@id\":\"https:\/\/pagina10.com\/web\/petro-condecoro-a-quienes-rescataron-a-ninos-indigenas-en-la-selva\/#primaryimage\"},\"thumbnailUrl\":\"https:\/\/pagina10.com\/web\/wp-content\/uploads\/2023\/06\/230626-02-Condecoracion-personas-participaron-Operacion-Esperanza-1280.jpg\",\"datePublished\":\"2023-06-27T16:31:44+00:00\",\"dateModified\":\"2023-06-27T16:32:06+00:00\",\"breadcrumb\":{\"@id\":\"https:\/\/pagina10.com\/web\/petro-condecoro-a-quienes-rescataron-a-ninos-indigenas-en-la-selva\/#breadcrumb\"},\"inLanguage\":\"es\",\"potentialAction\":[{\"@type\":\"ReadAction\",\"target\":[\"https:\/\/pagina10.com\/web\/petro-condecoro-a-quienes-rescataron-a-ninos-indigenas-en-la-selva\/\"]}]},{\"@type\":\"ImageObject\",\"inLanguage\":\"es\",\"@id\":\"https:\/\/pagina10.com\/web\/petro-condecoro-a-quienes-rescataron-a-ninos-indigenas-en-la-selva\/#primaryimage\",\"url\":\"https:\/\/pagina10.com\/web\/wp-content\/uploads\/2023\/06\/230626-02-Condecoracion-personas-participaron-Operacion-Esperanza-1280.jpg\",\"contentUrl\":\"https:\/\/pagina10.com\/web\/wp-content\/uploads\/2023\/06\/230626-02-Condecoracion-personas-participaron-Operacion-Esperanza-1280.jpg\",\"width\":1280,\"height\":720},{\"@type\":\"BreadcrumbList\",\"@id\":\"https:\/\/pagina10.com\/web\/petro-condecoro-a-quienes-rescataron-a-ninos-indigenas-en-la-selva\/#breadcrumb\",\"itemListElement\":[{\"@type\":\"ListItem\",\"position\":1,\"name\":\"Portada\",\"item\":\"https:\/\/pagina10.com\/web\/\"},{\"@type\":\"ListItem\",\"position\":2,\"name\":\"Petro condecor\u00f3 a quienes rescataron a ni\u00f1os ind\u00edgenas en la selva\"}]},{\"@type\":\"WebSite\",\"@id\":\"https:\/\/pagina10.com\/web\/#website\",\"url\":\"https:\/\/pagina10.com\/web\/\",\"name\":\"P\u00e1gina10\",\"description\":\"Peri\u00f3dico Regional\",\"publisher\":{\"@id\":\"https:\/\/pagina10.com\/web\/#organization\"},\"alternateName\":\"P\u00e1gina10 Peri\u00f3dico Regional\",\"potentialAction\":[{\"@type\":\"SearchAction\",\"target\":{\"@type\":\"EntryPoint\",\"urlTemplate\":\"https:\/\/pagina10.com\/web\/?s={search_term_string}\"},\"query-input\":{\"@type\":\"PropertyValueSpecification\",\"valueRequired\":true,\"valueName\":\"search_term_string\"}}],\"inLanguage\":\"es\"},{\"@type\":\"Organization\",\"@id\":\"https:\/\/pagina10.com\/web\/#organization\",\"name\":\"P\u00e1gina10\",\"alternateName\":\"P\u00e1gina10 Peri\u00f3dico Regional\",\"url\":\"https:\/\/pagina10.com\/web\/\",\"logo\":{\"@type\":\"ImageObject\",\"inLanguage\":\"es\",\"@id\":\"https:\/\/pagina10.com\/web\/#\/schema\/logo\/image\/\",\"url\":\"https:\/\/pagina10.com\/web\/wp-content\/uploads\/2024\/01\/40-pagina-10-periodico-regional-pasto.jpg\",\"contentUrl\":\"https:\/\/pagina10.com\/web\/wp-content\/uploads\/2024\/01\/40-pagina-10-periodico-regional-pasto.jpg\",\"width\":1280,\"height\":720,\"caption\":\"P\u00e1gina10\"},\"image\":{\"@id\":\"https:\/\/pagina10.com\/web\/#\/schema\/logo\/image\/\"},\"sameAs\":[\"https:\/\/www.facebook.com\/pag10com\",\"https:\/\/x.com\/Pag10com\",\"https:\/\/www.instagram.com\/pagina10col\/\",\"https:\/\/youtube.com\/channel\/pag10\",\"https:\/\/www.tiktok.com\/@p10col\"]},{\"@type\":\"Person\",\"@id\":\"https:\/\/pagina10.com\/web\/#\/schema\/person\/2efc4a090d25b667d3bc796798a3a81b\",\"name\":\"P\u00e1gina 10\",\"description\":\"P\u00e1gina 10 es un peri\u00f3dico regional que nace en Colombia, en el departamento de Nari\u00f1o, con un enfoque global, fundamentado en cuatro pilares esenciales: la libertad, el pluralismo, la inclusi\u00f3n y la independencia. P\u00e1gina 10 hace referencia a Nari\u00f1o como el d\u00e9cimo departamento creado en Colombia, despu\u00e9s de un proceso pol\u00edtico liderado por actores y actrices regionales con el fin de obtener la independencia y autonom\u00eda de nuestros territorios. Con la creaci\u00f3n de P\u00e1gina 10 se pretende abrir un escenario para el dialogo, la reflexi\u00f3n y el debate que se extienda a otras geograf\u00edas de Am\u00e9rica Latina y del planeta, en una apuesta por transformar colectivamente los desaf\u00edos de un mundo contempor\u00e1neo, m\u00e1s all\u00e1 de las fronteras impuestas.\",\"url\":\"https:\/\/pagina10.com\/web\/author\/pdiezadmin\/\"}]}<\/script>\n<!-- \/ Yoast SEO plugin. -->","yoast_head_json":{"title":"Petro condecor\u00f3 a quienes rescataron a ni\u00f1os ind\u00edgenas en la selva | P\u00e1gina10","robots":{"index":"index","follow":"follow","max-snippet":"max-snippet:-1","max-image-preview":"max-image-preview:large","max-video-preview":"max-video-preview:-1"},"canonical":"https:\/\/pagina10.com\/web\/petro-condecoro-a-quienes-rescataron-a-ninos-indigenas-en-la-selva\/","og_locale":"es_ES","og_type":"article","og_title":"Petro condecor\u00f3 a quienes rescataron a ni\u00f1os ind\u00edgenas en la selva | P\u00e1gina10","og_description":"Presidencia condecor\u00f3 a l\u00edderes ind\u00edgenas y miembros de las Fuerzas Militares que participaron en el rescate de ni\u00f1os ind\u00edgenas sobrevivientes de la selva. En total, se condecoraron 52 uniformados y se otorgaron diferentes distinciones. En la ceremonia realizada en la Casa de Nari\u00f1o, destac\u00f3 que este acto debe ser motivo para que el pa\u00eds inicie [&hellip;]","og_url":"https:\/\/pagina10.com\/web\/petro-condecoro-a-quienes-rescataron-a-ninos-indigenas-en-la-selva\/","og_site_name":"P\u00e1gina10","article_publisher":"https:\/\/www.facebook.com\/pag10com","article_published_time":"2023-06-27T16:31:44+00:00","article_modified_time":"2023-06-27T16:32:06+00:00","og_image":[{"width":1280,"height":720,"url":"https:\/\/pagina10.com\/web\/wp-content\/uploads\/2023\/06\/230626-02-Condecoracion-personas-participaron-Operacion-Esperanza-1280.jpg","type":"image\/jpeg"}],"author":"P\u00e1gina 10","twitter_card":"summary_large_image","twitter_creator":"@Pag10com","twitter_site":"@Pag10com","twitter_misc":{"Escrito por":"P\u00e1gina 10","Tiempo de lectura":"1 minuto"},"schema":{"@context":"https:\/\/schema.org","@graph":[{"@type":"Article","@id":"https:\/\/pagina10.com\/web\/petro-condecoro-a-quienes-rescataron-a-ninos-indigenas-en-la-selva\/#article","isPartOf":{"@id":"https:\/\/pagina10.com\/web\/petro-condecoro-a-quienes-rescataron-a-ninos-indigenas-en-la-selva\/"},"author":{"name":"P\u00e1gina 10","@id":"https:\/\/pagina10.com\/web\/#\/schema\/person\/2efc4a090d25b667d3bc796798a3a81b"},"headline":"Petro condecor\u00f3 a quienes rescataron a ni\u00f1os ind\u00edgenas en la selva","datePublished":"2023-06-27T16:31:44+00:00","dateModified":"2023-06-27T16:32:06+00:00","mainEntityOfPage":{"@id":"https:\/\/pagina10.com\/web\/petro-condecoro-a-quienes-rescataron-a-ninos-indigenas-en-la-selva\/"},"wordCount":167,"commentCount":0,"publisher":{"@id":"https:\/\/pagina10.com\/web\/#organization"},"image":{"@id":"https:\/\/pagina10.com\/web\/petro-condecoro-a-quienes-rescataron-a-ninos-indigenas-en-la-selva\/#primaryimage"},"thumbnailUrl":"https:\/\/pagina10.com\/web\/wp-content\/uploads\/2023\/06\/230626-02-Condecoracion-personas-participaron-Operacion-Esperanza-1280.jpg","articleSection":["Nacional"],"inLanguage":"es","potentialAction":[{"@type":"CommentAction","name":"Comment","target":["https:\/\/pagina10.com\/web\/petro-condecoro-a-quienes-rescataron-a-ninos-indigenas-en-la-selva\/#respond"]}]},{"@type":"WebPage","@id":"https:\/\/pagina10.com\/web\/petro-condecoro-a-quienes-rescataron-a-ninos-indigenas-en-la-selva\/","url":"https:\/\/pagina10.com\/web\/petro-condecoro-a-quienes-rescataron-a-ninos-indigenas-en-la-selva\/","name":"Petro condecor\u00f3 a quienes rescataron a ni\u00f1os ind\u00edgenas en la selva | P\u00e1gina10","isPartOf":{"@id":"https:\/\/pagina10.com\/web\/#website"},"primaryImageOfPage":{"@id":"https:\/\/pagina10.com\/web\/petro-condecoro-a-quienes-rescataron-a-ninos-indigenas-en-la-selva\/#primaryimage"},"image":{"@id":"https:\/\/pagina10.com\/web\/petro-condecoro-a-quienes-rescataron-a-ninos-indigenas-en-la-selva\/#primaryimage"},"thumbnailUrl":"https:\/\/pagina10.com\/web\/wp-content\/uploads\/2023\/06\/230626-02-Condecoracion-personas-participaron-Operacion-Esperanza-1280.jpg","datePublished":"2023-06-27T16:31:44+00:00","dateModified":"2023-06-27T16:32:06+00:00","breadcrumb":{"@id":"https:\/\/pagina10.com\/web\/petro-condecoro-a-quienes-rescataron-a-ninos-indigenas-en-la-selva\/#breadcrumb"},"inLanguage":"es","potentialAction":[{"@type":"ReadAction","target":["https:\/\/pagina10.com\/web\/petro-condecoro-a-quienes-rescataron-a-ninos-indigenas-en-la-selva\/"]}]},{"@type":"ImageObject","inLanguage":"es","@id":"https:\/\/pagina10.com\/web\/petro-condecoro-a-quienes-rescataron-a-ninos-indigenas-en-la-selva\/#primaryimage","url":"https:\/\/pagina10.com\/web\/wp-content\/uploads\/2023\/06\/230626-02-Condecoracion-personas-participaron-Operacion-Esperanza-1280.jpg","contentUrl":"https:\/\/pagina10.com\/web\/wp-content\/uploads\/2023\/06\/230626-02-Condecoracion-personas-participaron-Operacion-Esperanza-1280.jpg","width":1280,"height":720},{"@type":"BreadcrumbList","@id":"https:\/\/pagina10.com\/web\/petro-condecoro-a-quienes-rescataron-a-ninos-indigenas-en-la-selva\/#breadcrumb","itemListElement":[{"@type":"ListItem","position":1,"name":"Portada","item":"https:\/\/pagina10.com\/web\/"},{"@type":"ListItem","position":2,"name":"Petro condecor\u00f3 a quienes rescataron a ni\u00f1os ind\u00edgenas en la selva"}]},{"@type":"WebSite","@id":"https:\/\/pagina10.com\/web\/#website","url":"https:\/\/pagina10.com\/web\/","name":"P\u00e1gina10","description":"Peri\u00f3dico Regional","publisher":{"@id":"https:\/\/pagina10.com\/web\/#organization"},"alternateName":"P\u00e1gina10 Peri\u00f3dico Regional","potentialAction":[{"@type":"SearchAction","target":{"@type":"EntryPoint","urlTemplate":"https:\/\/pagina10.com\/web\/?s={search_term_string}"},"query-input":{"@type":"PropertyValueSpecification","valueRequired":true,"valueName":"search_term_string"}}],"inLanguage":"es"},{"@type":"Organization","@id":"https:\/\/pagina10.com\/web\/#organization","name":"P\u00e1gina10","alternateName":"P\u00e1gina10 Peri\u00f3dico Regional","url":"https:\/\/pagina10.com\/web\/","logo":{"@type":"ImageObject","inLanguage":"es","@id":"https:\/\/pagina10.com\/web\/#\/schema\/logo\/image\/","url":"https:\/\/pagina10.com\/web\/wp-content\/uploads\/2024\/01\/40-pagina-10-periodico-regional-pasto.jpg","contentUrl":"https:\/\/pagina10.com\/web\/wp-content\/uploads\/2024\/01\/40-pagina-10-periodico-regional-pasto.jpg","width":1280,"height":720,"caption":"P\u00e1gina10"},"image":{"@id":"https:\/\/pagina10.com\/web\/#\/schema\/logo\/image\/"},"sameAs":["https:\/\/www.facebook.com\/pag10com","https:\/\/x.com\/Pag10com","https:\/\/www.instagram.com\/pagina10col\/","https:\/\/youtube.com\/channel\/pag10","https:\/\/www.tiktok.com\/@p10col"]},{"@type":"Person","@id":"https:\/\/pagina10.com\/web\/#\/schema\/person\/2efc4a090d25b667d3bc796798a3a81b","name":"P\u00e1gina 10","description":"P\u00e1gina 10 es un peri\u00f3dico regional que nace en Colombia, en el departamento de Nari\u00f1o, con un enfoque global, fundamentado en cuatro pilares esenciales: la libertad, el pluralismo, la inclusi\u00f3n y la independencia. P\u00e1gina 10 hace referencia a Nari\u00f1o como el d\u00e9cimo departamento creado en Colombia, despu\u00e9s de un proceso pol\u00edtico liderado por actores y actrices regionales con el fin de obtener la independencia y autonom\u00eda de nuestros territorios. Con la creaci\u00f3n de P\u00e1gina 10 se pretende abrir un escenario para el dialogo, la reflexi\u00f3n y el debate que se extienda a otras geograf\u00edas de Am\u00e9rica Latina y del planeta, en una apuesta por transformar colectivamente los desaf\u00edos de un mundo contempor\u00e1neo, m\u00e1s all\u00e1 de las fronteras impuestas.","url":"https:\/\/pagina10.com\/web\/author\/pdiezadmin\/"}]}},"_links":{"self":[{"href":"https:\/\/pagina10.com\/web\/wp-json\/wp\/v2\/posts\/67022","targetHints":{"allow":["GET"]}}],"collection":[{"href":"https:\/\/pagina10.com\/web\/wp-json\/wp\/v2\/posts"}],"about":[{"href":"https:\/\/pagina10.com\/web\/wp-json\/wp\/v2\/types\/post"}],"author":[{"embeddable":true,"href":"https:\/\/pagina10.com\/web\/wp-json\/wp\/v2\/users\/1"}],"replies":[{"embeddable":true,"href":"https:\/\/pagina10.com\/web\/wp-json\/wp\/v2\/comments?post=67022"}],"version-history":[{"count":1,"href":"https:\/\/pagina10.com\/web\/wp-json\/wp\/v2\/posts\/67022\/revisions"}],"predecessor-version":[{"id":67024,"href":"https:\/\/pagina10.com\/web\/wp-json\/wp\/v2\/posts\/67022\/revisions\/67024"}],"wp:featuredmedia":[{"embeddable":true,"href":"https:\/\/pagina10.com\/web\/wp-json\/wp\/v2\/media\/67023"}],"wp:attachment":[{"href":"https:\/\/pagina10.com\/web\/wp-json\/wp\/v2\/media?parent=67022"}],"wp:term":[{"taxonomy":"category","embeddable":true,"href":"https:\/\/pagina10.com\/web\/wp-json\/wp\/v2\/categories?post=67022"},{"taxonomy":"post_tag","embeddable":true,"href":"https:\/\/pagina10.com\/web\/wp-json\/wp\/v2\/tags?post=67022"}],"curies":[{"name":"wp","href":"https:\/\/api.w.org\/{rel}","templated":true}]}}