{"id":67038,"date":"2023-06-28T11:36:35","date_gmt":"2023-06-28T16:36:35","guid":{"rendered":"https:\/\/pagina10.com\/web\/?p=67038"},"modified":"2023-06-28T11:36:35","modified_gmt":"2023-06-28T16:36:35","slug":"aumento-la-exportacion-y-consumo-interno-de-cafe-en-colombia","status":"publish","type":"post","link":"https:\/\/pagina10.com\/web\/aumento-la-exportacion-y-consumo-interno-de-cafe-en-colombia\/","title":{"rendered":"Aument\u00f3 la exportaci\u00f3n y consumo interno de Caf\u00e9 en Colombia"},"content":{"rendered":"<p style=\"text-align: justify;\">Las <strong>exportaciones de caf\u00e9 de Colombia experimentaron un crecimiento<\/strong> del 22% en mayo, seg\u00fan inform\u00f3 el Fondo Nacional del Caf\u00e9 (FoNC). Durante ese mes, la Federaci\u00f3n Nacional de Cafeteros export\u00f3 185 mil sacos de caf\u00e9, en comparaci\u00f3n con los 152 mil sacos exportados en el mismo per\u00edodo del a\u00f1o anterior. A nivel nacional, las exportaciones totales alcanzaron los 846.000 sacos, superando los 10,7 millones de sacos en los \u00faltimos 12 meses.<\/p>\n<p style=\"text-align: justify;\"><strong>El consumo interno de caf\u00e9 aument\u00f3 un 5%<\/strong> en mayo, equivalente a 8 mil sacos adicionales de 60 kilogramos de caf\u00e9 verde en comparaci\u00f3n con el a\u00f1o anterior. A pesar de la inflaci\u00f3n, el consumo interno pas\u00f3 de 163 mil sacos a 171 mil sacos.<\/p>\n<p style=\"text-align: justify;\">El FoNC destac\u00f3 que, en los \u00faltimos 12 meses, las condiciones clim\u00e1ticas han afectado la producci\u00f3n de caf\u00e9 en la zona cafetera del pa\u00eds, impactando en los procesos de floraci\u00f3n y llenado de grano. Adem\u00e1s, la temperatura media diaria ha disminuido, lo que ha prolongado los tiempos necesarios para la formaci\u00f3n y maduraci\u00f3n del fruto, resultando en una reducci\u00f3n en la cosecha y un retraso en la misma.<\/p>\n<p style=\"text-align: justify;\">En mayo de 2023, la producci\u00f3n de caf\u00e9 en Colombia alcanz\u00f3 los 806.000 sacos, en comparaci\u00f3n con los 1.017.000 sacos producidos en mayo de 2022, lo que representa una disminuci\u00f3n del 21%. En el periodo de enero a mayo de 2023, la producci\u00f3n se redujo un 9% a 4,06 millones de sacos, comparado con los 4,4 millones de sacos producidos en el mismo periodo del a\u00f1o anterior. En los \u00faltimos 12 meses, la producci\u00f3n de caf\u00e9 cay\u00f3 un 14%, llegando a 10,6 millones de sacos en comparaci\u00f3n con los 12,3 millones de sacos del a\u00f1o previo. A pesar de ello, <strong>se contin\u00faa exportando y tomando caf\u00e9 internamente en Colombia de manera notable.<\/strong><\/p>\n","protected":false},"excerpt":{"rendered":"<p>Las exportaciones de caf\u00e9 de Colombia experimentaron un crecimiento del 22% en mayo, seg\u00fan inform\u00f3 el Fondo Nacional del Caf\u00e9 (FoNC). Durante ese mes, la Federaci\u00f3n Nacional de Cafeteros export\u00f3 185 mil sacos de caf\u00e9, en comparaci\u00f3n con los 152 mil sacos exportados en el mismo per\u00edodo del a\u00f1o anterior. A nivel nacional, las exportaciones [&hellip;]<\/p>\n","protected":false},"author":1,"featured_media":67039,"comment_status":"open","ping_status":"open","sticky":false,"template":"","format":"standard","meta":{"footnotes":""},"categories":[94],"tags":[],"class_list":["post-67038","post","type-post","status-publish","format-standard","has-post-thumbnail","hentry","category-nacional-global-2"],"yoast_head":"<!-- This site is optimized with the Yoast SEO plugin v27.1.1 - https:\/\/yoast.com\/product\/yoast-seo-wordpress\/ -->\n<title>Aument\u00f3 la exportaci\u00f3n y consumo interno de Caf\u00e9 en Colombia | P\u00e1gina10<\/title>\n<meta name=\"robots\" content=\"index, follow, max-snippet:-1, max-image-preview:large, max-video-preview:-1\" \/>\n<link rel=\"canonical\" href=\"https:\/\/pagina10.com\/web\/aumento-la-exportacion-y-consumo-interno-de-cafe-en-colombia\/\" \/>\n<meta property=\"og:locale\" content=\"es_ES\" \/>\n<meta property=\"og:type\" content=\"article\" \/>\n<meta property=\"og:title\" content=\"Aument\u00f3 la exportaci\u00f3n y consumo interno de Caf\u00e9 en Colombia | P\u00e1gina10\" \/>\n<meta property=\"og:description\" content=\"Las exportaciones de caf\u00e9 de Colombia experimentaron un crecimiento del 22% en mayo, seg\u00fan inform\u00f3 el Fondo Nacional del Caf\u00e9 (FoNC). Durante ese mes, la Federaci\u00f3n Nacional de Cafeteros export\u00f3 185 mil sacos de caf\u00e9, en comparaci\u00f3n con los 152 mil sacos exportados en el mismo per\u00edodo del a\u00f1o anterior. A nivel nacional, las exportaciones [&hellip;]\" \/>\n<meta property=\"og:url\" content=\"https:\/\/pagina10.com\/web\/aumento-la-exportacion-y-consumo-interno-de-cafe-en-colombia\/\" \/>\n<meta property=\"og:site_name\" content=\"P\u00e1gina10\" \/>\n<meta property=\"article:publisher\" content=\"https:\/\/www.facebook.com\/pag10com\" \/>\n<meta property=\"article:published_time\" content=\"2023-06-28T16:36:35+00:00\" \/>\n<meta property=\"og:image\" content=\"https:\/\/pagina10.com\/web\/wp-content\/uploads\/2023\/06\/dyq4aiqwaaakj89.jpg\" \/>\n\t<meta property=\"og:image:width\" content=\"824\" \/>\n\t<meta property=\"og:image:height\" content=\"439\" \/>\n\t<meta property=\"og:image:type\" content=\"image\/jpeg\" \/>\n<meta name=\"author\" content=\"P\u00e1gina 10\" \/>\n<meta name=\"twitter:card\" content=\"summary_large_image\" \/>\n<meta name=\"twitter:creator\" content=\"@Pag10com\" \/>\n<meta name=\"twitter:site\" content=\"@Pag10com\" \/>\n<meta name=\"twitter:label1\" content=\"Escrito por\" \/>\n\t<meta name=\"twitter:data1\" content=\"P\u00e1gina 10\" \/>\n\t<meta name=\"twitter:label2\" content=\"Tiempo de lectura\" \/>\n\t<meta name=\"twitter:data2\" content=\"1 minuto\" \/>\n<script type=\"application\/ld+json\" class=\"yoast-schema-graph\">{\"@context\":\"https:\/\/schema.org\",\"@graph\":[{\"@type\":\"Article\",\"@id\":\"https:\/\/pagina10.com\/web\/aumento-la-exportacion-y-consumo-interno-de-cafe-en-colombia\/#article\",\"isPartOf\":{\"@id\":\"https:\/\/pagina10.com\/web\/aumento-la-exportacion-y-consumo-interno-de-cafe-en-colombia\/\"},\"author\":{\"name\":\"P\u00e1gina 10\",\"@id\":\"https:\/\/pagina10.com\/web\/#\/schema\/person\/2efc4a090d25b667d3bc796798a3a81b\"},\"headline\":\"Aument\u00f3 la exportaci\u00f3n y consumo interno de Caf\u00e9 en Colombia\",\"datePublished\":\"2023-06-28T16:36:35+00:00\",\"mainEntityOfPage\":{\"@id\":\"https:\/\/pagina10.com\/web\/aumento-la-exportacion-y-consumo-interno-de-cafe-en-colombia\/\"},\"wordCount\":307,\"commentCount\":0,\"publisher\":{\"@id\":\"https:\/\/pagina10.com\/web\/#organization\"},\"image\":{\"@id\":\"https:\/\/pagina10.com\/web\/aumento-la-exportacion-y-consumo-interno-de-cafe-en-colombia\/#primaryimage\"},\"thumbnailUrl\":\"https:\/\/pagina10.com\/web\/wp-content\/uploads\/2023\/06\/dyq4aiqwaaakj89.jpg\",\"articleSection\":[\"Nacional\"],\"inLanguage\":\"es\",\"potentialAction\":[{\"@type\":\"CommentAction\",\"name\":\"Comment\",\"target\":[\"https:\/\/pagina10.com\/web\/aumento-la-exportacion-y-consumo-interno-de-cafe-en-colombia\/#respond\"]}]},{\"@type\":\"WebPage\",\"@id\":\"https:\/\/pagina10.com\/web\/aumento-la-exportacion-y-consumo-interno-de-cafe-en-colombia\/\",\"url\":\"https:\/\/pagina10.com\/web\/aumento-la-exportacion-y-consumo-interno-de-cafe-en-colombia\/\",\"name\":\"Aument\u00f3 la exportaci\u00f3n y consumo interno de Caf\u00e9 en Colombia | P\u00e1gina10\",\"isPartOf\":{\"@id\":\"https:\/\/pagina10.com\/web\/#website\"},\"primaryImageOfPage\":{\"@id\":\"https:\/\/pagina10.com\/web\/aumento-la-exportacion-y-consumo-interno-de-cafe-en-colombia\/#primaryimage\"},\"image\":{\"@id\":\"https:\/\/pagina10.com\/web\/aumento-la-exportacion-y-consumo-interno-de-cafe-en-colombia\/#primaryimage\"},\"thumbnailUrl\":\"https:\/\/pagina10.com\/web\/wp-content\/uploads\/2023\/06\/dyq4aiqwaaakj89.jpg\",\"datePublished\":\"2023-06-28T16:36:35+00:00\",\"breadcrumb\":{\"@id\":\"https:\/\/pagina10.com\/web\/aumento-la-exportacion-y-consumo-interno-de-cafe-en-colombia\/#breadcrumb\"},\"inLanguage\":\"es\",\"potentialAction\":[{\"@type\":\"ReadAction\",\"target\":[\"https:\/\/pagina10.com\/web\/aumento-la-exportacion-y-consumo-interno-de-cafe-en-colombia\/\"]}]},{\"@type\":\"ImageObject\",\"inLanguage\":\"es\",\"@id\":\"https:\/\/pagina10.com\/web\/aumento-la-exportacion-y-consumo-interno-de-cafe-en-colombia\/#primaryimage\",\"url\":\"https:\/\/pagina10.com\/web\/wp-content\/uploads\/2023\/06\/dyq4aiqwaaakj89.jpg\",\"contentUrl\":\"https:\/\/pagina10.com\/web\/wp-content\/uploads\/2023\/06\/dyq4aiqwaaakj89.jpg\",\"width\":824,\"height\":439},{\"@type\":\"BreadcrumbList\",\"@id\":\"https:\/\/pagina10.com\/web\/aumento-la-exportacion-y-consumo-interno-de-cafe-en-colombia\/#breadcrumb\",\"itemListElement\":[{\"@type\":\"ListItem\",\"position\":1,\"name\":\"Portada\",\"item\":\"https:\/\/pagina10.com\/web\/\"},{\"@type\":\"ListItem\",\"position\":2,\"name\":\"Aument\u00f3 la exportaci\u00f3n y consumo interno de Caf\u00e9 en Colombia\"}]},{\"@type\":\"WebSite\",\"@id\":\"https:\/\/pagina10.com\/web\/#website\",\"url\":\"https:\/\/pagina10.com\/web\/\",\"name\":\"P\u00e1gina10\",\"description\":\"Peri\u00f3dico Regional\",\"publisher\":{\"@id\":\"https:\/\/pagina10.com\/web\/#organization\"},\"alternateName\":\"P\u00e1gina10 Peri\u00f3dico Regional\",\"potentialAction\":[{\"@type\":\"SearchAction\",\"target\":{\"@type\":\"EntryPoint\",\"urlTemplate\":\"https:\/\/pagina10.com\/web\/?s={search_term_string}\"},\"query-input\":{\"@type\":\"PropertyValueSpecification\",\"valueRequired\":true,\"valueName\":\"search_term_string\"}}],\"inLanguage\":\"es\"},{\"@type\":\"Organization\",\"@id\":\"https:\/\/pagina10.com\/web\/#organization\",\"name\":\"P\u00e1gina10\",\"alternateName\":\"P\u00e1gina10 Peri\u00f3dico Regional\",\"url\":\"https:\/\/pagina10.com\/web\/\",\"logo\":{\"@type\":\"ImageObject\",\"inLanguage\":\"es\",\"@id\":\"https:\/\/pagina10.com\/web\/#\/schema\/logo\/image\/\",\"url\":\"https:\/\/pagina10.com\/web\/wp-content\/uploads\/2024\/01\/40-pagina-10-periodico-regional-pasto.jpg\",\"contentUrl\":\"https:\/\/pagina10.com\/web\/wp-content\/uploads\/2024\/01\/40-pagina-10-periodico-regional-pasto.jpg\",\"width\":1280,\"height\":720,\"caption\":\"P\u00e1gina10\"},\"image\":{\"@id\":\"https:\/\/pagina10.com\/web\/#\/schema\/logo\/image\/\"},\"sameAs\":[\"https:\/\/www.facebook.com\/pag10com\",\"https:\/\/x.com\/Pag10com\",\"https:\/\/www.instagram.com\/pagina10col\/\",\"https:\/\/youtube.com\/channel\/pag10\",\"https:\/\/www.tiktok.com\/@p10col\"]},{\"@type\":\"Person\",\"@id\":\"https:\/\/pagina10.com\/web\/#\/schema\/person\/2efc4a090d25b667d3bc796798a3a81b\",\"name\":\"P\u00e1gina 10\",\"description\":\"P\u00e1gina 10 es un peri\u00f3dico regional que nace en Colombia, en el departamento de Nari\u00f1o, con un enfoque global, fundamentado en cuatro pilares esenciales: la libertad, el pluralismo, la inclusi\u00f3n y la independencia. P\u00e1gina 10 hace referencia a Nari\u00f1o como el d\u00e9cimo departamento creado en Colombia, despu\u00e9s de un proceso pol\u00edtico liderado por actores y actrices regionales con el fin de obtener la independencia y autonom\u00eda de nuestros territorios. Con la creaci\u00f3n de P\u00e1gina 10 se pretende abrir un escenario para el dialogo, la reflexi\u00f3n y el debate que se extienda a otras geograf\u00edas de Am\u00e9rica Latina y del planeta, en una apuesta por transformar colectivamente los desaf\u00edos de un mundo contempor\u00e1neo, m\u00e1s all\u00e1 de las fronteras impuestas.\",\"url\":\"https:\/\/pagina10.com\/web\/author\/pdiezadmin\/\"}]}<\/script>\n<!-- \/ Yoast SEO plugin. -->","yoast_head_json":{"title":"Aument\u00f3 la exportaci\u00f3n y consumo interno de Caf\u00e9 en Colombia | P\u00e1gina10","robots":{"index":"index","follow":"follow","max-snippet":"max-snippet:-1","max-image-preview":"max-image-preview:large","max-video-preview":"max-video-preview:-1"},"canonical":"https:\/\/pagina10.com\/web\/aumento-la-exportacion-y-consumo-interno-de-cafe-en-colombia\/","og_locale":"es_ES","og_type":"article","og_title":"Aument\u00f3 la exportaci\u00f3n y consumo interno de Caf\u00e9 en Colombia | P\u00e1gina10","og_description":"Las exportaciones de caf\u00e9 de Colombia experimentaron un crecimiento del 22% en mayo, seg\u00fan inform\u00f3 el Fondo Nacional del Caf\u00e9 (FoNC). Durante ese mes, la Federaci\u00f3n Nacional de Cafeteros export\u00f3 185 mil sacos de caf\u00e9, en comparaci\u00f3n con los 152 mil sacos exportados en el mismo per\u00edodo del a\u00f1o anterior. A nivel nacional, las exportaciones [&hellip;]","og_url":"https:\/\/pagina10.com\/web\/aumento-la-exportacion-y-consumo-interno-de-cafe-en-colombia\/","og_site_name":"P\u00e1gina10","article_publisher":"https:\/\/www.facebook.com\/pag10com","article_published_time":"2023-06-28T16:36:35+00:00","og_image":[{"width":824,"height":439,"url":"https:\/\/pagina10.com\/web\/wp-content\/uploads\/2023\/06\/dyq4aiqwaaakj89.jpg","type":"image\/jpeg"}],"author":"P\u00e1gina 10","twitter_card":"summary_large_image","twitter_creator":"@Pag10com","twitter_site":"@Pag10com","twitter_misc":{"Escrito por":"P\u00e1gina 10","Tiempo de lectura":"1 minuto"},"schema":{"@context":"https:\/\/schema.org","@graph":[{"@type":"Article","@id":"https:\/\/pagina10.com\/web\/aumento-la-exportacion-y-consumo-interno-de-cafe-en-colombia\/#article","isPartOf":{"@id":"https:\/\/pagina10.com\/web\/aumento-la-exportacion-y-consumo-interno-de-cafe-en-colombia\/"},"author":{"name":"P\u00e1gina 10","@id":"https:\/\/pagina10.com\/web\/#\/schema\/person\/2efc4a090d25b667d3bc796798a3a81b"},"headline":"Aument\u00f3 la exportaci\u00f3n y consumo interno de Caf\u00e9 en Colombia","datePublished":"2023-06-28T16:36:35+00:00","mainEntityOfPage":{"@id":"https:\/\/pagina10.com\/web\/aumento-la-exportacion-y-consumo-interno-de-cafe-en-colombia\/"},"wordCount":307,"commentCount":0,"publisher":{"@id":"https:\/\/pagina10.com\/web\/#organization"},"image":{"@id":"https:\/\/pagina10.com\/web\/aumento-la-exportacion-y-consumo-interno-de-cafe-en-colombia\/#primaryimage"},"thumbnailUrl":"https:\/\/pagina10.com\/web\/wp-content\/uploads\/2023\/06\/dyq4aiqwaaakj89.jpg","articleSection":["Nacional"],"inLanguage":"es","potentialAction":[{"@type":"CommentAction","name":"Comment","target":["https:\/\/pagina10.com\/web\/aumento-la-exportacion-y-consumo-interno-de-cafe-en-colombia\/#respond"]}]},{"@type":"WebPage","@id":"https:\/\/pagina10.com\/web\/aumento-la-exportacion-y-consumo-interno-de-cafe-en-colombia\/","url":"https:\/\/pagina10.com\/web\/aumento-la-exportacion-y-consumo-interno-de-cafe-en-colombia\/","name":"Aument\u00f3 la exportaci\u00f3n y consumo interno de Caf\u00e9 en Colombia | P\u00e1gina10","isPartOf":{"@id":"https:\/\/pagina10.com\/web\/#website"},"primaryImageOfPage":{"@id":"https:\/\/pagina10.com\/web\/aumento-la-exportacion-y-consumo-interno-de-cafe-en-colombia\/#primaryimage"},"image":{"@id":"https:\/\/pagina10.com\/web\/aumento-la-exportacion-y-consumo-interno-de-cafe-en-colombia\/#primaryimage"},"thumbnailUrl":"https:\/\/pagina10.com\/web\/wp-content\/uploads\/2023\/06\/dyq4aiqwaaakj89.jpg","datePublished":"2023-06-28T16:36:35+00:00","breadcrumb":{"@id":"https:\/\/pagina10.com\/web\/aumento-la-exportacion-y-consumo-interno-de-cafe-en-colombia\/#breadcrumb"},"inLanguage":"es","potentialAction":[{"@type":"ReadAction","target":["https:\/\/pagina10.com\/web\/aumento-la-exportacion-y-consumo-interno-de-cafe-en-colombia\/"]}]},{"@type":"ImageObject","inLanguage":"es","@id":"https:\/\/pagina10.com\/web\/aumento-la-exportacion-y-consumo-interno-de-cafe-en-colombia\/#primaryimage","url":"https:\/\/pagina10.com\/web\/wp-content\/uploads\/2023\/06\/dyq4aiqwaaakj89.jpg","contentUrl":"https:\/\/pagina10.com\/web\/wp-content\/uploads\/2023\/06\/dyq4aiqwaaakj89.jpg","width":824,"height":439},{"@type":"BreadcrumbList","@id":"https:\/\/pagina10.com\/web\/aumento-la-exportacion-y-consumo-interno-de-cafe-en-colombia\/#breadcrumb","itemListElement":[{"@type":"ListItem","position":1,"name":"Portada","item":"https:\/\/pagina10.com\/web\/"},{"@type":"ListItem","position":2,"name":"Aument\u00f3 la exportaci\u00f3n y consumo interno de Caf\u00e9 en Colombia"}]},{"@type":"WebSite","@id":"https:\/\/pagina10.com\/web\/#website","url":"https:\/\/pagina10.com\/web\/","name":"P\u00e1gina10","description":"Peri\u00f3dico Regional","publisher":{"@id":"https:\/\/pagina10.com\/web\/#organization"},"alternateName":"P\u00e1gina10 Peri\u00f3dico Regional","potentialAction":[{"@type":"SearchAction","target":{"@type":"EntryPoint","urlTemplate":"https:\/\/pagina10.com\/web\/?s={search_term_string}"},"query-input":{"@type":"PropertyValueSpecification","valueRequired":true,"valueName":"search_term_string"}}],"inLanguage":"es"},{"@type":"Organization","@id":"https:\/\/pagina10.com\/web\/#organization","name":"P\u00e1gina10","alternateName":"P\u00e1gina10 Peri\u00f3dico Regional","url":"https:\/\/pagina10.com\/web\/","logo":{"@type":"ImageObject","inLanguage":"es","@id":"https:\/\/pagina10.com\/web\/#\/schema\/logo\/image\/","url":"https:\/\/pagina10.com\/web\/wp-content\/uploads\/2024\/01\/40-pagina-10-periodico-regional-pasto.jpg","contentUrl":"https:\/\/pagina10.com\/web\/wp-content\/uploads\/2024\/01\/40-pagina-10-periodico-regional-pasto.jpg","width":1280,"height":720,"caption":"P\u00e1gina10"},"image":{"@id":"https:\/\/pagina10.com\/web\/#\/schema\/logo\/image\/"},"sameAs":["https:\/\/www.facebook.com\/pag10com","https:\/\/x.com\/Pag10com","https:\/\/www.instagram.com\/pagina10col\/","https:\/\/youtube.com\/channel\/pag10","https:\/\/www.tiktok.com\/@p10col"]},{"@type":"Person","@id":"https:\/\/pagina10.com\/web\/#\/schema\/person\/2efc4a090d25b667d3bc796798a3a81b","name":"P\u00e1gina 10","description":"P\u00e1gina 10 es un peri\u00f3dico regional que nace en Colombia, en el departamento de Nari\u00f1o, con un enfoque global, fundamentado en cuatro pilares esenciales: la libertad, el pluralismo, la inclusi\u00f3n y la independencia. P\u00e1gina 10 hace referencia a Nari\u00f1o como el d\u00e9cimo departamento creado en Colombia, despu\u00e9s de un proceso pol\u00edtico liderado por actores y actrices regionales con el fin de obtener la independencia y autonom\u00eda de nuestros territorios. Con la creaci\u00f3n de P\u00e1gina 10 se pretende abrir un escenario para el dialogo, la reflexi\u00f3n y el debate que se extienda a otras geograf\u00edas de Am\u00e9rica Latina y del planeta, en una apuesta por transformar colectivamente los desaf\u00edos de un mundo contempor\u00e1neo, m\u00e1s all\u00e1 de las fronteras impuestas.","url":"https:\/\/pagina10.com\/web\/author\/pdiezadmin\/"}]}},"_links":{"self":[{"href":"https:\/\/pagina10.com\/web\/wp-json\/wp\/v2\/posts\/67038","targetHints":{"allow":["GET"]}}],"collection":[{"href":"https:\/\/pagina10.com\/web\/wp-json\/wp\/v2\/posts"}],"about":[{"href":"https:\/\/pagina10.com\/web\/wp-json\/wp\/v2\/types\/post"}],"author":[{"embeddable":true,"href":"https:\/\/pagina10.com\/web\/wp-json\/wp\/v2\/users\/1"}],"replies":[{"embeddable":true,"href":"https:\/\/pagina10.com\/web\/wp-json\/wp\/v2\/comments?post=67038"}],"version-history":[{"count":1,"href":"https:\/\/pagina10.com\/web\/wp-json\/wp\/v2\/posts\/67038\/revisions"}],"predecessor-version":[{"id":67040,"href":"https:\/\/pagina10.com\/web\/wp-json\/wp\/v2\/posts\/67038\/revisions\/67040"}],"wp:featuredmedia":[{"embeddable":true,"href":"https:\/\/pagina10.com\/web\/wp-json\/wp\/v2\/media\/67039"}],"wp:attachment":[{"href":"https:\/\/pagina10.com\/web\/wp-json\/wp\/v2\/media?parent=67038"}],"wp:term":[{"taxonomy":"category","embeddable":true,"href":"https:\/\/pagina10.com\/web\/wp-json\/wp\/v2\/categories?post=67038"},{"taxonomy":"post_tag","embeddable":true,"href":"https:\/\/pagina10.com\/web\/wp-json\/wp\/v2\/tags?post=67038"}],"curies":[{"name":"wp","href":"https:\/\/api.w.org\/{rel}","templated":true}]}}