{"id":67041,"date":"2023-06-28T11:40:01","date_gmt":"2023-06-28T16:40:01","guid":{"rendered":"https:\/\/pagina10.com\/web\/?p=67041"},"modified":"2023-06-28T11:40:01","modified_gmt":"2023-06-28T16:40:01","slug":"corte-constitucional-podria-tumbar-la-ley-de-paz-total-de-petro","status":"publish","type":"post","link":"https:\/\/pagina10.com\/web\/corte-constitucional-podria-tumbar-la-ley-de-paz-total-de-petro\/","title":{"rendered":"Corte Constitucional podr\u00eda tumbar la ley de paz total de Petro"},"content":{"rendered":"<p style=\"text-align: justify;\">Este 26 de junio, se present\u00f3 ante los 9 magistrados de la Corte Constitucional la ponencia para el estudio de la ley de paz total, una de las principales apuestas del Gobierno de Gustavo Petro. Sin embargo, el documento plantea lo contrario a los intereses del Ejecutivo y solicita su eliminaci\u00f3n.<\/p>\n<p style=\"text-align: justify;\">El magistrado Jorge Enrique Ib\u00e1\u00f1ez se\u00f1al\u00f3 en su an\u00e1lisis jur\u00eddico que esta ley present\u00f3 irregularidades en su tr\u00e1mite, incluyendo la falta de un concepto previo solicitado al Consejo de Pol\u00edtica Criminal.<\/p>\n<p style=\"text-align: justify;\">La norma en cuesti\u00f3n es la 2272 de 2022, en la cual Petro, al inicio de su administraci\u00f3n y a\u00fan con el respaldo de una coalici\u00f3n pol\u00edtica, realiz\u00f3 modificaciones a la ley de orden p\u00fablico para facilitar el di\u00e1logo con grupos ilegales como el Clan del Golfo o las narcobandas que operan en el Valle de Aburr\u00e1, con los cuales ya se ha establecido una mesa de negociaci\u00f3n.<\/p>\n","protected":false},"excerpt":{"rendered":"<p>Este 26 de junio, se present\u00f3 ante los 9 magistrados de la Corte Constitucional la ponencia para el estudio de la ley de paz total, una de las principales apuestas del Gobierno de Gustavo Petro. Sin embargo, el documento plantea lo contrario a los intereses del Ejecutivo y solicita su eliminaci\u00f3n. El magistrado Jorge Enrique [&hellip;]<\/p>\n","protected":false},"author":1,"featured_media":67042,"comment_status":"open","ping_status":"open","sticky":false,"template":"","format":"standard","meta":{"footnotes":""},"categories":[94],"tags":[],"class_list":["post-67041","post","type-post","status-publish","format-standard","has-post-thumbnail","hentry","category-nacional-global-2"],"yoast_head":"<!-- This site is optimized with the Yoast SEO plugin v27.1.1 - https:\/\/yoast.com\/product\/yoast-seo-wordpress\/ -->\n<title>Corte Constitucional podr\u00eda tumbar la ley de paz total de Petro | P\u00e1gina10<\/title>\n<meta name=\"robots\" content=\"index, follow, max-snippet:-1, max-image-preview:large, max-video-preview:-1\" \/>\n<link rel=\"canonical\" href=\"https:\/\/pagina10.com\/web\/corte-constitucional-podria-tumbar-la-ley-de-paz-total-de-petro\/\" \/>\n<meta property=\"og:locale\" content=\"es_ES\" \/>\n<meta property=\"og:type\" content=\"article\" \/>\n<meta property=\"og:title\" content=\"Corte Constitucional podr\u00eda tumbar la ley de paz total de Petro | P\u00e1gina10\" \/>\n<meta property=\"og:description\" content=\"Este 26 de junio, se present\u00f3 ante los 9 magistrados de la Corte Constitucional la ponencia para el estudio de la ley de paz total, una de las principales apuestas del Gobierno de Gustavo Petro. Sin embargo, el documento plantea lo contrario a los intereses del Ejecutivo y solicita su eliminaci\u00f3n. El magistrado Jorge Enrique [&hellip;]\" \/>\n<meta property=\"og:url\" content=\"https:\/\/pagina10.com\/web\/corte-constitucional-podria-tumbar-la-ley-de-paz-total-de-petro\/\" \/>\n<meta property=\"og:site_name\" content=\"P\u00e1gina10\" \/>\n<meta property=\"article:publisher\" content=\"https:\/\/www.facebook.com\/pag10com\" \/>\n<meta property=\"article:published_time\" content=\"2023-06-28T16:40:01+00:00\" \/>\n<meta property=\"og:image\" content=\"https:\/\/pagina10.com\/web\/wp-content\/uploads\/2023\/06\/pforodelamujer-23-jpg_42660396_20230623195501.jpg\" \/>\n\t<meta property=\"og:image:width\" content=\"780\" \/>\n\t<meta property=\"og:image:height\" content=\"565\" \/>\n\t<meta property=\"og:image:type\" content=\"image\/jpeg\" \/>\n<meta name=\"author\" content=\"P\u00e1gina 10\" \/>\n<meta name=\"twitter:card\" content=\"summary_large_image\" \/>\n<meta name=\"twitter:creator\" content=\"@Pag10com\" \/>\n<meta name=\"twitter:site\" content=\"@Pag10com\" \/>\n<meta name=\"twitter:label1\" content=\"Escrito por\" \/>\n\t<meta name=\"twitter:data1\" content=\"P\u00e1gina 10\" \/>\n\t<meta name=\"twitter:label2\" content=\"Tiempo de lectura\" \/>\n\t<meta name=\"twitter:data2\" content=\"1 minuto\" \/>\n<script type=\"application\/ld+json\" class=\"yoast-schema-graph\">{\"@context\":\"https:\/\/schema.org\",\"@graph\":[{\"@type\":\"Article\",\"@id\":\"https:\/\/pagina10.com\/web\/corte-constitucional-podria-tumbar-la-ley-de-paz-total-de-petro\/#article\",\"isPartOf\":{\"@id\":\"https:\/\/pagina10.com\/web\/corte-constitucional-podria-tumbar-la-ley-de-paz-total-de-petro\/\"},\"author\":{\"name\":\"P\u00e1gina 10\",\"@id\":\"https:\/\/pagina10.com\/web\/#\/schema\/person\/2efc4a090d25b667d3bc796798a3a81b\"},\"headline\":\"Corte Constitucional podr\u00eda tumbar la ley de paz total de Petro\",\"datePublished\":\"2023-06-28T16:40:01+00:00\",\"mainEntityOfPage\":{\"@id\":\"https:\/\/pagina10.com\/web\/corte-constitucional-podria-tumbar-la-ley-de-paz-total-de-petro\/\"},\"wordCount\":173,\"commentCount\":0,\"publisher\":{\"@id\":\"https:\/\/pagina10.com\/web\/#organization\"},\"image\":{\"@id\":\"https:\/\/pagina10.com\/web\/corte-constitucional-podria-tumbar-la-ley-de-paz-total-de-petro\/#primaryimage\"},\"thumbnailUrl\":\"https:\/\/pagina10.com\/web\/wp-content\/uploads\/2023\/06\/pforodelamujer-23-jpg_42660396_20230623195501.jpg\",\"articleSection\":[\"Nacional\"],\"inLanguage\":\"es\",\"potentialAction\":[{\"@type\":\"CommentAction\",\"name\":\"Comment\",\"target\":[\"https:\/\/pagina10.com\/web\/corte-constitucional-podria-tumbar-la-ley-de-paz-total-de-petro\/#respond\"]}]},{\"@type\":\"WebPage\",\"@id\":\"https:\/\/pagina10.com\/web\/corte-constitucional-podria-tumbar-la-ley-de-paz-total-de-petro\/\",\"url\":\"https:\/\/pagina10.com\/web\/corte-constitucional-podria-tumbar-la-ley-de-paz-total-de-petro\/\",\"name\":\"Corte Constitucional podr\u00eda tumbar la ley de paz total de Petro | P\u00e1gina10\",\"isPartOf\":{\"@id\":\"https:\/\/pagina10.com\/web\/#website\"},\"primaryImageOfPage\":{\"@id\":\"https:\/\/pagina10.com\/web\/corte-constitucional-podria-tumbar-la-ley-de-paz-total-de-petro\/#primaryimage\"},\"image\":{\"@id\":\"https:\/\/pagina10.com\/web\/corte-constitucional-podria-tumbar-la-ley-de-paz-total-de-petro\/#primaryimage\"},\"thumbnailUrl\":\"https:\/\/pagina10.com\/web\/wp-content\/uploads\/2023\/06\/pforodelamujer-23-jpg_42660396_20230623195501.jpg\",\"datePublished\":\"2023-06-28T16:40:01+00:00\",\"breadcrumb\":{\"@id\":\"https:\/\/pagina10.com\/web\/corte-constitucional-podria-tumbar-la-ley-de-paz-total-de-petro\/#breadcrumb\"},\"inLanguage\":\"es\",\"potentialAction\":[{\"@type\":\"ReadAction\",\"target\":[\"https:\/\/pagina10.com\/web\/corte-constitucional-podria-tumbar-la-ley-de-paz-total-de-petro\/\"]}]},{\"@type\":\"ImageObject\",\"inLanguage\":\"es\",\"@id\":\"https:\/\/pagina10.com\/web\/corte-constitucional-podria-tumbar-la-ley-de-paz-total-de-petro\/#primaryimage\",\"url\":\"https:\/\/pagina10.com\/web\/wp-content\/uploads\/2023\/06\/pforodelamujer-23-jpg_42660396_20230623195501.jpg\",\"contentUrl\":\"https:\/\/pagina10.com\/web\/wp-content\/uploads\/2023\/06\/pforodelamujer-23-jpg_42660396_20230623195501.jpg\",\"width\":780,\"height\":565},{\"@type\":\"BreadcrumbList\",\"@id\":\"https:\/\/pagina10.com\/web\/corte-constitucional-podria-tumbar-la-ley-de-paz-total-de-petro\/#breadcrumb\",\"itemListElement\":[{\"@type\":\"ListItem\",\"position\":1,\"name\":\"Portada\",\"item\":\"https:\/\/pagina10.com\/web\/\"},{\"@type\":\"ListItem\",\"position\":2,\"name\":\"Corte Constitucional podr\u00eda tumbar la ley de paz total de Petro\"}]},{\"@type\":\"WebSite\",\"@id\":\"https:\/\/pagina10.com\/web\/#website\",\"url\":\"https:\/\/pagina10.com\/web\/\",\"name\":\"P\u00e1gina10\",\"description\":\"Peri\u00f3dico Regional\",\"publisher\":{\"@id\":\"https:\/\/pagina10.com\/web\/#organization\"},\"alternateName\":\"P\u00e1gina10 Peri\u00f3dico Regional\",\"potentialAction\":[{\"@type\":\"SearchAction\",\"target\":{\"@type\":\"EntryPoint\",\"urlTemplate\":\"https:\/\/pagina10.com\/web\/?s={search_term_string}\"},\"query-input\":{\"@type\":\"PropertyValueSpecification\",\"valueRequired\":true,\"valueName\":\"search_term_string\"}}],\"inLanguage\":\"es\"},{\"@type\":\"Organization\",\"@id\":\"https:\/\/pagina10.com\/web\/#organization\",\"name\":\"P\u00e1gina10\",\"alternateName\":\"P\u00e1gina10 Peri\u00f3dico Regional\",\"url\":\"https:\/\/pagina10.com\/web\/\",\"logo\":{\"@type\":\"ImageObject\",\"inLanguage\":\"es\",\"@id\":\"https:\/\/pagina10.com\/web\/#\/schema\/logo\/image\/\",\"url\":\"https:\/\/pagina10.com\/web\/wp-content\/uploads\/2024\/01\/40-pagina-10-periodico-regional-pasto.jpg\",\"contentUrl\":\"https:\/\/pagina10.com\/web\/wp-content\/uploads\/2024\/01\/40-pagina-10-periodico-regional-pasto.jpg\",\"width\":1280,\"height\":720,\"caption\":\"P\u00e1gina10\"},\"image\":{\"@id\":\"https:\/\/pagina10.com\/web\/#\/schema\/logo\/image\/\"},\"sameAs\":[\"https:\/\/www.facebook.com\/pag10com\",\"https:\/\/x.com\/Pag10com\",\"https:\/\/www.instagram.com\/pagina10col\/\",\"https:\/\/youtube.com\/channel\/pag10\",\"https:\/\/www.tiktok.com\/@p10col\"]},{\"@type\":\"Person\",\"@id\":\"https:\/\/pagina10.com\/web\/#\/schema\/person\/2efc4a090d25b667d3bc796798a3a81b\",\"name\":\"P\u00e1gina 10\",\"description\":\"P\u00e1gina 10 es un peri\u00f3dico regional que nace en Colombia, en el departamento de Nari\u00f1o, con un enfoque global, fundamentado en cuatro pilares esenciales: la libertad, el pluralismo, la inclusi\u00f3n y la independencia. P\u00e1gina 10 hace referencia a Nari\u00f1o como el d\u00e9cimo departamento creado en Colombia, despu\u00e9s de un proceso pol\u00edtico liderado por actores y actrices regionales con el fin de obtener la independencia y autonom\u00eda de nuestros territorios. Con la creaci\u00f3n de P\u00e1gina 10 se pretende abrir un escenario para el dialogo, la reflexi\u00f3n y el debate que se extienda a otras geograf\u00edas de Am\u00e9rica Latina y del planeta, en una apuesta por transformar colectivamente los desaf\u00edos de un mundo contempor\u00e1neo, m\u00e1s all\u00e1 de las fronteras impuestas.\",\"url\":\"https:\/\/pagina10.com\/web\/author\/pdiezadmin\/\"}]}<\/script>\n<!-- \/ Yoast SEO plugin. -->","yoast_head_json":{"title":"Corte Constitucional podr\u00eda tumbar la ley de paz total de Petro | P\u00e1gina10","robots":{"index":"index","follow":"follow","max-snippet":"max-snippet:-1","max-image-preview":"max-image-preview:large","max-video-preview":"max-video-preview:-1"},"canonical":"https:\/\/pagina10.com\/web\/corte-constitucional-podria-tumbar-la-ley-de-paz-total-de-petro\/","og_locale":"es_ES","og_type":"article","og_title":"Corte Constitucional podr\u00eda tumbar la ley de paz total de Petro | P\u00e1gina10","og_description":"Este 26 de junio, se present\u00f3 ante los 9 magistrados de la Corte Constitucional la ponencia para el estudio de la ley de paz total, una de las principales apuestas del Gobierno de Gustavo Petro. Sin embargo, el documento plantea lo contrario a los intereses del Ejecutivo y solicita su eliminaci\u00f3n. El magistrado Jorge Enrique [&hellip;]","og_url":"https:\/\/pagina10.com\/web\/corte-constitucional-podria-tumbar-la-ley-de-paz-total-de-petro\/","og_site_name":"P\u00e1gina10","article_publisher":"https:\/\/www.facebook.com\/pag10com","article_published_time":"2023-06-28T16:40:01+00:00","og_image":[{"width":780,"height":565,"url":"https:\/\/pagina10.com\/web\/wp-content\/uploads\/2023\/06\/pforodelamujer-23-jpg_42660396_20230623195501.jpg","type":"image\/jpeg"}],"author":"P\u00e1gina 10","twitter_card":"summary_large_image","twitter_creator":"@Pag10com","twitter_site":"@Pag10com","twitter_misc":{"Escrito por":"P\u00e1gina 10","Tiempo de lectura":"1 minuto"},"schema":{"@context":"https:\/\/schema.org","@graph":[{"@type":"Article","@id":"https:\/\/pagina10.com\/web\/corte-constitucional-podria-tumbar-la-ley-de-paz-total-de-petro\/#article","isPartOf":{"@id":"https:\/\/pagina10.com\/web\/corte-constitucional-podria-tumbar-la-ley-de-paz-total-de-petro\/"},"author":{"name":"P\u00e1gina 10","@id":"https:\/\/pagina10.com\/web\/#\/schema\/person\/2efc4a090d25b667d3bc796798a3a81b"},"headline":"Corte Constitucional podr\u00eda tumbar la ley de paz total de Petro","datePublished":"2023-06-28T16:40:01+00:00","mainEntityOfPage":{"@id":"https:\/\/pagina10.com\/web\/corte-constitucional-podria-tumbar-la-ley-de-paz-total-de-petro\/"},"wordCount":173,"commentCount":0,"publisher":{"@id":"https:\/\/pagina10.com\/web\/#organization"},"image":{"@id":"https:\/\/pagina10.com\/web\/corte-constitucional-podria-tumbar-la-ley-de-paz-total-de-petro\/#primaryimage"},"thumbnailUrl":"https:\/\/pagina10.com\/web\/wp-content\/uploads\/2023\/06\/pforodelamujer-23-jpg_42660396_20230623195501.jpg","articleSection":["Nacional"],"inLanguage":"es","potentialAction":[{"@type":"CommentAction","name":"Comment","target":["https:\/\/pagina10.com\/web\/corte-constitucional-podria-tumbar-la-ley-de-paz-total-de-petro\/#respond"]}]},{"@type":"WebPage","@id":"https:\/\/pagina10.com\/web\/corte-constitucional-podria-tumbar-la-ley-de-paz-total-de-petro\/","url":"https:\/\/pagina10.com\/web\/corte-constitucional-podria-tumbar-la-ley-de-paz-total-de-petro\/","name":"Corte Constitucional podr\u00eda tumbar la ley de paz total de Petro | P\u00e1gina10","isPartOf":{"@id":"https:\/\/pagina10.com\/web\/#website"},"primaryImageOfPage":{"@id":"https:\/\/pagina10.com\/web\/corte-constitucional-podria-tumbar-la-ley-de-paz-total-de-petro\/#primaryimage"},"image":{"@id":"https:\/\/pagina10.com\/web\/corte-constitucional-podria-tumbar-la-ley-de-paz-total-de-petro\/#primaryimage"},"thumbnailUrl":"https:\/\/pagina10.com\/web\/wp-content\/uploads\/2023\/06\/pforodelamujer-23-jpg_42660396_20230623195501.jpg","datePublished":"2023-06-28T16:40:01+00:00","breadcrumb":{"@id":"https:\/\/pagina10.com\/web\/corte-constitucional-podria-tumbar-la-ley-de-paz-total-de-petro\/#breadcrumb"},"inLanguage":"es","potentialAction":[{"@type":"ReadAction","target":["https:\/\/pagina10.com\/web\/corte-constitucional-podria-tumbar-la-ley-de-paz-total-de-petro\/"]}]},{"@type":"ImageObject","inLanguage":"es","@id":"https:\/\/pagina10.com\/web\/corte-constitucional-podria-tumbar-la-ley-de-paz-total-de-petro\/#primaryimage","url":"https:\/\/pagina10.com\/web\/wp-content\/uploads\/2023\/06\/pforodelamujer-23-jpg_42660396_20230623195501.jpg","contentUrl":"https:\/\/pagina10.com\/web\/wp-content\/uploads\/2023\/06\/pforodelamujer-23-jpg_42660396_20230623195501.jpg","width":780,"height":565},{"@type":"BreadcrumbList","@id":"https:\/\/pagina10.com\/web\/corte-constitucional-podria-tumbar-la-ley-de-paz-total-de-petro\/#breadcrumb","itemListElement":[{"@type":"ListItem","position":1,"name":"Portada","item":"https:\/\/pagina10.com\/web\/"},{"@type":"ListItem","position":2,"name":"Corte Constitucional podr\u00eda tumbar la ley de paz total de Petro"}]},{"@type":"WebSite","@id":"https:\/\/pagina10.com\/web\/#website","url":"https:\/\/pagina10.com\/web\/","name":"P\u00e1gina10","description":"Peri\u00f3dico Regional","publisher":{"@id":"https:\/\/pagina10.com\/web\/#organization"},"alternateName":"P\u00e1gina10 Peri\u00f3dico Regional","potentialAction":[{"@type":"SearchAction","target":{"@type":"EntryPoint","urlTemplate":"https:\/\/pagina10.com\/web\/?s={search_term_string}"},"query-input":{"@type":"PropertyValueSpecification","valueRequired":true,"valueName":"search_term_string"}}],"inLanguage":"es"},{"@type":"Organization","@id":"https:\/\/pagina10.com\/web\/#organization","name":"P\u00e1gina10","alternateName":"P\u00e1gina10 Peri\u00f3dico Regional","url":"https:\/\/pagina10.com\/web\/","logo":{"@type":"ImageObject","inLanguage":"es","@id":"https:\/\/pagina10.com\/web\/#\/schema\/logo\/image\/","url":"https:\/\/pagina10.com\/web\/wp-content\/uploads\/2024\/01\/40-pagina-10-periodico-regional-pasto.jpg","contentUrl":"https:\/\/pagina10.com\/web\/wp-content\/uploads\/2024\/01\/40-pagina-10-periodico-regional-pasto.jpg","width":1280,"height":720,"caption":"P\u00e1gina10"},"image":{"@id":"https:\/\/pagina10.com\/web\/#\/schema\/logo\/image\/"},"sameAs":["https:\/\/www.facebook.com\/pag10com","https:\/\/x.com\/Pag10com","https:\/\/www.instagram.com\/pagina10col\/","https:\/\/youtube.com\/channel\/pag10","https:\/\/www.tiktok.com\/@p10col"]},{"@type":"Person","@id":"https:\/\/pagina10.com\/web\/#\/schema\/person\/2efc4a090d25b667d3bc796798a3a81b","name":"P\u00e1gina 10","description":"P\u00e1gina 10 es un peri\u00f3dico regional que nace en Colombia, en el departamento de Nari\u00f1o, con un enfoque global, fundamentado en cuatro pilares esenciales: la libertad, el pluralismo, la inclusi\u00f3n y la independencia. P\u00e1gina 10 hace referencia a Nari\u00f1o como el d\u00e9cimo departamento creado en Colombia, despu\u00e9s de un proceso pol\u00edtico liderado por actores y actrices regionales con el fin de obtener la independencia y autonom\u00eda de nuestros territorios. Con la creaci\u00f3n de P\u00e1gina 10 se pretende abrir un escenario para el dialogo, la reflexi\u00f3n y el debate que se extienda a otras geograf\u00edas de Am\u00e9rica Latina y del planeta, en una apuesta por transformar colectivamente los desaf\u00edos de un mundo contempor\u00e1neo, m\u00e1s all\u00e1 de las fronteras impuestas.","url":"https:\/\/pagina10.com\/web\/author\/pdiezadmin\/"}]}},"_links":{"self":[{"href":"https:\/\/pagina10.com\/web\/wp-json\/wp\/v2\/posts\/67041","targetHints":{"allow":["GET"]}}],"collection":[{"href":"https:\/\/pagina10.com\/web\/wp-json\/wp\/v2\/posts"}],"about":[{"href":"https:\/\/pagina10.com\/web\/wp-json\/wp\/v2\/types\/post"}],"author":[{"embeddable":true,"href":"https:\/\/pagina10.com\/web\/wp-json\/wp\/v2\/users\/1"}],"replies":[{"embeddable":true,"href":"https:\/\/pagina10.com\/web\/wp-json\/wp\/v2\/comments?post=67041"}],"version-history":[{"count":1,"href":"https:\/\/pagina10.com\/web\/wp-json\/wp\/v2\/posts\/67041\/revisions"}],"predecessor-version":[{"id":67043,"href":"https:\/\/pagina10.com\/web\/wp-json\/wp\/v2\/posts\/67041\/revisions\/67043"}],"wp:featuredmedia":[{"embeddable":true,"href":"https:\/\/pagina10.com\/web\/wp-json\/wp\/v2\/media\/67042"}],"wp:attachment":[{"href":"https:\/\/pagina10.com\/web\/wp-json\/wp\/v2\/media?parent=67041"}],"wp:term":[{"taxonomy":"category","embeddable":true,"href":"https:\/\/pagina10.com\/web\/wp-json\/wp\/v2\/categories?post=67041"},{"taxonomy":"post_tag","embeddable":true,"href":"https:\/\/pagina10.com\/web\/wp-json\/wp\/v2\/tags?post=67041"}],"curies":[{"name":"wp","href":"https:\/\/api.w.org\/{rel}","templated":true}]}}