{"id":67078,"date":"2023-06-29T13:37:43","date_gmt":"2023-06-29T18:37:43","guid":{"rendered":"https:\/\/pagina10.com\/web\/?p=67078"},"modified":"2023-06-29T13:37:43","modified_gmt":"2023-06-29T18:37:43","slug":"petro-tuvo-problemas-de-salud-en-su-visita-a-la-guajira","status":"publish","type":"post","link":"https:\/\/pagina10.com\/web\/petro-tuvo-problemas-de-salud-en-su-visita-a-la-guajira\/","title":{"rendered":"Petro tuvo problemas de salud en su visita a la Guajira."},"content":{"rendered":"<p style=\"text-align: justify;\">La jornada del martes comenz\u00f3 a las 7:00 de la ma\u00f1ana con un Consejo de Seguridad en La Guajira, en el marco de la gira que est\u00e1 realizando todo el gabinete en este departamento, encabezada por el presidente Gustavo Petro.<\/p>\n<p style=\"text-align: justify;\">No obstante, alrededor del mediod\u00eda, el mandatario no estuvo presente en un evento en el que se llev\u00f3 a cabo la entrega de tierras a comunidades ind\u00edgenas, afrocolombianas y excombatientes de las FARC. Por lo tanto, la vicepresidenta Francia M\u00e1rquez lider\u00f3 el evento en la Sierra Nevada.<\/p>\n<p style=\"text-align: justify;\">Desde la Casa de Nari\u00f1o, confirmaron que el presidente no pudo asistir al evento debido a quebrantos de salud y tom\u00f3 la decisi\u00f3n de no asistir como medida preventiva.<\/p>\n","protected":false},"excerpt":{"rendered":"<p>La jornada del martes comenz\u00f3 a las 7:00 de la ma\u00f1ana con un Consejo de Seguridad en La Guajira, en el marco de la gira que est\u00e1 realizando todo el gabinete en este departamento, encabezada por el presidente Gustavo Petro. No obstante, alrededor del mediod\u00eda, el mandatario no estuvo presente en un evento en el [&hellip;]<\/p>\n","protected":false},"author":1,"featured_media":67079,"comment_status":"open","ping_status":"open","sticky":false,"template":"","format":"standard","meta":{"footnotes":""},"categories":[94],"tags":[],"class_list":["post-67078","post","type-post","status-publish","format-standard","has-post-thumbnail","hentry","category-nacional-global-2"],"yoast_head":"<!-- This site is optimized with the Yoast SEO plugin v27.1.1 - https:\/\/yoast.com\/product\/yoast-seo-wordpress\/ -->\n<title>Petro tuvo problemas de salud en su visita a la Guajira. | P\u00e1gina10<\/title>\n<meta name=\"robots\" content=\"index, follow, max-snippet:-1, max-image-preview:large, max-video-preview:-1\" \/>\n<link rel=\"canonical\" href=\"https:\/\/pagina10.com\/web\/petro-tuvo-problemas-de-salud-en-su-visita-a-la-guajira\/\" \/>\n<meta property=\"og:locale\" content=\"es_ES\" \/>\n<meta property=\"og:type\" content=\"article\" \/>\n<meta property=\"og:title\" content=\"Petro tuvo problemas de salud en su visita a la Guajira. | P\u00e1gina10\" \/>\n<meta property=\"og:description\" content=\"La jornada del martes comenz\u00f3 a las 7:00 de la ma\u00f1ana con un Consejo de Seguridad en La Guajira, en el marco de la gira que est\u00e1 realizando todo el gabinete en este departamento, encabezada por el presidente Gustavo Petro. No obstante, alrededor del mediod\u00eda, el mandatario no estuvo presente en un evento en el [&hellip;]\" \/>\n<meta property=\"og:url\" content=\"https:\/\/pagina10.com\/web\/petro-tuvo-problemas-de-salud-en-su-visita-a-la-guajira\/\" \/>\n<meta property=\"og:site_name\" content=\"P\u00e1gina10\" \/>\n<meta property=\"article:publisher\" content=\"https:\/\/www.facebook.com\/pag10com\" \/>\n<meta property=\"article:published_time\" content=\"2023-06-29T18:37:43+00:00\" \/>\n<meta property=\"og:image\" content=\"https:\/\/pagina10.com\/web\/wp-content\/uploads\/2023\/06\/gustavo-petro-vii_40383128_20220727132321.jpg\" \/>\n\t<meta property=\"og:image:width\" content=\"780\" \/>\n\t<meta property=\"og:image:height\" content=\"565\" \/>\n\t<meta property=\"og:image:type\" content=\"image\/jpeg\" \/>\n<meta name=\"author\" content=\"P\u00e1gina 10\" \/>\n<meta name=\"twitter:card\" content=\"summary_large_image\" \/>\n<meta name=\"twitter:creator\" content=\"@Pag10com\" \/>\n<meta name=\"twitter:site\" content=\"@Pag10com\" \/>\n<meta name=\"twitter:label1\" content=\"Escrito por\" \/>\n\t<meta name=\"twitter:data1\" content=\"P\u00e1gina 10\" \/>\n\t<meta name=\"twitter:label2\" content=\"Tiempo de lectura\" \/>\n\t<meta name=\"twitter:data2\" content=\"1 minuto\" \/>\n<script type=\"application\/ld+json\" class=\"yoast-schema-graph\">{\"@context\":\"https:\/\/schema.org\",\"@graph\":[{\"@type\":\"Article\",\"@id\":\"https:\/\/pagina10.com\/web\/petro-tuvo-problemas-de-salud-en-su-visita-a-la-guajira\/#article\",\"isPartOf\":{\"@id\":\"https:\/\/pagina10.com\/web\/petro-tuvo-problemas-de-salud-en-su-visita-a-la-guajira\/\"},\"author\":{\"name\":\"P\u00e1gina 10\",\"@id\":\"https:\/\/pagina10.com\/web\/#\/schema\/person\/2efc4a090d25b667d3bc796798a3a81b\"},\"headline\":\"Petro tuvo problemas de salud en su visita a la Guajira.\",\"datePublished\":\"2023-06-29T18:37:43+00:00\",\"mainEntityOfPage\":{\"@id\":\"https:\/\/pagina10.com\/web\/petro-tuvo-problemas-de-salud-en-su-visita-a-la-guajira\/\"},\"wordCount\":132,\"commentCount\":0,\"publisher\":{\"@id\":\"https:\/\/pagina10.com\/web\/#organization\"},\"image\":{\"@id\":\"https:\/\/pagina10.com\/web\/petro-tuvo-problemas-de-salud-en-su-visita-a-la-guajira\/#primaryimage\"},\"thumbnailUrl\":\"https:\/\/pagina10.com\/web\/wp-content\/uploads\/2023\/06\/gustavo-petro-vii_40383128_20220727132321.jpg\",\"articleSection\":[\"Nacional\"],\"inLanguage\":\"es\",\"potentialAction\":[{\"@type\":\"CommentAction\",\"name\":\"Comment\",\"target\":[\"https:\/\/pagina10.com\/web\/petro-tuvo-problemas-de-salud-en-su-visita-a-la-guajira\/#respond\"]}]},{\"@type\":\"WebPage\",\"@id\":\"https:\/\/pagina10.com\/web\/petro-tuvo-problemas-de-salud-en-su-visita-a-la-guajira\/\",\"url\":\"https:\/\/pagina10.com\/web\/petro-tuvo-problemas-de-salud-en-su-visita-a-la-guajira\/\",\"name\":\"Petro tuvo problemas de salud en su visita a la Guajira. | P\u00e1gina10\",\"isPartOf\":{\"@id\":\"https:\/\/pagina10.com\/web\/#website\"},\"primaryImageOfPage\":{\"@id\":\"https:\/\/pagina10.com\/web\/petro-tuvo-problemas-de-salud-en-su-visita-a-la-guajira\/#primaryimage\"},\"image\":{\"@id\":\"https:\/\/pagina10.com\/web\/petro-tuvo-problemas-de-salud-en-su-visita-a-la-guajira\/#primaryimage\"},\"thumbnailUrl\":\"https:\/\/pagina10.com\/web\/wp-content\/uploads\/2023\/06\/gustavo-petro-vii_40383128_20220727132321.jpg\",\"datePublished\":\"2023-06-29T18:37:43+00:00\",\"breadcrumb\":{\"@id\":\"https:\/\/pagina10.com\/web\/petro-tuvo-problemas-de-salud-en-su-visita-a-la-guajira\/#breadcrumb\"},\"inLanguage\":\"es\",\"potentialAction\":[{\"@type\":\"ReadAction\",\"target\":[\"https:\/\/pagina10.com\/web\/petro-tuvo-problemas-de-salud-en-su-visita-a-la-guajira\/\"]}]},{\"@type\":\"ImageObject\",\"inLanguage\":\"es\",\"@id\":\"https:\/\/pagina10.com\/web\/petro-tuvo-problemas-de-salud-en-su-visita-a-la-guajira\/#primaryimage\",\"url\":\"https:\/\/pagina10.com\/web\/wp-content\/uploads\/2023\/06\/gustavo-petro-vii_40383128_20220727132321.jpg\",\"contentUrl\":\"https:\/\/pagina10.com\/web\/wp-content\/uploads\/2023\/06\/gustavo-petro-vii_40383128_20220727132321.jpg\",\"width\":780,\"height\":565},{\"@type\":\"BreadcrumbList\",\"@id\":\"https:\/\/pagina10.com\/web\/petro-tuvo-problemas-de-salud-en-su-visita-a-la-guajira\/#breadcrumb\",\"itemListElement\":[{\"@type\":\"ListItem\",\"position\":1,\"name\":\"Portada\",\"item\":\"https:\/\/pagina10.com\/web\/\"},{\"@type\":\"ListItem\",\"position\":2,\"name\":\"Petro tuvo problemas de salud en su visita a la Guajira.\"}]},{\"@type\":\"WebSite\",\"@id\":\"https:\/\/pagina10.com\/web\/#website\",\"url\":\"https:\/\/pagina10.com\/web\/\",\"name\":\"P\u00e1gina10\",\"description\":\"Peri\u00f3dico Regional\",\"publisher\":{\"@id\":\"https:\/\/pagina10.com\/web\/#organization\"},\"alternateName\":\"P\u00e1gina10 Peri\u00f3dico Regional\",\"potentialAction\":[{\"@type\":\"SearchAction\",\"target\":{\"@type\":\"EntryPoint\",\"urlTemplate\":\"https:\/\/pagina10.com\/web\/?s={search_term_string}\"},\"query-input\":{\"@type\":\"PropertyValueSpecification\",\"valueRequired\":true,\"valueName\":\"search_term_string\"}}],\"inLanguage\":\"es\"},{\"@type\":\"Organization\",\"@id\":\"https:\/\/pagina10.com\/web\/#organization\",\"name\":\"P\u00e1gina10\",\"alternateName\":\"P\u00e1gina10 Peri\u00f3dico Regional\",\"url\":\"https:\/\/pagina10.com\/web\/\",\"logo\":{\"@type\":\"ImageObject\",\"inLanguage\":\"es\",\"@id\":\"https:\/\/pagina10.com\/web\/#\/schema\/logo\/image\/\",\"url\":\"https:\/\/pagina10.com\/web\/wp-content\/uploads\/2024\/01\/40-pagina-10-periodico-regional-pasto.jpg\",\"contentUrl\":\"https:\/\/pagina10.com\/web\/wp-content\/uploads\/2024\/01\/40-pagina-10-periodico-regional-pasto.jpg\",\"width\":1280,\"height\":720,\"caption\":\"P\u00e1gina10\"},\"image\":{\"@id\":\"https:\/\/pagina10.com\/web\/#\/schema\/logo\/image\/\"},\"sameAs\":[\"https:\/\/www.facebook.com\/pag10com\",\"https:\/\/x.com\/Pag10com\",\"https:\/\/www.instagram.com\/pagina10col\/\",\"https:\/\/youtube.com\/channel\/pag10\",\"https:\/\/www.tiktok.com\/@p10col\"]},{\"@type\":\"Person\",\"@id\":\"https:\/\/pagina10.com\/web\/#\/schema\/person\/2efc4a090d25b667d3bc796798a3a81b\",\"name\":\"P\u00e1gina 10\",\"description\":\"P\u00e1gina 10 es un peri\u00f3dico regional que nace en Colombia, en el departamento de Nari\u00f1o, con un enfoque global, fundamentado en cuatro pilares esenciales: la libertad, el pluralismo, la inclusi\u00f3n y la independencia. P\u00e1gina 10 hace referencia a Nari\u00f1o como el d\u00e9cimo departamento creado en Colombia, despu\u00e9s de un proceso pol\u00edtico liderado por actores y actrices regionales con el fin de obtener la independencia y autonom\u00eda de nuestros territorios. Con la creaci\u00f3n de P\u00e1gina 10 se pretende abrir un escenario para el dialogo, la reflexi\u00f3n y el debate que se extienda a otras geograf\u00edas de Am\u00e9rica Latina y del planeta, en una apuesta por transformar colectivamente los desaf\u00edos de un mundo contempor\u00e1neo, m\u00e1s all\u00e1 de las fronteras impuestas.\",\"url\":\"https:\/\/pagina10.com\/web\/author\/pdiezadmin\/\"}]}<\/script>\n<!-- \/ Yoast SEO plugin. -->","yoast_head_json":{"title":"Petro tuvo problemas de salud en su visita a la Guajira. | P\u00e1gina10","robots":{"index":"index","follow":"follow","max-snippet":"max-snippet:-1","max-image-preview":"max-image-preview:large","max-video-preview":"max-video-preview:-1"},"canonical":"https:\/\/pagina10.com\/web\/petro-tuvo-problemas-de-salud-en-su-visita-a-la-guajira\/","og_locale":"es_ES","og_type":"article","og_title":"Petro tuvo problemas de salud en su visita a la Guajira. | P\u00e1gina10","og_description":"La jornada del martes comenz\u00f3 a las 7:00 de la ma\u00f1ana con un Consejo de Seguridad en La Guajira, en el marco de la gira que est\u00e1 realizando todo el gabinete en este departamento, encabezada por el presidente Gustavo Petro. No obstante, alrededor del mediod\u00eda, el mandatario no estuvo presente en un evento en el [&hellip;]","og_url":"https:\/\/pagina10.com\/web\/petro-tuvo-problemas-de-salud-en-su-visita-a-la-guajira\/","og_site_name":"P\u00e1gina10","article_publisher":"https:\/\/www.facebook.com\/pag10com","article_published_time":"2023-06-29T18:37:43+00:00","og_image":[{"width":780,"height":565,"url":"https:\/\/pagina10.com\/web\/wp-content\/uploads\/2023\/06\/gustavo-petro-vii_40383128_20220727132321.jpg","type":"image\/jpeg"}],"author":"P\u00e1gina 10","twitter_card":"summary_large_image","twitter_creator":"@Pag10com","twitter_site":"@Pag10com","twitter_misc":{"Escrito por":"P\u00e1gina 10","Tiempo de lectura":"1 minuto"},"schema":{"@context":"https:\/\/schema.org","@graph":[{"@type":"Article","@id":"https:\/\/pagina10.com\/web\/petro-tuvo-problemas-de-salud-en-su-visita-a-la-guajira\/#article","isPartOf":{"@id":"https:\/\/pagina10.com\/web\/petro-tuvo-problemas-de-salud-en-su-visita-a-la-guajira\/"},"author":{"name":"P\u00e1gina 10","@id":"https:\/\/pagina10.com\/web\/#\/schema\/person\/2efc4a090d25b667d3bc796798a3a81b"},"headline":"Petro tuvo problemas de salud en su visita a la Guajira.","datePublished":"2023-06-29T18:37:43+00:00","mainEntityOfPage":{"@id":"https:\/\/pagina10.com\/web\/petro-tuvo-problemas-de-salud-en-su-visita-a-la-guajira\/"},"wordCount":132,"commentCount":0,"publisher":{"@id":"https:\/\/pagina10.com\/web\/#organization"},"image":{"@id":"https:\/\/pagina10.com\/web\/petro-tuvo-problemas-de-salud-en-su-visita-a-la-guajira\/#primaryimage"},"thumbnailUrl":"https:\/\/pagina10.com\/web\/wp-content\/uploads\/2023\/06\/gustavo-petro-vii_40383128_20220727132321.jpg","articleSection":["Nacional"],"inLanguage":"es","potentialAction":[{"@type":"CommentAction","name":"Comment","target":["https:\/\/pagina10.com\/web\/petro-tuvo-problemas-de-salud-en-su-visita-a-la-guajira\/#respond"]}]},{"@type":"WebPage","@id":"https:\/\/pagina10.com\/web\/petro-tuvo-problemas-de-salud-en-su-visita-a-la-guajira\/","url":"https:\/\/pagina10.com\/web\/petro-tuvo-problemas-de-salud-en-su-visita-a-la-guajira\/","name":"Petro tuvo problemas de salud en su visita a la Guajira. | P\u00e1gina10","isPartOf":{"@id":"https:\/\/pagina10.com\/web\/#website"},"primaryImageOfPage":{"@id":"https:\/\/pagina10.com\/web\/petro-tuvo-problemas-de-salud-en-su-visita-a-la-guajira\/#primaryimage"},"image":{"@id":"https:\/\/pagina10.com\/web\/petro-tuvo-problemas-de-salud-en-su-visita-a-la-guajira\/#primaryimage"},"thumbnailUrl":"https:\/\/pagina10.com\/web\/wp-content\/uploads\/2023\/06\/gustavo-petro-vii_40383128_20220727132321.jpg","datePublished":"2023-06-29T18:37:43+00:00","breadcrumb":{"@id":"https:\/\/pagina10.com\/web\/petro-tuvo-problemas-de-salud-en-su-visita-a-la-guajira\/#breadcrumb"},"inLanguage":"es","potentialAction":[{"@type":"ReadAction","target":["https:\/\/pagina10.com\/web\/petro-tuvo-problemas-de-salud-en-su-visita-a-la-guajira\/"]}]},{"@type":"ImageObject","inLanguage":"es","@id":"https:\/\/pagina10.com\/web\/petro-tuvo-problemas-de-salud-en-su-visita-a-la-guajira\/#primaryimage","url":"https:\/\/pagina10.com\/web\/wp-content\/uploads\/2023\/06\/gustavo-petro-vii_40383128_20220727132321.jpg","contentUrl":"https:\/\/pagina10.com\/web\/wp-content\/uploads\/2023\/06\/gustavo-petro-vii_40383128_20220727132321.jpg","width":780,"height":565},{"@type":"BreadcrumbList","@id":"https:\/\/pagina10.com\/web\/petro-tuvo-problemas-de-salud-en-su-visita-a-la-guajira\/#breadcrumb","itemListElement":[{"@type":"ListItem","position":1,"name":"Portada","item":"https:\/\/pagina10.com\/web\/"},{"@type":"ListItem","position":2,"name":"Petro tuvo problemas de salud en su visita a la Guajira."}]},{"@type":"WebSite","@id":"https:\/\/pagina10.com\/web\/#website","url":"https:\/\/pagina10.com\/web\/","name":"P\u00e1gina10","description":"Peri\u00f3dico Regional","publisher":{"@id":"https:\/\/pagina10.com\/web\/#organization"},"alternateName":"P\u00e1gina10 Peri\u00f3dico Regional","potentialAction":[{"@type":"SearchAction","target":{"@type":"EntryPoint","urlTemplate":"https:\/\/pagina10.com\/web\/?s={search_term_string}"},"query-input":{"@type":"PropertyValueSpecification","valueRequired":true,"valueName":"search_term_string"}}],"inLanguage":"es"},{"@type":"Organization","@id":"https:\/\/pagina10.com\/web\/#organization","name":"P\u00e1gina10","alternateName":"P\u00e1gina10 Peri\u00f3dico Regional","url":"https:\/\/pagina10.com\/web\/","logo":{"@type":"ImageObject","inLanguage":"es","@id":"https:\/\/pagina10.com\/web\/#\/schema\/logo\/image\/","url":"https:\/\/pagina10.com\/web\/wp-content\/uploads\/2024\/01\/40-pagina-10-periodico-regional-pasto.jpg","contentUrl":"https:\/\/pagina10.com\/web\/wp-content\/uploads\/2024\/01\/40-pagina-10-periodico-regional-pasto.jpg","width":1280,"height":720,"caption":"P\u00e1gina10"},"image":{"@id":"https:\/\/pagina10.com\/web\/#\/schema\/logo\/image\/"},"sameAs":["https:\/\/www.facebook.com\/pag10com","https:\/\/x.com\/Pag10com","https:\/\/www.instagram.com\/pagina10col\/","https:\/\/youtube.com\/channel\/pag10","https:\/\/www.tiktok.com\/@p10col"]},{"@type":"Person","@id":"https:\/\/pagina10.com\/web\/#\/schema\/person\/2efc4a090d25b667d3bc796798a3a81b","name":"P\u00e1gina 10","description":"P\u00e1gina 10 es un peri\u00f3dico regional que nace en Colombia, en el departamento de Nari\u00f1o, con un enfoque global, fundamentado en cuatro pilares esenciales: la libertad, el pluralismo, la inclusi\u00f3n y la independencia. P\u00e1gina 10 hace referencia a Nari\u00f1o como el d\u00e9cimo departamento creado en Colombia, despu\u00e9s de un proceso pol\u00edtico liderado por actores y actrices regionales con el fin de obtener la independencia y autonom\u00eda de nuestros territorios. Con la creaci\u00f3n de P\u00e1gina 10 se pretende abrir un escenario para el dialogo, la reflexi\u00f3n y el debate que se extienda a otras geograf\u00edas de Am\u00e9rica Latina y del planeta, en una apuesta por transformar colectivamente los desaf\u00edos de un mundo contempor\u00e1neo, m\u00e1s all\u00e1 de las fronteras impuestas.","url":"https:\/\/pagina10.com\/web\/author\/pdiezadmin\/"}]}},"_links":{"self":[{"href":"https:\/\/pagina10.com\/web\/wp-json\/wp\/v2\/posts\/67078","targetHints":{"allow":["GET"]}}],"collection":[{"href":"https:\/\/pagina10.com\/web\/wp-json\/wp\/v2\/posts"}],"about":[{"href":"https:\/\/pagina10.com\/web\/wp-json\/wp\/v2\/types\/post"}],"author":[{"embeddable":true,"href":"https:\/\/pagina10.com\/web\/wp-json\/wp\/v2\/users\/1"}],"replies":[{"embeddable":true,"href":"https:\/\/pagina10.com\/web\/wp-json\/wp\/v2\/comments?post=67078"}],"version-history":[{"count":1,"href":"https:\/\/pagina10.com\/web\/wp-json\/wp\/v2\/posts\/67078\/revisions"}],"predecessor-version":[{"id":67080,"href":"https:\/\/pagina10.com\/web\/wp-json\/wp\/v2\/posts\/67078\/revisions\/67080"}],"wp:featuredmedia":[{"embeddable":true,"href":"https:\/\/pagina10.com\/web\/wp-json\/wp\/v2\/media\/67079"}],"wp:attachment":[{"href":"https:\/\/pagina10.com\/web\/wp-json\/wp\/v2\/media?parent=67078"}],"wp:term":[{"taxonomy":"category","embeddable":true,"href":"https:\/\/pagina10.com\/web\/wp-json\/wp\/v2\/categories?post=67078"},{"taxonomy":"post_tag","embeddable":true,"href":"https:\/\/pagina10.com\/web\/wp-json\/wp\/v2\/tags?post=67078"}],"curies":[{"name":"wp","href":"https:\/\/api.w.org\/{rel}","templated":true}]}}