{"id":67100,"date":"2023-06-30T21:23:29","date_gmt":"2023-07-01T02:23:29","guid":{"rendered":"https:\/\/pagina10.com\/web\/?p=67100"},"modified":"2023-06-30T21:30:16","modified_gmt":"2023-07-01T02:30:16","slug":"la-fotografia-recorre-y-cuenta-las-historias-de-las-calles-de-pasto","status":"publish","type":"post","link":"https:\/\/pagina10.com\/web\/la-fotografia-recorre-y-cuenta-las-historias-de-las-calles-de-pasto\/","title":{"rendered":"La fotograf\u00eda recorre y cuenta las historias de las calles de Pasto"},"content":{"rendered":"<p style=\"text-align: justify;\">El proyecto que busca divulgar la historia del sur de Colombia de una forma \u00e1gil, llamado <strong>\u2018Historias del Sur,<\/strong> <strong>Podcast\u2019<\/strong>, se une a <strong>\u2018Tertulias Fotogr\u00e1ficas\u2019<\/strong>, una iniciativa que busca visitar distintos sectores de la ciudad y retratarla.<\/p>\n<p style=\"text-align: justify;\"><strong>Juntos, promueven la fotograf\u00eda y el reconocimiento de las historias que alberga Pasto<\/strong>, a partir de recorridos y caminatas en la ciudad, sus lugares emblem\u00e1ticos y tambi\u00e9n los menos conocidos. Retratan en fotograf\u00edas hechas con celulares la visi\u00f3n que fot\u00f3grafos profesionales y amateurs tienen sobre la capital nari\u00f1ense.<\/p>\n<p style=\"text-align: justify;\">El \u00faltimo recorrido, hecho el pasado 25 de junio, inici\u00f3 en Rumipamba, pasando por la Iglesia de San Felipe, Iglesia de Santiago, para finalizar en la ic\u00f3nica Plaza de Nari\u00f1o. El resultado fotogr\u00e1fico de esta expedici\u00f3n es la participaci\u00f3n masiva en el concurso de fotograf\u00eda callejera, en el que \u2018Historias del sur, Podcast\u2019 junto a \u2018Tertulias Fotogr\u00e1ficas\u2019 unieron esfuerzos para convocar a la comunidad fotogr\u00e1fica Pastusa en el concurso \u201cSal y mira tu ciudad\u201d, organizado en convenio a P\u00e1gina 10 y varios emprendimientos de la ciudad, y que tiene como l\u00edmite de inscripci\u00f3n el viernes 30 de junio.<\/p>\n<p style=\"text-align: justify;\"><img fetchpriority=\"high\" decoding=\"async\" class=\"aligncenter wp-image-67101\" src=\"https:\/\/pagina10.com\/web\/wp-content\/uploads\/2023\/06\/WhatsApp-Image-2023-06-29-at-7.28.32-PM-819x1024.jpeg\" alt=\"\" width=\"422\" height=\"528\" srcset=\"https:\/\/pagina10.com\/web\/wp-content\/uploads\/2023\/06\/WhatsApp-Image-2023-06-29-at-7.28.32-PM-819x1024.jpeg 819w, https:\/\/pagina10.com\/web\/wp-content\/uploads\/2023\/06\/WhatsApp-Image-2023-06-29-at-7.28.32-PM-240x300.jpeg 240w, https:\/\/pagina10.com\/web\/wp-content\/uploads\/2023\/06\/WhatsApp-Image-2023-06-29-at-7.28.32-PM-768x961.jpeg 768w, https:\/\/pagina10.com\/web\/wp-content\/uploads\/2023\/06\/WhatsApp-Image-2023-06-29-at-7.28.32-PM-1228x1536.jpeg 1228w, https:\/\/pagina10.com\/web\/wp-content\/uploads\/2023\/06\/WhatsApp-Image-2023-06-29-at-7.28.32-PM.jpeg 1279w\" sizes=\"(max-width: 422px) 100vw, 422px\" \/>Este <strong>concurso estimula el reconocimiento del espacio p\u00fablico<\/strong> que rodea a los habitantes de la capital pastusa y tambi\u00e9n a sus visitantes, adem\u00e1s de permitir su aproximaci\u00f3n m\u00e1s genuina y la apropiaci\u00f3n cultural\/social del espacio que cohabitan con otras personas. Los interesados podr\u00e1n inscribirse en la p\u00e1gina web <a href=\"http:\/\/www.historiasdelsur.co\">www.historiasdelsur.co<\/a><\/p>\n<p style=\"text-align: justify;\">Por su gran acogida, la iniciativa \u2018Tertulias Fotogr\u00e1ficas\u2019, creada en conjunto por Diana Guevara y Juan Pinz\u00f3n, se ha convertido en un espacio constante, que se realizado cada 15 d\u00edas en las calles de la Ciudad Sorpresa.<\/p>\n<p><img decoding=\"async\" class=\"aligncenter wp-image-67117\" src=\"https:\/\/pagina10.com\/web\/wp-content\/uploads\/2023\/06\/WhatsApp-Image-2023-06-29-at-7.29.11-PM-1024x768.jpeg\" alt=\"\" width=\"565\" height=\"424\" srcset=\"https:\/\/pagina10.com\/web\/wp-content\/uploads\/2023\/06\/WhatsApp-Image-2023-06-29-at-7.29.11-PM-1024x768.jpeg 1024w, https:\/\/pagina10.com\/web\/wp-content\/uploads\/2023\/06\/WhatsApp-Image-2023-06-29-at-7.29.11-PM-300x225.jpeg 300w, https:\/\/pagina10.com\/web\/wp-content\/uploads\/2023\/06\/WhatsApp-Image-2023-06-29-at-7.29.11-PM-768x576.jpeg 768w, https:\/\/pagina10.com\/web\/wp-content\/uploads\/2023\/06\/WhatsApp-Image-2023-06-29-at-7.29.11-PM-1536x1152.jpeg 1536w, https:\/\/pagina10.com\/web\/wp-content\/uploads\/2023\/06\/WhatsApp-Image-2023-06-29-at-7.29.11-PM-86x64.jpeg 86w, https:\/\/pagina10.com\/web\/wp-content\/uploads\/2023\/06\/WhatsApp-Image-2023-06-29-at-7.29.11-PM.jpeg 1600w\" sizes=\"(max-width: 565px) 100vw, 565px\" \/><\/p>\n","protected":false},"excerpt":{"rendered":"<p>El proyecto que busca divulgar la historia del sur de Colombia de una forma \u00e1gil, llamado \u2018Historias del Sur, Podcast\u2019, se une a \u2018Tertulias Fotogr\u00e1ficas\u2019, una iniciativa que busca visitar distintos sectores de la ciudad y retratarla. Juntos, promueven la fotograf\u00eda y el reconocimiento de las historias que alberga Pasto, a partir de recorridos y [&hellip;]<\/p>\n","protected":false},"author":1,"featured_media":67102,"comment_status":"open","ping_status":"open","sticky":false,"template":"","format":"standard","meta":{"footnotes":""},"categories":[14],"tags":[],"class_list":["post-67100","post","type-post","status-publish","format-standard","has-post-thumbnail","hentry","category-narino-actual"],"yoast_head":"<!-- This site is optimized with the Yoast SEO plugin v27.1.1 - https:\/\/yoast.com\/product\/yoast-seo-wordpress\/ -->\n<title>La fotograf\u00eda recorre y cuenta las historias de las calles de Pasto | P\u00e1gina10<\/title>\n<meta name=\"robots\" content=\"index, follow, max-snippet:-1, max-image-preview:large, max-video-preview:-1\" \/>\n<link rel=\"canonical\" href=\"https:\/\/pagina10.com\/web\/la-fotografia-recorre-y-cuenta-las-historias-de-las-calles-de-pasto\/\" \/>\n<meta property=\"og:locale\" content=\"es_ES\" \/>\n<meta property=\"og:type\" content=\"article\" \/>\n<meta property=\"og:title\" content=\"La fotograf\u00eda recorre y cuenta las historias de las calles de Pasto | P\u00e1gina10\" \/>\n<meta property=\"og:description\" content=\"El proyecto que busca divulgar la historia del sur de Colombia de una forma \u00e1gil, llamado \u2018Historias del Sur, Podcast\u2019, se une a \u2018Tertulias Fotogr\u00e1ficas\u2019, una iniciativa que busca visitar distintos sectores de la ciudad y retratarla. Juntos, promueven la fotograf\u00eda y el reconocimiento de las historias que alberga Pasto, a partir de recorridos y [&hellip;]\" \/>\n<meta property=\"og:url\" content=\"https:\/\/pagina10.com\/web\/la-fotografia-recorre-y-cuenta-las-historias-de-las-calles-de-pasto\/\" \/>\n<meta property=\"og:site_name\" content=\"P\u00e1gina10\" \/>\n<meta property=\"article:publisher\" content=\"https:\/\/www.facebook.com\/pag10com\" \/>\n<meta property=\"article:published_time\" content=\"2023-07-01T02:23:29+00:00\" \/>\n<meta property=\"article:modified_time\" content=\"2023-07-01T02:30:16+00:00\" \/>\n<meta property=\"og:image\" content=\"https:\/\/pagina10.com\/web\/wp-content\/uploads\/2023\/06\/Picture2-3.jpg\" \/>\n\t<meta property=\"og:image:width\" content=\"789\" \/>\n\t<meta property=\"og:image:height\" content=\"447\" \/>\n\t<meta property=\"og:image:type\" content=\"image\/jpeg\" \/>\n<meta name=\"author\" content=\"P\u00e1gina 10\" \/>\n<meta name=\"twitter:card\" content=\"summary_large_image\" \/>\n<meta name=\"twitter:creator\" content=\"@Pag10com\" \/>\n<meta name=\"twitter:site\" content=\"@Pag10com\" \/>\n<meta name=\"twitter:label1\" content=\"Escrito por\" \/>\n\t<meta name=\"twitter:data1\" content=\"P\u00e1gina 10\" \/>\n\t<meta name=\"twitter:label2\" content=\"Tiempo de lectura\" \/>\n\t<meta name=\"twitter:data2\" content=\"1 minuto\" \/>\n<script type=\"application\/ld+json\" class=\"yoast-schema-graph\">{\"@context\":\"https:\/\/schema.org\",\"@graph\":[{\"@type\":\"Article\",\"@id\":\"https:\/\/pagina10.com\/web\/la-fotografia-recorre-y-cuenta-las-historias-de-las-calles-de-pasto\/#article\",\"isPartOf\":{\"@id\":\"https:\/\/pagina10.com\/web\/la-fotografia-recorre-y-cuenta-las-historias-de-las-calles-de-pasto\/\"},\"author\":{\"name\":\"P\u00e1gina 10\",\"@id\":\"https:\/\/pagina10.com\/web\/#\/schema\/person\/2efc4a090d25b667d3bc796798a3a81b\"},\"headline\":\"La fotograf\u00eda recorre y cuenta las historias de las calles de Pasto\",\"datePublished\":\"2023-07-01T02:23:29+00:00\",\"dateModified\":\"2023-07-01T02:30:16+00:00\",\"mainEntityOfPage\":{\"@id\":\"https:\/\/pagina10.com\/web\/la-fotografia-recorre-y-cuenta-las-historias-de-las-calles-de-pasto\/\"},\"wordCount\":311,\"commentCount\":0,\"publisher\":{\"@id\":\"https:\/\/pagina10.com\/web\/#organization\"},\"image\":{\"@id\":\"https:\/\/pagina10.com\/web\/la-fotografia-recorre-y-cuenta-las-historias-de-las-calles-de-pasto\/#primaryimage\"},\"thumbnailUrl\":\"https:\/\/pagina10.com\/web\/wp-content\/uploads\/2023\/06\/Picture2-3.jpg\",\"articleSection\":[\"Nari\u00f1o Actual\"],\"inLanguage\":\"es\",\"potentialAction\":[{\"@type\":\"CommentAction\",\"name\":\"Comment\",\"target\":[\"https:\/\/pagina10.com\/web\/la-fotografia-recorre-y-cuenta-las-historias-de-las-calles-de-pasto\/#respond\"]}]},{\"@type\":\"WebPage\",\"@id\":\"https:\/\/pagina10.com\/web\/la-fotografia-recorre-y-cuenta-las-historias-de-las-calles-de-pasto\/\",\"url\":\"https:\/\/pagina10.com\/web\/la-fotografia-recorre-y-cuenta-las-historias-de-las-calles-de-pasto\/\",\"name\":\"La fotograf\u00eda recorre y cuenta las historias de las calles de Pasto | P\u00e1gina10\",\"isPartOf\":{\"@id\":\"https:\/\/pagina10.com\/web\/#website\"},\"primaryImageOfPage\":{\"@id\":\"https:\/\/pagina10.com\/web\/la-fotografia-recorre-y-cuenta-las-historias-de-las-calles-de-pasto\/#primaryimage\"},\"image\":{\"@id\":\"https:\/\/pagina10.com\/web\/la-fotografia-recorre-y-cuenta-las-historias-de-las-calles-de-pasto\/#primaryimage\"},\"thumbnailUrl\":\"https:\/\/pagina10.com\/web\/wp-content\/uploads\/2023\/06\/Picture2-3.jpg\",\"datePublished\":\"2023-07-01T02:23:29+00:00\",\"dateModified\":\"2023-07-01T02:30:16+00:00\",\"breadcrumb\":{\"@id\":\"https:\/\/pagina10.com\/web\/la-fotografia-recorre-y-cuenta-las-historias-de-las-calles-de-pasto\/#breadcrumb\"},\"inLanguage\":\"es\",\"potentialAction\":[{\"@type\":\"ReadAction\",\"target\":[\"https:\/\/pagina10.com\/web\/la-fotografia-recorre-y-cuenta-las-historias-de-las-calles-de-pasto\/\"]}]},{\"@type\":\"ImageObject\",\"inLanguage\":\"es\",\"@id\":\"https:\/\/pagina10.com\/web\/la-fotografia-recorre-y-cuenta-las-historias-de-las-calles-de-pasto\/#primaryimage\",\"url\":\"https:\/\/pagina10.com\/web\/wp-content\/uploads\/2023\/06\/Picture2-3.jpg\",\"contentUrl\":\"https:\/\/pagina10.com\/web\/wp-content\/uploads\/2023\/06\/Picture2-3.jpg\",\"width\":789,\"height\":447},{\"@type\":\"BreadcrumbList\",\"@id\":\"https:\/\/pagina10.com\/web\/la-fotografia-recorre-y-cuenta-las-historias-de-las-calles-de-pasto\/#breadcrumb\",\"itemListElement\":[{\"@type\":\"ListItem\",\"position\":1,\"name\":\"Portada\",\"item\":\"https:\/\/pagina10.com\/web\/\"},{\"@type\":\"ListItem\",\"position\":2,\"name\":\"La fotograf\u00eda recorre y cuenta las historias de las calles de Pasto\"}]},{\"@type\":\"WebSite\",\"@id\":\"https:\/\/pagina10.com\/web\/#website\",\"url\":\"https:\/\/pagina10.com\/web\/\",\"name\":\"P\u00e1gina10\",\"description\":\"Peri\u00f3dico Regional\",\"publisher\":{\"@id\":\"https:\/\/pagina10.com\/web\/#organization\"},\"alternateName\":\"P\u00e1gina10 Peri\u00f3dico Regional\",\"potentialAction\":[{\"@type\":\"SearchAction\",\"target\":{\"@type\":\"EntryPoint\",\"urlTemplate\":\"https:\/\/pagina10.com\/web\/?s={search_term_string}\"},\"query-input\":{\"@type\":\"PropertyValueSpecification\",\"valueRequired\":true,\"valueName\":\"search_term_string\"}}],\"inLanguage\":\"es\"},{\"@type\":\"Organization\",\"@id\":\"https:\/\/pagina10.com\/web\/#organization\",\"name\":\"P\u00e1gina10\",\"alternateName\":\"P\u00e1gina10 Peri\u00f3dico Regional\",\"url\":\"https:\/\/pagina10.com\/web\/\",\"logo\":{\"@type\":\"ImageObject\",\"inLanguage\":\"es\",\"@id\":\"https:\/\/pagina10.com\/web\/#\/schema\/logo\/image\/\",\"url\":\"https:\/\/pagina10.com\/web\/wp-content\/uploads\/2024\/01\/40-pagina-10-periodico-regional-pasto.jpg\",\"contentUrl\":\"https:\/\/pagina10.com\/web\/wp-content\/uploads\/2024\/01\/40-pagina-10-periodico-regional-pasto.jpg\",\"width\":1280,\"height\":720,\"caption\":\"P\u00e1gina10\"},\"image\":{\"@id\":\"https:\/\/pagina10.com\/web\/#\/schema\/logo\/image\/\"},\"sameAs\":[\"https:\/\/www.facebook.com\/pag10com\",\"https:\/\/x.com\/Pag10com\",\"https:\/\/www.instagram.com\/pagina10col\/\",\"https:\/\/youtube.com\/channel\/pag10\",\"https:\/\/www.tiktok.com\/@p10col\"]},{\"@type\":\"Person\",\"@id\":\"https:\/\/pagina10.com\/web\/#\/schema\/person\/2efc4a090d25b667d3bc796798a3a81b\",\"name\":\"P\u00e1gina 10\",\"description\":\"P\u00e1gina 10 es un peri\u00f3dico regional que nace en Colombia, en el departamento de Nari\u00f1o, con un enfoque global, fundamentado en cuatro pilares esenciales: la libertad, el pluralismo, la inclusi\u00f3n y la independencia. P\u00e1gina 10 hace referencia a Nari\u00f1o como el d\u00e9cimo departamento creado en Colombia, despu\u00e9s de un proceso pol\u00edtico liderado por actores y actrices regionales con el fin de obtener la independencia y autonom\u00eda de nuestros territorios. Con la creaci\u00f3n de P\u00e1gina 10 se pretende abrir un escenario para el dialogo, la reflexi\u00f3n y el debate que se extienda a otras geograf\u00edas de Am\u00e9rica Latina y del planeta, en una apuesta por transformar colectivamente los desaf\u00edos de un mundo contempor\u00e1neo, m\u00e1s all\u00e1 de las fronteras impuestas.\",\"url\":\"https:\/\/pagina10.com\/web\/author\/pdiezadmin\/\"}]}<\/script>\n<!-- \/ Yoast SEO plugin. -->","yoast_head_json":{"title":"La fotograf\u00eda recorre y cuenta las historias de las calles de Pasto | P\u00e1gina10","robots":{"index":"index","follow":"follow","max-snippet":"max-snippet:-1","max-image-preview":"max-image-preview:large","max-video-preview":"max-video-preview:-1"},"canonical":"https:\/\/pagina10.com\/web\/la-fotografia-recorre-y-cuenta-las-historias-de-las-calles-de-pasto\/","og_locale":"es_ES","og_type":"article","og_title":"La fotograf\u00eda recorre y cuenta las historias de las calles de Pasto | P\u00e1gina10","og_description":"El proyecto que busca divulgar la historia del sur de Colombia de una forma \u00e1gil, llamado \u2018Historias del Sur, Podcast\u2019, se une a \u2018Tertulias Fotogr\u00e1ficas\u2019, una iniciativa que busca visitar distintos sectores de la ciudad y retratarla. Juntos, promueven la fotograf\u00eda y el reconocimiento de las historias que alberga Pasto, a partir de recorridos y [&hellip;]","og_url":"https:\/\/pagina10.com\/web\/la-fotografia-recorre-y-cuenta-las-historias-de-las-calles-de-pasto\/","og_site_name":"P\u00e1gina10","article_publisher":"https:\/\/www.facebook.com\/pag10com","article_published_time":"2023-07-01T02:23:29+00:00","article_modified_time":"2023-07-01T02:30:16+00:00","og_image":[{"width":789,"height":447,"url":"https:\/\/pagina10.com\/web\/wp-content\/uploads\/2023\/06\/Picture2-3.jpg","type":"image\/jpeg"}],"author":"P\u00e1gina 10","twitter_card":"summary_large_image","twitter_creator":"@Pag10com","twitter_site":"@Pag10com","twitter_misc":{"Escrito por":"P\u00e1gina 10","Tiempo de lectura":"1 minuto"},"schema":{"@context":"https:\/\/schema.org","@graph":[{"@type":"Article","@id":"https:\/\/pagina10.com\/web\/la-fotografia-recorre-y-cuenta-las-historias-de-las-calles-de-pasto\/#article","isPartOf":{"@id":"https:\/\/pagina10.com\/web\/la-fotografia-recorre-y-cuenta-las-historias-de-las-calles-de-pasto\/"},"author":{"name":"P\u00e1gina 10","@id":"https:\/\/pagina10.com\/web\/#\/schema\/person\/2efc4a090d25b667d3bc796798a3a81b"},"headline":"La fotograf\u00eda recorre y cuenta las historias de las calles de Pasto","datePublished":"2023-07-01T02:23:29+00:00","dateModified":"2023-07-01T02:30:16+00:00","mainEntityOfPage":{"@id":"https:\/\/pagina10.com\/web\/la-fotografia-recorre-y-cuenta-las-historias-de-las-calles-de-pasto\/"},"wordCount":311,"commentCount":0,"publisher":{"@id":"https:\/\/pagina10.com\/web\/#organization"},"image":{"@id":"https:\/\/pagina10.com\/web\/la-fotografia-recorre-y-cuenta-las-historias-de-las-calles-de-pasto\/#primaryimage"},"thumbnailUrl":"https:\/\/pagina10.com\/web\/wp-content\/uploads\/2023\/06\/Picture2-3.jpg","articleSection":["Nari\u00f1o Actual"],"inLanguage":"es","potentialAction":[{"@type":"CommentAction","name":"Comment","target":["https:\/\/pagina10.com\/web\/la-fotografia-recorre-y-cuenta-las-historias-de-las-calles-de-pasto\/#respond"]}]},{"@type":"WebPage","@id":"https:\/\/pagina10.com\/web\/la-fotografia-recorre-y-cuenta-las-historias-de-las-calles-de-pasto\/","url":"https:\/\/pagina10.com\/web\/la-fotografia-recorre-y-cuenta-las-historias-de-las-calles-de-pasto\/","name":"La fotograf\u00eda recorre y cuenta las historias de las calles de Pasto | P\u00e1gina10","isPartOf":{"@id":"https:\/\/pagina10.com\/web\/#website"},"primaryImageOfPage":{"@id":"https:\/\/pagina10.com\/web\/la-fotografia-recorre-y-cuenta-las-historias-de-las-calles-de-pasto\/#primaryimage"},"image":{"@id":"https:\/\/pagina10.com\/web\/la-fotografia-recorre-y-cuenta-las-historias-de-las-calles-de-pasto\/#primaryimage"},"thumbnailUrl":"https:\/\/pagina10.com\/web\/wp-content\/uploads\/2023\/06\/Picture2-3.jpg","datePublished":"2023-07-01T02:23:29+00:00","dateModified":"2023-07-01T02:30:16+00:00","breadcrumb":{"@id":"https:\/\/pagina10.com\/web\/la-fotografia-recorre-y-cuenta-las-historias-de-las-calles-de-pasto\/#breadcrumb"},"inLanguage":"es","potentialAction":[{"@type":"ReadAction","target":["https:\/\/pagina10.com\/web\/la-fotografia-recorre-y-cuenta-las-historias-de-las-calles-de-pasto\/"]}]},{"@type":"ImageObject","inLanguage":"es","@id":"https:\/\/pagina10.com\/web\/la-fotografia-recorre-y-cuenta-las-historias-de-las-calles-de-pasto\/#primaryimage","url":"https:\/\/pagina10.com\/web\/wp-content\/uploads\/2023\/06\/Picture2-3.jpg","contentUrl":"https:\/\/pagina10.com\/web\/wp-content\/uploads\/2023\/06\/Picture2-3.jpg","width":789,"height":447},{"@type":"BreadcrumbList","@id":"https:\/\/pagina10.com\/web\/la-fotografia-recorre-y-cuenta-las-historias-de-las-calles-de-pasto\/#breadcrumb","itemListElement":[{"@type":"ListItem","position":1,"name":"Portada","item":"https:\/\/pagina10.com\/web\/"},{"@type":"ListItem","position":2,"name":"La fotograf\u00eda recorre y cuenta las historias de las calles de Pasto"}]},{"@type":"WebSite","@id":"https:\/\/pagina10.com\/web\/#website","url":"https:\/\/pagina10.com\/web\/","name":"P\u00e1gina10","description":"Peri\u00f3dico Regional","publisher":{"@id":"https:\/\/pagina10.com\/web\/#organization"},"alternateName":"P\u00e1gina10 Peri\u00f3dico Regional","potentialAction":[{"@type":"SearchAction","target":{"@type":"EntryPoint","urlTemplate":"https:\/\/pagina10.com\/web\/?s={search_term_string}"},"query-input":{"@type":"PropertyValueSpecification","valueRequired":true,"valueName":"search_term_string"}}],"inLanguage":"es"},{"@type":"Organization","@id":"https:\/\/pagina10.com\/web\/#organization","name":"P\u00e1gina10","alternateName":"P\u00e1gina10 Peri\u00f3dico Regional","url":"https:\/\/pagina10.com\/web\/","logo":{"@type":"ImageObject","inLanguage":"es","@id":"https:\/\/pagina10.com\/web\/#\/schema\/logo\/image\/","url":"https:\/\/pagina10.com\/web\/wp-content\/uploads\/2024\/01\/40-pagina-10-periodico-regional-pasto.jpg","contentUrl":"https:\/\/pagina10.com\/web\/wp-content\/uploads\/2024\/01\/40-pagina-10-periodico-regional-pasto.jpg","width":1280,"height":720,"caption":"P\u00e1gina10"},"image":{"@id":"https:\/\/pagina10.com\/web\/#\/schema\/logo\/image\/"},"sameAs":["https:\/\/www.facebook.com\/pag10com","https:\/\/x.com\/Pag10com","https:\/\/www.instagram.com\/pagina10col\/","https:\/\/youtube.com\/channel\/pag10","https:\/\/www.tiktok.com\/@p10col"]},{"@type":"Person","@id":"https:\/\/pagina10.com\/web\/#\/schema\/person\/2efc4a090d25b667d3bc796798a3a81b","name":"P\u00e1gina 10","description":"P\u00e1gina 10 es un peri\u00f3dico regional que nace en Colombia, en el departamento de Nari\u00f1o, con un enfoque global, fundamentado en cuatro pilares esenciales: la libertad, el pluralismo, la inclusi\u00f3n y la independencia. P\u00e1gina 10 hace referencia a Nari\u00f1o como el d\u00e9cimo departamento creado en Colombia, despu\u00e9s de un proceso pol\u00edtico liderado por actores y actrices regionales con el fin de obtener la independencia y autonom\u00eda de nuestros territorios. Con la creaci\u00f3n de P\u00e1gina 10 se pretende abrir un escenario para el dialogo, la reflexi\u00f3n y el debate que se extienda a otras geograf\u00edas de Am\u00e9rica Latina y del planeta, en una apuesta por transformar colectivamente los desaf\u00edos de un mundo contempor\u00e1neo, m\u00e1s all\u00e1 de las fronteras impuestas.","url":"https:\/\/pagina10.com\/web\/author\/pdiezadmin\/"}]}},"_links":{"self":[{"href":"https:\/\/pagina10.com\/web\/wp-json\/wp\/v2\/posts\/67100","targetHints":{"allow":["GET"]}}],"collection":[{"href":"https:\/\/pagina10.com\/web\/wp-json\/wp\/v2\/posts"}],"about":[{"href":"https:\/\/pagina10.com\/web\/wp-json\/wp\/v2\/types\/post"}],"author":[{"embeddable":true,"href":"https:\/\/pagina10.com\/web\/wp-json\/wp\/v2\/users\/1"}],"replies":[{"embeddable":true,"href":"https:\/\/pagina10.com\/web\/wp-json\/wp\/v2\/comments?post=67100"}],"version-history":[{"count":6,"href":"https:\/\/pagina10.com\/web\/wp-json\/wp\/v2\/posts\/67100\/revisions"}],"predecessor-version":[{"id":67120,"href":"https:\/\/pagina10.com\/web\/wp-json\/wp\/v2\/posts\/67100\/revisions\/67120"}],"wp:featuredmedia":[{"embeddable":true,"href":"https:\/\/pagina10.com\/web\/wp-json\/wp\/v2\/media\/67102"}],"wp:attachment":[{"href":"https:\/\/pagina10.com\/web\/wp-json\/wp\/v2\/media?parent=67100"}],"wp:term":[{"taxonomy":"category","embeddable":true,"href":"https:\/\/pagina10.com\/web\/wp-json\/wp\/v2\/categories?post=67100"},{"taxonomy":"post_tag","embeddable":true,"href":"https:\/\/pagina10.com\/web\/wp-json\/wp\/v2\/tags?post=67100"}],"curies":[{"name":"wp","href":"https:\/\/api.w.org\/{rel}","templated":true}]}}