{"id":67124,"date":"2023-07-01T10:47:10","date_gmt":"2023-07-01T15:47:10","guid":{"rendered":"https:\/\/pagina10.com\/web\/?p=67124"},"modified":"2023-07-01T10:47:24","modified_gmt":"2023-07-01T15:47:24","slug":"exabogado-de-uribe-diego-cadena-recibio-sancion-por-sobornos","status":"publish","type":"post","link":"https:\/\/pagina10.com\/web\/exabogado-de-uribe-diego-cadena-recibio-sancion-por-sobornos\/","title":{"rendered":"Exabogado de Uribe, Diego Cadena, recibi\u00f3 sanci\u00f3n por sobornos"},"content":{"rendered":"<p style=\"text-align: justify;\">En una votaci\u00f3n realizada este viernes 30 de junio, la Sala Plena de la Comisi\u00f3n de Disciplina Judicial respald\u00f3 la nueva ponencia presentada por la presidenta Magda Victoria Acosta, que busca confirmar la sanci\u00f3n impuesta a Diego Cadena por parte de la Comisi\u00f3n Del Valle.<\/p>\n<p style=\"text-align: justify;\">A pesar del argumento de la magistrada Diana V\u00e9lez sobre la falta de credibilidad de un testigo, Carlos Enrique V\u00e9lez, la mayor\u00eda de la Sala Plena decidi\u00f3 no absolver a Cadena de la acusaci\u00f3n de soborno a testigos. Esta sanci\u00f3n se suma a otra previa por manipulaci\u00f3n de testigos. La Comisi\u00f3n del Valle hab\u00eda demostrado los pagos realizados a Carlos Enrique V\u00e9lez para influir en el testimonio de Juan Guillermo Monsalve en un caso relacionado con Iv\u00e1n Cepeda y \u00c1lvaro Uribe.<\/p>\n","protected":false},"excerpt":{"rendered":"<p>En una votaci\u00f3n realizada este viernes 30 de junio, la Sala Plena de la Comisi\u00f3n de Disciplina Judicial respald\u00f3 la nueva ponencia presentada por la presidenta Magda Victoria Acosta, que busca confirmar la sanci\u00f3n impuesta a Diego Cadena por parte de la Comisi\u00f3n Del Valle. A pesar del argumento de la magistrada Diana V\u00e9lez sobre [&hellip;]<\/p>\n","protected":false},"author":1,"featured_media":67125,"comment_status":"open","ping_status":"open","sticky":false,"template":"","format":"standard","meta":{"footnotes":""},"categories":[94],"tags":[],"class_list":["post-67124","post","type-post","status-publish","format-standard","has-post-thumbnail","hentry","category-nacional-global-2"],"yoast_head":"<!-- This site is optimized with the Yoast SEO plugin v27.1.1 - https:\/\/yoast.com\/product\/yoast-seo-wordpress\/ -->\n<title>Exabogado de Uribe, Diego Cadena, recibi\u00f3 sanci\u00f3n por sobornos | P\u00e1gina10<\/title>\n<meta name=\"robots\" content=\"index, follow, max-snippet:-1, max-image-preview:large, max-video-preview:-1\" \/>\n<link rel=\"canonical\" href=\"https:\/\/pagina10.com\/web\/exabogado-de-uribe-diego-cadena-recibio-sancion-por-sobornos\/\" \/>\n<meta property=\"og:locale\" content=\"es_ES\" \/>\n<meta property=\"og:type\" content=\"article\" \/>\n<meta property=\"og:title\" content=\"Exabogado de Uribe, Diego Cadena, recibi\u00f3 sanci\u00f3n por sobornos | P\u00e1gina10\" \/>\n<meta property=\"og:description\" content=\"En una votaci\u00f3n realizada este viernes 30 de junio, la Sala Plena de la Comisi\u00f3n de Disciplina Judicial respald\u00f3 la nueva ponencia presentada por la presidenta Magda Victoria Acosta, que busca confirmar la sanci\u00f3n impuesta a Diego Cadena por parte de la Comisi\u00f3n Del Valle. A pesar del argumento de la magistrada Diana V\u00e9lez sobre [&hellip;]\" \/>\n<meta property=\"og:url\" content=\"https:\/\/pagina10.com\/web\/exabogado-de-uribe-diego-cadena-recibio-sancion-por-sobornos\/\" \/>\n<meta property=\"og:site_name\" content=\"P\u00e1gina10\" \/>\n<meta property=\"article:publisher\" content=\"https:\/\/www.facebook.com\/pag10com\" \/>\n<meta property=\"article:published_time\" content=\"2023-07-01T15:47:10+00:00\" \/>\n<meta property=\"article:modified_time\" content=\"2023-07-01T15:47:24+00:00\" \/>\n<meta property=\"og:image\" content=\"https:\/\/pagina10.com\/web\/wp-content\/uploads\/2023\/07\/download.jpeg\" \/>\n\t<meta property=\"og:image:width\" content=\"1000\" \/>\n\t<meta property=\"og:image:height\" content=\"716\" \/>\n\t<meta property=\"og:image:type\" content=\"image\/jpeg\" \/>\n<meta name=\"author\" content=\"P\u00e1gina 10\" \/>\n<meta name=\"twitter:card\" content=\"summary_large_image\" \/>\n<meta name=\"twitter:creator\" content=\"@Pag10com\" \/>\n<meta name=\"twitter:site\" content=\"@Pag10com\" \/>\n<meta name=\"twitter:label1\" content=\"Escrito por\" \/>\n\t<meta name=\"twitter:data1\" content=\"P\u00e1gina 10\" \/>\n\t<meta name=\"twitter:label2\" content=\"Tiempo de lectura\" \/>\n\t<meta name=\"twitter:data2\" content=\"1 minuto\" \/>\n<script type=\"application\/ld+json\" class=\"yoast-schema-graph\">{\"@context\":\"https:\/\/schema.org\",\"@graph\":[{\"@type\":\"Article\",\"@id\":\"https:\/\/pagina10.com\/web\/exabogado-de-uribe-diego-cadena-recibio-sancion-por-sobornos\/#article\",\"isPartOf\":{\"@id\":\"https:\/\/pagina10.com\/web\/exabogado-de-uribe-diego-cadena-recibio-sancion-por-sobornos\/\"},\"author\":{\"name\":\"P\u00e1gina 10\",\"@id\":\"https:\/\/pagina10.com\/web\/#\/schema\/person\/2efc4a090d25b667d3bc796798a3a81b\"},\"headline\":\"Exabogado de Uribe, Diego Cadena, recibi\u00f3 sanci\u00f3n por sobornos\",\"datePublished\":\"2023-07-01T15:47:10+00:00\",\"dateModified\":\"2023-07-01T15:47:24+00:00\",\"mainEntityOfPage\":{\"@id\":\"https:\/\/pagina10.com\/web\/exabogado-de-uribe-diego-cadena-recibio-sancion-por-sobornos\/\"},\"wordCount\":149,\"commentCount\":0,\"publisher\":{\"@id\":\"https:\/\/pagina10.com\/web\/#organization\"},\"image\":{\"@id\":\"https:\/\/pagina10.com\/web\/exabogado-de-uribe-diego-cadena-recibio-sancion-por-sobornos\/#primaryimage\"},\"thumbnailUrl\":\"https:\/\/pagina10.com\/web\/wp-content\/uploads\/2023\/07\/download.jpeg\",\"articleSection\":[\"Nacional\"],\"inLanguage\":\"es\",\"potentialAction\":[{\"@type\":\"CommentAction\",\"name\":\"Comment\",\"target\":[\"https:\/\/pagina10.com\/web\/exabogado-de-uribe-diego-cadena-recibio-sancion-por-sobornos\/#respond\"]}]},{\"@type\":\"WebPage\",\"@id\":\"https:\/\/pagina10.com\/web\/exabogado-de-uribe-diego-cadena-recibio-sancion-por-sobornos\/\",\"url\":\"https:\/\/pagina10.com\/web\/exabogado-de-uribe-diego-cadena-recibio-sancion-por-sobornos\/\",\"name\":\"Exabogado de Uribe, Diego Cadena, recibi\u00f3 sanci\u00f3n por sobornos | P\u00e1gina10\",\"isPartOf\":{\"@id\":\"https:\/\/pagina10.com\/web\/#website\"},\"primaryImageOfPage\":{\"@id\":\"https:\/\/pagina10.com\/web\/exabogado-de-uribe-diego-cadena-recibio-sancion-por-sobornos\/#primaryimage\"},\"image\":{\"@id\":\"https:\/\/pagina10.com\/web\/exabogado-de-uribe-diego-cadena-recibio-sancion-por-sobornos\/#primaryimage\"},\"thumbnailUrl\":\"https:\/\/pagina10.com\/web\/wp-content\/uploads\/2023\/07\/download.jpeg\",\"datePublished\":\"2023-07-01T15:47:10+00:00\",\"dateModified\":\"2023-07-01T15:47:24+00:00\",\"breadcrumb\":{\"@id\":\"https:\/\/pagina10.com\/web\/exabogado-de-uribe-diego-cadena-recibio-sancion-por-sobornos\/#breadcrumb\"},\"inLanguage\":\"es\",\"potentialAction\":[{\"@type\":\"ReadAction\",\"target\":[\"https:\/\/pagina10.com\/web\/exabogado-de-uribe-diego-cadena-recibio-sancion-por-sobornos\/\"]}]},{\"@type\":\"ImageObject\",\"inLanguage\":\"es\",\"@id\":\"https:\/\/pagina10.com\/web\/exabogado-de-uribe-diego-cadena-recibio-sancion-por-sobornos\/#primaryimage\",\"url\":\"https:\/\/pagina10.com\/web\/wp-content\/uploads\/2023\/07\/download.jpeg\",\"contentUrl\":\"https:\/\/pagina10.com\/web\/wp-content\/uploads\/2023\/07\/download.jpeg\",\"width\":1000,\"height\":716},{\"@type\":\"BreadcrumbList\",\"@id\":\"https:\/\/pagina10.com\/web\/exabogado-de-uribe-diego-cadena-recibio-sancion-por-sobornos\/#breadcrumb\",\"itemListElement\":[{\"@type\":\"ListItem\",\"position\":1,\"name\":\"Portada\",\"item\":\"https:\/\/pagina10.com\/web\/\"},{\"@type\":\"ListItem\",\"position\":2,\"name\":\"Exabogado de Uribe, Diego Cadena, recibi\u00f3 sanci\u00f3n por sobornos\"}]},{\"@type\":\"WebSite\",\"@id\":\"https:\/\/pagina10.com\/web\/#website\",\"url\":\"https:\/\/pagina10.com\/web\/\",\"name\":\"P\u00e1gina10\",\"description\":\"Peri\u00f3dico Regional\",\"publisher\":{\"@id\":\"https:\/\/pagina10.com\/web\/#organization\"},\"alternateName\":\"P\u00e1gina10 Peri\u00f3dico Regional\",\"potentialAction\":[{\"@type\":\"SearchAction\",\"target\":{\"@type\":\"EntryPoint\",\"urlTemplate\":\"https:\/\/pagina10.com\/web\/?s={search_term_string}\"},\"query-input\":{\"@type\":\"PropertyValueSpecification\",\"valueRequired\":true,\"valueName\":\"search_term_string\"}}],\"inLanguage\":\"es\"},{\"@type\":\"Organization\",\"@id\":\"https:\/\/pagina10.com\/web\/#organization\",\"name\":\"P\u00e1gina10\",\"alternateName\":\"P\u00e1gina10 Peri\u00f3dico Regional\",\"url\":\"https:\/\/pagina10.com\/web\/\",\"logo\":{\"@type\":\"ImageObject\",\"inLanguage\":\"es\",\"@id\":\"https:\/\/pagina10.com\/web\/#\/schema\/logo\/image\/\",\"url\":\"https:\/\/pagina10.com\/web\/wp-content\/uploads\/2024\/01\/40-pagina-10-periodico-regional-pasto.jpg\",\"contentUrl\":\"https:\/\/pagina10.com\/web\/wp-content\/uploads\/2024\/01\/40-pagina-10-periodico-regional-pasto.jpg\",\"width\":1280,\"height\":720,\"caption\":\"P\u00e1gina10\"},\"image\":{\"@id\":\"https:\/\/pagina10.com\/web\/#\/schema\/logo\/image\/\"},\"sameAs\":[\"https:\/\/www.facebook.com\/pag10com\",\"https:\/\/x.com\/Pag10com\",\"https:\/\/www.instagram.com\/pagina10col\/\",\"https:\/\/youtube.com\/channel\/pag10\",\"https:\/\/www.tiktok.com\/@p10col\"]},{\"@type\":\"Person\",\"@id\":\"https:\/\/pagina10.com\/web\/#\/schema\/person\/2efc4a090d25b667d3bc796798a3a81b\",\"name\":\"P\u00e1gina 10\",\"description\":\"P\u00e1gina 10 es un peri\u00f3dico regional que nace en Colombia, en el departamento de Nari\u00f1o, con un enfoque global, fundamentado en cuatro pilares esenciales: la libertad, el pluralismo, la inclusi\u00f3n y la independencia. P\u00e1gina 10 hace referencia a Nari\u00f1o como el d\u00e9cimo departamento creado en Colombia, despu\u00e9s de un proceso pol\u00edtico liderado por actores y actrices regionales con el fin de obtener la independencia y autonom\u00eda de nuestros territorios. Con la creaci\u00f3n de P\u00e1gina 10 se pretende abrir un escenario para el dialogo, la reflexi\u00f3n y el debate que se extienda a otras geograf\u00edas de Am\u00e9rica Latina y del planeta, en una apuesta por transformar colectivamente los desaf\u00edos de un mundo contempor\u00e1neo, m\u00e1s all\u00e1 de las fronteras impuestas.\",\"url\":\"https:\/\/pagina10.com\/web\/author\/pdiezadmin\/\"}]}<\/script>\n<!-- \/ Yoast SEO plugin. -->","yoast_head_json":{"title":"Exabogado de Uribe, Diego Cadena, recibi\u00f3 sanci\u00f3n por sobornos | P\u00e1gina10","robots":{"index":"index","follow":"follow","max-snippet":"max-snippet:-1","max-image-preview":"max-image-preview:large","max-video-preview":"max-video-preview:-1"},"canonical":"https:\/\/pagina10.com\/web\/exabogado-de-uribe-diego-cadena-recibio-sancion-por-sobornos\/","og_locale":"es_ES","og_type":"article","og_title":"Exabogado de Uribe, Diego Cadena, recibi\u00f3 sanci\u00f3n por sobornos | P\u00e1gina10","og_description":"En una votaci\u00f3n realizada este viernes 30 de junio, la Sala Plena de la Comisi\u00f3n de Disciplina Judicial respald\u00f3 la nueva ponencia presentada por la presidenta Magda Victoria Acosta, que busca confirmar la sanci\u00f3n impuesta a Diego Cadena por parte de la Comisi\u00f3n Del Valle. A pesar del argumento de la magistrada Diana V\u00e9lez sobre [&hellip;]","og_url":"https:\/\/pagina10.com\/web\/exabogado-de-uribe-diego-cadena-recibio-sancion-por-sobornos\/","og_site_name":"P\u00e1gina10","article_publisher":"https:\/\/www.facebook.com\/pag10com","article_published_time":"2023-07-01T15:47:10+00:00","article_modified_time":"2023-07-01T15:47:24+00:00","og_image":[{"width":1000,"height":716,"url":"https:\/\/pagina10.com\/web\/wp-content\/uploads\/2023\/07\/download.jpeg","type":"image\/jpeg"}],"author":"P\u00e1gina 10","twitter_card":"summary_large_image","twitter_creator":"@Pag10com","twitter_site":"@Pag10com","twitter_misc":{"Escrito por":"P\u00e1gina 10","Tiempo de lectura":"1 minuto"},"schema":{"@context":"https:\/\/schema.org","@graph":[{"@type":"Article","@id":"https:\/\/pagina10.com\/web\/exabogado-de-uribe-diego-cadena-recibio-sancion-por-sobornos\/#article","isPartOf":{"@id":"https:\/\/pagina10.com\/web\/exabogado-de-uribe-diego-cadena-recibio-sancion-por-sobornos\/"},"author":{"name":"P\u00e1gina 10","@id":"https:\/\/pagina10.com\/web\/#\/schema\/person\/2efc4a090d25b667d3bc796798a3a81b"},"headline":"Exabogado de Uribe, Diego Cadena, recibi\u00f3 sanci\u00f3n por sobornos","datePublished":"2023-07-01T15:47:10+00:00","dateModified":"2023-07-01T15:47:24+00:00","mainEntityOfPage":{"@id":"https:\/\/pagina10.com\/web\/exabogado-de-uribe-diego-cadena-recibio-sancion-por-sobornos\/"},"wordCount":149,"commentCount":0,"publisher":{"@id":"https:\/\/pagina10.com\/web\/#organization"},"image":{"@id":"https:\/\/pagina10.com\/web\/exabogado-de-uribe-diego-cadena-recibio-sancion-por-sobornos\/#primaryimage"},"thumbnailUrl":"https:\/\/pagina10.com\/web\/wp-content\/uploads\/2023\/07\/download.jpeg","articleSection":["Nacional"],"inLanguage":"es","potentialAction":[{"@type":"CommentAction","name":"Comment","target":["https:\/\/pagina10.com\/web\/exabogado-de-uribe-diego-cadena-recibio-sancion-por-sobornos\/#respond"]}]},{"@type":"WebPage","@id":"https:\/\/pagina10.com\/web\/exabogado-de-uribe-diego-cadena-recibio-sancion-por-sobornos\/","url":"https:\/\/pagina10.com\/web\/exabogado-de-uribe-diego-cadena-recibio-sancion-por-sobornos\/","name":"Exabogado de Uribe, Diego Cadena, recibi\u00f3 sanci\u00f3n por sobornos | P\u00e1gina10","isPartOf":{"@id":"https:\/\/pagina10.com\/web\/#website"},"primaryImageOfPage":{"@id":"https:\/\/pagina10.com\/web\/exabogado-de-uribe-diego-cadena-recibio-sancion-por-sobornos\/#primaryimage"},"image":{"@id":"https:\/\/pagina10.com\/web\/exabogado-de-uribe-diego-cadena-recibio-sancion-por-sobornos\/#primaryimage"},"thumbnailUrl":"https:\/\/pagina10.com\/web\/wp-content\/uploads\/2023\/07\/download.jpeg","datePublished":"2023-07-01T15:47:10+00:00","dateModified":"2023-07-01T15:47:24+00:00","breadcrumb":{"@id":"https:\/\/pagina10.com\/web\/exabogado-de-uribe-diego-cadena-recibio-sancion-por-sobornos\/#breadcrumb"},"inLanguage":"es","potentialAction":[{"@type":"ReadAction","target":["https:\/\/pagina10.com\/web\/exabogado-de-uribe-diego-cadena-recibio-sancion-por-sobornos\/"]}]},{"@type":"ImageObject","inLanguage":"es","@id":"https:\/\/pagina10.com\/web\/exabogado-de-uribe-diego-cadena-recibio-sancion-por-sobornos\/#primaryimage","url":"https:\/\/pagina10.com\/web\/wp-content\/uploads\/2023\/07\/download.jpeg","contentUrl":"https:\/\/pagina10.com\/web\/wp-content\/uploads\/2023\/07\/download.jpeg","width":1000,"height":716},{"@type":"BreadcrumbList","@id":"https:\/\/pagina10.com\/web\/exabogado-de-uribe-diego-cadena-recibio-sancion-por-sobornos\/#breadcrumb","itemListElement":[{"@type":"ListItem","position":1,"name":"Portada","item":"https:\/\/pagina10.com\/web\/"},{"@type":"ListItem","position":2,"name":"Exabogado de Uribe, Diego Cadena, recibi\u00f3 sanci\u00f3n por sobornos"}]},{"@type":"WebSite","@id":"https:\/\/pagina10.com\/web\/#website","url":"https:\/\/pagina10.com\/web\/","name":"P\u00e1gina10","description":"Peri\u00f3dico Regional","publisher":{"@id":"https:\/\/pagina10.com\/web\/#organization"},"alternateName":"P\u00e1gina10 Peri\u00f3dico Regional","potentialAction":[{"@type":"SearchAction","target":{"@type":"EntryPoint","urlTemplate":"https:\/\/pagina10.com\/web\/?s={search_term_string}"},"query-input":{"@type":"PropertyValueSpecification","valueRequired":true,"valueName":"search_term_string"}}],"inLanguage":"es"},{"@type":"Organization","@id":"https:\/\/pagina10.com\/web\/#organization","name":"P\u00e1gina10","alternateName":"P\u00e1gina10 Peri\u00f3dico Regional","url":"https:\/\/pagina10.com\/web\/","logo":{"@type":"ImageObject","inLanguage":"es","@id":"https:\/\/pagina10.com\/web\/#\/schema\/logo\/image\/","url":"https:\/\/pagina10.com\/web\/wp-content\/uploads\/2024\/01\/40-pagina-10-periodico-regional-pasto.jpg","contentUrl":"https:\/\/pagina10.com\/web\/wp-content\/uploads\/2024\/01\/40-pagina-10-periodico-regional-pasto.jpg","width":1280,"height":720,"caption":"P\u00e1gina10"},"image":{"@id":"https:\/\/pagina10.com\/web\/#\/schema\/logo\/image\/"},"sameAs":["https:\/\/www.facebook.com\/pag10com","https:\/\/x.com\/Pag10com","https:\/\/www.instagram.com\/pagina10col\/","https:\/\/youtube.com\/channel\/pag10","https:\/\/www.tiktok.com\/@p10col"]},{"@type":"Person","@id":"https:\/\/pagina10.com\/web\/#\/schema\/person\/2efc4a090d25b667d3bc796798a3a81b","name":"P\u00e1gina 10","description":"P\u00e1gina 10 es un peri\u00f3dico regional que nace en Colombia, en el departamento de Nari\u00f1o, con un enfoque global, fundamentado en cuatro pilares esenciales: la libertad, el pluralismo, la inclusi\u00f3n y la independencia. P\u00e1gina 10 hace referencia a Nari\u00f1o como el d\u00e9cimo departamento creado en Colombia, despu\u00e9s de un proceso pol\u00edtico liderado por actores y actrices regionales con el fin de obtener la independencia y autonom\u00eda de nuestros territorios. Con la creaci\u00f3n de P\u00e1gina 10 se pretende abrir un escenario para el dialogo, la reflexi\u00f3n y el debate que se extienda a otras geograf\u00edas de Am\u00e9rica Latina y del planeta, en una apuesta por transformar colectivamente los desaf\u00edos de un mundo contempor\u00e1neo, m\u00e1s all\u00e1 de las fronteras impuestas.","url":"https:\/\/pagina10.com\/web\/author\/pdiezadmin\/"}]}},"_links":{"self":[{"href":"https:\/\/pagina10.com\/web\/wp-json\/wp\/v2\/posts\/67124","targetHints":{"allow":["GET"]}}],"collection":[{"href":"https:\/\/pagina10.com\/web\/wp-json\/wp\/v2\/posts"}],"about":[{"href":"https:\/\/pagina10.com\/web\/wp-json\/wp\/v2\/types\/post"}],"author":[{"embeddable":true,"href":"https:\/\/pagina10.com\/web\/wp-json\/wp\/v2\/users\/1"}],"replies":[{"embeddable":true,"href":"https:\/\/pagina10.com\/web\/wp-json\/wp\/v2\/comments?post=67124"}],"version-history":[{"count":1,"href":"https:\/\/pagina10.com\/web\/wp-json\/wp\/v2\/posts\/67124\/revisions"}],"predecessor-version":[{"id":67126,"href":"https:\/\/pagina10.com\/web\/wp-json\/wp\/v2\/posts\/67124\/revisions\/67126"}],"wp:featuredmedia":[{"embeddable":true,"href":"https:\/\/pagina10.com\/web\/wp-json\/wp\/v2\/media\/67125"}],"wp:attachment":[{"href":"https:\/\/pagina10.com\/web\/wp-json\/wp\/v2\/media?parent=67124"}],"wp:term":[{"taxonomy":"category","embeddable":true,"href":"https:\/\/pagina10.com\/web\/wp-json\/wp\/v2\/categories?post=67124"},{"taxonomy":"post_tag","embeddable":true,"href":"https:\/\/pagina10.com\/web\/wp-json\/wp\/v2\/tags?post=67124"}],"curies":[{"name":"wp","href":"https:\/\/api.w.org\/{rel}","templated":true}]}}