{"id":67127,"date":"2023-07-01T10:48:14","date_gmt":"2023-07-01T15:48:14","guid":{"rendered":"https:\/\/pagina10.com\/web\/?p=67127"},"modified":"2023-07-01T10:48:14","modified_gmt":"2023-07-01T15:48:14","slug":"a-partir-de-julio-disminuiran-las-horas-laborales-en-colombia","status":"publish","type":"post","link":"https:\/\/pagina10.com\/web\/a-partir-de-julio-disminuiran-las-horas-laborales-en-colombia\/","title":{"rendered":"A partir de julio disminuir\u00e1n las horas laborales en Colombia"},"content":{"rendered":"<p style=\"text-align: justify;\">Luego del 15 de julio, se implementar\u00e1 una reducci\u00f3n <strong>gradual<\/strong> de la jornada laboral en Colombia. La jornada actual de 48 horas a la semana, se reducir\u00eda a 42 con la entrada en vigencia de la Ley 2101 de 2021. La nueva normativa se aplicar\u00e1 de forma progresiva. Para el a\u00f1o 2023, se reducir\u00e1 una hora de trabajo, sin afectar el salario ni los derechos laborales, seg\u00fan lo estipulado en la ley.<\/p>\n<p style=\"text-align: justify;\">La ley debe ser aplicada tanto en empresas privadas como en entidades estatales. En el sector p\u00fablico, los ajustes se realizar\u00e1n de acuerdo a las pol\u00edticas y acuerdos establecidos por cada entidad. En el sector privado, la implementaci\u00f3n de la normativa puede ser establecida mediante acuerdos o convenios entre empleados y empresas. L<strong>os trabajadores podr\u00e1n acordar con sus empleadores el d\u00eda en que trabajar\u00e1n una hora menos.<\/strong><\/p>\n<p style=\"text-align: justify;\">Se espera que para el a\u00f1o 2026, todos los trabajadores en Colombia laboren 42 horas a la semana. A partir del 15 de julio de 2023, la jornada se reducir\u00e1 en una hora, pasando a 47 horas semanales. Luego, el 15 de julio de 2024, se deber\u00e1n cumplir 46 horas semanales. Para el a\u00f1o 2025, el m\u00e1ximo ser\u00e1 de 44 horas. Finalmente, a partir del 15 de julio de 2026, los trabajadores deber\u00e1n laborar 42 horas semanalmente.<\/p>\n","protected":false},"excerpt":{"rendered":"<p>Luego del 15 de julio, se implementar\u00e1 una reducci\u00f3n gradual de la jornada laboral en Colombia. La jornada actual de 48 horas a la semana, se reducir\u00eda a 42 con la entrada en vigencia de la Ley 2101 de 2021. La nueva normativa se aplicar\u00e1 de forma progresiva. Para el a\u00f1o 2023, se reducir\u00e1 una [&hellip;]<\/p>\n","protected":false},"author":1,"featured_media":67128,"comment_status":"open","ping_status":"open","sticky":false,"template":"","format":"standard","meta":{"footnotes":""},"categories":[94],"tags":[],"class_list":["post-67127","post","type-post","status-publish","format-standard","has-post-thumbnail","hentry","category-nacional-global-2"],"yoast_head":"<!-- This site is optimized with the Yoast SEO plugin v27.1.1 - https:\/\/yoast.com\/product\/yoast-seo-wordpress\/ -->\n<title>A partir de julio disminuir\u00e1n las horas laborales en Colombia | P\u00e1gina10<\/title>\n<meta name=\"robots\" content=\"index, follow, max-snippet:-1, max-image-preview:large, max-video-preview:-1\" \/>\n<link rel=\"canonical\" href=\"https:\/\/pagina10.com\/web\/a-partir-de-julio-disminuiran-las-horas-laborales-en-colombia\/\" \/>\n<meta property=\"og:locale\" content=\"es_ES\" \/>\n<meta property=\"og:type\" content=\"article\" \/>\n<meta property=\"og:title\" content=\"A partir de julio disminuir\u00e1n las horas laborales en Colombia | P\u00e1gina10\" \/>\n<meta property=\"og:description\" content=\"Luego del 15 de julio, se implementar\u00e1 una reducci\u00f3n gradual de la jornada laboral en Colombia. La jornada actual de 48 horas a la semana, se reducir\u00eda a 42 con la entrada en vigencia de la Ley 2101 de 2021. La nueva normativa se aplicar\u00e1 de forma progresiva. Para el a\u00f1o 2023, se reducir\u00e1 una [&hellip;]\" \/>\n<meta property=\"og:url\" content=\"https:\/\/pagina10.com\/web\/a-partir-de-julio-disminuiran-las-horas-laborales-en-colombia\/\" \/>\n<meta property=\"og:site_name\" content=\"P\u00e1gina10\" \/>\n<meta property=\"article:publisher\" content=\"https:\/\/www.facebook.com\/pag10com\" \/>\n<meta property=\"article:published_time\" content=\"2023-07-01T15:48:14+00:00\" \/>\n<meta property=\"og:image\" content=\"https:\/\/pagina10.com\/web\/wp-content\/uploads\/2023\/07\/DGWTMG66HVLP5A4SQZW2Z24KFA.jpg\" \/>\n\t<meta property=\"og:image:width\" content=\"1080\" \/>\n\t<meta property=\"og:image:height\" content=\"625\" \/>\n\t<meta property=\"og:image:type\" content=\"image\/jpeg\" \/>\n<meta name=\"author\" content=\"P\u00e1gina 10\" \/>\n<meta name=\"twitter:card\" content=\"summary_large_image\" \/>\n<meta name=\"twitter:creator\" content=\"@Pag10com\" \/>\n<meta name=\"twitter:site\" content=\"@Pag10com\" \/>\n<meta name=\"twitter:label1\" content=\"Escrito por\" \/>\n\t<meta name=\"twitter:data1\" content=\"P\u00e1gina 10\" \/>\n\t<meta name=\"twitter:label2\" content=\"Tiempo de lectura\" \/>\n\t<meta name=\"twitter:data2\" content=\"1 minuto\" \/>\n<script type=\"application\/ld+json\" class=\"yoast-schema-graph\">{\"@context\":\"https:\/\/schema.org\",\"@graph\":[{\"@type\":\"Article\",\"@id\":\"https:\/\/pagina10.com\/web\/a-partir-de-julio-disminuiran-las-horas-laborales-en-colombia\/#article\",\"isPartOf\":{\"@id\":\"https:\/\/pagina10.com\/web\/a-partir-de-julio-disminuiran-las-horas-laborales-en-colombia\/\"},\"author\":{\"name\":\"P\u00e1gina 10\",\"@id\":\"https:\/\/pagina10.com\/web\/#\/schema\/person\/2efc4a090d25b667d3bc796798a3a81b\"},\"headline\":\"A partir de julio disminuir\u00e1n las horas laborales en Colombia\",\"datePublished\":\"2023-07-01T15:48:14+00:00\",\"mainEntityOfPage\":{\"@id\":\"https:\/\/pagina10.com\/web\/a-partir-de-julio-disminuiran-las-horas-laborales-en-colombia\/\"},\"wordCount\":224,\"commentCount\":0,\"publisher\":{\"@id\":\"https:\/\/pagina10.com\/web\/#organization\"},\"image\":{\"@id\":\"https:\/\/pagina10.com\/web\/a-partir-de-julio-disminuiran-las-horas-laborales-en-colombia\/#primaryimage\"},\"thumbnailUrl\":\"https:\/\/pagina10.com\/web\/wp-content\/uploads\/2023\/07\/DGWTMG66HVLP5A4SQZW2Z24KFA.jpg\",\"articleSection\":[\"Nacional\"],\"inLanguage\":\"es\",\"potentialAction\":[{\"@type\":\"CommentAction\",\"name\":\"Comment\",\"target\":[\"https:\/\/pagina10.com\/web\/a-partir-de-julio-disminuiran-las-horas-laborales-en-colombia\/#respond\"]}]},{\"@type\":\"WebPage\",\"@id\":\"https:\/\/pagina10.com\/web\/a-partir-de-julio-disminuiran-las-horas-laborales-en-colombia\/\",\"url\":\"https:\/\/pagina10.com\/web\/a-partir-de-julio-disminuiran-las-horas-laborales-en-colombia\/\",\"name\":\"A partir de julio disminuir\u00e1n las horas laborales en Colombia | P\u00e1gina10\",\"isPartOf\":{\"@id\":\"https:\/\/pagina10.com\/web\/#website\"},\"primaryImageOfPage\":{\"@id\":\"https:\/\/pagina10.com\/web\/a-partir-de-julio-disminuiran-las-horas-laborales-en-colombia\/#primaryimage\"},\"image\":{\"@id\":\"https:\/\/pagina10.com\/web\/a-partir-de-julio-disminuiran-las-horas-laborales-en-colombia\/#primaryimage\"},\"thumbnailUrl\":\"https:\/\/pagina10.com\/web\/wp-content\/uploads\/2023\/07\/DGWTMG66HVLP5A4SQZW2Z24KFA.jpg\",\"datePublished\":\"2023-07-01T15:48:14+00:00\",\"breadcrumb\":{\"@id\":\"https:\/\/pagina10.com\/web\/a-partir-de-julio-disminuiran-las-horas-laborales-en-colombia\/#breadcrumb\"},\"inLanguage\":\"es\",\"potentialAction\":[{\"@type\":\"ReadAction\",\"target\":[\"https:\/\/pagina10.com\/web\/a-partir-de-julio-disminuiran-las-horas-laborales-en-colombia\/\"]}]},{\"@type\":\"ImageObject\",\"inLanguage\":\"es\",\"@id\":\"https:\/\/pagina10.com\/web\/a-partir-de-julio-disminuiran-las-horas-laborales-en-colombia\/#primaryimage\",\"url\":\"https:\/\/pagina10.com\/web\/wp-content\/uploads\/2023\/07\/DGWTMG66HVLP5A4SQZW2Z24KFA.jpg\",\"contentUrl\":\"https:\/\/pagina10.com\/web\/wp-content\/uploads\/2023\/07\/DGWTMG66HVLP5A4SQZW2Z24KFA.jpg\",\"width\":1080,\"height\":625},{\"@type\":\"BreadcrumbList\",\"@id\":\"https:\/\/pagina10.com\/web\/a-partir-de-julio-disminuiran-las-horas-laborales-en-colombia\/#breadcrumb\",\"itemListElement\":[{\"@type\":\"ListItem\",\"position\":1,\"name\":\"Portada\",\"item\":\"https:\/\/pagina10.com\/web\/\"},{\"@type\":\"ListItem\",\"position\":2,\"name\":\"A partir de julio disminuir\u00e1n las horas laborales en Colombia\"}]},{\"@type\":\"WebSite\",\"@id\":\"https:\/\/pagina10.com\/web\/#website\",\"url\":\"https:\/\/pagina10.com\/web\/\",\"name\":\"P\u00e1gina10\",\"description\":\"Peri\u00f3dico Regional\",\"publisher\":{\"@id\":\"https:\/\/pagina10.com\/web\/#organization\"},\"alternateName\":\"P\u00e1gina10 Peri\u00f3dico Regional\",\"potentialAction\":[{\"@type\":\"SearchAction\",\"target\":{\"@type\":\"EntryPoint\",\"urlTemplate\":\"https:\/\/pagina10.com\/web\/?s={search_term_string}\"},\"query-input\":{\"@type\":\"PropertyValueSpecification\",\"valueRequired\":true,\"valueName\":\"search_term_string\"}}],\"inLanguage\":\"es\"},{\"@type\":\"Organization\",\"@id\":\"https:\/\/pagina10.com\/web\/#organization\",\"name\":\"P\u00e1gina10\",\"alternateName\":\"P\u00e1gina10 Peri\u00f3dico Regional\",\"url\":\"https:\/\/pagina10.com\/web\/\",\"logo\":{\"@type\":\"ImageObject\",\"inLanguage\":\"es\",\"@id\":\"https:\/\/pagina10.com\/web\/#\/schema\/logo\/image\/\",\"url\":\"https:\/\/pagina10.com\/web\/wp-content\/uploads\/2024\/01\/40-pagina-10-periodico-regional-pasto.jpg\",\"contentUrl\":\"https:\/\/pagina10.com\/web\/wp-content\/uploads\/2024\/01\/40-pagina-10-periodico-regional-pasto.jpg\",\"width\":1280,\"height\":720,\"caption\":\"P\u00e1gina10\"},\"image\":{\"@id\":\"https:\/\/pagina10.com\/web\/#\/schema\/logo\/image\/\"},\"sameAs\":[\"https:\/\/www.facebook.com\/pag10com\",\"https:\/\/x.com\/Pag10com\",\"https:\/\/www.instagram.com\/pagina10col\/\",\"https:\/\/youtube.com\/channel\/pag10\",\"https:\/\/www.tiktok.com\/@p10col\"]},{\"@type\":\"Person\",\"@id\":\"https:\/\/pagina10.com\/web\/#\/schema\/person\/2efc4a090d25b667d3bc796798a3a81b\",\"name\":\"P\u00e1gina 10\",\"description\":\"P\u00e1gina 10 es un peri\u00f3dico regional que nace en Colombia, en el departamento de Nari\u00f1o, con un enfoque global, fundamentado en cuatro pilares esenciales: la libertad, el pluralismo, la inclusi\u00f3n y la independencia. P\u00e1gina 10 hace referencia a Nari\u00f1o como el d\u00e9cimo departamento creado en Colombia, despu\u00e9s de un proceso pol\u00edtico liderado por actores y actrices regionales con el fin de obtener la independencia y autonom\u00eda de nuestros territorios. Con la creaci\u00f3n de P\u00e1gina 10 se pretende abrir un escenario para el dialogo, la reflexi\u00f3n y el debate que se extienda a otras geograf\u00edas de Am\u00e9rica Latina y del planeta, en una apuesta por transformar colectivamente los desaf\u00edos de un mundo contempor\u00e1neo, m\u00e1s all\u00e1 de las fronteras impuestas.\",\"url\":\"https:\/\/pagina10.com\/web\/author\/pdiezadmin\/\"}]}<\/script>\n<!-- \/ Yoast SEO plugin. -->","yoast_head_json":{"title":"A partir de julio disminuir\u00e1n las horas laborales en Colombia | P\u00e1gina10","robots":{"index":"index","follow":"follow","max-snippet":"max-snippet:-1","max-image-preview":"max-image-preview:large","max-video-preview":"max-video-preview:-1"},"canonical":"https:\/\/pagina10.com\/web\/a-partir-de-julio-disminuiran-las-horas-laborales-en-colombia\/","og_locale":"es_ES","og_type":"article","og_title":"A partir de julio disminuir\u00e1n las horas laborales en Colombia | P\u00e1gina10","og_description":"Luego del 15 de julio, se implementar\u00e1 una reducci\u00f3n gradual de la jornada laboral en Colombia. La jornada actual de 48 horas a la semana, se reducir\u00eda a 42 con la entrada en vigencia de la Ley 2101 de 2021. La nueva normativa se aplicar\u00e1 de forma progresiva. Para el a\u00f1o 2023, se reducir\u00e1 una [&hellip;]","og_url":"https:\/\/pagina10.com\/web\/a-partir-de-julio-disminuiran-las-horas-laborales-en-colombia\/","og_site_name":"P\u00e1gina10","article_publisher":"https:\/\/www.facebook.com\/pag10com","article_published_time":"2023-07-01T15:48:14+00:00","og_image":[{"width":1080,"height":625,"url":"https:\/\/pagina10.com\/web\/wp-content\/uploads\/2023\/07\/DGWTMG66HVLP5A4SQZW2Z24KFA.jpg","type":"image\/jpeg"}],"author":"P\u00e1gina 10","twitter_card":"summary_large_image","twitter_creator":"@Pag10com","twitter_site":"@Pag10com","twitter_misc":{"Escrito por":"P\u00e1gina 10","Tiempo de lectura":"1 minuto"},"schema":{"@context":"https:\/\/schema.org","@graph":[{"@type":"Article","@id":"https:\/\/pagina10.com\/web\/a-partir-de-julio-disminuiran-las-horas-laborales-en-colombia\/#article","isPartOf":{"@id":"https:\/\/pagina10.com\/web\/a-partir-de-julio-disminuiran-las-horas-laborales-en-colombia\/"},"author":{"name":"P\u00e1gina 10","@id":"https:\/\/pagina10.com\/web\/#\/schema\/person\/2efc4a090d25b667d3bc796798a3a81b"},"headline":"A partir de julio disminuir\u00e1n las horas laborales en Colombia","datePublished":"2023-07-01T15:48:14+00:00","mainEntityOfPage":{"@id":"https:\/\/pagina10.com\/web\/a-partir-de-julio-disminuiran-las-horas-laborales-en-colombia\/"},"wordCount":224,"commentCount":0,"publisher":{"@id":"https:\/\/pagina10.com\/web\/#organization"},"image":{"@id":"https:\/\/pagina10.com\/web\/a-partir-de-julio-disminuiran-las-horas-laborales-en-colombia\/#primaryimage"},"thumbnailUrl":"https:\/\/pagina10.com\/web\/wp-content\/uploads\/2023\/07\/DGWTMG66HVLP5A4SQZW2Z24KFA.jpg","articleSection":["Nacional"],"inLanguage":"es","potentialAction":[{"@type":"CommentAction","name":"Comment","target":["https:\/\/pagina10.com\/web\/a-partir-de-julio-disminuiran-las-horas-laborales-en-colombia\/#respond"]}]},{"@type":"WebPage","@id":"https:\/\/pagina10.com\/web\/a-partir-de-julio-disminuiran-las-horas-laborales-en-colombia\/","url":"https:\/\/pagina10.com\/web\/a-partir-de-julio-disminuiran-las-horas-laborales-en-colombia\/","name":"A partir de julio disminuir\u00e1n las horas laborales en Colombia | P\u00e1gina10","isPartOf":{"@id":"https:\/\/pagina10.com\/web\/#website"},"primaryImageOfPage":{"@id":"https:\/\/pagina10.com\/web\/a-partir-de-julio-disminuiran-las-horas-laborales-en-colombia\/#primaryimage"},"image":{"@id":"https:\/\/pagina10.com\/web\/a-partir-de-julio-disminuiran-las-horas-laborales-en-colombia\/#primaryimage"},"thumbnailUrl":"https:\/\/pagina10.com\/web\/wp-content\/uploads\/2023\/07\/DGWTMG66HVLP5A4SQZW2Z24KFA.jpg","datePublished":"2023-07-01T15:48:14+00:00","breadcrumb":{"@id":"https:\/\/pagina10.com\/web\/a-partir-de-julio-disminuiran-las-horas-laborales-en-colombia\/#breadcrumb"},"inLanguage":"es","potentialAction":[{"@type":"ReadAction","target":["https:\/\/pagina10.com\/web\/a-partir-de-julio-disminuiran-las-horas-laborales-en-colombia\/"]}]},{"@type":"ImageObject","inLanguage":"es","@id":"https:\/\/pagina10.com\/web\/a-partir-de-julio-disminuiran-las-horas-laborales-en-colombia\/#primaryimage","url":"https:\/\/pagina10.com\/web\/wp-content\/uploads\/2023\/07\/DGWTMG66HVLP5A4SQZW2Z24KFA.jpg","contentUrl":"https:\/\/pagina10.com\/web\/wp-content\/uploads\/2023\/07\/DGWTMG66HVLP5A4SQZW2Z24KFA.jpg","width":1080,"height":625},{"@type":"BreadcrumbList","@id":"https:\/\/pagina10.com\/web\/a-partir-de-julio-disminuiran-las-horas-laborales-en-colombia\/#breadcrumb","itemListElement":[{"@type":"ListItem","position":1,"name":"Portada","item":"https:\/\/pagina10.com\/web\/"},{"@type":"ListItem","position":2,"name":"A partir de julio disminuir\u00e1n las horas laborales en Colombia"}]},{"@type":"WebSite","@id":"https:\/\/pagina10.com\/web\/#website","url":"https:\/\/pagina10.com\/web\/","name":"P\u00e1gina10","description":"Peri\u00f3dico Regional","publisher":{"@id":"https:\/\/pagina10.com\/web\/#organization"},"alternateName":"P\u00e1gina10 Peri\u00f3dico Regional","potentialAction":[{"@type":"SearchAction","target":{"@type":"EntryPoint","urlTemplate":"https:\/\/pagina10.com\/web\/?s={search_term_string}"},"query-input":{"@type":"PropertyValueSpecification","valueRequired":true,"valueName":"search_term_string"}}],"inLanguage":"es"},{"@type":"Organization","@id":"https:\/\/pagina10.com\/web\/#organization","name":"P\u00e1gina10","alternateName":"P\u00e1gina10 Peri\u00f3dico Regional","url":"https:\/\/pagina10.com\/web\/","logo":{"@type":"ImageObject","inLanguage":"es","@id":"https:\/\/pagina10.com\/web\/#\/schema\/logo\/image\/","url":"https:\/\/pagina10.com\/web\/wp-content\/uploads\/2024\/01\/40-pagina-10-periodico-regional-pasto.jpg","contentUrl":"https:\/\/pagina10.com\/web\/wp-content\/uploads\/2024\/01\/40-pagina-10-periodico-regional-pasto.jpg","width":1280,"height":720,"caption":"P\u00e1gina10"},"image":{"@id":"https:\/\/pagina10.com\/web\/#\/schema\/logo\/image\/"},"sameAs":["https:\/\/www.facebook.com\/pag10com","https:\/\/x.com\/Pag10com","https:\/\/www.instagram.com\/pagina10col\/","https:\/\/youtube.com\/channel\/pag10","https:\/\/www.tiktok.com\/@p10col"]},{"@type":"Person","@id":"https:\/\/pagina10.com\/web\/#\/schema\/person\/2efc4a090d25b667d3bc796798a3a81b","name":"P\u00e1gina 10","description":"P\u00e1gina 10 es un peri\u00f3dico regional que nace en Colombia, en el departamento de Nari\u00f1o, con un enfoque global, fundamentado en cuatro pilares esenciales: la libertad, el pluralismo, la inclusi\u00f3n y la independencia. P\u00e1gina 10 hace referencia a Nari\u00f1o como el d\u00e9cimo departamento creado en Colombia, despu\u00e9s de un proceso pol\u00edtico liderado por actores y actrices regionales con el fin de obtener la independencia y autonom\u00eda de nuestros territorios. Con la creaci\u00f3n de P\u00e1gina 10 se pretende abrir un escenario para el dialogo, la reflexi\u00f3n y el debate que se extienda a otras geograf\u00edas de Am\u00e9rica Latina y del planeta, en una apuesta por transformar colectivamente los desaf\u00edos de un mundo contempor\u00e1neo, m\u00e1s all\u00e1 de las fronteras impuestas.","url":"https:\/\/pagina10.com\/web\/author\/pdiezadmin\/"}]}},"_links":{"self":[{"href":"https:\/\/pagina10.com\/web\/wp-json\/wp\/v2\/posts\/67127","targetHints":{"allow":["GET"]}}],"collection":[{"href":"https:\/\/pagina10.com\/web\/wp-json\/wp\/v2\/posts"}],"about":[{"href":"https:\/\/pagina10.com\/web\/wp-json\/wp\/v2\/types\/post"}],"author":[{"embeddable":true,"href":"https:\/\/pagina10.com\/web\/wp-json\/wp\/v2\/users\/1"}],"replies":[{"embeddable":true,"href":"https:\/\/pagina10.com\/web\/wp-json\/wp\/v2\/comments?post=67127"}],"version-history":[{"count":1,"href":"https:\/\/pagina10.com\/web\/wp-json\/wp\/v2\/posts\/67127\/revisions"}],"predecessor-version":[{"id":67129,"href":"https:\/\/pagina10.com\/web\/wp-json\/wp\/v2\/posts\/67127\/revisions\/67129"}],"wp:featuredmedia":[{"embeddable":true,"href":"https:\/\/pagina10.com\/web\/wp-json\/wp\/v2\/media\/67128"}],"wp:attachment":[{"href":"https:\/\/pagina10.com\/web\/wp-json\/wp\/v2\/media?parent=67127"}],"wp:term":[{"taxonomy":"category","embeddable":true,"href":"https:\/\/pagina10.com\/web\/wp-json\/wp\/v2\/categories?post=67127"},{"taxonomy":"post_tag","embeddable":true,"href":"https:\/\/pagina10.com\/web\/wp-json\/wp\/v2\/tags?post=67127"}],"curies":[{"name":"wp","href":"https:\/\/api.w.org\/{rel}","templated":true}]}}