{"id":67163,"date":"2023-07-03T13:01:35","date_gmt":"2023-07-03T18:01:35","guid":{"rendered":"https:\/\/pagina10.com\/web\/?p=67163"},"modified":"2023-07-03T13:02:24","modified_gmt":"2023-07-03T18:02:24","slug":"este-2-de-julio-inicio-la-declaracion-de-emergencia-economica-y-social-en-la-guajira","status":"publish","type":"post","link":"https:\/\/pagina10.com\/web\/este-2-de-julio-inicio-la-declaracion-de-emergencia-economica-y-social-en-la-guajira\/","title":{"rendered":"Este 2 de julio inici\u00f3 la declaraci\u00f3n de Emergencia econ\u00f3mica y social en La Guajira"},"content":{"rendered":"<p style=\"text-align: justify;\">A partir de este domingo, entra en vigor la declaraci\u00f3n de emergencia social y econ\u00f3mica en La Guajira, seg\u00fan anunci\u00f3 el presidente Gustavo Petro.<\/p>\n<p style=\"text-align: justify;\">Durante una semana de gobierno en el departamento de La Guajira, el presidente destac\u00f3 que solo falta la firma de un ministro para que se implemente el decreto de emergencia. El objetivo a corto plazo es mitigar los efectos de la fuerte sequ\u00eda que se espera a partir de agosto, a trav\u00e9s de la creaci\u00f3n del Instituto de Agua.<\/p>\n<p style=\"text-align: justify;\">Adem\u00e1s, La Guajira se convertir\u00e1 en el primer territorio en implementar el modelo de salud propuesto por el Gobierno ante el Congreso. Mediante el mismo decreto de emergencia, el Ministerio de Educaci\u00f3n trabajar\u00e1 en la creaci\u00f3n de facultades de medicina, ingenier\u00eda y energ\u00edas limpias para enfrentar los desaf\u00edos del departamento.<\/p>\n","protected":false},"excerpt":{"rendered":"<p>A partir de este domingo, entra en vigor la declaraci\u00f3n de emergencia social y econ\u00f3mica en La Guajira, seg\u00fan anunci\u00f3 el presidente Gustavo Petro. Durante una semana de gobierno en el departamento de La Guajira, el presidente destac\u00f3 que solo falta la firma de un ministro para que se implemente el decreto de emergencia. El [&hellip;]<\/p>\n","protected":false},"author":1,"featured_media":67164,"comment_status":"open","ping_status":"open","sticky":false,"template":"","format":"standard","meta":{"footnotes":""},"categories":[94],"tags":[],"class_list":["post-67163","post","type-post","status-publish","format-standard","has-post-thumbnail","hentry","category-nacional-global-2"],"yoast_head":"<!-- This site is optimized with the Yoast SEO plugin v27.1.1 - https:\/\/yoast.com\/product\/yoast-seo-wordpress\/ -->\n<title>Este 2 de julio inici\u00f3 la declaraci\u00f3n de Emergencia econ\u00f3mica y social en La Guajira | P\u00e1gina10<\/title>\n<meta name=\"robots\" content=\"index, follow, max-snippet:-1, max-image-preview:large, max-video-preview:-1\" \/>\n<link rel=\"canonical\" href=\"https:\/\/pagina10.com\/web\/este-2-de-julio-inicio-la-declaracion-de-emergencia-economica-y-social-en-la-guajira\/\" \/>\n<meta property=\"og:locale\" content=\"es_ES\" \/>\n<meta property=\"og:type\" content=\"article\" \/>\n<meta property=\"og:title\" content=\"Este 2 de julio inici\u00f3 la declaraci\u00f3n de Emergencia econ\u00f3mica y social en La Guajira | P\u00e1gina10\" \/>\n<meta property=\"og:description\" content=\"A partir de este domingo, entra en vigor la declaraci\u00f3n de emergencia social y econ\u00f3mica en La Guajira, seg\u00fan anunci\u00f3 el presidente Gustavo Petro. Durante una semana de gobierno en el departamento de La Guajira, el presidente destac\u00f3 que solo falta la firma de un ministro para que se implemente el decreto de emergencia. El [&hellip;]\" \/>\n<meta property=\"og:url\" content=\"https:\/\/pagina10.com\/web\/este-2-de-julio-inicio-la-declaracion-de-emergencia-economica-y-social-en-la-guajira\/\" \/>\n<meta property=\"og:site_name\" content=\"P\u00e1gina10\" \/>\n<meta property=\"article:publisher\" content=\"https:\/\/www.facebook.com\/pag10com\" \/>\n<meta property=\"article:published_time\" content=\"2023-07-03T18:01:35+00:00\" \/>\n<meta property=\"article:modified_time\" content=\"2023-07-03T18:02:24+00:00\" \/>\n<meta property=\"og:image\" content=\"https:\/\/pagina10.com\/web\/wp-content\/uploads\/2023\/07\/Declaratoria-de-emergencia-en-La-Guajira.jpg\" \/>\n\t<meta property=\"og:image:width\" content=\"1000\" \/>\n\t<meta property=\"og:image:height\" content=\"600\" \/>\n\t<meta property=\"og:image:type\" content=\"image\/jpeg\" \/>\n<meta name=\"author\" content=\"P\u00e1gina 10\" \/>\n<meta name=\"twitter:card\" content=\"summary_large_image\" \/>\n<meta name=\"twitter:creator\" content=\"@Pag10com\" \/>\n<meta name=\"twitter:site\" content=\"@Pag10com\" \/>\n<meta name=\"twitter:label1\" content=\"Escrito por\" \/>\n\t<meta name=\"twitter:data1\" content=\"P\u00e1gina 10\" \/>\n\t<meta name=\"twitter:label2\" content=\"Tiempo de lectura\" \/>\n\t<meta name=\"twitter:data2\" content=\"1 minuto\" \/>\n<script type=\"application\/ld+json\" class=\"yoast-schema-graph\">{\"@context\":\"https:\/\/schema.org\",\"@graph\":[{\"@type\":\"Article\",\"@id\":\"https:\/\/pagina10.com\/web\/este-2-de-julio-inicio-la-declaracion-de-emergencia-economica-y-social-en-la-guajira\/#article\",\"isPartOf\":{\"@id\":\"https:\/\/pagina10.com\/web\/este-2-de-julio-inicio-la-declaracion-de-emergencia-economica-y-social-en-la-guajira\/\"},\"author\":{\"name\":\"P\u00e1gina 10\",\"@id\":\"https:\/\/pagina10.com\/web\/#\/schema\/person\/2efc4a090d25b667d3bc796798a3a81b\"},\"headline\":\"Este 2 de julio inici\u00f3 la declaraci\u00f3n de Emergencia econ\u00f3mica y social en La Guajira\",\"datePublished\":\"2023-07-03T18:01:35+00:00\",\"dateModified\":\"2023-07-03T18:02:24+00:00\",\"mainEntityOfPage\":{\"@id\":\"https:\/\/pagina10.com\/web\/este-2-de-julio-inicio-la-declaracion-de-emergencia-economica-y-social-en-la-guajira\/\"},\"wordCount\":161,\"commentCount\":0,\"publisher\":{\"@id\":\"https:\/\/pagina10.com\/web\/#organization\"},\"image\":{\"@id\":\"https:\/\/pagina10.com\/web\/este-2-de-julio-inicio-la-declaracion-de-emergencia-economica-y-social-en-la-guajira\/#primaryimage\"},\"thumbnailUrl\":\"https:\/\/pagina10.com\/web\/wp-content\/uploads\/2023\/07\/Declaratoria-de-emergencia-en-La-Guajira.jpg\",\"articleSection\":[\"Nacional\"],\"inLanguage\":\"es\",\"potentialAction\":[{\"@type\":\"CommentAction\",\"name\":\"Comment\",\"target\":[\"https:\/\/pagina10.com\/web\/este-2-de-julio-inicio-la-declaracion-de-emergencia-economica-y-social-en-la-guajira\/#respond\"]}]},{\"@type\":\"WebPage\",\"@id\":\"https:\/\/pagina10.com\/web\/este-2-de-julio-inicio-la-declaracion-de-emergencia-economica-y-social-en-la-guajira\/\",\"url\":\"https:\/\/pagina10.com\/web\/este-2-de-julio-inicio-la-declaracion-de-emergencia-economica-y-social-en-la-guajira\/\",\"name\":\"Este 2 de julio inici\u00f3 la declaraci\u00f3n de Emergencia econ\u00f3mica y social en La Guajira | P\u00e1gina10\",\"isPartOf\":{\"@id\":\"https:\/\/pagina10.com\/web\/#website\"},\"primaryImageOfPage\":{\"@id\":\"https:\/\/pagina10.com\/web\/este-2-de-julio-inicio-la-declaracion-de-emergencia-economica-y-social-en-la-guajira\/#primaryimage\"},\"image\":{\"@id\":\"https:\/\/pagina10.com\/web\/este-2-de-julio-inicio-la-declaracion-de-emergencia-economica-y-social-en-la-guajira\/#primaryimage\"},\"thumbnailUrl\":\"https:\/\/pagina10.com\/web\/wp-content\/uploads\/2023\/07\/Declaratoria-de-emergencia-en-La-Guajira.jpg\",\"datePublished\":\"2023-07-03T18:01:35+00:00\",\"dateModified\":\"2023-07-03T18:02:24+00:00\",\"breadcrumb\":{\"@id\":\"https:\/\/pagina10.com\/web\/este-2-de-julio-inicio-la-declaracion-de-emergencia-economica-y-social-en-la-guajira\/#breadcrumb\"},\"inLanguage\":\"es\",\"potentialAction\":[{\"@type\":\"ReadAction\",\"target\":[\"https:\/\/pagina10.com\/web\/este-2-de-julio-inicio-la-declaracion-de-emergencia-economica-y-social-en-la-guajira\/\"]}]},{\"@type\":\"ImageObject\",\"inLanguage\":\"es\",\"@id\":\"https:\/\/pagina10.com\/web\/este-2-de-julio-inicio-la-declaracion-de-emergencia-economica-y-social-en-la-guajira\/#primaryimage\",\"url\":\"https:\/\/pagina10.com\/web\/wp-content\/uploads\/2023\/07\/Declaratoria-de-emergencia-en-La-Guajira.jpg\",\"contentUrl\":\"https:\/\/pagina10.com\/web\/wp-content\/uploads\/2023\/07\/Declaratoria-de-emergencia-en-La-Guajira.jpg\",\"width\":1000,\"height\":600},{\"@type\":\"BreadcrumbList\",\"@id\":\"https:\/\/pagina10.com\/web\/este-2-de-julio-inicio-la-declaracion-de-emergencia-economica-y-social-en-la-guajira\/#breadcrumb\",\"itemListElement\":[{\"@type\":\"ListItem\",\"position\":1,\"name\":\"Portada\",\"item\":\"https:\/\/pagina10.com\/web\/\"},{\"@type\":\"ListItem\",\"position\":2,\"name\":\"Este 2 de julio inici\u00f3 la declaraci\u00f3n de Emergencia econ\u00f3mica y social en La Guajira\"}]},{\"@type\":\"WebSite\",\"@id\":\"https:\/\/pagina10.com\/web\/#website\",\"url\":\"https:\/\/pagina10.com\/web\/\",\"name\":\"P\u00e1gina10\",\"description\":\"Peri\u00f3dico Regional\",\"publisher\":{\"@id\":\"https:\/\/pagina10.com\/web\/#organization\"},\"alternateName\":\"P\u00e1gina10 Peri\u00f3dico Regional\",\"potentialAction\":[{\"@type\":\"SearchAction\",\"target\":{\"@type\":\"EntryPoint\",\"urlTemplate\":\"https:\/\/pagina10.com\/web\/?s={search_term_string}\"},\"query-input\":{\"@type\":\"PropertyValueSpecification\",\"valueRequired\":true,\"valueName\":\"search_term_string\"}}],\"inLanguage\":\"es\"},{\"@type\":\"Organization\",\"@id\":\"https:\/\/pagina10.com\/web\/#organization\",\"name\":\"P\u00e1gina10\",\"alternateName\":\"P\u00e1gina10 Peri\u00f3dico Regional\",\"url\":\"https:\/\/pagina10.com\/web\/\",\"logo\":{\"@type\":\"ImageObject\",\"inLanguage\":\"es\",\"@id\":\"https:\/\/pagina10.com\/web\/#\/schema\/logo\/image\/\",\"url\":\"https:\/\/pagina10.com\/web\/wp-content\/uploads\/2024\/01\/40-pagina-10-periodico-regional-pasto.jpg\",\"contentUrl\":\"https:\/\/pagina10.com\/web\/wp-content\/uploads\/2024\/01\/40-pagina-10-periodico-regional-pasto.jpg\",\"width\":1280,\"height\":720,\"caption\":\"P\u00e1gina10\"},\"image\":{\"@id\":\"https:\/\/pagina10.com\/web\/#\/schema\/logo\/image\/\"},\"sameAs\":[\"https:\/\/www.facebook.com\/pag10com\",\"https:\/\/x.com\/Pag10com\",\"https:\/\/www.instagram.com\/pagina10col\/\",\"https:\/\/youtube.com\/channel\/pag10\",\"https:\/\/www.tiktok.com\/@p10col\"]},{\"@type\":\"Person\",\"@id\":\"https:\/\/pagina10.com\/web\/#\/schema\/person\/2efc4a090d25b667d3bc796798a3a81b\",\"name\":\"P\u00e1gina 10\",\"description\":\"P\u00e1gina 10 es un peri\u00f3dico regional que nace en Colombia, en el departamento de Nari\u00f1o, con un enfoque global, fundamentado en cuatro pilares esenciales: la libertad, el pluralismo, la inclusi\u00f3n y la independencia. P\u00e1gina 10 hace referencia a Nari\u00f1o como el d\u00e9cimo departamento creado en Colombia, despu\u00e9s de un proceso pol\u00edtico liderado por actores y actrices regionales con el fin de obtener la independencia y autonom\u00eda de nuestros territorios. Con la creaci\u00f3n de P\u00e1gina 10 se pretende abrir un escenario para el dialogo, la reflexi\u00f3n y el debate que se extienda a otras geograf\u00edas de Am\u00e9rica Latina y del planeta, en una apuesta por transformar colectivamente los desaf\u00edos de un mundo contempor\u00e1neo, m\u00e1s all\u00e1 de las fronteras impuestas.\",\"url\":\"https:\/\/pagina10.com\/web\/author\/pdiezadmin\/\"}]}<\/script>\n<!-- \/ Yoast SEO plugin. -->","yoast_head_json":{"title":"Este 2 de julio inici\u00f3 la declaraci\u00f3n de Emergencia econ\u00f3mica y social en La Guajira | P\u00e1gina10","robots":{"index":"index","follow":"follow","max-snippet":"max-snippet:-1","max-image-preview":"max-image-preview:large","max-video-preview":"max-video-preview:-1"},"canonical":"https:\/\/pagina10.com\/web\/este-2-de-julio-inicio-la-declaracion-de-emergencia-economica-y-social-en-la-guajira\/","og_locale":"es_ES","og_type":"article","og_title":"Este 2 de julio inici\u00f3 la declaraci\u00f3n de Emergencia econ\u00f3mica y social en La Guajira | P\u00e1gina10","og_description":"A partir de este domingo, entra en vigor la declaraci\u00f3n de emergencia social y econ\u00f3mica en La Guajira, seg\u00fan anunci\u00f3 el presidente Gustavo Petro. Durante una semana de gobierno en el departamento de La Guajira, el presidente destac\u00f3 que solo falta la firma de un ministro para que se implemente el decreto de emergencia. El [&hellip;]","og_url":"https:\/\/pagina10.com\/web\/este-2-de-julio-inicio-la-declaracion-de-emergencia-economica-y-social-en-la-guajira\/","og_site_name":"P\u00e1gina10","article_publisher":"https:\/\/www.facebook.com\/pag10com","article_published_time":"2023-07-03T18:01:35+00:00","article_modified_time":"2023-07-03T18:02:24+00:00","og_image":[{"width":1000,"height":600,"url":"https:\/\/pagina10.com\/web\/wp-content\/uploads\/2023\/07\/Declaratoria-de-emergencia-en-La-Guajira.jpg","type":"image\/jpeg"}],"author":"P\u00e1gina 10","twitter_card":"summary_large_image","twitter_creator":"@Pag10com","twitter_site":"@Pag10com","twitter_misc":{"Escrito por":"P\u00e1gina 10","Tiempo de lectura":"1 minuto"},"schema":{"@context":"https:\/\/schema.org","@graph":[{"@type":"Article","@id":"https:\/\/pagina10.com\/web\/este-2-de-julio-inicio-la-declaracion-de-emergencia-economica-y-social-en-la-guajira\/#article","isPartOf":{"@id":"https:\/\/pagina10.com\/web\/este-2-de-julio-inicio-la-declaracion-de-emergencia-economica-y-social-en-la-guajira\/"},"author":{"name":"P\u00e1gina 10","@id":"https:\/\/pagina10.com\/web\/#\/schema\/person\/2efc4a090d25b667d3bc796798a3a81b"},"headline":"Este 2 de julio inici\u00f3 la declaraci\u00f3n de Emergencia econ\u00f3mica y social en La Guajira","datePublished":"2023-07-03T18:01:35+00:00","dateModified":"2023-07-03T18:02:24+00:00","mainEntityOfPage":{"@id":"https:\/\/pagina10.com\/web\/este-2-de-julio-inicio-la-declaracion-de-emergencia-economica-y-social-en-la-guajira\/"},"wordCount":161,"commentCount":0,"publisher":{"@id":"https:\/\/pagina10.com\/web\/#organization"},"image":{"@id":"https:\/\/pagina10.com\/web\/este-2-de-julio-inicio-la-declaracion-de-emergencia-economica-y-social-en-la-guajira\/#primaryimage"},"thumbnailUrl":"https:\/\/pagina10.com\/web\/wp-content\/uploads\/2023\/07\/Declaratoria-de-emergencia-en-La-Guajira.jpg","articleSection":["Nacional"],"inLanguage":"es","potentialAction":[{"@type":"CommentAction","name":"Comment","target":["https:\/\/pagina10.com\/web\/este-2-de-julio-inicio-la-declaracion-de-emergencia-economica-y-social-en-la-guajira\/#respond"]}]},{"@type":"WebPage","@id":"https:\/\/pagina10.com\/web\/este-2-de-julio-inicio-la-declaracion-de-emergencia-economica-y-social-en-la-guajira\/","url":"https:\/\/pagina10.com\/web\/este-2-de-julio-inicio-la-declaracion-de-emergencia-economica-y-social-en-la-guajira\/","name":"Este 2 de julio inici\u00f3 la declaraci\u00f3n de Emergencia econ\u00f3mica y social en La Guajira | P\u00e1gina10","isPartOf":{"@id":"https:\/\/pagina10.com\/web\/#website"},"primaryImageOfPage":{"@id":"https:\/\/pagina10.com\/web\/este-2-de-julio-inicio-la-declaracion-de-emergencia-economica-y-social-en-la-guajira\/#primaryimage"},"image":{"@id":"https:\/\/pagina10.com\/web\/este-2-de-julio-inicio-la-declaracion-de-emergencia-economica-y-social-en-la-guajira\/#primaryimage"},"thumbnailUrl":"https:\/\/pagina10.com\/web\/wp-content\/uploads\/2023\/07\/Declaratoria-de-emergencia-en-La-Guajira.jpg","datePublished":"2023-07-03T18:01:35+00:00","dateModified":"2023-07-03T18:02:24+00:00","breadcrumb":{"@id":"https:\/\/pagina10.com\/web\/este-2-de-julio-inicio-la-declaracion-de-emergencia-economica-y-social-en-la-guajira\/#breadcrumb"},"inLanguage":"es","potentialAction":[{"@type":"ReadAction","target":["https:\/\/pagina10.com\/web\/este-2-de-julio-inicio-la-declaracion-de-emergencia-economica-y-social-en-la-guajira\/"]}]},{"@type":"ImageObject","inLanguage":"es","@id":"https:\/\/pagina10.com\/web\/este-2-de-julio-inicio-la-declaracion-de-emergencia-economica-y-social-en-la-guajira\/#primaryimage","url":"https:\/\/pagina10.com\/web\/wp-content\/uploads\/2023\/07\/Declaratoria-de-emergencia-en-La-Guajira.jpg","contentUrl":"https:\/\/pagina10.com\/web\/wp-content\/uploads\/2023\/07\/Declaratoria-de-emergencia-en-La-Guajira.jpg","width":1000,"height":600},{"@type":"BreadcrumbList","@id":"https:\/\/pagina10.com\/web\/este-2-de-julio-inicio-la-declaracion-de-emergencia-economica-y-social-en-la-guajira\/#breadcrumb","itemListElement":[{"@type":"ListItem","position":1,"name":"Portada","item":"https:\/\/pagina10.com\/web\/"},{"@type":"ListItem","position":2,"name":"Este 2 de julio inici\u00f3 la declaraci\u00f3n de Emergencia econ\u00f3mica y social en La Guajira"}]},{"@type":"WebSite","@id":"https:\/\/pagina10.com\/web\/#website","url":"https:\/\/pagina10.com\/web\/","name":"P\u00e1gina10","description":"Peri\u00f3dico Regional","publisher":{"@id":"https:\/\/pagina10.com\/web\/#organization"},"alternateName":"P\u00e1gina10 Peri\u00f3dico Regional","potentialAction":[{"@type":"SearchAction","target":{"@type":"EntryPoint","urlTemplate":"https:\/\/pagina10.com\/web\/?s={search_term_string}"},"query-input":{"@type":"PropertyValueSpecification","valueRequired":true,"valueName":"search_term_string"}}],"inLanguage":"es"},{"@type":"Organization","@id":"https:\/\/pagina10.com\/web\/#organization","name":"P\u00e1gina10","alternateName":"P\u00e1gina10 Peri\u00f3dico Regional","url":"https:\/\/pagina10.com\/web\/","logo":{"@type":"ImageObject","inLanguage":"es","@id":"https:\/\/pagina10.com\/web\/#\/schema\/logo\/image\/","url":"https:\/\/pagina10.com\/web\/wp-content\/uploads\/2024\/01\/40-pagina-10-periodico-regional-pasto.jpg","contentUrl":"https:\/\/pagina10.com\/web\/wp-content\/uploads\/2024\/01\/40-pagina-10-periodico-regional-pasto.jpg","width":1280,"height":720,"caption":"P\u00e1gina10"},"image":{"@id":"https:\/\/pagina10.com\/web\/#\/schema\/logo\/image\/"},"sameAs":["https:\/\/www.facebook.com\/pag10com","https:\/\/x.com\/Pag10com","https:\/\/www.instagram.com\/pagina10col\/","https:\/\/youtube.com\/channel\/pag10","https:\/\/www.tiktok.com\/@p10col"]},{"@type":"Person","@id":"https:\/\/pagina10.com\/web\/#\/schema\/person\/2efc4a090d25b667d3bc796798a3a81b","name":"P\u00e1gina 10","description":"P\u00e1gina 10 es un peri\u00f3dico regional que nace en Colombia, en el departamento de Nari\u00f1o, con un enfoque global, fundamentado en cuatro pilares esenciales: la libertad, el pluralismo, la inclusi\u00f3n y la independencia. P\u00e1gina 10 hace referencia a Nari\u00f1o como el d\u00e9cimo departamento creado en Colombia, despu\u00e9s de un proceso pol\u00edtico liderado por actores y actrices regionales con el fin de obtener la independencia y autonom\u00eda de nuestros territorios. Con la creaci\u00f3n de P\u00e1gina 10 se pretende abrir un escenario para el dialogo, la reflexi\u00f3n y el debate que se extienda a otras geograf\u00edas de Am\u00e9rica Latina y del planeta, en una apuesta por transformar colectivamente los desaf\u00edos de un mundo contempor\u00e1neo, m\u00e1s all\u00e1 de las fronteras impuestas.","url":"https:\/\/pagina10.com\/web\/author\/pdiezadmin\/"}]}},"_links":{"self":[{"href":"https:\/\/pagina10.com\/web\/wp-json\/wp\/v2\/posts\/67163","targetHints":{"allow":["GET"]}}],"collection":[{"href":"https:\/\/pagina10.com\/web\/wp-json\/wp\/v2\/posts"}],"about":[{"href":"https:\/\/pagina10.com\/web\/wp-json\/wp\/v2\/types\/post"}],"author":[{"embeddable":true,"href":"https:\/\/pagina10.com\/web\/wp-json\/wp\/v2\/users\/1"}],"replies":[{"embeddable":true,"href":"https:\/\/pagina10.com\/web\/wp-json\/wp\/v2\/comments?post=67163"}],"version-history":[{"count":1,"href":"https:\/\/pagina10.com\/web\/wp-json\/wp\/v2\/posts\/67163\/revisions"}],"predecessor-version":[{"id":67165,"href":"https:\/\/pagina10.com\/web\/wp-json\/wp\/v2\/posts\/67163\/revisions\/67165"}],"wp:featuredmedia":[{"embeddable":true,"href":"https:\/\/pagina10.com\/web\/wp-json\/wp\/v2\/media\/67164"}],"wp:attachment":[{"href":"https:\/\/pagina10.com\/web\/wp-json\/wp\/v2\/media?parent=67163"}],"wp:term":[{"taxonomy":"category","embeddable":true,"href":"https:\/\/pagina10.com\/web\/wp-json\/wp\/v2\/categories?post=67163"},{"taxonomy":"post_tag","embeddable":true,"href":"https:\/\/pagina10.com\/web\/wp-json\/wp\/v2\/tags?post=67163"}],"curies":[{"name":"wp","href":"https:\/\/api.w.org\/{rel}","templated":true}]}}