{"id":67166,"date":"2023-07-03T13:06:17","date_gmt":"2023-07-03T18:06:17","guid":{"rendered":"https:\/\/pagina10.com\/web\/?p=67166"},"modified":"2023-07-03T13:06:17","modified_gmt":"2023-07-03T18:06:17","slug":"como-ser-parte-de-jovenes-en-accion-2023","status":"publish","type":"post","link":"https:\/\/pagina10.com\/web\/como-ser-parte-de-jovenes-en-accion-2023\/","title":{"rendered":"\u00bfC\u00f3mo ser parte de J\u00f3venes en acci\u00f3n 2023?"},"content":{"rendered":"<p style=\"text-align: justify;\">El programa del Gobierno nacional tiene como objetivo apoyar a los j\u00f3venes en su formaci\u00f3n t\u00e9cnica, tecnol\u00f3gica y\/o profesional, mediante la entrega de transferencias monetarias condicionadas. Esto se hace con el prop\u00f3sito de mejorar sus capacidades, oportunidades de movilidad social y condiciones de bienestar. Adem\u00e1s, se proporcionan procesos pedag\u00f3gicos para fomentar y fortalecer sus habilidades para la vida, con el fin de potenciar su proyecto personal.<\/p>\n<p style=\"text-align: justify;\">Estos son los requisitos para ser parte del programa J\u00f3venes en Acci\u00f3n, para el segundo semestre del a\u00f1o 2023.<\/p>\n<ul style=\"text-align: justify;\">\n<li>Tener entre 14 y 28 a\u00f1os.<\/li>\n<li>Ser bachiller de media vocacional (11).<\/li>\n<li>No tener t\u00edtulo universitario.<\/li>\n<li>Ser parte de al menos uno de los siguientes listados poblacionales: Listas censales del ICBF, listas censales ind\u00edgenas o Sisb\u00e9n lV (Grupo A, grupo B y grupo C- Nivel C1). Estar estudiando en un nivel t\u00e9cnico, tecnol\u00f3gico o universitario en alguna de las instituciones de educaci\u00f3n superior o SENA en convenio con Prosperidad Social.<\/li>\n<\/ul>\n<p style=\"text-align: justify;\">Si la persona cumple los requisitos, podr\u00e1 adelantar su proceso de inscripci\u00f3n.<\/p>\n<p style=\"text-align: justify;\">Las inscripciones para el programa se llevan a cabo cada dos meses, y las solicitudes para el primer per\u00edodo ya han finalizado. Habr\u00e1 que esperar al pr\u00f3ximo ciclo para que vuelvan a abrir. Si est\u00e1 interesado en registrarse, debe proporcionar sus datos personales y de ubicaci\u00f3n a trav\u00e9s del portal de J\u00f3venes en Acci\u00f3n. Adem\u00e1s, indicar la instituci\u00f3n educativa en la que est\u00e1 estudiando y adjuntar una copia en formato PDF de su documento de identidad, as\u00ed como su diploma o acta de grado de bachiller, asegur\u00e1ndose que el tama\u00f1o del archivo no supere los 512 KB.<\/p>\n<p style=\"text-align: justify;\">Su registro en el programa se concretar\u00e1 una vez que la universidad o instituci\u00f3n p\u00fablica confirme su matr\u00edcula. Prosperidad Social verificar\u00e1 la informaci\u00f3n y documentaci\u00f3n proporcionada, y realizar\u00e1 los pagos correspondientes.<\/p>\n<p style=\"text-align: justify;\">En cuanto a las fechas de los pr\u00f3ximos pagos de J\u00f3venes en Acci\u00f3n, el cuarto pago del a\u00f1o 2023 se realizar\u00e1 en la tercera semana de agosto, el quinto pago en la segunda semana de noviembre y el sexto pago en la \u00faltima semana de diciembre.<\/p>\n","protected":false},"excerpt":{"rendered":"<p>El programa del Gobierno nacional tiene como objetivo apoyar a los j\u00f3venes en su formaci\u00f3n t\u00e9cnica, tecnol\u00f3gica y\/o profesional, mediante la entrega de transferencias monetarias condicionadas. Esto se hace con el prop\u00f3sito de mejorar sus capacidades, oportunidades de movilidad social y condiciones de bienestar. Adem\u00e1s, se proporcionan procesos pedag\u00f3gicos para fomentar y fortalecer sus habilidades [&hellip;]<\/p>\n","protected":false},"author":1,"featured_media":67167,"comment_status":"open","ping_status":"open","sticky":false,"template":"","format":"standard","meta":{"footnotes":""},"categories":[94],"tags":[],"class_list":["post-67166","post","type-post","status-publish","format-standard","has-post-thumbnail","hentry","category-nacional-global-2"],"yoast_head":"<!-- This site is optimized with the Yoast SEO plugin v27.1.1 - https:\/\/yoast.com\/product\/yoast-seo-wordpress\/ -->\n<title>\u00bfC\u00f3mo ser parte de J\u00f3venes en acci\u00f3n 2023? | P\u00e1gina10<\/title>\n<meta name=\"robots\" content=\"index, follow, max-snippet:-1, max-image-preview:large, max-video-preview:-1\" \/>\n<link rel=\"canonical\" href=\"https:\/\/pagina10.com\/web\/como-ser-parte-de-jovenes-en-accion-2023\/\" \/>\n<meta property=\"og:locale\" content=\"es_ES\" \/>\n<meta property=\"og:type\" content=\"article\" \/>\n<meta property=\"og:title\" content=\"\u00bfC\u00f3mo ser parte de J\u00f3venes en acci\u00f3n 2023? | P\u00e1gina10\" \/>\n<meta property=\"og:description\" content=\"El programa del Gobierno nacional tiene como objetivo apoyar a los j\u00f3venes en su formaci\u00f3n t\u00e9cnica, tecnol\u00f3gica y\/o profesional, mediante la entrega de transferencias monetarias condicionadas. Esto se hace con el prop\u00f3sito de mejorar sus capacidades, oportunidades de movilidad social y condiciones de bienestar. Adem\u00e1s, se proporcionan procesos pedag\u00f3gicos para fomentar y fortalecer sus habilidades [&hellip;]\" \/>\n<meta property=\"og:url\" content=\"https:\/\/pagina10.com\/web\/como-ser-parte-de-jovenes-en-accion-2023\/\" \/>\n<meta property=\"og:site_name\" content=\"P\u00e1gina10\" \/>\n<meta property=\"article:publisher\" content=\"https:\/\/www.facebook.com\/pag10com\" \/>\n<meta property=\"article:published_time\" content=\"2023-07-03T18:06:17+00:00\" \/>\n<meta property=\"og:image\" content=\"https:\/\/pagina10.com\/web\/wp-content\/uploads\/2023\/07\/334295668_1311833999400720_3461613032359617808_n.jpg\" \/>\n\t<meta property=\"og:image:width\" content=\"400\" \/>\n\t<meta property=\"og:image:height\" content=\"400\" \/>\n\t<meta property=\"og:image:type\" content=\"image\/jpeg\" \/>\n<meta name=\"author\" content=\"P\u00e1gina 10\" \/>\n<meta name=\"twitter:card\" content=\"summary_large_image\" \/>\n<meta name=\"twitter:creator\" content=\"@Pag10com\" \/>\n<meta name=\"twitter:site\" content=\"@Pag10com\" \/>\n<meta name=\"twitter:label1\" content=\"Escrito por\" \/>\n\t<meta name=\"twitter:data1\" content=\"P\u00e1gina 10\" \/>\n\t<meta name=\"twitter:label2\" content=\"Tiempo de lectura\" \/>\n\t<meta name=\"twitter:data2\" content=\"2 minutos\" \/>\n<script type=\"application\/ld+json\" class=\"yoast-schema-graph\">{\"@context\":\"https:\/\/schema.org\",\"@graph\":[{\"@type\":\"Article\",\"@id\":\"https:\/\/pagina10.com\/web\/como-ser-parte-de-jovenes-en-accion-2023\/#article\",\"isPartOf\":{\"@id\":\"https:\/\/pagina10.com\/web\/como-ser-parte-de-jovenes-en-accion-2023\/\"},\"author\":{\"name\":\"P\u00e1gina 10\",\"@id\":\"https:\/\/pagina10.com\/web\/#\/schema\/person\/2efc4a090d25b667d3bc796798a3a81b\"},\"headline\":\"\u00bfC\u00f3mo ser parte de J\u00f3venes en acci\u00f3n 2023?\",\"datePublished\":\"2023-07-03T18:06:17+00:00\",\"mainEntityOfPage\":{\"@id\":\"https:\/\/pagina10.com\/web\/como-ser-parte-de-jovenes-en-accion-2023\/\"},\"wordCount\":383,\"commentCount\":0,\"publisher\":{\"@id\":\"https:\/\/pagina10.com\/web\/#organization\"},\"image\":{\"@id\":\"https:\/\/pagina10.com\/web\/como-ser-parte-de-jovenes-en-accion-2023\/#primaryimage\"},\"thumbnailUrl\":\"https:\/\/pagina10.com\/web\/wp-content\/uploads\/2023\/07\/334295668_1311833999400720_3461613032359617808_n.jpg\",\"articleSection\":[\"Nacional\"],\"inLanguage\":\"es\",\"potentialAction\":[{\"@type\":\"CommentAction\",\"name\":\"Comment\",\"target\":[\"https:\/\/pagina10.com\/web\/como-ser-parte-de-jovenes-en-accion-2023\/#respond\"]}]},{\"@type\":\"WebPage\",\"@id\":\"https:\/\/pagina10.com\/web\/como-ser-parte-de-jovenes-en-accion-2023\/\",\"url\":\"https:\/\/pagina10.com\/web\/como-ser-parte-de-jovenes-en-accion-2023\/\",\"name\":\"\u00bfC\u00f3mo ser parte de J\u00f3venes en acci\u00f3n 2023? | P\u00e1gina10\",\"isPartOf\":{\"@id\":\"https:\/\/pagina10.com\/web\/#website\"},\"primaryImageOfPage\":{\"@id\":\"https:\/\/pagina10.com\/web\/como-ser-parte-de-jovenes-en-accion-2023\/#primaryimage\"},\"image\":{\"@id\":\"https:\/\/pagina10.com\/web\/como-ser-parte-de-jovenes-en-accion-2023\/#primaryimage\"},\"thumbnailUrl\":\"https:\/\/pagina10.com\/web\/wp-content\/uploads\/2023\/07\/334295668_1311833999400720_3461613032359617808_n.jpg\",\"datePublished\":\"2023-07-03T18:06:17+00:00\",\"breadcrumb\":{\"@id\":\"https:\/\/pagina10.com\/web\/como-ser-parte-de-jovenes-en-accion-2023\/#breadcrumb\"},\"inLanguage\":\"es\",\"potentialAction\":[{\"@type\":\"ReadAction\",\"target\":[\"https:\/\/pagina10.com\/web\/como-ser-parte-de-jovenes-en-accion-2023\/\"]}]},{\"@type\":\"ImageObject\",\"inLanguage\":\"es\",\"@id\":\"https:\/\/pagina10.com\/web\/como-ser-parte-de-jovenes-en-accion-2023\/#primaryimage\",\"url\":\"https:\/\/pagina10.com\/web\/wp-content\/uploads\/2023\/07\/334295668_1311833999400720_3461613032359617808_n.jpg\",\"contentUrl\":\"https:\/\/pagina10.com\/web\/wp-content\/uploads\/2023\/07\/334295668_1311833999400720_3461613032359617808_n.jpg\",\"width\":400,\"height\":400},{\"@type\":\"BreadcrumbList\",\"@id\":\"https:\/\/pagina10.com\/web\/como-ser-parte-de-jovenes-en-accion-2023\/#breadcrumb\",\"itemListElement\":[{\"@type\":\"ListItem\",\"position\":1,\"name\":\"Portada\",\"item\":\"https:\/\/pagina10.com\/web\/\"},{\"@type\":\"ListItem\",\"position\":2,\"name\":\"\u00bfC\u00f3mo ser parte de J\u00f3venes en acci\u00f3n 2023?\"}]},{\"@type\":\"WebSite\",\"@id\":\"https:\/\/pagina10.com\/web\/#website\",\"url\":\"https:\/\/pagina10.com\/web\/\",\"name\":\"P\u00e1gina10\",\"description\":\"Peri\u00f3dico Regional\",\"publisher\":{\"@id\":\"https:\/\/pagina10.com\/web\/#organization\"},\"alternateName\":\"P\u00e1gina10 Peri\u00f3dico Regional\",\"potentialAction\":[{\"@type\":\"SearchAction\",\"target\":{\"@type\":\"EntryPoint\",\"urlTemplate\":\"https:\/\/pagina10.com\/web\/?s={search_term_string}\"},\"query-input\":{\"@type\":\"PropertyValueSpecification\",\"valueRequired\":true,\"valueName\":\"search_term_string\"}}],\"inLanguage\":\"es\"},{\"@type\":\"Organization\",\"@id\":\"https:\/\/pagina10.com\/web\/#organization\",\"name\":\"P\u00e1gina10\",\"alternateName\":\"P\u00e1gina10 Peri\u00f3dico Regional\",\"url\":\"https:\/\/pagina10.com\/web\/\",\"logo\":{\"@type\":\"ImageObject\",\"inLanguage\":\"es\",\"@id\":\"https:\/\/pagina10.com\/web\/#\/schema\/logo\/image\/\",\"url\":\"https:\/\/pagina10.com\/web\/wp-content\/uploads\/2024\/01\/40-pagina-10-periodico-regional-pasto.jpg\",\"contentUrl\":\"https:\/\/pagina10.com\/web\/wp-content\/uploads\/2024\/01\/40-pagina-10-periodico-regional-pasto.jpg\",\"width\":1280,\"height\":720,\"caption\":\"P\u00e1gina10\"},\"image\":{\"@id\":\"https:\/\/pagina10.com\/web\/#\/schema\/logo\/image\/\"},\"sameAs\":[\"https:\/\/www.facebook.com\/pag10com\",\"https:\/\/x.com\/Pag10com\",\"https:\/\/www.instagram.com\/pagina10col\/\",\"https:\/\/youtube.com\/channel\/pag10\",\"https:\/\/www.tiktok.com\/@p10col\"]},{\"@type\":\"Person\",\"@id\":\"https:\/\/pagina10.com\/web\/#\/schema\/person\/2efc4a090d25b667d3bc796798a3a81b\",\"name\":\"P\u00e1gina 10\",\"description\":\"P\u00e1gina 10 es un peri\u00f3dico regional que nace en Colombia, en el departamento de Nari\u00f1o, con un enfoque global, fundamentado en cuatro pilares esenciales: la libertad, el pluralismo, la inclusi\u00f3n y la independencia. P\u00e1gina 10 hace referencia a Nari\u00f1o como el d\u00e9cimo departamento creado en Colombia, despu\u00e9s de un proceso pol\u00edtico liderado por actores y actrices regionales con el fin de obtener la independencia y autonom\u00eda de nuestros territorios. Con la creaci\u00f3n de P\u00e1gina 10 se pretende abrir un escenario para el dialogo, la reflexi\u00f3n y el debate que se extienda a otras geograf\u00edas de Am\u00e9rica Latina y del planeta, en una apuesta por transformar colectivamente los desaf\u00edos de un mundo contempor\u00e1neo, m\u00e1s all\u00e1 de las fronteras impuestas.\",\"url\":\"https:\/\/pagina10.com\/web\/author\/pdiezadmin\/\"}]}<\/script>\n<!-- \/ Yoast SEO plugin. -->","yoast_head_json":{"title":"\u00bfC\u00f3mo ser parte de J\u00f3venes en acci\u00f3n 2023? | P\u00e1gina10","robots":{"index":"index","follow":"follow","max-snippet":"max-snippet:-1","max-image-preview":"max-image-preview:large","max-video-preview":"max-video-preview:-1"},"canonical":"https:\/\/pagina10.com\/web\/como-ser-parte-de-jovenes-en-accion-2023\/","og_locale":"es_ES","og_type":"article","og_title":"\u00bfC\u00f3mo ser parte de J\u00f3venes en acci\u00f3n 2023? | P\u00e1gina10","og_description":"El programa del Gobierno nacional tiene como objetivo apoyar a los j\u00f3venes en su formaci\u00f3n t\u00e9cnica, tecnol\u00f3gica y\/o profesional, mediante la entrega de transferencias monetarias condicionadas. Esto se hace con el prop\u00f3sito de mejorar sus capacidades, oportunidades de movilidad social y condiciones de bienestar. Adem\u00e1s, se proporcionan procesos pedag\u00f3gicos para fomentar y fortalecer sus habilidades [&hellip;]","og_url":"https:\/\/pagina10.com\/web\/como-ser-parte-de-jovenes-en-accion-2023\/","og_site_name":"P\u00e1gina10","article_publisher":"https:\/\/www.facebook.com\/pag10com","article_published_time":"2023-07-03T18:06:17+00:00","og_image":[{"width":400,"height":400,"url":"https:\/\/pagina10.com\/web\/wp-content\/uploads\/2023\/07\/334295668_1311833999400720_3461613032359617808_n.jpg","type":"image\/jpeg"}],"author":"P\u00e1gina 10","twitter_card":"summary_large_image","twitter_creator":"@Pag10com","twitter_site":"@Pag10com","twitter_misc":{"Escrito por":"P\u00e1gina 10","Tiempo de lectura":"2 minutos"},"schema":{"@context":"https:\/\/schema.org","@graph":[{"@type":"Article","@id":"https:\/\/pagina10.com\/web\/como-ser-parte-de-jovenes-en-accion-2023\/#article","isPartOf":{"@id":"https:\/\/pagina10.com\/web\/como-ser-parte-de-jovenes-en-accion-2023\/"},"author":{"name":"P\u00e1gina 10","@id":"https:\/\/pagina10.com\/web\/#\/schema\/person\/2efc4a090d25b667d3bc796798a3a81b"},"headline":"\u00bfC\u00f3mo ser parte de J\u00f3venes en acci\u00f3n 2023?","datePublished":"2023-07-03T18:06:17+00:00","mainEntityOfPage":{"@id":"https:\/\/pagina10.com\/web\/como-ser-parte-de-jovenes-en-accion-2023\/"},"wordCount":383,"commentCount":0,"publisher":{"@id":"https:\/\/pagina10.com\/web\/#organization"},"image":{"@id":"https:\/\/pagina10.com\/web\/como-ser-parte-de-jovenes-en-accion-2023\/#primaryimage"},"thumbnailUrl":"https:\/\/pagina10.com\/web\/wp-content\/uploads\/2023\/07\/334295668_1311833999400720_3461613032359617808_n.jpg","articleSection":["Nacional"],"inLanguage":"es","potentialAction":[{"@type":"CommentAction","name":"Comment","target":["https:\/\/pagina10.com\/web\/como-ser-parte-de-jovenes-en-accion-2023\/#respond"]}]},{"@type":"WebPage","@id":"https:\/\/pagina10.com\/web\/como-ser-parte-de-jovenes-en-accion-2023\/","url":"https:\/\/pagina10.com\/web\/como-ser-parte-de-jovenes-en-accion-2023\/","name":"\u00bfC\u00f3mo ser parte de J\u00f3venes en acci\u00f3n 2023? | P\u00e1gina10","isPartOf":{"@id":"https:\/\/pagina10.com\/web\/#website"},"primaryImageOfPage":{"@id":"https:\/\/pagina10.com\/web\/como-ser-parte-de-jovenes-en-accion-2023\/#primaryimage"},"image":{"@id":"https:\/\/pagina10.com\/web\/como-ser-parte-de-jovenes-en-accion-2023\/#primaryimage"},"thumbnailUrl":"https:\/\/pagina10.com\/web\/wp-content\/uploads\/2023\/07\/334295668_1311833999400720_3461613032359617808_n.jpg","datePublished":"2023-07-03T18:06:17+00:00","breadcrumb":{"@id":"https:\/\/pagina10.com\/web\/como-ser-parte-de-jovenes-en-accion-2023\/#breadcrumb"},"inLanguage":"es","potentialAction":[{"@type":"ReadAction","target":["https:\/\/pagina10.com\/web\/como-ser-parte-de-jovenes-en-accion-2023\/"]}]},{"@type":"ImageObject","inLanguage":"es","@id":"https:\/\/pagina10.com\/web\/como-ser-parte-de-jovenes-en-accion-2023\/#primaryimage","url":"https:\/\/pagina10.com\/web\/wp-content\/uploads\/2023\/07\/334295668_1311833999400720_3461613032359617808_n.jpg","contentUrl":"https:\/\/pagina10.com\/web\/wp-content\/uploads\/2023\/07\/334295668_1311833999400720_3461613032359617808_n.jpg","width":400,"height":400},{"@type":"BreadcrumbList","@id":"https:\/\/pagina10.com\/web\/como-ser-parte-de-jovenes-en-accion-2023\/#breadcrumb","itemListElement":[{"@type":"ListItem","position":1,"name":"Portada","item":"https:\/\/pagina10.com\/web\/"},{"@type":"ListItem","position":2,"name":"\u00bfC\u00f3mo ser parte de J\u00f3venes en acci\u00f3n 2023?"}]},{"@type":"WebSite","@id":"https:\/\/pagina10.com\/web\/#website","url":"https:\/\/pagina10.com\/web\/","name":"P\u00e1gina10","description":"Peri\u00f3dico Regional","publisher":{"@id":"https:\/\/pagina10.com\/web\/#organization"},"alternateName":"P\u00e1gina10 Peri\u00f3dico Regional","potentialAction":[{"@type":"SearchAction","target":{"@type":"EntryPoint","urlTemplate":"https:\/\/pagina10.com\/web\/?s={search_term_string}"},"query-input":{"@type":"PropertyValueSpecification","valueRequired":true,"valueName":"search_term_string"}}],"inLanguage":"es"},{"@type":"Organization","@id":"https:\/\/pagina10.com\/web\/#organization","name":"P\u00e1gina10","alternateName":"P\u00e1gina10 Peri\u00f3dico Regional","url":"https:\/\/pagina10.com\/web\/","logo":{"@type":"ImageObject","inLanguage":"es","@id":"https:\/\/pagina10.com\/web\/#\/schema\/logo\/image\/","url":"https:\/\/pagina10.com\/web\/wp-content\/uploads\/2024\/01\/40-pagina-10-periodico-regional-pasto.jpg","contentUrl":"https:\/\/pagina10.com\/web\/wp-content\/uploads\/2024\/01\/40-pagina-10-periodico-regional-pasto.jpg","width":1280,"height":720,"caption":"P\u00e1gina10"},"image":{"@id":"https:\/\/pagina10.com\/web\/#\/schema\/logo\/image\/"},"sameAs":["https:\/\/www.facebook.com\/pag10com","https:\/\/x.com\/Pag10com","https:\/\/www.instagram.com\/pagina10col\/","https:\/\/youtube.com\/channel\/pag10","https:\/\/www.tiktok.com\/@p10col"]},{"@type":"Person","@id":"https:\/\/pagina10.com\/web\/#\/schema\/person\/2efc4a090d25b667d3bc796798a3a81b","name":"P\u00e1gina 10","description":"P\u00e1gina 10 es un peri\u00f3dico regional que nace en Colombia, en el departamento de Nari\u00f1o, con un enfoque global, fundamentado en cuatro pilares esenciales: la libertad, el pluralismo, la inclusi\u00f3n y la independencia. P\u00e1gina 10 hace referencia a Nari\u00f1o como el d\u00e9cimo departamento creado en Colombia, despu\u00e9s de un proceso pol\u00edtico liderado por actores y actrices regionales con el fin de obtener la independencia y autonom\u00eda de nuestros territorios. Con la creaci\u00f3n de P\u00e1gina 10 se pretende abrir un escenario para el dialogo, la reflexi\u00f3n y el debate que se extienda a otras geograf\u00edas de Am\u00e9rica Latina y del planeta, en una apuesta por transformar colectivamente los desaf\u00edos de un mundo contempor\u00e1neo, m\u00e1s all\u00e1 de las fronteras impuestas.","url":"https:\/\/pagina10.com\/web\/author\/pdiezadmin\/"}]}},"_links":{"self":[{"href":"https:\/\/pagina10.com\/web\/wp-json\/wp\/v2\/posts\/67166","targetHints":{"allow":["GET"]}}],"collection":[{"href":"https:\/\/pagina10.com\/web\/wp-json\/wp\/v2\/posts"}],"about":[{"href":"https:\/\/pagina10.com\/web\/wp-json\/wp\/v2\/types\/post"}],"author":[{"embeddable":true,"href":"https:\/\/pagina10.com\/web\/wp-json\/wp\/v2\/users\/1"}],"replies":[{"embeddable":true,"href":"https:\/\/pagina10.com\/web\/wp-json\/wp\/v2\/comments?post=67166"}],"version-history":[{"count":1,"href":"https:\/\/pagina10.com\/web\/wp-json\/wp\/v2\/posts\/67166\/revisions"}],"predecessor-version":[{"id":67168,"href":"https:\/\/pagina10.com\/web\/wp-json\/wp\/v2\/posts\/67166\/revisions\/67168"}],"wp:featuredmedia":[{"embeddable":true,"href":"https:\/\/pagina10.com\/web\/wp-json\/wp\/v2\/media\/67167"}],"wp:attachment":[{"href":"https:\/\/pagina10.com\/web\/wp-json\/wp\/v2\/media?parent=67166"}],"wp:term":[{"taxonomy":"category","embeddable":true,"href":"https:\/\/pagina10.com\/web\/wp-json\/wp\/v2\/categories?post=67166"},{"taxonomy":"post_tag","embeddable":true,"href":"https:\/\/pagina10.com\/web\/wp-json\/wp\/v2\/tags?post=67166"}],"curies":[{"name":"wp","href":"https:\/\/api.w.org\/{rel}","templated":true}]}}