{"id":67210,"date":"2023-07-05T12:24:41","date_gmt":"2023-07-05T17:24:41","guid":{"rendered":"https:\/\/pagina10.com\/web\/?p=67210"},"modified":"2023-07-05T12:24:41","modified_gmt":"2023-07-05T17:24:41","slug":"en-memoria-del-periodista-oswaldo-florez","status":"publish","type":"post","link":"https:\/\/pagina10.com\/web\/en-memoria-del-periodista-oswaldo-florez\/","title":{"rendered":"En Memoria del periodista Oswaldo Fl\u00f3rez"},"content":{"rendered":"<p style=\"text-align: justify;\">Hay personas que no deber\u00edan abandonar este mundo nunca: le hacen tanto bien a la sociedad, que su sola presencia ya lo llena todo. Estos seres se perfumaron de poemas de Neruda, aprendieron el lenguaje de la paz y siembran semillas de amor por donde pasan. Hemos sido privilegiados de tener entre nuestros amigos y compa\u00f1eros a personas que nacieron con el don de convertir a los amigos en hermanos.<\/p>\n<p style=\"text-align: justify;\">\n<p style=\"text-align: justify;\">En alg\u00fan instante nuestra inquieta juventud conoc\u00ed a un ser menudo que le gustaba leer poemas, y fue porque alguien lo invit\u00f3 para que formara parte de un colectivo que ten\u00edamos en nuestros tiempos de universitarios, denominado el Taller Cultural El Cueche. Era Oswaldo Fl\u00f3rez Andrade, con una capacidad extraordinaria para hacer amigos y sacarnos una sonrisa con alguna cosa simple que se le ocurriera. Poco a poco fuimos conociendo de su diplomacia, su capacidad para negociar las situaciones dif\u00edciles que a veces se nos presentaban.<\/p>\n<p style=\"text-align: justify;\">\n<p style=\"text-align: justify;\">Siempre que le\u00eda poemas, subrayaba algunos versos y ten\u00eda la costumbre de hacerle un s\u00edmbolo que solo \u00e9l lo entend\u00eda: \u00bfser\u00eda por ser su favorito o por tener un gran significado? Eso nunca me lo confes\u00f3. En este instante que ya no est\u00e1 entre nosotros, reviso un libro de Neruda que \u00e9l me obsequi\u00f3: el libro se abre por s\u00ed solo en una pagina que aparece con su r\u00fabrica. All\u00ed se lee:<\/p>\n<p style=\"text-align: justify;\">\n<p style=\"text-align: justify;\">Puedo escribir los versos m\u00e1s tristes esta noche.<\/p>\n<p style=\"text-align: justify;\">\n<p style=\"text-align: justify;\">Escribir, por ejemplo: \u00abLa noche est\u00e1 estrellada,<\/p>\n<p style=\"text-align: justify;\">y tiritan, azules, los astros, a lo lejos.\u00bb<\/p>\n<p style=\"text-align: justify;\">\n<p style=\"text-align: justify;\">El viento de la noche gira en el cielo y canta.<\/p>\n<p style=\"text-align: justify;\">\n<p style=\"text-align: justify;\">Puedo escribir los versos m\u00e1s tristes esta noche.<\/p>\n<p style=\"text-align: justify;\">Yo la quise, y a veces ella tambi\u00e9n me quiso.<\/p>\n<p style=\"text-align: justify;\">\n<p style=\"text-align: justify;\">Como se podr\u00e1n dar cuenta, Oswaldo era una persona de alt\u00edsima sensibilidad, enamorado siempre de la poes\u00eda, y eso hac\u00eda que el se refiriera siempre a las personas con un lenguaje elegante.<\/p>\n<p style=\"text-align: justify;\">\n<p style=\"text-align: justify;\">En nuestros tiempos de universitarios con nuestro grupo, El Cueche, tuvimos tantas y tantas experiencias, que parec\u00edamos j\u00f3venes de otra generaci\u00f3n. Nos d\u00e1bamos la pela pidiendo recursos econ\u00f3micos para patrocinar conciertos de m\u00fasica andina, nos amanec\u00edamos en las calles pegando carteles; en el fin de a\u00f1o no particip\u00e1bamos de las festividades navide\u00f1as, sino que nos trasnoch\u00e1bamos noches seguidas haciendo el a\u00f1o viejo. As\u00ed no nos dieran premio, lo que m\u00e1s nos importaba era transmitir un mensaje de protesta en el desfile y con el testamento.<\/p>\n<p style=\"text-align: justify;\">\n<p style=\"text-align: justify;\">Interactuamos infinitas veces con Oswaldo Fl\u00f3rez, haciendo como maestro de ceremonias, presentador de los conciertos que organiz\u00e1bamos, escribiendo poemas al viento, organizando concursos de canto con los ni\u00f1os desprotegidos, hablando en las emisoras, haciendo programas de radio, \u00e9ramos incansables y nos perd\u00edamos por d\u00edas de nuestras familias.<\/p>\n<p style=\"text-align: justify;\">\n<p style=\"text-align: justify;\">Oswaldo en su amor por las letras y el periodismo, nos confesaba que tuvo una profesora de castellano en el Inem de Pasto, llamada Amparo Moreno de Rodr\u00edguez, de qui\u00e9n le surgi\u00f3 tan grande pasi\u00f3n. Esto lo llev\u00f3 a vincularse en los primeros tiempos del Diario del Sur, donde brill\u00f3 con luz propia. Tecleaba una vieja m\u00e1quina de rodillo, mientras apretaba sus labios en se\u00f1al de la premura del tiempo. El cierre de la edici\u00f3n lo llevaba a lucirse con sus cr\u00f3nicas, acontecer diario, entrevistas y el an\u00e1lisis pol\u00edtico de la regi\u00f3n.<\/p>\n<p style=\"text-align: justify;\">\n<p style=\"text-align: justify;\">Su talento period\u00edstico lo lleva a desempe\u00f1arse en otros escenarios. Es llamado a vincularse como director de noticias de RCN, donde demostr\u00f3 su val\u00eda intelectual, siendo muy cuidadoso en el manejo de la informaci\u00f3n. Se caracteriz\u00f3 por manejar un equilibrio informativo; ten\u00eda una fluidez en el leguaje extraordinaria, no repet\u00eda palabras, tampoco utilizaba un lenguaje demasiado t\u00e9cnico; trataba con mucha consideraci\u00f3n a sus invitados, jam\u00e1s utiliz\u00f3 t\u00e9rminos chauvinistas.<\/p>\n<p style=\"text-align: justify;\">\n<p style=\"text-align: justify;\">No pod\u00eda ser inferior al hacer sus informes en vivo a trav\u00e9s de las c\u00e1maras de la televisi\u00f3n, haciendo cubrimiento del conflicto armado de que vive el pa\u00eds, ten\u00eda una capacidad extraordinaria para hilar el leguaje en los momentos de reportaje, se bati\u00f3 de la mejor manera para cubrir el conflicto en medio de las balas, donde arriesgaba su vida.<\/p>\n<p style=\"text-align: justify;\">\n<p style=\"text-align: justify;\">Son muchos momentos que compartimos con Oswaldo Fl\u00f3rez Andrade, valga recordar nuestra vida social y de esparcimiento, depart\u00edamos con una botella de Habana Club, y Oswaldo mencionaba su predilecci\u00f3n en la m\u00fasica con las voces femeninas, como las de Gigliola Cinquetti o Mar\u00eda Martha Serra Lima. Nos deleit\u00e1bamos con el ritmo caribe\u00f1o de Los Van Van de Cuba.<\/p>\n<p style=\"text-align: justify;\">\n<p style=\"text-align: justify;\">Recuerdo que en alguna oportunidad fuimos a un bar de la ciudad a escuchar baladas, pero como el establecimiento estaba repleto por ser fin de semana y por presentar el show en vivo, el administrador nos meti\u00f3 en el bar, terminamos sirviendo copas y bebiendo licor a nombre de los clientes. Y no podemos olvidar los lindos momentos que pasamos en la casa del Pollo Orbes, a qui\u00e9n Oswaldo le dec\u00eda compadre, acompa\u00f1ados de lindas melod\u00edas y escuchando los comentarios de tan excelente anfitri\u00f3n.<\/p>\n<p style=\"text-align: justify;\">\n<p style=\"text-align: justify;\">Tantas y tantas an\u00e9cdotas por recordar, que ser\u00eda volver a vivir otra vez en el recuerdo. Ahora, te nos adelantaste en el camino. No hay nada de qu\u00e9 arrepentirse. La vida fue maravillosa. Te quedas en nuestros corazones. \u00a1Hasta siempre, Oswaldo!; \u00a1hasta siempre, mi hermano del alma!<\/p>\n<p style=\"text-align: justify;\">\n<p style=\"text-align: justify;\">\n","protected":false},"excerpt":{"rendered":"<p>Hay personas que no deber\u00edan abandonar este mundo nunca: le hacen tanto bien a la sociedad, que su sola presencia ya lo llena todo. Estos seres se perfumaron de poemas de Neruda, aprendieron el lenguaje de la paz y siembran semillas de amor por donde pasan. Hemos sido privilegiados de tener entre nuestros amigos y [&hellip;]<\/p>\n","protected":false},"author":65,"featured_media":67211,"comment_status":"open","ping_status":"open","sticky":false,"template":"","format":"standard","meta":{"footnotes":""},"categories":[14],"tags":[],"class_list":["post-67210","post","type-post","status-publish","format-standard","has-post-thumbnail","hentry","category-narino-actual"],"yoast_head":"<!-- This site is optimized with the Yoast SEO plugin v27.1.1 - https:\/\/yoast.com\/product\/yoast-seo-wordpress\/ -->\n<title>En Memoria del periodista Oswaldo Fl\u00f3rez | P\u00e1gina10<\/title>\n<meta name=\"robots\" content=\"index, follow, max-snippet:-1, max-image-preview:large, max-video-preview:-1\" \/>\n<link rel=\"canonical\" href=\"https:\/\/pagina10.com\/web\/en-memoria-del-periodista-oswaldo-florez\/\" \/>\n<meta property=\"og:locale\" content=\"es_ES\" \/>\n<meta property=\"og:type\" content=\"article\" \/>\n<meta property=\"og:title\" content=\"En Memoria del periodista Oswaldo Fl\u00f3rez | P\u00e1gina10\" \/>\n<meta property=\"og:description\" content=\"Hay personas que no deber\u00edan abandonar este mundo nunca: le hacen tanto bien a la sociedad, que su sola presencia ya lo llena todo. Estos seres se perfumaron de poemas de Neruda, aprendieron el lenguaje de la paz y siembran semillas de amor por donde pasan. Hemos sido privilegiados de tener entre nuestros amigos y [&hellip;]\" \/>\n<meta property=\"og:url\" content=\"https:\/\/pagina10.com\/web\/en-memoria-del-periodista-oswaldo-florez\/\" \/>\n<meta property=\"og:site_name\" content=\"P\u00e1gina10\" \/>\n<meta property=\"article:publisher\" content=\"https:\/\/www.facebook.com\/pag10com\" \/>\n<meta property=\"article:published_time\" content=\"2023-07-05T17:24:41+00:00\" \/>\n<meta property=\"og:image\" content=\"https:\/\/pagina10.com\/web\/wp-content\/uploads\/2023\/07\/WhatsApp-Image-2023-07-03-at-10.49.41-PM.jpeg\" \/>\n\t<meta property=\"og:image:width\" content=\"1080\" \/>\n\t<meta property=\"og:image:height\" content=\"761\" \/>\n\t<meta property=\"og:image:type\" content=\"image\/jpeg\" \/>\n<meta name=\"author\" content=\"Anibal Ar\u00e9valo Rosero\" \/>\n<meta name=\"twitter:card\" content=\"summary_large_image\" \/>\n<meta name=\"twitter:creator\" content=\"@Pag10com\" \/>\n<meta name=\"twitter:site\" content=\"@Pag10com\" \/>\n<meta name=\"twitter:label1\" content=\"Escrito por\" \/>\n\t<meta name=\"twitter:data1\" content=\"Anibal Ar\u00e9valo Rosero\" \/>\n\t<meta name=\"twitter:label2\" content=\"Tiempo de lectura\" \/>\n\t<meta name=\"twitter:data2\" content=\"5 minutos\" \/>\n<script type=\"application\/ld+json\" class=\"yoast-schema-graph\">{\"@context\":\"https:\/\/schema.org\",\"@graph\":[{\"@type\":\"Article\",\"@id\":\"https:\/\/pagina10.com\/web\/en-memoria-del-periodista-oswaldo-florez\/#article\",\"isPartOf\":{\"@id\":\"https:\/\/pagina10.com\/web\/en-memoria-del-periodista-oswaldo-florez\/\"},\"author\":{\"name\":\"Anibal Ar\u00e9valo Rosero\",\"@id\":\"https:\/\/pagina10.com\/web\/#\/schema\/person\/9ec3e2b432363a195d2d01bf820c66fe\"},\"headline\":\"En Memoria del periodista Oswaldo Fl\u00f3rez\",\"datePublished\":\"2023-07-05T17:24:41+00:00\",\"mainEntityOfPage\":{\"@id\":\"https:\/\/pagina10.com\/web\/en-memoria-del-periodista-oswaldo-florez\/\"},\"wordCount\":937,\"commentCount\":0,\"publisher\":{\"@id\":\"https:\/\/pagina10.com\/web\/#organization\"},\"image\":{\"@id\":\"https:\/\/pagina10.com\/web\/en-memoria-del-periodista-oswaldo-florez\/#primaryimage\"},\"thumbnailUrl\":\"https:\/\/pagina10.com\/web\/wp-content\/uploads\/2023\/07\/WhatsApp-Image-2023-07-03-at-10.49.41-PM.jpeg\",\"articleSection\":[\"Nari\u00f1o Actual\"],\"inLanguage\":\"es\",\"potentialAction\":[{\"@type\":\"CommentAction\",\"name\":\"Comment\",\"target\":[\"https:\/\/pagina10.com\/web\/en-memoria-del-periodista-oswaldo-florez\/#respond\"]}]},{\"@type\":\"WebPage\",\"@id\":\"https:\/\/pagina10.com\/web\/en-memoria-del-periodista-oswaldo-florez\/\",\"url\":\"https:\/\/pagina10.com\/web\/en-memoria-del-periodista-oswaldo-florez\/\",\"name\":\"En Memoria del periodista Oswaldo Fl\u00f3rez | P\u00e1gina10\",\"isPartOf\":{\"@id\":\"https:\/\/pagina10.com\/web\/#website\"},\"primaryImageOfPage\":{\"@id\":\"https:\/\/pagina10.com\/web\/en-memoria-del-periodista-oswaldo-florez\/#primaryimage\"},\"image\":{\"@id\":\"https:\/\/pagina10.com\/web\/en-memoria-del-periodista-oswaldo-florez\/#primaryimage\"},\"thumbnailUrl\":\"https:\/\/pagina10.com\/web\/wp-content\/uploads\/2023\/07\/WhatsApp-Image-2023-07-03-at-10.49.41-PM.jpeg\",\"datePublished\":\"2023-07-05T17:24:41+00:00\",\"breadcrumb\":{\"@id\":\"https:\/\/pagina10.com\/web\/en-memoria-del-periodista-oswaldo-florez\/#breadcrumb\"},\"inLanguage\":\"es\",\"potentialAction\":[{\"@type\":\"ReadAction\",\"target\":[\"https:\/\/pagina10.com\/web\/en-memoria-del-periodista-oswaldo-florez\/\"]}]},{\"@type\":\"ImageObject\",\"inLanguage\":\"es\",\"@id\":\"https:\/\/pagina10.com\/web\/en-memoria-del-periodista-oswaldo-florez\/#primaryimage\",\"url\":\"https:\/\/pagina10.com\/web\/wp-content\/uploads\/2023\/07\/WhatsApp-Image-2023-07-03-at-10.49.41-PM.jpeg\",\"contentUrl\":\"https:\/\/pagina10.com\/web\/wp-content\/uploads\/2023\/07\/WhatsApp-Image-2023-07-03-at-10.49.41-PM.jpeg\",\"width\":1080,\"height\":761},{\"@type\":\"BreadcrumbList\",\"@id\":\"https:\/\/pagina10.com\/web\/en-memoria-del-periodista-oswaldo-florez\/#breadcrumb\",\"itemListElement\":[{\"@type\":\"ListItem\",\"position\":1,\"name\":\"Portada\",\"item\":\"https:\/\/pagina10.com\/web\/\"},{\"@type\":\"ListItem\",\"position\":2,\"name\":\"En Memoria del periodista Oswaldo Fl\u00f3rez\"}]},{\"@type\":\"WebSite\",\"@id\":\"https:\/\/pagina10.com\/web\/#website\",\"url\":\"https:\/\/pagina10.com\/web\/\",\"name\":\"P\u00e1gina10\",\"description\":\"Peri\u00f3dico Regional\",\"publisher\":{\"@id\":\"https:\/\/pagina10.com\/web\/#organization\"},\"alternateName\":\"P\u00e1gina10 Peri\u00f3dico Regional\",\"potentialAction\":[{\"@type\":\"SearchAction\",\"target\":{\"@type\":\"EntryPoint\",\"urlTemplate\":\"https:\/\/pagina10.com\/web\/?s={search_term_string}\"},\"query-input\":{\"@type\":\"PropertyValueSpecification\",\"valueRequired\":true,\"valueName\":\"search_term_string\"}}],\"inLanguage\":\"es\"},{\"@type\":\"Organization\",\"@id\":\"https:\/\/pagina10.com\/web\/#organization\",\"name\":\"P\u00e1gina10\",\"alternateName\":\"P\u00e1gina10 Peri\u00f3dico Regional\",\"url\":\"https:\/\/pagina10.com\/web\/\",\"logo\":{\"@type\":\"ImageObject\",\"inLanguage\":\"es\",\"@id\":\"https:\/\/pagina10.com\/web\/#\/schema\/logo\/image\/\",\"url\":\"https:\/\/pagina10.com\/web\/wp-content\/uploads\/2024\/01\/40-pagina-10-periodico-regional-pasto.jpg\",\"contentUrl\":\"https:\/\/pagina10.com\/web\/wp-content\/uploads\/2024\/01\/40-pagina-10-periodico-regional-pasto.jpg\",\"width\":1280,\"height\":720,\"caption\":\"P\u00e1gina10\"},\"image\":{\"@id\":\"https:\/\/pagina10.com\/web\/#\/schema\/logo\/image\/\"},\"sameAs\":[\"https:\/\/www.facebook.com\/pag10com\",\"https:\/\/x.com\/Pag10com\",\"https:\/\/www.instagram.com\/pagina10col\/\",\"https:\/\/youtube.com\/channel\/pag10\",\"https:\/\/www.tiktok.com\/@p10col\"]},{\"@type\":\"Person\",\"@id\":\"https:\/\/pagina10.com\/web\/#\/schema\/person\/9ec3e2b432363a195d2d01bf820c66fe\",\"name\":\"Anibal Ar\u00e9valo Rosero\",\"description\":\"An\u00edbal Ar\u00e9valo Rosero a trav\u00e9s de su vida ha realizado diversas actividades tendientes a reivindicar al ser humano en su conciencia plena. Durante su vida ha hecho teatro, a escrito poes\u00eda y en sus tiempos de universitario realiz\u00f3 varias publicaciones entre las que se recuerda la revista Quinde. Junto con otros compa\u00f1eros fund\u00f3 el Taller Cultural El Cueche, equipo con el que se hicieron varias publicaciones. De este mismo grupo hay que resaltar que se hizo un trabajo pionero en la difusi\u00f3n de la m\u00fasica andina, latinoamericana y del caribe. Despu\u00e9s de terminar sus estudios de biolog\u00eda en la Universidad de Nari\u00f1o entr\u00f3 a laborar en emisoras de la ciudad de Pasto como en RCN, donde se desempe\u00f1aba como locutor de planta. Dirigi\u00f3 programas en la extinta Ondas del Mayo, en varias oportunidades; tambi\u00e9n en Ecos de Pasto. Fue colaborador de el Noticias RCN y dirigi\u00f3 el programa Simana al D\u00eda, del Sindicato del Magisterio de Nari\u00f1o, en dos \u00e9pocas. En el a\u00f1o de 1992 funda el Comit\u00e9 de Solidaridad con Cuba Jos\u00e9 Mart\u00ed, cuyo objetivo era divulgar la realidad cubana y expresar apoyo moral, pol\u00edtico y material al pa\u00eds caribe\u00f1o. Ante la mala interpretaci\u00f3n que la gente le daba a este tipo de acciones, se decide promover viajes de solidad a Cuba para participar en la Brigada Latinoamericana de Trabajo Voluntario, en el Festival Cuba Vive y, de manera especia,l en el 14 Festival Mundial de la Juventud y los Estudiantes, que se desarroll\u00f3 en la isla en el a\u00f1o de 1997. Con esta experiencia impulsa el turismo al pa\u00eds caribe\u00f1o con el resultado de que miles de personas han participado de las excursiones organizadas por Ar\u00e9valo Rosero. Asimismo ha venido impulsando las Brigadas de Salud en Cuba, tendiente a llevar pacientes de c\u00e1ncer a ese destino con el fin de que reciban atenci\u00f3n m\u00e9dica, teniendo en cuenta que la experiencia cubana en el tema ha sido bastante favorable. Veinte a\u00f1os despu\u00e9s de estas nutritivas experiencias, le permiten impulsar excursiones adem\u00e1s a M\u00e9xico, Machu Picchu, Argentina, Ecuador, Panam\u00e1 y Tierra Santa. En cuanto al desempe\u00f1o period\u00edstico, adem\u00e1s de los medios radiales y de televisi\u00f3n, en los canales de la universidades de Nari\u00f1o y Mariana, se ha desempe\u00f1ado como columnista en Diario del Sur durante 6 a\u00f1os y en algunos medios virtuales. Tambi\u00e9n es colaborador de el Diario del Cauca. Considera que la pr\u00e1ctica de la lectura es beber de la fuente nutricia que permite apropiarse de manera consciente del ejercicio de la democracia; y la posibilidad de escribir y ser le\u00eddo, acceder al poder, por que considera la palabra como el mayor instrumento de acci\u00f3n cuando est\u00e1 bien encamina al leg\u00edtimo servicio social. En la actualidad adem\u00e1s de so\u00f1ar con viajar por el mundo se desempe\u00f1a como docente del departamento de ciencias de Inem Luis Delf\u00edn Insuasty de Pasto. Correo: Esta direcci\u00f3n de correo electr\u00f3nico est\u00e1 protegida contra spambots. Usted necesita tener Javascript activado para poder verla.\\\" target=\\\"_blank\\\" style=\\\"color: #1155cc; text-align: justify; font-family: arial, sans-serif; font-size: 13px; line-height: normal;\\\"&gt;fundacionecosofia@gmail.com\",\"url\":\"https:\/\/pagina10.com\/web\/author\/anibal\/\"}]}<\/script>\n<!-- \/ Yoast SEO plugin. -->","yoast_head_json":{"title":"En Memoria del periodista Oswaldo Fl\u00f3rez | P\u00e1gina10","robots":{"index":"index","follow":"follow","max-snippet":"max-snippet:-1","max-image-preview":"max-image-preview:large","max-video-preview":"max-video-preview:-1"},"canonical":"https:\/\/pagina10.com\/web\/en-memoria-del-periodista-oswaldo-florez\/","og_locale":"es_ES","og_type":"article","og_title":"En Memoria del periodista Oswaldo Fl\u00f3rez | P\u00e1gina10","og_description":"Hay personas que no deber\u00edan abandonar este mundo nunca: le hacen tanto bien a la sociedad, que su sola presencia ya lo llena todo. Estos seres se perfumaron de poemas de Neruda, aprendieron el lenguaje de la paz y siembran semillas de amor por donde pasan. Hemos sido privilegiados de tener entre nuestros amigos y [&hellip;]","og_url":"https:\/\/pagina10.com\/web\/en-memoria-del-periodista-oswaldo-florez\/","og_site_name":"P\u00e1gina10","article_publisher":"https:\/\/www.facebook.com\/pag10com","article_published_time":"2023-07-05T17:24:41+00:00","og_image":[{"width":1080,"height":761,"url":"https:\/\/pagina10.com\/web\/wp-content\/uploads\/2023\/07\/WhatsApp-Image-2023-07-03-at-10.49.41-PM.jpeg","type":"image\/jpeg"}],"author":"Anibal Ar\u00e9valo Rosero","twitter_card":"summary_large_image","twitter_creator":"@Pag10com","twitter_site":"@Pag10com","twitter_misc":{"Escrito por":"Anibal Ar\u00e9valo Rosero","Tiempo de lectura":"5 minutos"},"schema":{"@context":"https:\/\/schema.org","@graph":[{"@type":"Article","@id":"https:\/\/pagina10.com\/web\/en-memoria-del-periodista-oswaldo-florez\/#article","isPartOf":{"@id":"https:\/\/pagina10.com\/web\/en-memoria-del-periodista-oswaldo-florez\/"},"author":{"name":"Anibal Ar\u00e9valo Rosero","@id":"https:\/\/pagina10.com\/web\/#\/schema\/person\/9ec3e2b432363a195d2d01bf820c66fe"},"headline":"En Memoria del periodista Oswaldo Fl\u00f3rez","datePublished":"2023-07-05T17:24:41+00:00","mainEntityOfPage":{"@id":"https:\/\/pagina10.com\/web\/en-memoria-del-periodista-oswaldo-florez\/"},"wordCount":937,"commentCount":0,"publisher":{"@id":"https:\/\/pagina10.com\/web\/#organization"},"image":{"@id":"https:\/\/pagina10.com\/web\/en-memoria-del-periodista-oswaldo-florez\/#primaryimage"},"thumbnailUrl":"https:\/\/pagina10.com\/web\/wp-content\/uploads\/2023\/07\/WhatsApp-Image-2023-07-03-at-10.49.41-PM.jpeg","articleSection":["Nari\u00f1o Actual"],"inLanguage":"es","potentialAction":[{"@type":"CommentAction","name":"Comment","target":["https:\/\/pagina10.com\/web\/en-memoria-del-periodista-oswaldo-florez\/#respond"]}]},{"@type":"WebPage","@id":"https:\/\/pagina10.com\/web\/en-memoria-del-periodista-oswaldo-florez\/","url":"https:\/\/pagina10.com\/web\/en-memoria-del-periodista-oswaldo-florez\/","name":"En Memoria del periodista Oswaldo Fl\u00f3rez | P\u00e1gina10","isPartOf":{"@id":"https:\/\/pagina10.com\/web\/#website"},"primaryImageOfPage":{"@id":"https:\/\/pagina10.com\/web\/en-memoria-del-periodista-oswaldo-florez\/#primaryimage"},"image":{"@id":"https:\/\/pagina10.com\/web\/en-memoria-del-periodista-oswaldo-florez\/#primaryimage"},"thumbnailUrl":"https:\/\/pagina10.com\/web\/wp-content\/uploads\/2023\/07\/WhatsApp-Image-2023-07-03-at-10.49.41-PM.jpeg","datePublished":"2023-07-05T17:24:41+00:00","breadcrumb":{"@id":"https:\/\/pagina10.com\/web\/en-memoria-del-periodista-oswaldo-florez\/#breadcrumb"},"inLanguage":"es","potentialAction":[{"@type":"ReadAction","target":["https:\/\/pagina10.com\/web\/en-memoria-del-periodista-oswaldo-florez\/"]}]},{"@type":"ImageObject","inLanguage":"es","@id":"https:\/\/pagina10.com\/web\/en-memoria-del-periodista-oswaldo-florez\/#primaryimage","url":"https:\/\/pagina10.com\/web\/wp-content\/uploads\/2023\/07\/WhatsApp-Image-2023-07-03-at-10.49.41-PM.jpeg","contentUrl":"https:\/\/pagina10.com\/web\/wp-content\/uploads\/2023\/07\/WhatsApp-Image-2023-07-03-at-10.49.41-PM.jpeg","width":1080,"height":761},{"@type":"BreadcrumbList","@id":"https:\/\/pagina10.com\/web\/en-memoria-del-periodista-oswaldo-florez\/#breadcrumb","itemListElement":[{"@type":"ListItem","position":1,"name":"Portada","item":"https:\/\/pagina10.com\/web\/"},{"@type":"ListItem","position":2,"name":"En Memoria del periodista Oswaldo Fl\u00f3rez"}]},{"@type":"WebSite","@id":"https:\/\/pagina10.com\/web\/#website","url":"https:\/\/pagina10.com\/web\/","name":"P\u00e1gina10","description":"Peri\u00f3dico Regional","publisher":{"@id":"https:\/\/pagina10.com\/web\/#organization"},"alternateName":"P\u00e1gina10 Peri\u00f3dico Regional","potentialAction":[{"@type":"SearchAction","target":{"@type":"EntryPoint","urlTemplate":"https:\/\/pagina10.com\/web\/?s={search_term_string}"},"query-input":{"@type":"PropertyValueSpecification","valueRequired":true,"valueName":"search_term_string"}}],"inLanguage":"es"},{"@type":"Organization","@id":"https:\/\/pagina10.com\/web\/#organization","name":"P\u00e1gina10","alternateName":"P\u00e1gina10 Peri\u00f3dico Regional","url":"https:\/\/pagina10.com\/web\/","logo":{"@type":"ImageObject","inLanguage":"es","@id":"https:\/\/pagina10.com\/web\/#\/schema\/logo\/image\/","url":"https:\/\/pagina10.com\/web\/wp-content\/uploads\/2024\/01\/40-pagina-10-periodico-regional-pasto.jpg","contentUrl":"https:\/\/pagina10.com\/web\/wp-content\/uploads\/2024\/01\/40-pagina-10-periodico-regional-pasto.jpg","width":1280,"height":720,"caption":"P\u00e1gina10"},"image":{"@id":"https:\/\/pagina10.com\/web\/#\/schema\/logo\/image\/"},"sameAs":["https:\/\/www.facebook.com\/pag10com","https:\/\/x.com\/Pag10com","https:\/\/www.instagram.com\/pagina10col\/","https:\/\/youtube.com\/channel\/pag10","https:\/\/www.tiktok.com\/@p10col"]},{"@type":"Person","@id":"https:\/\/pagina10.com\/web\/#\/schema\/person\/9ec3e2b432363a195d2d01bf820c66fe","name":"Anibal Ar\u00e9valo Rosero","description":"An\u00edbal Ar\u00e9valo Rosero a trav\u00e9s de su vida ha realizado diversas actividades tendientes a reivindicar al ser humano en su conciencia plena. Durante su vida ha hecho teatro, a escrito poes\u00eda y en sus tiempos de universitario realiz\u00f3 varias publicaciones entre las que se recuerda la revista Quinde. Junto con otros compa\u00f1eros fund\u00f3 el Taller Cultural El Cueche, equipo con el que se hicieron varias publicaciones. De este mismo grupo hay que resaltar que se hizo un trabajo pionero en la difusi\u00f3n de la m\u00fasica andina, latinoamericana y del caribe. Despu\u00e9s de terminar sus estudios de biolog\u00eda en la Universidad de Nari\u00f1o entr\u00f3 a laborar en emisoras de la ciudad de Pasto como en RCN, donde se desempe\u00f1aba como locutor de planta. Dirigi\u00f3 programas en la extinta Ondas del Mayo, en varias oportunidades; tambi\u00e9n en Ecos de Pasto. Fue colaborador de el Noticias RCN y dirigi\u00f3 el programa Simana al D\u00eda, del Sindicato del Magisterio de Nari\u00f1o, en dos \u00e9pocas. En el a\u00f1o de 1992 funda el Comit\u00e9 de Solidaridad con Cuba Jos\u00e9 Mart\u00ed, cuyo objetivo era divulgar la realidad cubana y expresar apoyo moral, pol\u00edtico y material al pa\u00eds caribe\u00f1o. Ante la mala interpretaci\u00f3n que la gente le daba a este tipo de acciones, se decide promover viajes de solidad a Cuba para participar en la Brigada Latinoamericana de Trabajo Voluntario, en el Festival Cuba Vive y, de manera especia,l en el 14 Festival Mundial de la Juventud y los Estudiantes, que se desarroll\u00f3 en la isla en el a\u00f1o de 1997. Con esta experiencia impulsa el turismo al pa\u00eds caribe\u00f1o con el resultado de que miles de personas han participado de las excursiones organizadas por Ar\u00e9valo Rosero. Asimismo ha venido impulsando las Brigadas de Salud en Cuba, tendiente a llevar pacientes de c\u00e1ncer a ese destino con el fin de que reciban atenci\u00f3n m\u00e9dica, teniendo en cuenta que la experiencia cubana en el tema ha sido bastante favorable. Veinte a\u00f1os despu\u00e9s de estas nutritivas experiencias, le permiten impulsar excursiones adem\u00e1s a M\u00e9xico, Machu Picchu, Argentina, Ecuador, Panam\u00e1 y Tierra Santa. En cuanto al desempe\u00f1o period\u00edstico, adem\u00e1s de los medios radiales y de televisi\u00f3n, en los canales de la universidades de Nari\u00f1o y Mariana, se ha desempe\u00f1ado como columnista en Diario del Sur durante 6 a\u00f1os y en algunos medios virtuales. Tambi\u00e9n es colaborador de el Diario del Cauca. Considera que la pr\u00e1ctica de la lectura es beber de la fuente nutricia que permite apropiarse de manera consciente del ejercicio de la democracia; y la posibilidad de escribir y ser le\u00eddo, acceder al poder, por que considera la palabra como el mayor instrumento de acci\u00f3n cuando est\u00e1 bien encamina al leg\u00edtimo servicio social. En la actualidad adem\u00e1s de so\u00f1ar con viajar por el mundo se desempe\u00f1a como docente del departamento de ciencias de Inem Luis Delf\u00edn Insuasty de Pasto. Correo: Esta direcci\u00f3n de correo electr\u00f3nico est\u00e1 protegida contra spambots. Usted necesita tener Javascript activado para poder verla.\" target=\"_blank\" style=\"color: #1155cc; text-align: justify; font-family: arial, sans-serif; font-size: 13px; line-height: normal;\"&gt;fundacionecosofia@gmail.com","url":"https:\/\/pagina10.com\/web\/author\/anibal\/"}]}},"_links":{"self":[{"href":"https:\/\/pagina10.com\/web\/wp-json\/wp\/v2\/posts\/67210","targetHints":{"allow":["GET"]}}],"collection":[{"href":"https:\/\/pagina10.com\/web\/wp-json\/wp\/v2\/posts"}],"about":[{"href":"https:\/\/pagina10.com\/web\/wp-json\/wp\/v2\/types\/post"}],"author":[{"embeddable":true,"href":"https:\/\/pagina10.com\/web\/wp-json\/wp\/v2\/users\/65"}],"replies":[{"embeddable":true,"href":"https:\/\/pagina10.com\/web\/wp-json\/wp\/v2\/comments?post=67210"}],"version-history":[{"count":1,"href":"https:\/\/pagina10.com\/web\/wp-json\/wp\/v2\/posts\/67210\/revisions"}],"predecessor-version":[{"id":67212,"href":"https:\/\/pagina10.com\/web\/wp-json\/wp\/v2\/posts\/67210\/revisions\/67212"}],"wp:featuredmedia":[{"embeddable":true,"href":"https:\/\/pagina10.com\/web\/wp-json\/wp\/v2\/media\/67211"}],"wp:attachment":[{"href":"https:\/\/pagina10.com\/web\/wp-json\/wp\/v2\/media?parent=67210"}],"wp:term":[{"taxonomy":"category","embeddable":true,"href":"https:\/\/pagina10.com\/web\/wp-json\/wp\/v2\/categories?post=67210"},{"taxonomy":"post_tag","embeddable":true,"href":"https:\/\/pagina10.com\/web\/wp-json\/wp\/v2\/tags?post=67210"}],"curies":[{"name":"wp","href":"https:\/\/api.w.org\/{rel}","templated":true}]}}