{"id":67217,"date":"2023-07-05T14:05:08","date_gmt":"2023-07-05T19:05:08","guid":{"rendered":"https:\/\/pagina10.com\/web\/?p=67217"},"modified":"2023-07-05T14:05:08","modified_gmt":"2023-07-05T19:05:08","slug":"cedula-digital-aun-no-es-obligatoria-en-colombia","status":"publish","type":"post","link":"https:\/\/pagina10.com\/web\/cedula-digital-aun-no-es-obligatoria-en-colombia\/","title":{"rendered":"C\u00e9dula digital a\u00fan no es obligatoria en Colombia"},"content":{"rendered":"<p style=\"text-align: justify;\">Cerca de cumplirse 3 a\u00f1os desde que se inici\u00f3 la expedici\u00f3n de la c\u00e9dula digital en Colombia, a\u00fan no es obligatoria y la c\u00e9dula actual sigue siendo v\u00e1lida, sin embargo, se ha informado que llegar\u00e1 el momento en el que todos los colombianos deber\u00e1n tenerla. El costo actual para obtener esta c\u00e9dula digital es de 63000 pesos.<\/p>\n<p style=\"text-align: justify;\">El proceso para obtenerla incluye solicitar el duplicado en l\u00ednea, hacer el pago y proporcionar informaci\u00f3n biom\u00e9trica en una oficina de la Registradur\u00eda.<\/p>\n<p style=\"text-align: justify;\">Seg\u00fan Registradur\u00eda Nacional, estos son los beneficios que trae la c\u00e9dula digital para el ciudadano:<\/p>\n<ol>\n<li style=\"text-align: justify;\">Mayor seguridad.<\/li>\n<li style=\"text-align: justify;\">Imposibilidad de falsificaci\u00f3n o adulteraci\u00f3n.<\/li>\n<li style=\"text-align: justify;\">Identificaci\u00f3n y autenticaci\u00f3n biom\u00e9trica.<\/li>\n<li style=\"text-align: justify;\">Identificaci\u00f3n no presencial en tr\u00e1mites a trav\u00e9s de la web.<\/li>\n<li style=\"text-align: justify;\">Evita la suplantaci\u00f3n o usurpaci\u00f3n de identidad.<\/li>\n<li style=\"text-align: justify;\">Garantiza la protecci\u00f3n de datos personales.<\/li>\n<li style=\"text-align: justify;\">Genera confianza en los tr\u00e1mites y servicios de las entidades p\u00fablicas y privadas.<\/li>\n<li style=\"text-align: justify;\">Permite la verificaci\u00f3n de identidad de forma segura por parte de las autoridades.<\/li>\n<\/ol>\n","protected":false},"excerpt":{"rendered":"<p>Cerca de cumplirse 3 a\u00f1os desde que se inici\u00f3 la expedici\u00f3n de la c\u00e9dula digital en Colombia, a\u00fan no es obligatoria y la c\u00e9dula actual sigue siendo v\u00e1lida, sin embargo, se ha informado que llegar\u00e1 el momento en el que todos los colombianos deber\u00e1n tenerla. El costo actual para obtener esta c\u00e9dula digital es de [&hellip;]<\/p>\n","protected":false},"author":1,"featured_media":67218,"comment_status":"open","ping_status":"open","sticky":false,"template":"","format":"standard","meta":{"footnotes":""},"categories":[94],"tags":[],"class_list":["post-67217","post","type-post","status-publish","format-standard","has-post-thumbnail","hentry","category-nacional-global-2"],"yoast_head":"<!-- This site is optimized with the Yoast SEO plugin v27.1.1 - https:\/\/yoast.com\/product\/yoast-seo-wordpress\/ -->\n<title>C\u00e9dula digital a\u00fan no es obligatoria en Colombia | P\u00e1gina10<\/title>\n<meta name=\"robots\" content=\"index, follow, max-snippet:-1, max-image-preview:large, max-video-preview:-1\" \/>\n<link rel=\"canonical\" href=\"https:\/\/pagina10.com\/web\/cedula-digital-aun-no-es-obligatoria-en-colombia\/\" \/>\n<meta property=\"og:locale\" content=\"es_ES\" \/>\n<meta property=\"og:type\" content=\"article\" \/>\n<meta property=\"og:title\" content=\"C\u00e9dula digital a\u00fan no es obligatoria en Colombia | P\u00e1gina10\" \/>\n<meta property=\"og:description\" content=\"Cerca de cumplirse 3 a\u00f1os desde que se inici\u00f3 la expedici\u00f3n de la c\u00e9dula digital en Colombia, a\u00fan no es obligatoria y la c\u00e9dula actual sigue siendo v\u00e1lida, sin embargo, se ha informado que llegar\u00e1 el momento en el que todos los colombianos deber\u00e1n tenerla. El costo actual para obtener esta c\u00e9dula digital es de [&hellip;]\" \/>\n<meta property=\"og:url\" content=\"https:\/\/pagina10.com\/web\/cedula-digital-aun-no-es-obligatoria-en-colombia\/\" \/>\n<meta property=\"og:site_name\" content=\"P\u00e1gina10\" \/>\n<meta property=\"article:publisher\" content=\"https:\/\/www.facebook.com\/pag10com\" \/>\n<meta property=\"article:published_time\" content=\"2023-07-05T19:05:08+00:00\" \/>\n<meta property=\"og:image\" content=\"https:\/\/pagina10.com\/web\/wp-content\/uploads\/2023\/07\/6310f639bf233.png\" \/>\n\t<meta property=\"og:image:width\" content=\"950\" \/>\n\t<meta property=\"og:image:height\" content=\"712\" \/>\n\t<meta property=\"og:image:type\" content=\"image\/png\" \/>\n<meta name=\"author\" content=\"P\u00e1gina 10\" \/>\n<meta name=\"twitter:card\" content=\"summary_large_image\" \/>\n<meta name=\"twitter:creator\" content=\"@Pag10com\" \/>\n<meta name=\"twitter:site\" content=\"@Pag10com\" \/>\n<meta name=\"twitter:label1\" content=\"Escrito por\" \/>\n\t<meta name=\"twitter:data1\" content=\"P\u00e1gina 10\" \/>\n\t<meta name=\"twitter:label2\" content=\"Tiempo de lectura\" \/>\n\t<meta name=\"twitter:data2\" content=\"1 minuto\" \/>\n<script type=\"application\/ld+json\" class=\"yoast-schema-graph\">{\"@context\":\"https:\/\/schema.org\",\"@graph\":[{\"@type\":\"Article\",\"@id\":\"https:\/\/pagina10.com\/web\/cedula-digital-aun-no-es-obligatoria-en-colombia\/#article\",\"isPartOf\":{\"@id\":\"https:\/\/pagina10.com\/web\/cedula-digital-aun-no-es-obligatoria-en-colombia\/\"},\"author\":{\"name\":\"P\u00e1gina 10\",\"@id\":\"https:\/\/pagina10.com\/web\/#\/schema\/person\/2efc4a090d25b667d3bc796798a3a81b\"},\"headline\":\"C\u00e9dula digital a\u00fan no es obligatoria en Colombia\",\"datePublished\":\"2023-07-05T19:05:08+00:00\",\"mainEntityOfPage\":{\"@id\":\"https:\/\/pagina10.com\/web\/cedula-digital-aun-no-es-obligatoria-en-colombia\/\"},\"wordCount\":192,\"commentCount\":0,\"publisher\":{\"@id\":\"https:\/\/pagina10.com\/web\/#organization\"},\"image\":{\"@id\":\"https:\/\/pagina10.com\/web\/cedula-digital-aun-no-es-obligatoria-en-colombia\/#primaryimage\"},\"thumbnailUrl\":\"https:\/\/pagina10.com\/web\/wp-content\/uploads\/2023\/07\/6310f639bf233.png\",\"articleSection\":[\"Nacional\"],\"inLanguage\":\"es\",\"potentialAction\":[{\"@type\":\"CommentAction\",\"name\":\"Comment\",\"target\":[\"https:\/\/pagina10.com\/web\/cedula-digital-aun-no-es-obligatoria-en-colombia\/#respond\"]}]},{\"@type\":\"WebPage\",\"@id\":\"https:\/\/pagina10.com\/web\/cedula-digital-aun-no-es-obligatoria-en-colombia\/\",\"url\":\"https:\/\/pagina10.com\/web\/cedula-digital-aun-no-es-obligatoria-en-colombia\/\",\"name\":\"C\u00e9dula digital a\u00fan no es obligatoria en Colombia | P\u00e1gina10\",\"isPartOf\":{\"@id\":\"https:\/\/pagina10.com\/web\/#website\"},\"primaryImageOfPage\":{\"@id\":\"https:\/\/pagina10.com\/web\/cedula-digital-aun-no-es-obligatoria-en-colombia\/#primaryimage\"},\"image\":{\"@id\":\"https:\/\/pagina10.com\/web\/cedula-digital-aun-no-es-obligatoria-en-colombia\/#primaryimage\"},\"thumbnailUrl\":\"https:\/\/pagina10.com\/web\/wp-content\/uploads\/2023\/07\/6310f639bf233.png\",\"datePublished\":\"2023-07-05T19:05:08+00:00\",\"breadcrumb\":{\"@id\":\"https:\/\/pagina10.com\/web\/cedula-digital-aun-no-es-obligatoria-en-colombia\/#breadcrumb\"},\"inLanguage\":\"es\",\"potentialAction\":[{\"@type\":\"ReadAction\",\"target\":[\"https:\/\/pagina10.com\/web\/cedula-digital-aun-no-es-obligatoria-en-colombia\/\"]}]},{\"@type\":\"ImageObject\",\"inLanguage\":\"es\",\"@id\":\"https:\/\/pagina10.com\/web\/cedula-digital-aun-no-es-obligatoria-en-colombia\/#primaryimage\",\"url\":\"https:\/\/pagina10.com\/web\/wp-content\/uploads\/2023\/07\/6310f639bf233.png\",\"contentUrl\":\"https:\/\/pagina10.com\/web\/wp-content\/uploads\/2023\/07\/6310f639bf233.png\",\"width\":950,\"height\":712},{\"@type\":\"BreadcrumbList\",\"@id\":\"https:\/\/pagina10.com\/web\/cedula-digital-aun-no-es-obligatoria-en-colombia\/#breadcrumb\",\"itemListElement\":[{\"@type\":\"ListItem\",\"position\":1,\"name\":\"Portada\",\"item\":\"https:\/\/pagina10.com\/web\/\"},{\"@type\":\"ListItem\",\"position\":2,\"name\":\"C\u00e9dula digital a\u00fan no es obligatoria en Colombia\"}]},{\"@type\":\"WebSite\",\"@id\":\"https:\/\/pagina10.com\/web\/#website\",\"url\":\"https:\/\/pagina10.com\/web\/\",\"name\":\"P\u00e1gina10\",\"description\":\"Peri\u00f3dico Regional\",\"publisher\":{\"@id\":\"https:\/\/pagina10.com\/web\/#organization\"},\"alternateName\":\"P\u00e1gina10 Peri\u00f3dico Regional\",\"potentialAction\":[{\"@type\":\"SearchAction\",\"target\":{\"@type\":\"EntryPoint\",\"urlTemplate\":\"https:\/\/pagina10.com\/web\/?s={search_term_string}\"},\"query-input\":{\"@type\":\"PropertyValueSpecification\",\"valueRequired\":true,\"valueName\":\"search_term_string\"}}],\"inLanguage\":\"es\"},{\"@type\":\"Organization\",\"@id\":\"https:\/\/pagina10.com\/web\/#organization\",\"name\":\"P\u00e1gina10\",\"alternateName\":\"P\u00e1gina10 Peri\u00f3dico Regional\",\"url\":\"https:\/\/pagina10.com\/web\/\",\"logo\":{\"@type\":\"ImageObject\",\"inLanguage\":\"es\",\"@id\":\"https:\/\/pagina10.com\/web\/#\/schema\/logo\/image\/\",\"url\":\"https:\/\/pagina10.com\/web\/wp-content\/uploads\/2024\/01\/40-pagina-10-periodico-regional-pasto.jpg\",\"contentUrl\":\"https:\/\/pagina10.com\/web\/wp-content\/uploads\/2024\/01\/40-pagina-10-periodico-regional-pasto.jpg\",\"width\":1280,\"height\":720,\"caption\":\"P\u00e1gina10\"},\"image\":{\"@id\":\"https:\/\/pagina10.com\/web\/#\/schema\/logo\/image\/\"},\"sameAs\":[\"https:\/\/www.facebook.com\/pag10com\",\"https:\/\/x.com\/Pag10com\",\"https:\/\/www.instagram.com\/pagina10col\/\",\"https:\/\/youtube.com\/channel\/pag10\",\"https:\/\/www.tiktok.com\/@p10col\"]},{\"@type\":\"Person\",\"@id\":\"https:\/\/pagina10.com\/web\/#\/schema\/person\/2efc4a090d25b667d3bc796798a3a81b\",\"name\":\"P\u00e1gina 10\",\"description\":\"P\u00e1gina 10 es un peri\u00f3dico regional que nace en Colombia, en el departamento de Nari\u00f1o, con un enfoque global, fundamentado en cuatro pilares esenciales: la libertad, el pluralismo, la inclusi\u00f3n y la independencia. P\u00e1gina 10 hace referencia a Nari\u00f1o como el d\u00e9cimo departamento creado en Colombia, despu\u00e9s de un proceso pol\u00edtico liderado por actores y actrices regionales con el fin de obtener la independencia y autonom\u00eda de nuestros territorios. Con la creaci\u00f3n de P\u00e1gina 10 se pretende abrir un escenario para el dialogo, la reflexi\u00f3n y el debate que se extienda a otras geograf\u00edas de Am\u00e9rica Latina y del planeta, en una apuesta por transformar colectivamente los desaf\u00edos de un mundo contempor\u00e1neo, m\u00e1s all\u00e1 de las fronteras impuestas.\",\"url\":\"https:\/\/pagina10.com\/web\/author\/pdiezadmin\/\"}]}<\/script>\n<!-- \/ Yoast SEO plugin. -->","yoast_head_json":{"title":"C\u00e9dula digital a\u00fan no es obligatoria en Colombia | P\u00e1gina10","robots":{"index":"index","follow":"follow","max-snippet":"max-snippet:-1","max-image-preview":"max-image-preview:large","max-video-preview":"max-video-preview:-1"},"canonical":"https:\/\/pagina10.com\/web\/cedula-digital-aun-no-es-obligatoria-en-colombia\/","og_locale":"es_ES","og_type":"article","og_title":"C\u00e9dula digital a\u00fan no es obligatoria en Colombia | P\u00e1gina10","og_description":"Cerca de cumplirse 3 a\u00f1os desde que se inici\u00f3 la expedici\u00f3n de la c\u00e9dula digital en Colombia, a\u00fan no es obligatoria y la c\u00e9dula actual sigue siendo v\u00e1lida, sin embargo, se ha informado que llegar\u00e1 el momento en el que todos los colombianos deber\u00e1n tenerla. El costo actual para obtener esta c\u00e9dula digital es de [&hellip;]","og_url":"https:\/\/pagina10.com\/web\/cedula-digital-aun-no-es-obligatoria-en-colombia\/","og_site_name":"P\u00e1gina10","article_publisher":"https:\/\/www.facebook.com\/pag10com","article_published_time":"2023-07-05T19:05:08+00:00","og_image":[{"width":950,"height":712,"url":"https:\/\/pagina10.com\/web\/wp-content\/uploads\/2023\/07\/6310f639bf233.png","type":"image\/png"}],"author":"P\u00e1gina 10","twitter_card":"summary_large_image","twitter_creator":"@Pag10com","twitter_site":"@Pag10com","twitter_misc":{"Escrito por":"P\u00e1gina 10","Tiempo de lectura":"1 minuto"},"schema":{"@context":"https:\/\/schema.org","@graph":[{"@type":"Article","@id":"https:\/\/pagina10.com\/web\/cedula-digital-aun-no-es-obligatoria-en-colombia\/#article","isPartOf":{"@id":"https:\/\/pagina10.com\/web\/cedula-digital-aun-no-es-obligatoria-en-colombia\/"},"author":{"name":"P\u00e1gina 10","@id":"https:\/\/pagina10.com\/web\/#\/schema\/person\/2efc4a090d25b667d3bc796798a3a81b"},"headline":"C\u00e9dula digital a\u00fan no es obligatoria en Colombia","datePublished":"2023-07-05T19:05:08+00:00","mainEntityOfPage":{"@id":"https:\/\/pagina10.com\/web\/cedula-digital-aun-no-es-obligatoria-en-colombia\/"},"wordCount":192,"commentCount":0,"publisher":{"@id":"https:\/\/pagina10.com\/web\/#organization"},"image":{"@id":"https:\/\/pagina10.com\/web\/cedula-digital-aun-no-es-obligatoria-en-colombia\/#primaryimage"},"thumbnailUrl":"https:\/\/pagina10.com\/web\/wp-content\/uploads\/2023\/07\/6310f639bf233.png","articleSection":["Nacional"],"inLanguage":"es","potentialAction":[{"@type":"CommentAction","name":"Comment","target":["https:\/\/pagina10.com\/web\/cedula-digital-aun-no-es-obligatoria-en-colombia\/#respond"]}]},{"@type":"WebPage","@id":"https:\/\/pagina10.com\/web\/cedula-digital-aun-no-es-obligatoria-en-colombia\/","url":"https:\/\/pagina10.com\/web\/cedula-digital-aun-no-es-obligatoria-en-colombia\/","name":"C\u00e9dula digital a\u00fan no es obligatoria en Colombia | P\u00e1gina10","isPartOf":{"@id":"https:\/\/pagina10.com\/web\/#website"},"primaryImageOfPage":{"@id":"https:\/\/pagina10.com\/web\/cedula-digital-aun-no-es-obligatoria-en-colombia\/#primaryimage"},"image":{"@id":"https:\/\/pagina10.com\/web\/cedula-digital-aun-no-es-obligatoria-en-colombia\/#primaryimage"},"thumbnailUrl":"https:\/\/pagina10.com\/web\/wp-content\/uploads\/2023\/07\/6310f639bf233.png","datePublished":"2023-07-05T19:05:08+00:00","breadcrumb":{"@id":"https:\/\/pagina10.com\/web\/cedula-digital-aun-no-es-obligatoria-en-colombia\/#breadcrumb"},"inLanguage":"es","potentialAction":[{"@type":"ReadAction","target":["https:\/\/pagina10.com\/web\/cedula-digital-aun-no-es-obligatoria-en-colombia\/"]}]},{"@type":"ImageObject","inLanguage":"es","@id":"https:\/\/pagina10.com\/web\/cedula-digital-aun-no-es-obligatoria-en-colombia\/#primaryimage","url":"https:\/\/pagina10.com\/web\/wp-content\/uploads\/2023\/07\/6310f639bf233.png","contentUrl":"https:\/\/pagina10.com\/web\/wp-content\/uploads\/2023\/07\/6310f639bf233.png","width":950,"height":712},{"@type":"BreadcrumbList","@id":"https:\/\/pagina10.com\/web\/cedula-digital-aun-no-es-obligatoria-en-colombia\/#breadcrumb","itemListElement":[{"@type":"ListItem","position":1,"name":"Portada","item":"https:\/\/pagina10.com\/web\/"},{"@type":"ListItem","position":2,"name":"C\u00e9dula digital a\u00fan no es obligatoria en Colombia"}]},{"@type":"WebSite","@id":"https:\/\/pagina10.com\/web\/#website","url":"https:\/\/pagina10.com\/web\/","name":"P\u00e1gina10","description":"Peri\u00f3dico Regional","publisher":{"@id":"https:\/\/pagina10.com\/web\/#organization"},"alternateName":"P\u00e1gina10 Peri\u00f3dico Regional","potentialAction":[{"@type":"SearchAction","target":{"@type":"EntryPoint","urlTemplate":"https:\/\/pagina10.com\/web\/?s={search_term_string}"},"query-input":{"@type":"PropertyValueSpecification","valueRequired":true,"valueName":"search_term_string"}}],"inLanguage":"es"},{"@type":"Organization","@id":"https:\/\/pagina10.com\/web\/#organization","name":"P\u00e1gina10","alternateName":"P\u00e1gina10 Peri\u00f3dico Regional","url":"https:\/\/pagina10.com\/web\/","logo":{"@type":"ImageObject","inLanguage":"es","@id":"https:\/\/pagina10.com\/web\/#\/schema\/logo\/image\/","url":"https:\/\/pagina10.com\/web\/wp-content\/uploads\/2024\/01\/40-pagina-10-periodico-regional-pasto.jpg","contentUrl":"https:\/\/pagina10.com\/web\/wp-content\/uploads\/2024\/01\/40-pagina-10-periodico-regional-pasto.jpg","width":1280,"height":720,"caption":"P\u00e1gina10"},"image":{"@id":"https:\/\/pagina10.com\/web\/#\/schema\/logo\/image\/"},"sameAs":["https:\/\/www.facebook.com\/pag10com","https:\/\/x.com\/Pag10com","https:\/\/www.instagram.com\/pagina10col\/","https:\/\/youtube.com\/channel\/pag10","https:\/\/www.tiktok.com\/@p10col"]},{"@type":"Person","@id":"https:\/\/pagina10.com\/web\/#\/schema\/person\/2efc4a090d25b667d3bc796798a3a81b","name":"P\u00e1gina 10","description":"P\u00e1gina 10 es un peri\u00f3dico regional que nace en Colombia, en el departamento de Nari\u00f1o, con un enfoque global, fundamentado en cuatro pilares esenciales: la libertad, el pluralismo, la inclusi\u00f3n y la independencia. P\u00e1gina 10 hace referencia a Nari\u00f1o como el d\u00e9cimo departamento creado en Colombia, despu\u00e9s de un proceso pol\u00edtico liderado por actores y actrices regionales con el fin de obtener la independencia y autonom\u00eda de nuestros territorios. Con la creaci\u00f3n de P\u00e1gina 10 se pretende abrir un escenario para el dialogo, la reflexi\u00f3n y el debate que se extienda a otras geograf\u00edas de Am\u00e9rica Latina y del planeta, en una apuesta por transformar colectivamente los desaf\u00edos de un mundo contempor\u00e1neo, m\u00e1s all\u00e1 de las fronteras impuestas.","url":"https:\/\/pagina10.com\/web\/author\/pdiezadmin\/"}]}},"_links":{"self":[{"href":"https:\/\/pagina10.com\/web\/wp-json\/wp\/v2\/posts\/67217","targetHints":{"allow":["GET"]}}],"collection":[{"href":"https:\/\/pagina10.com\/web\/wp-json\/wp\/v2\/posts"}],"about":[{"href":"https:\/\/pagina10.com\/web\/wp-json\/wp\/v2\/types\/post"}],"author":[{"embeddable":true,"href":"https:\/\/pagina10.com\/web\/wp-json\/wp\/v2\/users\/1"}],"replies":[{"embeddable":true,"href":"https:\/\/pagina10.com\/web\/wp-json\/wp\/v2\/comments?post=67217"}],"version-history":[{"count":1,"href":"https:\/\/pagina10.com\/web\/wp-json\/wp\/v2\/posts\/67217\/revisions"}],"predecessor-version":[{"id":67219,"href":"https:\/\/pagina10.com\/web\/wp-json\/wp\/v2\/posts\/67217\/revisions\/67219"}],"wp:featuredmedia":[{"embeddable":true,"href":"https:\/\/pagina10.com\/web\/wp-json\/wp\/v2\/media\/67218"}],"wp:attachment":[{"href":"https:\/\/pagina10.com\/web\/wp-json\/wp\/v2\/media?parent=67217"}],"wp:term":[{"taxonomy":"category","embeddable":true,"href":"https:\/\/pagina10.com\/web\/wp-json\/wp\/v2\/categories?post=67217"},{"taxonomy":"post_tag","embeddable":true,"href":"https:\/\/pagina10.com\/web\/wp-json\/wp\/v2\/tags?post=67217"}],"curies":[{"name":"wp","href":"https:\/\/api.w.org\/{rel}","templated":true}]}}