{"id":67227,"date":"2023-07-05T14:15:17","date_gmt":"2023-07-05T19:15:17","guid":{"rendered":"https:\/\/pagina10.com\/web\/?p=67227"},"modified":"2023-07-05T14:15:17","modified_gmt":"2023-07-05T19:15:17","slug":"federico-gutierrez-confirmo-su-candidatura-a-la-alcaldia-de-medellin","status":"publish","type":"post","link":"https:\/\/pagina10.com\/web\/federico-gutierrez-confirmo-su-candidatura-a-la-alcaldia-de-medellin\/","title":{"rendered":"Federico Guti\u00e9rrez confirm\u00f3 su candidatura a la Alcald\u00eda de Medell\u00edn"},"content":{"rendered":"<p style=\"text-align: justify;\">Para un segundo periodo, el excandidato presidencial Federico Guti\u00e9rrez anunci\u00f3 su candidatura a la Alcald\u00eda de Medell\u00edn, Guti\u00e9rrez ocup\u00f3 el cargo entre 2016 y 2019.<\/p>\n<p style=\"text-align: justify;\">El exalcalde de Medell\u00edn inform\u00f3 su aspiraci\u00f3n por el partido \u2018Creemos\u2019 y busca &#8220;salvar a Medell\u00edn&#8221; del actual gobierno liderado por Daniel Quintero Calle. Aunque se especula sobre sus futuras aspiraciones presidenciales, su enfoque principal ser\u00eda trabajar por el bienestar de la ciudad.<\/p>\n<p style=\"text-align: justify;\">Su candidatura ha generado opiniones mixtas, con acusaciones de representar la extrema derecha tradicional y el regreso del uribismo al poder. Con una s\u00f3lida base de votantes evidenciadas en las elecciones presidenciales de 2022, Guti\u00e9rrez parte como favorito en los comicios de octubre de 2023, en dado caso que sus votantes pasados en la ciudad, lo contin\u00faen acompa\u00f1ando.<\/p>\n<p style=\"text-align: justify;\">La candidatura de Guti\u00e9rrez plantea un escenario pol\u00edtico interesante en Medell\u00edn, donde los ciudadanos tendr\u00e1n la oportunidad de elegir el rumbo de su ciudad en los pr\u00f3ximos a\u00f1os.<\/p>\n","protected":false},"excerpt":{"rendered":"<p>Para un segundo periodo, el excandidato presidencial Federico Guti\u00e9rrez anunci\u00f3 su candidatura a la Alcald\u00eda de Medell\u00edn, Guti\u00e9rrez ocup\u00f3 el cargo entre 2016 y 2019. El exalcalde de Medell\u00edn inform\u00f3 su aspiraci\u00f3n por el partido \u2018Creemos\u2019 y busca &#8220;salvar a Medell\u00edn&#8221; del actual gobierno liderado por Daniel Quintero Calle. Aunque se especula sobre sus futuras [&hellip;]<\/p>\n","protected":false},"author":1,"featured_media":67228,"comment_status":"open","ping_status":"open","sticky":false,"template":"","format":"standard","meta":{"footnotes":""},"categories":[94],"tags":[],"class_list":["post-67227","post","type-post","status-publish","format-standard","has-post-thumbnail","hentry","category-nacional-global-2"],"yoast_head":"<!-- This site is optimized with the Yoast SEO plugin v27.1.1 - https:\/\/yoast.com\/product\/yoast-seo-wordpress\/ -->\n<title>Federico Guti\u00e9rrez confirm\u00f3 su candidatura a la Alcald\u00eda de Medell\u00edn | P\u00e1gina10<\/title>\n<meta name=\"robots\" content=\"index, follow, max-snippet:-1, max-image-preview:large, max-video-preview:-1\" \/>\n<link rel=\"canonical\" href=\"https:\/\/pagina10.com\/web\/federico-gutierrez-confirmo-su-candidatura-a-la-alcaldia-de-medellin\/\" \/>\n<meta property=\"og:locale\" content=\"es_ES\" \/>\n<meta property=\"og:type\" content=\"article\" \/>\n<meta property=\"og:title\" content=\"Federico Guti\u00e9rrez confirm\u00f3 su candidatura a la Alcald\u00eda de Medell\u00edn | P\u00e1gina10\" \/>\n<meta property=\"og:description\" content=\"Para un segundo periodo, el excandidato presidencial Federico Guti\u00e9rrez anunci\u00f3 su candidatura a la Alcald\u00eda de Medell\u00edn, Guti\u00e9rrez ocup\u00f3 el cargo entre 2016 y 2019. El exalcalde de Medell\u00edn inform\u00f3 su aspiraci\u00f3n por el partido \u2018Creemos\u2019 y busca &#8220;salvar a Medell\u00edn&#8221; del actual gobierno liderado por Daniel Quintero Calle. Aunque se especula sobre sus futuras [&hellip;]\" \/>\n<meta property=\"og:url\" content=\"https:\/\/pagina10.com\/web\/federico-gutierrez-confirmo-su-candidatura-a-la-alcaldia-de-medellin\/\" \/>\n<meta property=\"og:site_name\" content=\"P\u00e1gina10\" \/>\n<meta property=\"article:publisher\" content=\"https:\/\/www.facebook.com\/pag10com\" \/>\n<meta property=\"article:published_time\" content=\"2023-07-05T19:15:17+00:00\" \/>\n<meta property=\"og:image\" content=\"https:\/\/pagina10.com\/web\/wp-content\/uploads\/2023\/07\/federico-gutierrez-es-candidato-pres_42728614_20230703094022.jpg\" \/>\n\t<meta property=\"og:image:width\" content=\"780\" \/>\n\t<meta property=\"og:image:height\" content=\"565\" \/>\n\t<meta property=\"og:image:type\" content=\"image\/jpeg\" \/>\n<meta name=\"author\" content=\"P\u00e1gina 10\" \/>\n<meta name=\"twitter:card\" content=\"summary_large_image\" \/>\n<meta name=\"twitter:creator\" content=\"@Pag10com\" \/>\n<meta name=\"twitter:site\" content=\"@Pag10com\" \/>\n<meta name=\"twitter:label1\" content=\"Escrito por\" \/>\n\t<meta name=\"twitter:data1\" content=\"P\u00e1gina 10\" \/>\n\t<meta name=\"twitter:label2\" content=\"Tiempo de lectura\" \/>\n\t<meta name=\"twitter:data2\" content=\"1 minuto\" \/>\n<script type=\"application\/ld+json\" class=\"yoast-schema-graph\">{\"@context\":\"https:\/\/schema.org\",\"@graph\":[{\"@type\":\"Article\",\"@id\":\"https:\/\/pagina10.com\/web\/federico-gutierrez-confirmo-su-candidatura-a-la-alcaldia-de-medellin\/#article\",\"isPartOf\":{\"@id\":\"https:\/\/pagina10.com\/web\/federico-gutierrez-confirmo-su-candidatura-a-la-alcaldia-de-medellin\/\"},\"author\":{\"name\":\"P\u00e1gina 10\",\"@id\":\"https:\/\/pagina10.com\/web\/#\/schema\/person\/2efc4a090d25b667d3bc796798a3a81b\"},\"headline\":\"Federico Guti\u00e9rrez confirm\u00f3 su candidatura a la Alcald\u00eda de Medell\u00edn\",\"datePublished\":\"2023-07-05T19:15:17+00:00\",\"mainEntityOfPage\":{\"@id\":\"https:\/\/pagina10.com\/web\/federico-gutierrez-confirmo-su-candidatura-a-la-alcaldia-de-medellin\/\"},\"wordCount\":181,\"commentCount\":0,\"publisher\":{\"@id\":\"https:\/\/pagina10.com\/web\/#organization\"},\"image\":{\"@id\":\"https:\/\/pagina10.com\/web\/federico-gutierrez-confirmo-su-candidatura-a-la-alcaldia-de-medellin\/#primaryimage\"},\"thumbnailUrl\":\"https:\/\/pagina10.com\/web\/wp-content\/uploads\/2023\/07\/federico-gutierrez-es-candidato-pres_42728614_20230703094022.jpg\",\"articleSection\":[\"Nacional\"],\"inLanguage\":\"es\",\"potentialAction\":[{\"@type\":\"CommentAction\",\"name\":\"Comment\",\"target\":[\"https:\/\/pagina10.com\/web\/federico-gutierrez-confirmo-su-candidatura-a-la-alcaldia-de-medellin\/#respond\"]}]},{\"@type\":\"WebPage\",\"@id\":\"https:\/\/pagina10.com\/web\/federico-gutierrez-confirmo-su-candidatura-a-la-alcaldia-de-medellin\/\",\"url\":\"https:\/\/pagina10.com\/web\/federico-gutierrez-confirmo-su-candidatura-a-la-alcaldia-de-medellin\/\",\"name\":\"Federico Guti\u00e9rrez confirm\u00f3 su candidatura a la Alcald\u00eda de Medell\u00edn | P\u00e1gina10\",\"isPartOf\":{\"@id\":\"https:\/\/pagina10.com\/web\/#website\"},\"primaryImageOfPage\":{\"@id\":\"https:\/\/pagina10.com\/web\/federico-gutierrez-confirmo-su-candidatura-a-la-alcaldia-de-medellin\/#primaryimage\"},\"image\":{\"@id\":\"https:\/\/pagina10.com\/web\/federico-gutierrez-confirmo-su-candidatura-a-la-alcaldia-de-medellin\/#primaryimage\"},\"thumbnailUrl\":\"https:\/\/pagina10.com\/web\/wp-content\/uploads\/2023\/07\/federico-gutierrez-es-candidato-pres_42728614_20230703094022.jpg\",\"datePublished\":\"2023-07-05T19:15:17+00:00\",\"breadcrumb\":{\"@id\":\"https:\/\/pagina10.com\/web\/federico-gutierrez-confirmo-su-candidatura-a-la-alcaldia-de-medellin\/#breadcrumb\"},\"inLanguage\":\"es\",\"potentialAction\":[{\"@type\":\"ReadAction\",\"target\":[\"https:\/\/pagina10.com\/web\/federico-gutierrez-confirmo-su-candidatura-a-la-alcaldia-de-medellin\/\"]}]},{\"@type\":\"ImageObject\",\"inLanguage\":\"es\",\"@id\":\"https:\/\/pagina10.com\/web\/federico-gutierrez-confirmo-su-candidatura-a-la-alcaldia-de-medellin\/#primaryimage\",\"url\":\"https:\/\/pagina10.com\/web\/wp-content\/uploads\/2023\/07\/federico-gutierrez-es-candidato-pres_42728614_20230703094022.jpg\",\"contentUrl\":\"https:\/\/pagina10.com\/web\/wp-content\/uploads\/2023\/07\/federico-gutierrez-es-candidato-pres_42728614_20230703094022.jpg\",\"width\":780,\"height\":565},{\"@type\":\"BreadcrumbList\",\"@id\":\"https:\/\/pagina10.com\/web\/federico-gutierrez-confirmo-su-candidatura-a-la-alcaldia-de-medellin\/#breadcrumb\",\"itemListElement\":[{\"@type\":\"ListItem\",\"position\":1,\"name\":\"Portada\",\"item\":\"https:\/\/pagina10.com\/web\/\"},{\"@type\":\"ListItem\",\"position\":2,\"name\":\"Federico Guti\u00e9rrez confirm\u00f3 su candidatura a la Alcald\u00eda de Medell\u00edn\"}]},{\"@type\":\"WebSite\",\"@id\":\"https:\/\/pagina10.com\/web\/#website\",\"url\":\"https:\/\/pagina10.com\/web\/\",\"name\":\"P\u00e1gina10\",\"description\":\"Peri\u00f3dico Regional\",\"publisher\":{\"@id\":\"https:\/\/pagina10.com\/web\/#organization\"},\"alternateName\":\"P\u00e1gina10 Peri\u00f3dico Regional\",\"potentialAction\":[{\"@type\":\"SearchAction\",\"target\":{\"@type\":\"EntryPoint\",\"urlTemplate\":\"https:\/\/pagina10.com\/web\/?s={search_term_string}\"},\"query-input\":{\"@type\":\"PropertyValueSpecification\",\"valueRequired\":true,\"valueName\":\"search_term_string\"}}],\"inLanguage\":\"es\"},{\"@type\":\"Organization\",\"@id\":\"https:\/\/pagina10.com\/web\/#organization\",\"name\":\"P\u00e1gina10\",\"alternateName\":\"P\u00e1gina10 Peri\u00f3dico Regional\",\"url\":\"https:\/\/pagina10.com\/web\/\",\"logo\":{\"@type\":\"ImageObject\",\"inLanguage\":\"es\",\"@id\":\"https:\/\/pagina10.com\/web\/#\/schema\/logo\/image\/\",\"url\":\"https:\/\/pagina10.com\/web\/wp-content\/uploads\/2024\/01\/40-pagina-10-periodico-regional-pasto.jpg\",\"contentUrl\":\"https:\/\/pagina10.com\/web\/wp-content\/uploads\/2024\/01\/40-pagina-10-periodico-regional-pasto.jpg\",\"width\":1280,\"height\":720,\"caption\":\"P\u00e1gina10\"},\"image\":{\"@id\":\"https:\/\/pagina10.com\/web\/#\/schema\/logo\/image\/\"},\"sameAs\":[\"https:\/\/www.facebook.com\/pag10com\",\"https:\/\/x.com\/Pag10com\",\"https:\/\/www.instagram.com\/pagina10col\/\",\"https:\/\/youtube.com\/channel\/pag10\",\"https:\/\/www.tiktok.com\/@p10col\"]},{\"@type\":\"Person\",\"@id\":\"https:\/\/pagina10.com\/web\/#\/schema\/person\/2efc4a090d25b667d3bc796798a3a81b\",\"name\":\"P\u00e1gina 10\",\"description\":\"P\u00e1gina 10 es un peri\u00f3dico regional que nace en Colombia, en el departamento de Nari\u00f1o, con un enfoque global, fundamentado en cuatro pilares esenciales: la libertad, el pluralismo, la inclusi\u00f3n y la independencia. P\u00e1gina 10 hace referencia a Nari\u00f1o como el d\u00e9cimo departamento creado en Colombia, despu\u00e9s de un proceso pol\u00edtico liderado por actores y actrices regionales con el fin de obtener la independencia y autonom\u00eda de nuestros territorios. Con la creaci\u00f3n de P\u00e1gina 10 se pretende abrir un escenario para el dialogo, la reflexi\u00f3n y el debate que se extienda a otras geograf\u00edas de Am\u00e9rica Latina y del planeta, en una apuesta por transformar colectivamente los desaf\u00edos de un mundo contempor\u00e1neo, m\u00e1s all\u00e1 de las fronteras impuestas.\",\"url\":\"https:\/\/pagina10.com\/web\/author\/pdiezadmin\/\"}]}<\/script>\n<!-- \/ Yoast SEO plugin. -->","yoast_head_json":{"title":"Federico Guti\u00e9rrez confirm\u00f3 su candidatura a la Alcald\u00eda de Medell\u00edn | P\u00e1gina10","robots":{"index":"index","follow":"follow","max-snippet":"max-snippet:-1","max-image-preview":"max-image-preview:large","max-video-preview":"max-video-preview:-1"},"canonical":"https:\/\/pagina10.com\/web\/federico-gutierrez-confirmo-su-candidatura-a-la-alcaldia-de-medellin\/","og_locale":"es_ES","og_type":"article","og_title":"Federico Guti\u00e9rrez confirm\u00f3 su candidatura a la Alcald\u00eda de Medell\u00edn | P\u00e1gina10","og_description":"Para un segundo periodo, el excandidato presidencial Federico Guti\u00e9rrez anunci\u00f3 su candidatura a la Alcald\u00eda de Medell\u00edn, Guti\u00e9rrez ocup\u00f3 el cargo entre 2016 y 2019. El exalcalde de Medell\u00edn inform\u00f3 su aspiraci\u00f3n por el partido \u2018Creemos\u2019 y busca &#8220;salvar a Medell\u00edn&#8221; del actual gobierno liderado por Daniel Quintero Calle. Aunque se especula sobre sus futuras [&hellip;]","og_url":"https:\/\/pagina10.com\/web\/federico-gutierrez-confirmo-su-candidatura-a-la-alcaldia-de-medellin\/","og_site_name":"P\u00e1gina10","article_publisher":"https:\/\/www.facebook.com\/pag10com","article_published_time":"2023-07-05T19:15:17+00:00","og_image":[{"width":780,"height":565,"url":"https:\/\/pagina10.com\/web\/wp-content\/uploads\/2023\/07\/federico-gutierrez-es-candidato-pres_42728614_20230703094022.jpg","type":"image\/jpeg"}],"author":"P\u00e1gina 10","twitter_card":"summary_large_image","twitter_creator":"@Pag10com","twitter_site":"@Pag10com","twitter_misc":{"Escrito por":"P\u00e1gina 10","Tiempo de lectura":"1 minuto"},"schema":{"@context":"https:\/\/schema.org","@graph":[{"@type":"Article","@id":"https:\/\/pagina10.com\/web\/federico-gutierrez-confirmo-su-candidatura-a-la-alcaldia-de-medellin\/#article","isPartOf":{"@id":"https:\/\/pagina10.com\/web\/federico-gutierrez-confirmo-su-candidatura-a-la-alcaldia-de-medellin\/"},"author":{"name":"P\u00e1gina 10","@id":"https:\/\/pagina10.com\/web\/#\/schema\/person\/2efc4a090d25b667d3bc796798a3a81b"},"headline":"Federico Guti\u00e9rrez confirm\u00f3 su candidatura a la Alcald\u00eda de Medell\u00edn","datePublished":"2023-07-05T19:15:17+00:00","mainEntityOfPage":{"@id":"https:\/\/pagina10.com\/web\/federico-gutierrez-confirmo-su-candidatura-a-la-alcaldia-de-medellin\/"},"wordCount":181,"commentCount":0,"publisher":{"@id":"https:\/\/pagina10.com\/web\/#organization"},"image":{"@id":"https:\/\/pagina10.com\/web\/federico-gutierrez-confirmo-su-candidatura-a-la-alcaldia-de-medellin\/#primaryimage"},"thumbnailUrl":"https:\/\/pagina10.com\/web\/wp-content\/uploads\/2023\/07\/federico-gutierrez-es-candidato-pres_42728614_20230703094022.jpg","articleSection":["Nacional"],"inLanguage":"es","potentialAction":[{"@type":"CommentAction","name":"Comment","target":["https:\/\/pagina10.com\/web\/federico-gutierrez-confirmo-su-candidatura-a-la-alcaldia-de-medellin\/#respond"]}]},{"@type":"WebPage","@id":"https:\/\/pagina10.com\/web\/federico-gutierrez-confirmo-su-candidatura-a-la-alcaldia-de-medellin\/","url":"https:\/\/pagina10.com\/web\/federico-gutierrez-confirmo-su-candidatura-a-la-alcaldia-de-medellin\/","name":"Federico Guti\u00e9rrez confirm\u00f3 su candidatura a la Alcald\u00eda de Medell\u00edn | P\u00e1gina10","isPartOf":{"@id":"https:\/\/pagina10.com\/web\/#website"},"primaryImageOfPage":{"@id":"https:\/\/pagina10.com\/web\/federico-gutierrez-confirmo-su-candidatura-a-la-alcaldia-de-medellin\/#primaryimage"},"image":{"@id":"https:\/\/pagina10.com\/web\/federico-gutierrez-confirmo-su-candidatura-a-la-alcaldia-de-medellin\/#primaryimage"},"thumbnailUrl":"https:\/\/pagina10.com\/web\/wp-content\/uploads\/2023\/07\/federico-gutierrez-es-candidato-pres_42728614_20230703094022.jpg","datePublished":"2023-07-05T19:15:17+00:00","breadcrumb":{"@id":"https:\/\/pagina10.com\/web\/federico-gutierrez-confirmo-su-candidatura-a-la-alcaldia-de-medellin\/#breadcrumb"},"inLanguage":"es","potentialAction":[{"@type":"ReadAction","target":["https:\/\/pagina10.com\/web\/federico-gutierrez-confirmo-su-candidatura-a-la-alcaldia-de-medellin\/"]}]},{"@type":"ImageObject","inLanguage":"es","@id":"https:\/\/pagina10.com\/web\/federico-gutierrez-confirmo-su-candidatura-a-la-alcaldia-de-medellin\/#primaryimage","url":"https:\/\/pagina10.com\/web\/wp-content\/uploads\/2023\/07\/federico-gutierrez-es-candidato-pres_42728614_20230703094022.jpg","contentUrl":"https:\/\/pagina10.com\/web\/wp-content\/uploads\/2023\/07\/federico-gutierrez-es-candidato-pres_42728614_20230703094022.jpg","width":780,"height":565},{"@type":"BreadcrumbList","@id":"https:\/\/pagina10.com\/web\/federico-gutierrez-confirmo-su-candidatura-a-la-alcaldia-de-medellin\/#breadcrumb","itemListElement":[{"@type":"ListItem","position":1,"name":"Portada","item":"https:\/\/pagina10.com\/web\/"},{"@type":"ListItem","position":2,"name":"Federico Guti\u00e9rrez confirm\u00f3 su candidatura a la Alcald\u00eda de Medell\u00edn"}]},{"@type":"WebSite","@id":"https:\/\/pagina10.com\/web\/#website","url":"https:\/\/pagina10.com\/web\/","name":"P\u00e1gina10","description":"Peri\u00f3dico Regional","publisher":{"@id":"https:\/\/pagina10.com\/web\/#organization"},"alternateName":"P\u00e1gina10 Peri\u00f3dico Regional","potentialAction":[{"@type":"SearchAction","target":{"@type":"EntryPoint","urlTemplate":"https:\/\/pagina10.com\/web\/?s={search_term_string}"},"query-input":{"@type":"PropertyValueSpecification","valueRequired":true,"valueName":"search_term_string"}}],"inLanguage":"es"},{"@type":"Organization","@id":"https:\/\/pagina10.com\/web\/#organization","name":"P\u00e1gina10","alternateName":"P\u00e1gina10 Peri\u00f3dico Regional","url":"https:\/\/pagina10.com\/web\/","logo":{"@type":"ImageObject","inLanguage":"es","@id":"https:\/\/pagina10.com\/web\/#\/schema\/logo\/image\/","url":"https:\/\/pagina10.com\/web\/wp-content\/uploads\/2024\/01\/40-pagina-10-periodico-regional-pasto.jpg","contentUrl":"https:\/\/pagina10.com\/web\/wp-content\/uploads\/2024\/01\/40-pagina-10-periodico-regional-pasto.jpg","width":1280,"height":720,"caption":"P\u00e1gina10"},"image":{"@id":"https:\/\/pagina10.com\/web\/#\/schema\/logo\/image\/"},"sameAs":["https:\/\/www.facebook.com\/pag10com","https:\/\/x.com\/Pag10com","https:\/\/www.instagram.com\/pagina10col\/","https:\/\/youtube.com\/channel\/pag10","https:\/\/www.tiktok.com\/@p10col"]},{"@type":"Person","@id":"https:\/\/pagina10.com\/web\/#\/schema\/person\/2efc4a090d25b667d3bc796798a3a81b","name":"P\u00e1gina 10","description":"P\u00e1gina 10 es un peri\u00f3dico regional que nace en Colombia, en el departamento de Nari\u00f1o, con un enfoque global, fundamentado en cuatro pilares esenciales: la libertad, el pluralismo, la inclusi\u00f3n y la independencia. P\u00e1gina 10 hace referencia a Nari\u00f1o como el d\u00e9cimo departamento creado en Colombia, despu\u00e9s de un proceso pol\u00edtico liderado por actores y actrices regionales con el fin de obtener la independencia y autonom\u00eda de nuestros territorios. Con la creaci\u00f3n de P\u00e1gina 10 se pretende abrir un escenario para el dialogo, la reflexi\u00f3n y el debate que se extienda a otras geograf\u00edas de Am\u00e9rica Latina y del planeta, en una apuesta por transformar colectivamente los desaf\u00edos de un mundo contempor\u00e1neo, m\u00e1s all\u00e1 de las fronteras impuestas.","url":"https:\/\/pagina10.com\/web\/author\/pdiezadmin\/"}]}},"_links":{"self":[{"href":"https:\/\/pagina10.com\/web\/wp-json\/wp\/v2\/posts\/67227","targetHints":{"allow":["GET"]}}],"collection":[{"href":"https:\/\/pagina10.com\/web\/wp-json\/wp\/v2\/posts"}],"about":[{"href":"https:\/\/pagina10.com\/web\/wp-json\/wp\/v2\/types\/post"}],"author":[{"embeddable":true,"href":"https:\/\/pagina10.com\/web\/wp-json\/wp\/v2\/users\/1"}],"replies":[{"embeddable":true,"href":"https:\/\/pagina10.com\/web\/wp-json\/wp\/v2\/comments?post=67227"}],"version-history":[{"count":1,"href":"https:\/\/pagina10.com\/web\/wp-json\/wp\/v2\/posts\/67227\/revisions"}],"predecessor-version":[{"id":67229,"href":"https:\/\/pagina10.com\/web\/wp-json\/wp\/v2\/posts\/67227\/revisions\/67229"}],"wp:featuredmedia":[{"embeddable":true,"href":"https:\/\/pagina10.com\/web\/wp-json\/wp\/v2\/media\/67228"}],"wp:attachment":[{"href":"https:\/\/pagina10.com\/web\/wp-json\/wp\/v2\/media?parent=67227"}],"wp:term":[{"taxonomy":"category","embeddable":true,"href":"https:\/\/pagina10.com\/web\/wp-json\/wp\/v2\/categories?post=67227"},{"taxonomy":"post_tag","embeddable":true,"href":"https:\/\/pagina10.com\/web\/wp-json\/wp\/v2\/tags?post=67227"}],"curies":[{"name":"wp","href":"https:\/\/api.w.org\/{rel}","templated":true}]}}