{"id":6723,"date":"2014-02-18T14:46:11","date_gmt":"2014-02-18T14:46:11","guid":{"rendered":"https:\/\/pagina10.com\/web\/cancelan-concierto-de-marc-anthony-en-pasto\/"},"modified":"2014-02-18T14:46:11","modified_gmt":"2014-02-18T14:46:11","slug":"cancelan-concierto-de-marc-anthony-en-pasto","status":"publish","type":"post","link":"https:\/\/pagina10.com\/web\/cancelan-concierto-de-marc-anthony-en-pasto\/","title":{"rendered":"Cancelan concierto de Marc Anthony en Pasto"},"content":{"rendered":"<p><img fetchpriority=\"high\" decoding=\"async\" class=\" size-full wp-image-6722\" src=\"https:\/\/pagina10.com\/web\/wp-content\/uploads\/2014\/02\/eb937536177509b186063157a9cc2ec6.jpg\" alt=\"\" width=\"700\" height=\"320\" srcset=\"https:\/\/pagina10.com\/web\/wp-content\/uploads\/2014\/02\/eb937536177509b186063157a9cc2ec6.jpg 700w, https:\/\/pagina10.com\/web\/wp-content\/uploads\/2014\/02\/eb937536177509b186063157a9cc2ec6-300x137.jpg 300w\" sizes=\"(max-width: 700px) 100vw, 700px\" \/><\/p>\n<p style=\"text-align: justify;\">El periodico digital P\u00e1gina10.com puede confirmar la cancelaci\u00f3n del concierto Marc Anthony en Pasto por parte de&nbsp;Maxiboletos, empresa encargada de la venta de boletas. Adem\u00e1s podemos confirmar que desde que inici\u00f3 la promoci\u00f3n de este evento, en la p\u00e1gina oficial del cantante jamas se confirm\u00f3 el 15 de agosto como fecha para concierto en Pasto, dentro de su gira 2014.&nbsp;<\/p>\n<p>&nbsp;<\/p>\n<p style=\"text-align: justify;\">En las \u00faltimas horas el secretario de Gobierno de la Alcald\u00eda de Pasto Gustavo N\u00fa\u00f1ez Guerrero, asegur\u00f3 que a la fecha ning\u00fan empresario de espect\u00e1culos hab\u00eda solicitado permiso alguno ante las entidades oficiales para la realizaci\u00f3n del concierto con el cantante Marc Anthony y precis\u00f3 que la comunidad debe estar atenta al anuncio de la venta de las boletas ya que podr\u00eda constituirse en una estafa contra los habitantes de Pasto y Nari\u00f1o.<\/p>\n<p>El funcionario record\u00f3 que la Administraci\u00f3n Municipal jam\u00e1s se ha opuesto a la realizaci\u00f3n de eventos como este, pero advirti\u00f3 que se deben presentar todos los documentos necesarios antes de iniciar la venta de boletas para evitar que las personas sean enga\u00f1adas. \u201cSe investiga la veracidad de dicho concierto y estamos seguros que si se solicitan con la debida anticipaci\u00f3n las licencias, la alcald\u00eda har\u00e1 lo correspondiente\u201d, manifest\u00f3 N\u00fa\u00f1ez Guerrero, quien insisti\u00f3 que los anuncios por las redes sociales no constituyen que este evento sea una realidad en la ciudad.<\/p>\n<p style=\"text-align: justify;\"><span style=\"text-align: justify;\" data-mce-mark=\"1\">&nbsp;<\/span><\/p>\n<p style=\"text-align: justify;\">Pagina10.com, se une a las recomendaciones de las entidades oficiales, para que las personas tengan mucho cuidado al momento de realizar sus compras para este tipo de eventos en la ciudad y que se informen con anterioridad en las p\u00e1ginas ofiiales de los artistas en los que se encuentran publicadas las giras de conciertos.&nbsp;<\/p>\n<p style=\"text-align: justify;\">&nbsp;<\/p>\n","protected":false},"excerpt":{"rendered":"<p>El periodico digital P\u00e1gina10.com puede confirmar la cancelaci\u00f3n del concierto Marc Anthony en Pasto por parte de&nbsp;Maxiboletos, empresa encargada de la venta de boletas. Adem\u00e1s podemos confirmar que desde que inici\u00f3 la promoci\u00f3n de este evento, en la p\u00e1gina oficial del cantante jamas se confirm\u00f3 el 15 de agosto como fecha para concierto en Pasto, [&hellip;]<\/p>\n","protected":false},"author":29,"featured_media":6722,"comment_status":"open","ping_status":"open","sticky":false,"template":"","format":"standard","meta":{"footnotes":""},"categories":[82],"tags":[],"class_list":["post-6723","post","type-post","status-publish","format-standard","has-post-thumbnail","hentry","category-ciudad-2"],"yoast_head":"<!-- This site is optimized with the Yoast SEO plugin v27.1.1 - https:\/\/yoast.com\/product\/yoast-seo-wordpress\/ -->\n<title>Cancelan concierto de Marc Anthony en Pasto | P\u00e1gina10<\/title>\n<meta name=\"robots\" content=\"index, follow, max-snippet:-1, max-image-preview:large, max-video-preview:-1\" \/>\n<link rel=\"canonical\" href=\"https:\/\/pagina10.com\/web\/cancelan-concierto-de-marc-anthony-en-pasto\/\" \/>\n<meta property=\"og:locale\" content=\"es_ES\" \/>\n<meta property=\"og:type\" content=\"article\" \/>\n<meta property=\"og:title\" content=\"Cancelan concierto de Marc Anthony en Pasto | P\u00e1gina10\" \/>\n<meta property=\"og:description\" content=\"El periodico digital P\u00e1gina10.com puede confirmar la cancelaci\u00f3n del concierto Marc Anthony en Pasto por parte de&nbsp;Maxiboletos, empresa encargada de la venta de boletas. Adem\u00e1s podemos confirmar que desde que inici\u00f3 la promoci\u00f3n de este evento, en la p\u00e1gina oficial del cantante jamas se confirm\u00f3 el 15 de agosto como fecha para concierto en Pasto, [&hellip;]\" \/>\n<meta property=\"og:url\" content=\"https:\/\/pagina10.com\/web\/cancelan-concierto-de-marc-anthony-en-pasto\/\" \/>\n<meta property=\"og:site_name\" content=\"P\u00e1gina10\" \/>\n<meta property=\"article:publisher\" content=\"https:\/\/www.facebook.com\/pag10com\" \/>\n<meta property=\"article:published_time\" content=\"2014-02-18T14:46:11+00:00\" \/>\n<meta property=\"og:image\" content=\"https:\/\/pagina10.com\/web\/wp-content\/uploads\/2014\/02\/eb937536177509b186063157a9cc2ec6.jpg\" \/>\n\t<meta property=\"og:image:width\" content=\"700\" \/>\n\t<meta property=\"og:image:height\" content=\"320\" \/>\n\t<meta property=\"og:image:type\" content=\"image\/jpeg\" \/>\n<meta name=\"author\" content=\"P\u00e1gina 10\" \/>\n<meta name=\"twitter:card\" content=\"summary_large_image\" \/>\n<meta name=\"twitter:creator\" content=\"@Pag10com\" \/>\n<meta name=\"twitter:site\" content=\"@Pag10com\" \/>\n<meta name=\"twitter:label1\" content=\"Escrito por\" \/>\n\t<meta name=\"twitter:data1\" content=\"P\u00e1gina 10\" \/>\n\t<meta name=\"twitter:label2\" content=\"Tiempo de lectura\" \/>\n\t<meta name=\"twitter:data2\" content=\"2 minutos\" \/>\n<script type=\"application\/ld+json\" class=\"yoast-schema-graph\">{\"@context\":\"https:\/\/schema.org\",\"@graph\":[{\"@type\":\"Article\",\"@id\":\"https:\/\/pagina10.com\/web\/cancelan-concierto-de-marc-anthony-en-pasto\/#article\",\"isPartOf\":{\"@id\":\"https:\/\/pagina10.com\/web\/cancelan-concierto-de-marc-anthony-en-pasto\/\"},\"author\":{\"name\":\"P\u00e1gina 10\",\"@id\":\"https:\/\/pagina10.com\/web\/#\/schema\/person\/a7a5d38f0629dfc107f619fbae4f6cc3\"},\"headline\":\"Cancelan concierto de Marc Anthony en Pasto\",\"datePublished\":\"2014-02-18T14:46:11+00:00\",\"mainEntityOfPage\":{\"@id\":\"https:\/\/pagina10.com\/web\/cancelan-concierto-de-marc-anthony-en-pasto\/\"},\"wordCount\":312,\"commentCount\":0,\"publisher\":{\"@id\":\"https:\/\/pagina10.com\/web\/#organization\"},\"image\":{\"@id\":\"https:\/\/pagina10.com\/web\/cancelan-concierto-de-marc-anthony-en-pasto\/#primaryimage\"},\"thumbnailUrl\":\"https:\/\/pagina10.com\/web\/wp-content\/uploads\/2014\/02\/eb937536177509b186063157a9cc2ec6.jpg\",\"articleSection\":[\"Ciudad\"],\"inLanguage\":\"es\",\"potentialAction\":[{\"@type\":\"CommentAction\",\"name\":\"Comment\",\"target\":[\"https:\/\/pagina10.com\/web\/cancelan-concierto-de-marc-anthony-en-pasto\/#respond\"]}]},{\"@type\":\"WebPage\",\"@id\":\"https:\/\/pagina10.com\/web\/cancelan-concierto-de-marc-anthony-en-pasto\/\",\"url\":\"https:\/\/pagina10.com\/web\/cancelan-concierto-de-marc-anthony-en-pasto\/\",\"name\":\"Cancelan concierto de Marc Anthony en Pasto | P\u00e1gina10\",\"isPartOf\":{\"@id\":\"https:\/\/pagina10.com\/web\/#website\"},\"primaryImageOfPage\":{\"@id\":\"https:\/\/pagina10.com\/web\/cancelan-concierto-de-marc-anthony-en-pasto\/#primaryimage\"},\"image\":{\"@id\":\"https:\/\/pagina10.com\/web\/cancelan-concierto-de-marc-anthony-en-pasto\/#primaryimage\"},\"thumbnailUrl\":\"https:\/\/pagina10.com\/web\/wp-content\/uploads\/2014\/02\/eb937536177509b186063157a9cc2ec6.jpg\",\"datePublished\":\"2014-02-18T14:46:11+00:00\",\"breadcrumb\":{\"@id\":\"https:\/\/pagina10.com\/web\/cancelan-concierto-de-marc-anthony-en-pasto\/#breadcrumb\"},\"inLanguage\":\"es\",\"potentialAction\":[{\"@type\":\"ReadAction\",\"target\":[\"https:\/\/pagina10.com\/web\/cancelan-concierto-de-marc-anthony-en-pasto\/\"]}]},{\"@type\":\"ImageObject\",\"inLanguage\":\"es\",\"@id\":\"https:\/\/pagina10.com\/web\/cancelan-concierto-de-marc-anthony-en-pasto\/#primaryimage\",\"url\":\"https:\/\/pagina10.com\/web\/wp-content\/uploads\/2014\/02\/eb937536177509b186063157a9cc2ec6.jpg\",\"contentUrl\":\"https:\/\/pagina10.com\/web\/wp-content\/uploads\/2014\/02\/eb937536177509b186063157a9cc2ec6.jpg\",\"width\":700,\"height\":320},{\"@type\":\"BreadcrumbList\",\"@id\":\"https:\/\/pagina10.com\/web\/cancelan-concierto-de-marc-anthony-en-pasto\/#breadcrumb\",\"itemListElement\":[{\"@type\":\"ListItem\",\"position\":1,\"name\":\"Portada\",\"item\":\"https:\/\/pagina10.com\/web\/\"},{\"@type\":\"ListItem\",\"position\":2,\"name\":\"Cancelan concierto de Marc Anthony en Pasto\"}]},{\"@type\":\"WebSite\",\"@id\":\"https:\/\/pagina10.com\/web\/#website\",\"url\":\"https:\/\/pagina10.com\/web\/\",\"name\":\"P\u00e1gina10\",\"description\":\"Peri\u00f3dico Regional\",\"publisher\":{\"@id\":\"https:\/\/pagina10.com\/web\/#organization\"},\"alternateName\":\"P\u00e1gina10 Peri\u00f3dico Regional\",\"potentialAction\":[{\"@type\":\"SearchAction\",\"target\":{\"@type\":\"EntryPoint\",\"urlTemplate\":\"https:\/\/pagina10.com\/web\/?s={search_term_string}\"},\"query-input\":{\"@type\":\"PropertyValueSpecification\",\"valueRequired\":true,\"valueName\":\"search_term_string\"}}],\"inLanguage\":\"es\"},{\"@type\":\"Organization\",\"@id\":\"https:\/\/pagina10.com\/web\/#organization\",\"name\":\"P\u00e1gina10\",\"alternateName\":\"P\u00e1gina10 Peri\u00f3dico Regional\",\"url\":\"https:\/\/pagina10.com\/web\/\",\"logo\":{\"@type\":\"ImageObject\",\"inLanguage\":\"es\",\"@id\":\"https:\/\/pagina10.com\/web\/#\/schema\/logo\/image\/\",\"url\":\"https:\/\/pagina10.com\/web\/wp-content\/uploads\/2024\/01\/40-pagina-10-periodico-regional-pasto.jpg\",\"contentUrl\":\"https:\/\/pagina10.com\/web\/wp-content\/uploads\/2024\/01\/40-pagina-10-periodico-regional-pasto.jpg\",\"width\":1280,\"height\":720,\"caption\":\"P\u00e1gina10\"},\"image\":{\"@id\":\"https:\/\/pagina10.com\/web\/#\/schema\/logo\/image\/\"},\"sameAs\":[\"https:\/\/www.facebook.com\/pag10com\",\"https:\/\/x.com\/Pag10com\",\"https:\/\/www.instagram.com\/pagina10col\/\",\"https:\/\/youtube.com\/channel\/pag10\",\"https:\/\/www.tiktok.com\/@p10col\"]},{\"@type\":\"Person\",\"@id\":\"https:\/\/pagina10.com\/web\/#\/schema\/person\/a7a5d38f0629dfc107f619fbae4f6cc3\",\"name\":\"P\u00e1gina 10\",\"description\":\"P\u00e1gina10.com es un peri\u00f3dico digital que nace en Colombia, en el departamento de Nari\u00f1o, con un enfoque global, fundamentado en cuatro pilares esenciales: la libertad, el pluralismo, la inclusi\u00f3n y la independencia. P\u00e1gina10.com hace referencia a Nari\u00f1o como el d\u00e9cimo departamento creado en Colombia, despu\u00e9s de un proceso pol\u00edtico liderado por actores y actrices regionales con el fin de obtener la independencia y autonom\u00eda de nuestros territorios. Con la creaci\u00f3n de P\u00e1gina10.com se pretende abrir un escenario para el dialogo, la reflexi\u00f3n y el debate que se extienda a otras geograf\u00edas de Am\u00e9rica Latina y del planeta, en una apuesta por transformar colectivamente los desaf\u00edos de un mundo contempor\u00e1neo, m\u00e1s all\u00e1 de las fronteras impuestas.\",\"url\":\"https:\/\/pagina10.com\/web\/author\/mcepeda\/\"}]}<\/script>\n<!-- \/ Yoast SEO plugin. -->","yoast_head_json":{"title":"Cancelan concierto de Marc Anthony en Pasto | P\u00e1gina10","robots":{"index":"index","follow":"follow","max-snippet":"max-snippet:-1","max-image-preview":"max-image-preview:large","max-video-preview":"max-video-preview:-1"},"canonical":"https:\/\/pagina10.com\/web\/cancelan-concierto-de-marc-anthony-en-pasto\/","og_locale":"es_ES","og_type":"article","og_title":"Cancelan concierto de Marc Anthony en Pasto | P\u00e1gina10","og_description":"El periodico digital P\u00e1gina10.com puede confirmar la cancelaci\u00f3n del concierto Marc Anthony en Pasto por parte de&nbsp;Maxiboletos, empresa encargada de la venta de boletas. Adem\u00e1s podemos confirmar que desde que inici\u00f3 la promoci\u00f3n de este evento, en la p\u00e1gina oficial del cantante jamas se confirm\u00f3 el 15 de agosto como fecha para concierto en Pasto, [&hellip;]","og_url":"https:\/\/pagina10.com\/web\/cancelan-concierto-de-marc-anthony-en-pasto\/","og_site_name":"P\u00e1gina10","article_publisher":"https:\/\/www.facebook.com\/pag10com","article_published_time":"2014-02-18T14:46:11+00:00","og_image":[{"width":700,"height":320,"url":"https:\/\/pagina10.com\/web\/wp-content\/uploads\/2014\/02\/eb937536177509b186063157a9cc2ec6.jpg","type":"image\/jpeg"}],"author":"P\u00e1gina 10","twitter_card":"summary_large_image","twitter_creator":"@Pag10com","twitter_site":"@Pag10com","twitter_misc":{"Escrito por":"P\u00e1gina 10","Tiempo de lectura":"2 minutos"},"schema":{"@context":"https:\/\/schema.org","@graph":[{"@type":"Article","@id":"https:\/\/pagina10.com\/web\/cancelan-concierto-de-marc-anthony-en-pasto\/#article","isPartOf":{"@id":"https:\/\/pagina10.com\/web\/cancelan-concierto-de-marc-anthony-en-pasto\/"},"author":{"name":"P\u00e1gina 10","@id":"https:\/\/pagina10.com\/web\/#\/schema\/person\/a7a5d38f0629dfc107f619fbae4f6cc3"},"headline":"Cancelan concierto de Marc Anthony en Pasto","datePublished":"2014-02-18T14:46:11+00:00","mainEntityOfPage":{"@id":"https:\/\/pagina10.com\/web\/cancelan-concierto-de-marc-anthony-en-pasto\/"},"wordCount":312,"commentCount":0,"publisher":{"@id":"https:\/\/pagina10.com\/web\/#organization"},"image":{"@id":"https:\/\/pagina10.com\/web\/cancelan-concierto-de-marc-anthony-en-pasto\/#primaryimage"},"thumbnailUrl":"https:\/\/pagina10.com\/web\/wp-content\/uploads\/2014\/02\/eb937536177509b186063157a9cc2ec6.jpg","articleSection":["Ciudad"],"inLanguage":"es","potentialAction":[{"@type":"CommentAction","name":"Comment","target":["https:\/\/pagina10.com\/web\/cancelan-concierto-de-marc-anthony-en-pasto\/#respond"]}]},{"@type":"WebPage","@id":"https:\/\/pagina10.com\/web\/cancelan-concierto-de-marc-anthony-en-pasto\/","url":"https:\/\/pagina10.com\/web\/cancelan-concierto-de-marc-anthony-en-pasto\/","name":"Cancelan concierto de Marc Anthony en Pasto | P\u00e1gina10","isPartOf":{"@id":"https:\/\/pagina10.com\/web\/#website"},"primaryImageOfPage":{"@id":"https:\/\/pagina10.com\/web\/cancelan-concierto-de-marc-anthony-en-pasto\/#primaryimage"},"image":{"@id":"https:\/\/pagina10.com\/web\/cancelan-concierto-de-marc-anthony-en-pasto\/#primaryimage"},"thumbnailUrl":"https:\/\/pagina10.com\/web\/wp-content\/uploads\/2014\/02\/eb937536177509b186063157a9cc2ec6.jpg","datePublished":"2014-02-18T14:46:11+00:00","breadcrumb":{"@id":"https:\/\/pagina10.com\/web\/cancelan-concierto-de-marc-anthony-en-pasto\/#breadcrumb"},"inLanguage":"es","potentialAction":[{"@type":"ReadAction","target":["https:\/\/pagina10.com\/web\/cancelan-concierto-de-marc-anthony-en-pasto\/"]}]},{"@type":"ImageObject","inLanguage":"es","@id":"https:\/\/pagina10.com\/web\/cancelan-concierto-de-marc-anthony-en-pasto\/#primaryimage","url":"https:\/\/pagina10.com\/web\/wp-content\/uploads\/2014\/02\/eb937536177509b186063157a9cc2ec6.jpg","contentUrl":"https:\/\/pagina10.com\/web\/wp-content\/uploads\/2014\/02\/eb937536177509b186063157a9cc2ec6.jpg","width":700,"height":320},{"@type":"BreadcrumbList","@id":"https:\/\/pagina10.com\/web\/cancelan-concierto-de-marc-anthony-en-pasto\/#breadcrumb","itemListElement":[{"@type":"ListItem","position":1,"name":"Portada","item":"https:\/\/pagina10.com\/web\/"},{"@type":"ListItem","position":2,"name":"Cancelan concierto de Marc Anthony en Pasto"}]},{"@type":"WebSite","@id":"https:\/\/pagina10.com\/web\/#website","url":"https:\/\/pagina10.com\/web\/","name":"P\u00e1gina10","description":"Peri\u00f3dico Regional","publisher":{"@id":"https:\/\/pagina10.com\/web\/#organization"},"alternateName":"P\u00e1gina10 Peri\u00f3dico Regional","potentialAction":[{"@type":"SearchAction","target":{"@type":"EntryPoint","urlTemplate":"https:\/\/pagina10.com\/web\/?s={search_term_string}"},"query-input":{"@type":"PropertyValueSpecification","valueRequired":true,"valueName":"search_term_string"}}],"inLanguage":"es"},{"@type":"Organization","@id":"https:\/\/pagina10.com\/web\/#organization","name":"P\u00e1gina10","alternateName":"P\u00e1gina10 Peri\u00f3dico Regional","url":"https:\/\/pagina10.com\/web\/","logo":{"@type":"ImageObject","inLanguage":"es","@id":"https:\/\/pagina10.com\/web\/#\/schema\/logo\/image\/","url":"https:\/\/pagina10.com\/web\/wp-content\/uploads\/2024\/01\/40-pagina-10-periodico-regional-pasto.jpg","contentUrl":"https:\/\/pagina10.com\/web\/wp-content\/uploads\/2024\/01\/40-pagina-10-periodico-regional-pasto.jpg","width":1280,"height":720,"caption":"P\u00e1gina10"},"image":{"@id":"https:\/\/pagina10.com\/web\/#\/schema\/logo\/image\/"},"sameAs":["https:\/\/www.facebook.com\/pag10com","https:\/\/x.com\/Pag10com","https:\/\/www.instagram.com\/pagina10col\/","https:\/\/youtube.com\/channel\/pag10","https:\/\/www.tiktok.com\/@p10col"]},{"@type":"Person","@id":"https:\/\/pagina10.com\/web\/#\/schema\/person\/a7a5d38f0629dfc107f619fbae4f6cc3","name":"P\u00e1gina 10","description":"P\u00e1gina10.com es un peri\u00f3dico digital que nace en Colombia, en el departamento de Nari\u00f1o, con un enfoque global, fundamentado en cuatro pilares esenciales: la libertad, el pluralismo, la inclusi\u00f3n y la independencia. P\u00e1gina10.com hace referencia a Nari\u00f1o como el d\u00e9cimo departamento creado en Colombia, despu\u00e9s de un proceso pol\u00edtico liderado por actores y actrices regionales con el fin de obtener la independencia y autonom\u00eda de nuestros territorios. Con la creaci\u00f3n de P\u00e1gina10.com se pretende abrir un escenario para el dialogo, la reflexi\u00f3n y el debate que se extienda a otras geograf\u00edas de Am\u00e9rica Latina y del planeta, en una apuesta por transformar colectivamente los desaf\u00edos de un mundo contempor\u00e1neo, m\u00e1s all\u00e1 de las fronteras impuestas.","url":"https:\/\/pagina10.com\/web\/author\/mcepeda\/"}]}},"_links":{"self":[{"href":"https:\/\/pagina10.com\/web\/wp-json\/wp\/v2\/posts\/6723","targetHints":{"allow":["GET"]}}],"collection":[{"href":"https:\/\/pagina10.com\/web\/wp-json\/wp\/v2\/posts"}],"about":[{"href":"https:\/\/pagina10.com\/web\/wp-json\/wp\/v2\/types\/post"}],"author":[{"embeddable":true,"href":"https:\/\/pagina10.com\/web\/wp-json\/wp\/v2\/users\/29"}],"replies":[{"embeddable":true,"href":"https:\/\/pagina10.com\/web\/wp-json\/wp\/v2\/comments?post=6723"}],"version-history":[{"count":0,"href":"https:\/\/pagina10.com\/web\/wp-json\/wp\/v2\/posts\/6723\/revisions"}],"wp:featuredmedia":[{"embeddable":true,"href":"https:\/\/pagina10.com\/web\/wp-json\/wp\/v2\/media\/6722"}],"wp:attachment":[{"href":"https:\/\/pagina10.com\/web\/wp-json\/wp\/v2\/media?parent=6723"}],"wp:term":[{"taxonomy":"category","embeddable":true,"href":"https:\/\/pagina10.com\/web\/wp-json\/wp\/v2\/categories?post=6723"},{"taxonomy":"post_tag","embeddable":true,"href":"https:\/\/pagina10.com\/web\/wp-json\/wp\/v2\/tags?post=6723"}],"curies":[{"name":"wp","href":"https:\/\/api.w.org\/{rel}","templated":true}]}}