{"id":67379,"date":"2023-07-10T22:49:38","date_gmt":"2023-07-11T03:49:38","guid":{"rendered":"https:\/\/pagina10.com\/web\/?p=67379"},"modified":"2023-07-10T22:49:38","modified_gmt":"2023-07-11T03:49:38","slug":"ofrecimiento-del-acto-de-graduacion-de-la-promocion-83-del-inem-de-pasto-con-motivo-de-sus-40-anos","status":"publish","type":"post","link":"https:\/\/pagina10.com\/web\/ofrecimiento-del-acto-de-graduacion-de-la-promocion-83-del-inem-de-pasto-con-motivo-de-sus-40-anos\/","title":{"rendered":"Ofrecimiento del acto de graduaci\u00f3n de la promoci\u00f3n 83 del Inem de Pasto con motivo de sus 40 a\u00f1os"},"content":{"rendered":"<p style=\"text-align: justify;\">\n<p style=\"text-align: justify;\">Era el 4 de septiembre de 1977, hac\u00eda un sol radiante, los \u00e1rboles se bat\u00edan al ritmo del viento. El profesor Segundo Rosero Alom\u00eda intentaba atrapar en sus manos unas hojas blancas como palomas que el viento intentaba arrebatarle. Llamaba a formaci\u00f3n uno a uno de los estudiantes que hab\u00eda aprobado el examen de admisi\u00f3n, para distribuirlos entre las distintas secciones. Despu\u00e9s el profesor Alom\u00eda (como le llamar\u00edan muchos), se present\u00f3 como director de Centro Docente Uno. A\u00fan resuenan en mis o\u00eddos los llamados a lista del profesor Augusto Gelpud Rivera: \u00c1greda, Acosta, Ar\u00e9valo, Benavides, Belalc\u00e1zar, Carmona, Chamorro, Chaves, en una lista que remataba con Zambrano.<\/p>\n<p style=\"text-align: justify;\">\n<p style=\"text-align: justify;\">El primer d\u00eda fue maravilloso: recorr\u00edamos el instituto de estribor a babor y de la popa a la proa, lo hac\u00edamos todos en grupo como reba\u00f1o de ovejas, no nos desprend\u00edamos por temor a perdernos. Est\u00e1bamos fascinados de una instituci\u00f3n tan bonita: nos sent\u00e1bamos en la media torta; nos sorprend\u00edamos con tantas canchas de baloncesto, cuando est\u00e1bamos acostumbrados al cl\u00e1sico colegio de las aulas en un cuadril\u00e1tero y una envejecida cancha de baloncesto en el centro. El gimnasio con colchonetas, caballetes, cama el\u00e1stica, trampolines, balones medicinales y una gran cantidad de equipos importados de los Estados Unidos. De igual manera, maquinaria de industrial importada, laboratorios y unas aulas con una iluminaci\u00f3n que enamora.<\/p>\n<p style=\"text-align: justify;\">\n<p style=\"text-align: justify;\">En ese tiempo hab\u00eda un lote anexo al Inem, que le llam\u00e1bamos la villa, donde se proyectaba construir la Villa Ol\u00edmpica. Un buen d\u00eda presentaron la maqueta de la villa ol\u00edmpica que se proyectaba construir en el lote que los s\u00e1bados y en las vacaciones jug\u00e1bamos futbol. Al mirar la maqueta, unos grandotes de grado once exclamaron: \u00a1los que la van a disfrutar la villa son los de primero! Pues bien, pasaron a\u00f1os y a\u00f1os y la villa nunca se hizo realidad.<\/p>\n<p style=\"text-align: justify;\">\n<p style=\"text-align: justify;\">Era algo maravilloso llegar a un establecimiento educativo donde, uno de los mayores atractivos era que nos entregaban gu\u00edas de contenido que nos obviaban los libros. Era un instituto al estilo americano. M\u00e1s interesante se tornaba el momento cuando sab\u00edamos que para cada clase cambi\u00e1bamos de sal\u00f3n. Como borreguitos segu\u00edamos al m\u00e1s grande para no perdernos. \u00a1Qu\u00e9 nostalgia nos producen esos momentos de nuestros primeros pasos en el Inem!<\/p>\n<p style=\"text-align: justify;\">\n<p style=\"text-align: justify;\">En ese a\u00f1o de 1977 se empez\u00f3 a escuchar una canci\u00f3n que se inmortaliz\u00f3 y se qued\u00f3 para las siguientes generaciones y las que vendr\u00e1n, como Hotel California de Eagles. Junto a esta legendaria banda aparecieron los \u00e9xitos del grupo sueco Abba y Rod Stewar. Mientras que en el orden de las baladas latinas Miguel Gallardo se lamentaba que \u201cOtro ocupa mi lugar\u201d y Miguel Bos\u00e9 en cambio se ganaba el suyo con \u201cLinda\u201d.<\/p>\n<p style=\"text-align: justify;\">\n<p style=\"text-align: justify;\">En el a\u00f1o 78 se vive fiebre del futbol con la Copa Mundial de la Fifa en Argentina, gauchito fue la mascota. Era el momento propicio para llenar las planillas de los jugadores de las selecciones participantes. Una de las l\u00e1minas m\u00e1s dif\u00edciles de conseguir y que se consegu\u00eda hasta por doscientos pesos era la de Mario Kempes, quien result\u00f3 siendo el mejor jugador de la \u00e9poca. Nuestra afici\u00f3n por el futbol nos llevaba a hacer improvisadas canchas en el c\u00e9sped del barrio Capusigra o en un llanito del Inem. Mientras cambi\u00e1bamos de clase pate\u00e1bamos un bal\u00f3n porque por esos d\u00edas transpir\u00e1bamos s\u00f3lo futbol.<\/p>\n<p style=\"text-align: justify;\">\n<p style=\"text-align: justify;\">C\u00f3mo no recordar que en el a\u00f1o 78 se populariz\u00f3 la canci\u00f3n \u201cFiebre de S\u00e1bado por la noche\u201d, es un \u00edcono de los a\u00f1os 70. En la pel\u00edcula aparece John Travolta con los caracter\u00edsticos pantalones campana; pero tambi\u00e9n resalta la problem\u00e1tica social de la \u00e9poca como el machismo, la homofobia, y el racismo. Tampoco olvid\u00f3 temas tab\u00faes como el aborto, el consumo de drogas y la religi\u00f3n. Lo m\u00e1s llamativo son esos bailes ic\u00f3nicos de John Travolta y Olivia Newton John. Era com\u00fan en aquel tiempo ver a los estudiantes del Inem cargando una grabadora al hombro y escuchando a todo volumen, ese cl\u00e1sico de \u201cFiebre de s\u00e1bado por la noche\u201d. Recuerdo que en el Inem se hac\u00edan concursos de baile de m\u00fasica disco, emulando a un musical que hac\u00eda Alfonso Lizarazo, por la \u00e9poca.<\/p>\n<p style=\"text-align: justify;\">\n<p style=\"text-align: justify;\">Muchos recordar\u00e1n que en el a\u00f1o de 1979 cautiv\u00f3 a miles de personas el \u00e1lbum de colecci\u00f3n de los caramelos de \u201cAmores es\u2026\u201d un \u00e1lbum con figuras de hombre y mujer, en tonos pastel y asexuados. Ten\u00edan leyendas muy tiernas referentes al significado. El \u00e1lbum de cromos incorporaba mensajes machistas para las ni\u00f1as, como \u201cser muy feliz, aunque no tengas libertades\u201d. Nuestras queridas compa\u00f1eras recordaran el \u00e1lbum de colecci\u00f3n que sali\u00f3 por esa misma \u00e9poca y que se denominaba \u201cMaga, Mu\u00f1ecas, V\u00edsteme t\u00fa\u201d. Lo que ten\u00eda de especial era que hab\u00eda que recortar los vestidos de las mu\u00f1ecas para vestirlas. En cuanto a canciones, se lanz\u00f3 al mundo del espect\u00e1culo la canci\u00f3n \u201cTragedia\u201d, interpretada por la banda brit\u00e1nica Bee Gees, que se volvi\u00f3 muy discotequera, y que en Pasto todo el mundo la bailaba sacudiendo brazos y piernas, como t\u00edtere al ritmo de la comedia.<\/p>\n<p style=\"text-align: justify;\">\n<p style=\"text-align: justify;\">El a\u00f1o 80 fue muy significativo para el mundo de las comunicaciones y la informaci\u00f3n con el descubrimiento del internet. Pero este a\u00f1o nos trae gratas recordaciones porque Rodolfo Aicardi publica la canci\u00f3n Colegiala que marca un hito en la m\u00fasica tropical, lo bailamos como si se fuese acabar el mundo, y nos seguiremos deleitando de las hermosas canciones al estilo de Rodolfo Aicardi, como si fuese la \u00faltima gota del desierto. Fue un a\u00f1o de mucho esplendor para las artes. Fue un a\u00f1o de rebeld\u00eda, la gente vest\u00eda como quer\u00eda, la forma de pensar, vestir, cantar, y expresarse que romp\u00eda todos los convencionalismos, un a\u00f1o lleno de color, formas exageradas y donde la libertad de expresi\u00f3n se expresaba en prendas de ropa, los peinados y el maquillaje.<\/p>\n<p style=\"text-align: justify;\">\n<p style=\"text-align: justify;\">Vendr\u00eda el a\u00f1o de 1981 que marcar\u00eda el momento con una maravillosa canci\u00f3n del maestro Jairo Varela, Buenaventura y Caney, con la cual se lanza al estrellato internacional una gran orquesta, conformada con los m\u00fasicos de la Afronda de Pasto, con un poeta como director: El grupo niche.<\/p>\n<p style=\"text-align: justify;\">\n<p style=\"text-align: justify;\">El a\u00f1o 82 nos invitaba a salir del letargo, pues muchos colombianos esperaban la paz tan anhelada. Fue un despertar con palomas blancas que el presidente Belisario Betancur pidiera a los artistas que pintaran en cuanta pared o muralla se encontrara abandonada. Por los lados de la m\u00fasica apareci\u00f3 Thriler, de Michael Jackson, que se convierte en un revelador tema por el singular estilo de bailar del cantante.<\/p>\n<p style=\"text-align: justify;\">\n<p style=\"text-align: justify;\">El a\u00f1o 83 nos trae recordaciones fuertes, por el gran impacto: Mientras nos entreten\u00edamos a armar el cubo de Rubic que era la novedad por esos d\u00edas, y mientras hac\u00edamos alfabetizaci\u00f3n, nos prepar\u00e1bamos para las pruebas del Icfes, el servicio militar y todas las actividades propias del grado 11, ocurri\u00f3 el terremoto de Popay\u00e1n, en pleno jueves Santo; en una ciudad piadosa se consider\u00f3 que era porque la gente se hab\u00eda dedicado a rumbear en lugar de orar; por eso era que se le llamaba Rumba Santa.<\/p>\n<p style=\"text-align: justify;\">\n<p style=\"text-align: justify;\">En un santiam\u00e9n pas\u00f3 lo que ten\u00eda que pasar: los amores furtivos, la m\u00fasica, el culillo de presentar un examen final de matem\u00e1ticas o qu\u00edmica. Hoy, 2 de julio de 1983, nos despedimos y las l\u00e1grimas hacen presencia sobre nuestras mejillas. Nos marchamos como en una di\u00e1spora jud\u00eda. Gracias, profesor Segundo Rosero Alom\u00eda por sus sonrisas infantiles y sus bromas. Gracias, profesor Augusto Gelpud Rivera, por sus ense\u00f1anzas de ingl\u00e9s. Infinitas gracias a todos los maestros de vocaci\u00f3n del Inem de Pasto. Prometemos venirlos a visitar cuando salgamos del batall\u00f3n o cuando Dios nos d\u00e9 licencia. \u00a1Prometemos volver!<\/p>\n<p style=\"text-align: justify;\">\n<p style=\"text-align: justify;\">\u00a0Llegar\u00eda el dos de julio, el d\u00eda tan anhelado. Misi\u00f3n cumplida, han pasado seis a\u00f1os sin sentirse el tiempo. Todo fue en un abrir y cerrar de ojos. Ya nos graduamos como bachilleres, y ahora todo el mundo parte a buscar nuevos horizontes. Que Dios permita reunirnos cuando cumplamos cuarenta a\u00f1os.<\/p>\n<p style=\"text-align: justify;\">\n<p style=\"text-align: justify;\">Ahora no solo somos padres, algunos son abuelos, pensionados y otros gozan en la presencia de Dios. En un acto de gratitud con Dios elevamos nuestras manos, y p\u00eddanosle que nos de licencia para gozar de buena salud y encontrarnos el pr\u00f3ximo a\u00f1o, y dentro de diez a\u00f1os, y hasta que el \u00faltimo sobreviviente de la promoci\u00f3n 83 del Inem de Pasto tenga suficientes fuerzas; as\u00ed lo acompa\u00f1e un tanque de ox\u00edgeno o una enfermera. Recuerden que antes nos reun\u00edamos en el billar Tabaris, en el grill Romano o en el pr\u00edncipe azul. Ahora el sitio de encuentro es la EPS, y solo hablamos cosas de adultos: la pr\u00f3stata, la cistitis, los pa\u00f1ales tena, la gota, la artritis, la artrosis, la presi\u00f3n arterial, la milanta, el acetaminof\u00e9n, la astorvastatina y enalapril.<\/p>\n<p style=\"text-align: justify;\">\n<p style=\"text-align: justify;\">Gracias, compa\u00f1eros, por hacer posible este maravilloso encuentro; gracias por brindarnos su bonita amistad que perdura en el tiempo. Bienaventurados sean los que celebran cuarenta a\u00f1os, porque de ellos ser\u00e1 la fiesta de los cincuenta.<\/p>\n<p style=\"text-align: justify;\">\n<p style=\"text-align: justify;\">Am\u00e9n.<\/p>\n<p style=\"text-align: justify;\">\n","protected":false},"excerpt":{"rendered":"<p>Era el 4 de septiembre de 1977, hac\u00eda un sol radiante, los \u00e1rboles se bat\u00edan al ritmo del viento. El profesor Segundo Rosero Alom\u00eda intentaba atrapar en sus manos unas hojas blancas como palomas que el viento intentaba arrebatarle. Llamaba a formaci\u00f3n uno a uno de los estudiantes que hab\u00eda aprobado el examen de admisi\u00f3n, [&hellip;]<\/p>\n","protected":false},"author":65,"featured_media":67380,"comment_status":"open","ping_status":"open","sticky":false,"template":"","format":"standard","meta":{"footnotes":""},"categories":[53],"tags":[],"class_list":["post-67379","post","type-post","status-publish","format-standard","has-post-thumbnail","hentry","category-regiones"],"yoast_head":"<!-- This site is optimized with the Yoast SEO plugin v27.1.1 - https:\/\/yoast.com\/product\/yoast-seo-wordpress\/ -->\n<title>Ofrecimiento del acto de graduaci\u00f3n de la promoci\u00f3n 83 del Inem de Pasto con motivo de sus 40 a\u00f1os | P\u00e1gina10<\/title>\n<meta name=\"robots\" content=\"index, follow, max-snippet:-1, max-image-preview:large, max-video-preview:-1\" \/>\n<link rel=\"canonical\" href=\"https:\/\/pagina10.com\/web\/ofrecimiento-del-acto-de-graduacion-de-la-promocion-83-del-inem-de-pasto-con-motivo-de-sus-40-anos\/\" \/>\n<meta property=\"og:locale\" content=\"es_ES\" \/>\n<meta property=\"og:type\" content=\"article\" \/>\n<meta property=\"og:title\" content=\"Ofrecimiento del acto de graduaci\u00f3n de la promoci\u00f3n 83 del Inem de Pasto con motivo de sus 40 a\u00f1os | P\u00e1gina10\" \/>\n<meta property=\"og:description\" content=\"Era el 4 de septiembre de 1977, hac\u00eda un sol radiante, los \u00e1rboles se bat\u00edan al ritmo del viento. El profesor Segundo Rosero Alom\u00eda intentaba atrapar en sus manos unas hojas blancas como palomas que el viento intentaba arrebatarle. Llamaba a formaci\u00f3n uno a uno de los estudiantes que hab\u00eda aprobado el examen de admisi\u00f3n, [&hellip;]\" \/>\n<meta property=\"og:url\" content=\"https:\/\/pagina10.com\/web\/ofrecimiento-del-acto-de-graduacion-de-la-promocion-83-del-inem-de-pasto-con-motivo-de-sus-40-anos\/\" \/>\n<meta property=\"og:site_name\" content=\"P\u00e1gina10\" \/>\n<meta property=\"article:publisher\" content=\"https:\/\/www.facebook.com\/pag10com\" \/>\n<meta property=\"article:published_time\" content=\"2023-07-11T03:49:38+00:00\" \/>\n<meta property=\"og:image\" content=\"https:\/\/pagina10.com\/web\/wp-content\/uploads\/2023\/07\/WhatsApp-Image-2023-07-10-at-1.54.47-PM.jpeg\" \/>\n\t<meta property=\"og:image:width\" content=\"1404\" \/>\n\t<meta property=\"og:image:height\" content=\"897\" \/>\n\t<meta property=\"og:image:type\" content=\"image\/jpeg\" \/>\n<meta name=\"author\" content=\"Anibal Ar\u00e9valo Rosero\" \/>\n<meta name=\"twitter:card\" content=\"summary_large_image\" \/>\n<meta name=\"twitter:creator\" content=\"@Pag10com\" \/>\n<meta name=\"twitter:site\" content=\"@Pag10com\" \/>\n<meta name=\"twitter:label1\" content=\"Escrito por\" \/>\n\t<meta name=\"twitter:data1\" content=\"Anibal Ar\u00e9valo Rosero\" \/>\n\t<meta name=\"twitter:label2\" content=\"Tiempo de lectura\" \/>\n\t<meta name=\"twitter:data2\" content=\"8 minutos\" \/>\n<script type=\"application\/ld+json\" class=\"yoast-schema-graph\">{\"@context\":\"https:\/\/schema.org\",\"@graph\":[{\"@type\":\"Article\",\"@id\":\"https:\/\/pagina10.com\/web\/ofrecimiento-del-acto-de-graduacion-de-la-promocion-83-del-inem-de-pasto-con-motivo-de-sus-40-anos\/#article\",\"isPartOf\":{\"@id\":\"https:\/\/pagina10.com\/web\/ofrecimiento-del-acto-de-graduacion-de-la-promocion-83-del-inem-de-pasto-con-motivo-de-sus-40-anos\/\"},\"author\":{\"name\":\"Anibal Ar\u00e9valo Rosero\",\"@id\":\"https:\/\/pagina10.com\/web\/#\/schema\/person\/9ec3e2b432363a195d2d01bf820c66fe\"},\"headline\":\"Ofrecimiento del acto de graduaci\u00f3n de la promoci\u00f3n 83 del Inem de Pasto con motivo de sus 40 a\u00f1os\",\"datePublished\":\"2023-07-11T03:49:38+00:00\",\"mainEntityOfPage\":{\"@id\":\"https:\/\/pagina10.com\/web\/ofrecimiento-del-acto-de-graduacion-de-la-promocion-83-del-inem-de-pasto-con-motivo-de-sus-40-anos\/\"},\"wordCount\":1636,\"commentCount\":0,\"publisher\":{\"@id\":\"https:\/\/pagina10.com\/web\/#organization\"},\"image\":{\"@id\":\"https:\/\/pagina10.com\/web\/ofrecimiento-del-acto-de-graduacion-de-la-promocion-83-del-inem-de-pasto-con-motivo-de-sus-40-anos\/#primaryimage\"},\"thumbnailUrl\":\"https:\/\/pagina10.com\/web\/wp-content\/uploads\/2023\/07\/WhatsApp-Image-2023-07-10-at-1.54.47-PM.jpeg\",\"articleSection\":[\"Regiones\"],\"inLanguage\":\"es\",\"potentialAction\":[{\"@type\":\"CommentAction\",\"name\":\"Comment\",\"target\":[\"https:\/\/pagina10.com\/web\/ofrecimiento-del-acto-de-graduacion-de-la-promocion-83-del-inem-de-pasto-con-motivo-de-sus-40-anos\/#respond\"]}]},{\"@type\":\"WebPage\",\"@id\":\"https:\/\/pagina10.com\/web\/ofrecimiento-del-acto-de-graduacion-de-la-promocion-83-del-inem-de-pasto-con-motivo-de-sus-40-anos\/\",\"url\":\"https:\/\/pagina10.com\/web\/ofrecimiento-del-acto-de-graduacion-de-la-promocion-83-del-inem-de-pasto-con-motivo-de-sus-40-anos\/\",\"name\":\"Ofrecimiento del acto de graduaci\u00f3n de la promoci\u00f3n 83 del Inem de Pasto con motivo de sus 40 a\u00f1os | P\u00e1gina10\",\"isPartOf\":{\"@id\":\"https:\/\/pagina10.com\/web\/#website\"},\"primaryImageOfPage\":{\"@id\":\"https:\/\/pagina10.com\/web\/ofrecimiento-del-acto-de-graduacion-de-la-promocion-83-del-inem-de-pasto-con-motivo-de-sus-40-anos\/#primaryimage\"},\"image\":{\"@id\":\"https:\/\/pagina10.com\/web\/ofrecimiento-del-acto-de-graduacion-de-la-promocion-83-del-inem-de-pasto-con-motivo-de-sus-40-anos\/#primaryimage\"},\"thumbnailUrl\":\"https:\/\/pagina10.com\/web\/wp-content\/uploads\/2023\/07\/WhatsApp-Image-2023-07-10-at-1.54.47-PM.jpeg\",\"datePublished\":\"2023-07-11T03:49:38+00:00\",\"breadcrumb\":{\"@id\":\"https:\/\/pagina10.com\/web\/ofrecimiento-del-acto-de-graduacion-de-la-promocion-83-del-inem-de-pasto-con-motivo-de-sus-40-anos\/#breadcrumb\"},\"inLanguage\":\"es\",\"potentialAction\":[{\"@type\":\"ReadAction\",\"target\":[\"https:\/\/pagina10.com\/web\/ofrecimiento-del-acto-de-graduacion-de-la-promocion-83-del-inem-de-pasto-con-motivo-de-sus-40-anos\/\"]}]},{\"@type\":\"ImageObject\",\"inLanguage\":\"es\",\"@id\":\"https:\/\/pagina10.com\/web\/ofrecimiento-del-acto-de-graduacion-de-la-promocion-83-del-inem-de-pasto-con-motivo-de-sus-40-anos\/#primaryimage\",\"url\":\"https:\/\/pagina10.com\/web\/wp-content\/uploads\/2023\/07\/WhatsApp-Image-2023-07-10-at-1.54.47-PM.jpeg\",\"contentUrl\":\"https:\/\/pagina10.com\/web\/wp-content\/uploads\/2023\/07\/WhatsApp-Image-2023-07-10-at-1.54.47-PM.jpeg\",\"width\":1404,\"height\":897},{\"@type\":\"BreadcrumbList\",\"@id\":\"https:\/\/pagina10.com\/web\/ofrecimiento-del-acto-de-graduacion-de-la-promocion-83-del-inem-de-pasto-con-motivo-de-sus-40-anos\/#breadcrumb\",\"itemListElement\":[{\"@type\":\"ListItem\",\"position\":1,\"name\":\"Portada\",\"item\":\"https:\/\/pagina10.com\/web\/\"},{\"@type\":\"ListItem\",\"position\":2,\"name\":\"Ofrecimiento del acto de graduaci\u00f3n de la promoci\u00f3n 83 del Inem de Pasto con motivo de sus 40 a\u00f1os\"}]},{\"@type\":\"WebSite\",\"@id\":\"https:\/\/pagina10.com\/web\/#website\",\"url\":\"https:\/\/pagina10.com\/web\/\",\"name\":\"P\u00e1gina10\",\"description\":\"Peri\u00f3dico Regional\",\"publisher\":{\"@id\":\"https:\/\/pagina10.com\/web\/#organization\"},\"alternateName\":\"P\u00e1gina10 Peri\u00f3dico Regional\",\"potentialAction\":[{\"@type\":\"SearchAction\",\"target\":{\"@type\":\"EntryPoint\",\"urlTemplate\":\"https:\/\/pagina10.com\/web\/?s={search_term_string}\"},\"query-input\":{\"@type\":\"PropertyValueSpecification\",\"valueRequired\":true,\"valueName\":\"search_term_string\"}}],\"inLanguage\":\"es\"},{\"@type\":\"Organization\",\"@id\":\"https:\/\/pagina10.com\/web\/#organization\",\"name\":\"P\u00e1gina10\",\"alternateName\":\"P\u00e1gina10 Peri\u00f3dico Regional\",\"url\":\"https:\/\/pagina10.com\/web\/\",\"logo\":{\"@type\":\"ImageObject\",\"inLanguage\":\"es\",\"@id\":\"https:\/\/pagina10.com\/web\/#\/schema\/logo\/image\/\",\"url\":\"https:\/\/pagina10.com\/web\/wp-content\/uploads\/2024\/01\/40-pagina-10-periodico-regional-pasto.jpg\",\"contentUrl\":\"https:\/\/pagina10.com\/web\/wp-content\/uploads\/2024\/01\/40-pagina-10-periodico-regional-pasto.jpg\",\"width\":1280,\"height\":720,\"caption\":\"P\u00e1gina10\"},\"image\":{\"@id\":\"https:\/\/pagina10.com\/web\/#\/schema\/logo\/image\/\"},\"sameAs\":[\"https:\/\/www.facebook.com\/pag10com\",\"https:\/\/x.com\/Pag10com\",\"https:\/\/www.instagram.com\/pagina10col\/\",\"https:\/\/youtube.com\/channel\/pag10\",\"https:\/\/www.tiktok.com\/@p10col\"]},{\"@type\":\"Person\",\"@id\":\"https:\/\/pagina10.com\/web\/#\/schema\/person\/9ec3e2b432363a195d2d01bf820c66fe\",\"name\":\"Anibal Ar\u00e9valo Rosero\",\"description\":\"An\u00edbal Ar\u00e9valo Rosero a trav\u00e9s de su vida ha realizado diversas actividades tendientes a reivindicar al ser humano en su conciencia plena. Durante su vida ha hecho teatro, a escrito poes\u00eda y en sus tiempos de universitario realiz\u00f3 varias publicaciones entre las que se recuerda la revista Quinde. Junto con otros compa\u00f1eros fund\u00f3 el Taller Cultural El Cueche, equipo con el que se hicieron varias publicaciones. De este mismo grupo hay que resaltar que se hizo un trabajo pionero en la difusi\u00f3n de la m\u00fasica andina, latinoamericana y del caribe. Despu\u00e9s de terminar sus estudios de biolog\u00eda en la Universidad de Nari\u00f1o entr\u00f3 a laborar en emisoras de la ciudad de Pasto como en RCN, donde se desempe\u00f1aba como locutor de planta. Dirigi\u00f3 programas en la extinta Ondas del Mayo, en varias oportunidades; tambi\u00e9n en Ecos de Pasto. Fue colaborador de el Noticias RCN y dirigi\u00f3 el programa Simana al D\u00eda, del Sindicato del Magisterio de Nari\u00f1o, en dos \u00e9pocas. En el a\u00f1o de 1992 funda el Comit\u00e9 de Solidaridad con Cuba Jos\u00e9 Mart\u00ed, cuyo objetivo era divulgar la realidad cubana y expresar apoyo moral, pol\u00edtico y material al pa\u00eds caribe\u00f1o. Ante la mala interpretaci\u00f3n que la gente le daba a este tipo de acciones, se decide promover viajes de solidad a Cuba para participar en la Brigada Latinoamericana de Trabajo Voluntario, en el Festival Cuba Vive y, de manera especia,l en el 14 Festival Mundial de la Juventud y los Estudiantes, que se desarroll\u00f3 en la isla en el a\u00f1o de 1997. Con esta experiencia impulsa el turismo al pa\u00eds caribe\u00f1o con el resultado de que miles de personas han participado de las excursiones organizadas por Ar\u00e9valo Rosero. Asimismo ha venido impulsando las Brigadas de Salud en Cuba, tendiente a llevar pacientes de c\u00e1ncer a ese destino con el fin de que reciban atenci\u00f3n m\u00e9dica, teniendo en cuenta que la experiencia cubana en el tema ha sido bastante favorable. Veinte a\u00f1os despu\u00e9s de estas nutritivas experiencias, le permiten impulsar excursiones adem\u00e1s a M\u00e9xico, Machu Picchu, Argentina, Ecuador, Panam\u00e1 y Tierra Santa. En cuanto al desempe\u00f1o period\u00edstico, adem\u00e1s de los medios radiales y de televisi\u00f3n, en los canales de la universidades de Nari\u00f1o y Mariana, se ha desempe\u00f1ado como columnista en Diario del Sur durante 6 a\u00f1os y en algunos medios virtuales. Tambi\u00e9n es colaborador de el Diario del Cauca. Considera que la pr\u00e1ctica de la lectura es beber de la fuente nutricia que permite apropiarse de manera consciente del ejercicio de la democracia; y la posibilidad de escribir y ser le\u00eddo, acceder al poder, por que considera la palabra como el mayor instrumento de acci\u00f3n cuando est\u00e1 bien encamina al leg\u00edtimo servicio social. En la actualidad adem\u00e1s de so\u00f1ar con viajar por el mundo se desempe\u00f1a como docente del departamento de ciencias de Inem Luis Delf\u00edn Insuasty de Pasto. Correo: Esta direcci\u00f3n de correo electr\u00f3nico est\u00e1 protegida contra spambots. Usted necesita tener Javascript activado para poder verla.\\\" target=\\\"_blank\\\" style=\\\"color: #1155cc; text-align: justify; font-family: arial, sans-serif; font-size: 13px; line-height: normal;\\\"&gt;fundacionecosofia@gmail.com\",\"url\":\"https:\/\/pagina10.com\/web\/author\/anibal\/\"}]}<\/script>\n<!-- \/ Yoast SEO plugin. -->","yoast_head_json":{"title":"Ofrecimiento del acto de graduaci\u00f3n de la promoci\u00f3n 83 del Inem de Pasto con motivo de sus 40 a\u00f1os | P\u00e1gina10","robots":{"index":"index","follow":"follow","max-snippet":"max-snippet:-1","max-image-preview":"max-image-preview:large","max-video-preview":"max-video-preview:-1"},"canonical":"https:\/\/pagina10.com\/web\/ofrecimiento-del-acto-de-graduacion-de-la-promocion-83-del-inem-de-pasto-con-motivo-de-sus-40-anos\/","og_locale":"es_ES","og_type":"article","og_title":"Ofrecimiento del acto de graduaci\u00f3n de la promoci\u00f3n 83 del Inem de Pasto con motivo de sus 40 a\u00f1os | P\u00e1gina10","og_description":"Era el 4 de septiembre de 1977, hac\u00eda un sol radiante, los \u00e1rboles se bat\u00edan al ritmo del viento. El profesor Segundo Rosero Alom\u00eda intentaba atrapar en sus manos unas hojas blancas como palomas que el viento intentaba arrebatarle. Llamaba a formaci\u00f3n uno a uno de los estudiantes que hab\u00eda aprobado el examen de admisi\u00f3n, [&hellip;]","og_url":"https:\/\/pagina10.com\/web\/ofrecimiento-del-acto-de-graduacion-de-la-promocion-83-del-inem-de-pasto-con-motivo-de-sus-40-anos\/","og_site_name":"P\u00e1gina10","article_publisher":"https:\/\/www.facebook.com\/pag10com","article_published_time":"2023-07-11T03:49:38+00:00","og_image":[{"width":1404,"height":897,"url":"https:\/\/pagina10.com\/web\/wp-content\/uploads\/2023\/07\/WhatsApp-Image-2023-07-10-at-1.54.47-PM.jpeg","type":"image\/jpeg"}],"author":"Anibal Ar\u00e9valo Rosero","twitter_card":"summary_large_image","twitter_creator":"@Pag10com","twitter_site":"@Pag10com","twitter_misc":{"Escrito por":"Anibal Ar\u00e9valo Rosero","Tiempo de lectura":"8 minutos"},"schema":{"@context":"https:\/\/schema.org","@graph":[{"@type":"Article","@id":"https:\/\/pagina10.com\/web\/ofrecimiento-del-acto-de-graduacion-de-la-promocion-83-del-inem-de-pasto-con-motivo-de-sus-40-anos\/#article","isPartOf":{"@id":"https:\/\/pagina10.com\/web\/ofrecimiento-del-acto-de-graduacion-de-la-promocion-83-del-inem-de-pasto-con-motivo-de-sus-40-anos\/"},"author":{"name":"Anibal Ar\u00e9valo Rosero","@id":"https:\/\/pagina10.com\/web\/#\/schema\/person\/9ec3e2b432363a195d2d01bf820c66fe"},"headline":"Ofrecimiento del acto de graduaci\u00f3n de la promoci\u00f3n 83 del Inem de Pasto con motivo de sus 40 a\u00f1os","datePublished":"2023-07-11T03:49:38+00:00","mainEntityOfPage":{"@id":"https:\/\/pagina10.com\/web\/ofrecimiento-del-acto-de-graduacion-de-la-promocion-83-del-inem-de-pasto-con-motivo-de-sus-40-anos\/"},"wordCount":1636,"commentCount":0,"publisher":{"@id":"https:\/\/pagina10.com\/web\/#organization"},"image":{"@id":"https:\/\/pagina10.com\/web\/ofrecimiento-del-acto-de-graduacion-de-la-promocion-83-del-inem-de-pasto-con-motivo-de-sus-40-anos\/#primaryimage"},"thumbnailUrl":"https:\/\/pagina10.com\/web\/wp-content\/uploads\/2023\/07\/WhatsApp-Image-2023-07-10-at-1.54.47-PM.jpeg","articleSection":["Regiones"],"inLanguage":"es","potentialAction":[{"@type":"CommentAction","name":"Comment","target":["https:\/\/pagina10.com\/web\/ofrecimiento-del-acto-de-graduacion-de-la-promocion-83-del-inem-de-pasto-con-motivo-de-sus-40-anos\/#respond"]}]},{"@type":"WebPage","@id":"https:\/\/pagina10.com\/web\/ofrecimiento-del-acto-de-graduacion-de-la-promocion-83-del-inem-de-pasto-con-motivo-de-sus-40-anos\/","url":"https:\/\/pagina10.com\/web\/ofrecimiento-del-acto-de-graduacion-de-la-promocion-83-del-inem-de-pasto-con-motivo-de-sus-40-anos\/","name":"Ofrecimiento del acto de graduaci\u00f3n de la promoci\u00f3n 83 del Inem de Pasto con motivo de sus 40 a\u00f1os | P\u00e1gina10","isPartOf":{"@id":"https:\/\/pagina10.com\/web\/#website"},"primaryImageOfPage":{"@id":"https:\/\/pagina10.com\/web\/ofrecimiento-del-acto-de-graduacion-de-la-promocion-83-del-inem-de-pasto-con-motivo-de-sus-40-anos\/#primaryimage"},"image":{"@id":"https:\/\/pagina10.com\/web\/ofrecimiento-del-acto-de-graduacion-de-la-promocion-83-del-inem-de-pasto-con-motivo-de-sus-40-anos\/#primaryimage"},"thumbnailUrl":"https:\/\/pagina10.com\/web\/wp-content\/uploads\/2023\/07\/WhatsApp-Image-2023-07-10-at-1.54.47-PM.jpeg","datePublished":"2023-07-11T03:49:38+00:00","breadcrumb":{"@id":"https:\/\/pagina10.com\/web\/ofrecimiento-del-acto-de-graduacion-de-la-promocion-83-del-inem-de-pasto-con-motivo-de-sus-40-anos\/#breadcrumb"},"inLanguage":"es","potentialAction":[{"@type":"ReadAction","target":["https:\/\/pagina10.com\/web\/ofrecimiento-del-acto-de-graduacion-de-la-promocion-83-del-inem-de-pasto-con-motivo-de-sus-40-anos\/"]}]},{"@type":"ImageObject","inLanguage":"es","@id":"https:\/\/pagina10.com\/web\/ofrecimiento-del-acto-de-graduacion-de-la-promocion-83-del-inem-de-pasto-con-motivo-de-sus-40-anos\/#primaryimage","url":"https:\/\/pagina10.com\/web\/wp-content\/uploads\/2023\/07\/WhatsApp-Image-2023-07-10-at-1.54.47-PM.jpeg","contentUrl":"https:\/\/pagina10.com\/web\/wp-content\/uploads\/2023\/07\/WhatsApp-Image-2023-07-10-at-1.54.47-PM.jpeg","width":1404,"height":897},{"@type":"BreadcrumbList","@id":"https:\/\/pagina10.com\/web\/ofrecimiento-del-acto-de-graduacion-de-la-promocion-83-del-inem-de-pasto-con-motivo-de-sus-40-anos\/#breadcrumb","itemListElement":[{"@type":"ListItem","position":1,"name":"Portada","item":"https:\/\/pagina10.com\/web\/"},{"@type":"ListItem","position":2,"name":"Ofrecimiento del acto de graduaci\u00f3n de la promoci\u00f3n 83 del Inem de Pasto con motivo de sus 40 a\u00f1os"}]},{"@type":"WebSite","@id":"https:\/\/pagina10.com\/web\/#website","url":"https:\/\/pagina10.com\/web\/","name":"P\u00e1gina10","description":"Peri\u00f3dico Regional","publisher":{"@id":"https:\/\/pagina10.com\/web\/#organization"},"alternateName":"P\u00e1gina10 Peri\u00f3dico Regional","potentialAction":[{"@type":"SearchAction","target":{"@type":"EntryPoint","urlTemplate":"https:\/\/pagina10.com\/web\/?s={search_term_string}"},"query-input":{"@type":"PropertyValueSpecification","valueRequired":true,"valueName":"search_term_string"}}],"inLanguage":"es"},{"@type":"Organization","@id":"https:\/\/pagina10.com\/web\/#organization","name":"P\u00e1gina10","alternateName":"P\u00e1gina10 Peri\u00f3dico Regional","url":"https:\/\/pagina10.com\/web\/","logo":{"@type":"ImageObject","inLanguage":"es","@id":"https:\/\/pagina10.com\/web\/#\/schema\/logo\/image\/","url":"https:\/\/pagina10.com\/web\/wp-content\/uploads\/2024\/01\/40-pagina-10-periodico-regional-pasto.jpg","contentUrl":"https:\/\/pagina10.com\/web\/wp-content\/uploads\/2024\/01\/40-pagina-10-periodico-regional-pasto.jpg","width":1280,"height":720,"caption":"P\u00e1gina10"},"image":{"@id":"https:\/\/pagina10.com\/web\/#\/schema\/logo\/image\/"},"sameAs":["https:\/\/www.facebook.com\/pag10com","https:\/\/x.com\/Pag10com","https:\/\/www.instagram.com\/pagina10col\/","https:\/\/youtube.com\/channel\/pag10","https:\/\/www.tiktok.com\/@p10col"]},{"@type":"Person","@id":"https:\/\/pagina10.com\/web\/#\/schema\/person\/9ec3e2b432363a195d2d01bf820c66fe","name":"Anibal Ar\u00e9valo Rosero","description":"An\u00edbal Ar\u00e9valo Rosero a trav\u00e9s de su vida ha realizado diversas actividades tendientes a reivindicar al ser humano en su conciencia plena. Durante su vida ha hecho teatro, a escrito poes\u00eda y en sus tiempos de universitario realiz\u00f3 varias publicaciones entre las que se recuerda la revista Quinde. Junto con otros compa\u00f1eros fund\u00f3 el Taller Cultural El Cueche, equipo con el que se hicieron varias publicaciones. De este mismo grupo hay que resaltar que se hizo un trabajo pionero en la difusi\u00f3n de la m\u00fasica andina, latinoamericana y del caribe. Despu\u00e9s de terminar sus estudios de biolog\u00eda en la Universidad de Nari\u00f1o entr\u00f3 a laborar en emisoras de la ciudad de Pasto como en RCN, donde se desempe\u00f1aba como locutor de planta. Dirigi\u00f3 programas en la extinta Ondas del Mayo, en varias oportunidades; tambi\u00e9n en Ecos de Pasto. Fue colaborador de el Noticias RCN y dirigi\u00f3 el programa Simana al D\u00eda, del Sindicato del Magisterio de Nari\u00f1o, en dos \u00e9pocas. En el a\u00f1o de 1992 funda el Comit\u00e9 de Solidaridad con Cuba Jos\u00e9 Mart\u00ed, cuyo objetivo era divulgar la realidad cubana y expresar apoyo moral, pol\u00edtico y material al pa\u00eds caribe\u00f1o. Ante la mala interpretaci\u00f3n que la gente le daba a este tipo de acciones, se decide promover viajes de solidad a Cuba para participar en la Brigada Latinoamericana de Trabajo Voluntario, en el Festival Cuba Vive y, de manera especia,l en el 14 Festival Mundial de la Juventud y los Estudiantes, que se desarroll\u00f3 en la isla en el a\u00f1o de 1997. Con esta experiencia impulsa el turismo al pa\u00eds caribe\u00f1o con el resultado de que miles de personas han participado de las excursiones organizadas por Ar\u00e9valo Rosero. Asimismo ha venido impulsando las Brigadas de Salud en Cuba, tendiente a llevar pacientes de c\u00e1ncer a ese destino con el fin de que reciban atenci\u00f3n m\u00e9dica, teniendo en cuenta que la experiencia cubana en el tema ha sido bastante favorable. Veinte a\u00f1os despu\u00e9s de estas nutritivas experiencias, le permiten impulsar excursiones adem\u00e1s a M\u00e9xico, Machu Picchu, Argentina, Ecuador, Panam\u00e1 y Tierra Santa. En cuanto al desempe\u00f1o period\u00edstico, adem\u00e1s de los medios radiales y de televisi\u00f3n, en los canales de la universidades de Nari\u00f1o y Mariana, se ha desempe\u00f1ado como columnista en Diario del Sur durante 6 a\u00f1os y en algunos medios virtuales. Tambi\u00e9n es colaborador de el Diario del Cauca. Considera que la pr\u00e1ctica de la lectura es beber de la fuente nutricia que permite apropiarse de manera consciente del ejercicio de la democracia; y la posibilidad de escribir y ser le\u00eddo, acceder al poder, por que considera la palabra como el mayor instrumento de acci\u00f3n cuando est\u00e1 bien encamina al leg\u00edtimo servicio social. En la actualidad adem\u00e1s de so\u00f1ar con viajar por el mundo se desempe\u00f1a como docente del departamento de ciencias de Inem Luis Delf\u00edn Insuasty de Pasto. Correo: Esta direcci\u00f3n de correo electr\u00f3nico est\u00e1 protegida contra spambots. Usted necesita tener Javascript activado para poder verla.\" target=\"_blank\" style=\"color: #1155cc; text-align: justify; font-family: arial, sans-serif; font-size: 13px; line-height: normal;\"&gt;fundacionecosofia@gmail.com","url":"https:\/\/pagina10.com\/web\/author\/anibal\/"}]}},"_links":{"self":[{"href":"https:\/\/pagina10.com\/web\/wp-json\/wp\/v2\/posts\/67379","targetHints":{"allow":["GET"]}}],"collection":[{"href":"https:\/\/pagina10.com\/web\/wp-json\/wp\/v2\/posts"}],"about":[{"href":"https:\/\/pagina10.com\/web\/wp-json\/wp\/v2\/types\/post"}],"author":[{"embeddable":true,"href":"https:\/\/pagina10.com\/web\/wp-json\/wp\/v2\/users\/65"}],"replies":[{"embeddable":true,"href":"https:\/\/pagina10.com\/web\/wp-json\/wp\/v2\/comments?post=67379"}],"version-history":[{"count":1,"href":"https:\/\/pagina10.com\/web\/wp-json\/wp\/v2\/posts\/67379\/revisions"}],"predecessor-version":[{"id":67381,"href":"https:\/\/pagina10.com\/web\/wp-json\/wp\/v2\/posts\/67379\/revisions\/67381"}],"wp:featuredmedia":[{"embeddable":true,"href":"https:\/\/pagina10.com\/web\/wp-json\/wp\/v2\/media\/67380"}],"wp:attachment":[{"href":"https:\/\/pagina10.com\/web\/wp-json\/wp\/v2\/media?parent=67379"}],"wp:term":[{"taxonomy":"category","embeddable":true,"href":"https:\/\/pagina10.com\/web\/wp-json\/wp\/v2\/categories?post=67379"},{"taxonomy":"post_tag","embeddable":true,"href":"https:\/\/pagina10.com\/web\/wp-json\/wp\/v2\/tags?post=67379"}],"curies":[{"name":"wp","href":"https:\/\/api.w.org\/{rel}","templated":true}]}}