{"id":67401,"date":"2023-07-11T17:55:21","date_gmt":"2023-07-11T22:55:21","guid":{"rendered":"https:\/\/pagina10.com\/web\/?p=67401"},"modified":"2023-07-11T17:55:21","modified_gmt":"2023-07-11T22:55:21","slug":"comunidad-indigena-awa-informo-horarios-de-cierre-y-apertura-de-via-en-medio-del-paro-en-altaquer-narino","status":"publish","type":"post","link":"https:\/\/pagina10.com\/web\/comunidad-indigena-awa-informo-horarios-de-cierre-y-apertura-de-via-en-medio-del-paro-en-altaquer-narino\/","title":{"rendered":"Comunidad Ind\u00edgena Aw\u00e1 inform\u00f3 horarios de cierre y apertura de v\u00eda en medio del paro en Altaquer-Nari\u00f1o"},"content":{"rendered":"<p style=\"text-align: justify;\">Comunidad Ind\u00edgena Aw\u00e1 inform\u00f3 horarios de cierre y apertura de v\u00eda en medio del paro en Altaquer-Nari\u00f1o<\/p>\n<p style=\"text-align: justify;\">Comunidad Ind\u00edgena Aw\u00e1 revel\u00f3 los horarios de tr\u00e1nsito permitidos por el Resguardo del corregimiento de Altaquer, en el municipio de Barbacoas, v\u00eda Tumaco \u2013 Pasto, en el marco del paro que ya supera una semana.<\/p>\n<p style=\"text-align: justify;\">De 5:00 a 7:00 de la ma\u00f1ana, solo se habilitar\u00e1 transito peatonal y vehicular, a partir de las 7:00 am. las v\u00edas vuelven a cerrarse hasta el mediod\u00eda. De 12:00 m a 1:00 pm, el paso ser\u00e1 \u00fanicamente peatonal.<\/p>\n<p style=\"text-align: justify;\">Entre tanto, de 6:00 a 7:00 pm y de 5:00 a 7:00 am el paso ser\u00e1 peatonal y vehicular, el tiempo restante las v\u00edas no ser\u00e1n abiertas y se mantendr\u00e1n las movilizaciones.<\/p>\n<p style=\"text-align: justify;\">La comunidad de Altaquer, a cargo del paro, contin\u00faa exigiendo el cumplimiento de sus requerimientos a las instituciones de orden gubernamental encargadas, hasta el pr\u00f3ximo lunes 17 de julio.<\/p>\n","protected":false},"excerpt":{"rendered":"<p>Comunidad Ind\u00edgena Aw\u00e1 inform\u00f3 horarios de cierre y apertura de v\u00eda en medio del paro en Altaquer-Nari\u00f1o Comunidad Ind\u00edgena Aw\u00e1 revel\u00f3 los horarios de tr\u00e1nsito permitidos por el Resguardo del corregimiento de Altaquer, en el municipio de Barbacoas, v\u00eda Tumaco \u2013 Pasto, en el marco del paro que ya supera una semana. De 5:00 a [&hellip;]<\/p>\n","protected":false},"author":1,"featured_media":67403,"comment_status":"open","ping_status":"open","sticky":false,"template":"","format":"standard","meta":{"footnotes":""},"categories":[53],"tags":[],"class_list":["post-67401","post","type-post","status-publish","format-standard","has-post-thumbnail","hentry","category-regiones"],"yoast_head":"<!-- This site is optimized with the Yoast SEO plugin v27.1.1 - https:\/\/yoast.com\/product\/yoast-seo-wordpress\/ -->\n<title>Comunidad Ind\u00edgena Aw\u00e1 inform\u00f3 horarios de cierre y apertura de v\u00eda en medio del paro en Altaquer-Nari\u00f1o | P\u00e1gina10<\/title>\n<meta name=\"robots\" content=\"index, follow, max-snippet:-1, max-image-preview:large, max-video-preview:-1\" \/>\n<link rel=\"canonical\" href=\"https:\/\/pagina10.com\/web\/comunidad-indigena-awa-informo-horarios-de-cierre-y-apertura-de-via-en-medio-del-paro-en-altaquer-narino\/\" \/>\n<meta property=\"og:locale\" content=\"es_ES\" \/>\n<meta property=\"og:type\" content=\"article\" \/>\n<meta property=\"og:title\" content=\"Comunidad Ind\u00edgena Aw\u00e1 inform\u00f3 horarios de cierre y apertura de v\u00eda en medio del paro en Altaquer-Nari\u00f1o | P\u00e1gina10\" \/>\n<meta property=\"og:description\" content=\"Comunidad Ind\u00edgena Aw\u00e1 inform\u00f3 horarios de cierre y apertura de v\u00eda en medio del paro en Altaquer-Nari\u00f1o Comunidad Ind\u00edgena Aw\u00e1 revel\u00f3 los horarios de tr\u00e1nsito permitidos por el Resguardo del corregimiento de Altaquer, en el municipio de Barbacoas, v\u00eda Tumaco \u2013 Pasto, en el marco del paro que ya supera una semana. De 5:00 a [&hellip;]\" \/>\n<meta property=\"og:url\" content=\"https:\/\/pagina10.com\/web\/comunidad-indigena-awa-informo-horarios-de-cierre-y-apertura-de-via-en-medio-del-paro-en-altaquer-narino\/\" \/>\n<meta property=\"og:site_name\" content=\"P\u00e1gina10\" \/>\n<meta property=\"article:publisher\" content=\"https:\/\/www.facebook.com\/pag10com\" \/>\n<meta property=\"article:published_time\" content=\"2023-07-11T22:55:21+00:00\" \/>\n<meta property=\"og:image\" content=\"https:\/\/pagina10.com\/web\/wp-content\/uploads\/2023\/07\/IMG-20230711-WA0041.jpg\" \/>\n\t<meta property=\"og:image:width\" content=\"1600\" \/>\n\t<meta property=\"og:image:height\" content=\"1200\" \/>\n\t<meta property=\"og:image:type\" content=\"image\/jpeg\" \/>\n<meta name=\"author\" content=\"P\u00e1gina 10\" \/>\n<meta name=\"twitter:card\" content=\"summary_large_image\" \/>\n<meta name=\"twitter:creator\" content=\"@Pag10com\" \/>\n<meta name=\"twitter:site\" content=\"@Pag10com\" \/>\n<meta name=\"twitter:label1\" content=\"Escrito por\" \/>\n\t<meta name=\"twitter:data1\" content=\"P\u00e1gina 10\" \/>\n\t<meta name=\"twitter:label2\" content=\"Tiempo de lectura\" \/>\n\t<meta name=\"twitter:data2\" content=\"1 minuto\" \/>\n<script type=\"application\/ld+json\" class=\"yoast-schema-graph\">{\"@context\":\"https:\/\/schema.org\",\"@graph\":[{\"@type\":\"Article\",\"@id\":\"https:\/\/pagina10.com\/web\/comunidad-indigena-awa-informo-horarios-de-cierre-y-apertura-de-via-en-medio-del-paro-en-altaquer-narino\/#article\",\"isPartOf\":{\"@id\":\"https:\/\/pagina10.com\/web\/comunidad-indigena-awa-informo-horarios-de-cierre-y-apertura-de-via-en-medio-del-paro-en-altaquer-narino\/\"},\"author\":{\"name\":\"P\u00e1gina 10\",\"@id\":\"https:\/\/pagina10.com\/web\/#\/schema\/person\/2efc4a090d25b667d3bc796798a3a81b\"},\"headline\":\"Comunidad Ind\u00edgena Aw\u00e1 inform\u00f3 horarios de cierre y apertura de v\u00eda en medio del paro en Altaquer-Nari\u00f1o\",\"datePublished\":\"2023-07-11T22:55:21+00:00\",\"mainEntityOfPage\":{\"@id\":\"https:\/\/pagina10.com\/web\/comunidad-indigena-awa-informo-horarios-de-cierre-y-apertura-de-via-en-medio-del-paro-en-altaquer-narino\/\"},\"wordCount\":175,\"commentCount\":0,\"publisher\":{\"@id\":\"https:\/\/pagina10.com\/web\/#organization\"},\"image\":{\"@id\":\"https:\/\/pagina10.com\/web\/comunidad-indigena-awa-informo-horarios-de-cierre-y-apertura-de-via-en-medio-del-paro-en-altaquer-narino\/#primaryimage\"},\"thumbnailUrl\":\"https:\/\/pagina10.com\/web\/wp-content\/uploads\/2023\/07\/IMG-20230711-WA0041.jpg\",\"articleSection\":[\"Regiones\"],\"inLanguage\":\"es\",\"potentialAction\":[{\"@type\":\"CommentAction\",\"name\":\"Comment\",\"target\":[\"https:\/\/pagina10.com\/web\/comunidad-indigena-awa-informo-horarios-de-cierre-y-apertura-de-via-en-medio-del-paro-en-altaquer-narino\/#respond\"]}]},{\"@type\":\"WebPage\",\"@id\":\"https:\/\/pagina10.com\/web\/comunidad-indigena-awa-informo-horarios-de-cierre-y-apertura-de-via-en-medio-del-paro-en-altaquer-narino\/\",\"url\":\"https:\/\/pagina10.com\/web\/comunidad-indigena-awa-informo-horarios-de-cierre-y-apertura-de-via-en-medio-del-paro-en-altaquer-narino\/\",\"name\":\"Comunidad Ind\u00edgena Aw\u00e1 inform\u00f3 horarios de cierre y apertura de v\u00eda en medio del paro en Altaquer-Nari\u00f1o | P\u00e1gina10\",\"isPartOf\":{\"@id\":\"https:\/\/pagina10.com\/web\/#website\"},\"primaryImageOfPage\":{\"@id\":\"https:\/\/pagina10.com\/web\/comunidad-indigena-awa-informo-horarios-de-cierre-y-apertura-de-via-en-medio-del-paro-en-altaquer-narino\/#primaryimage\"},\"image\":{\"@id\":\"https:\/\/pagina10.com\/web\/comunidad-indigena-awa-informo-horarios-de-cierre-y-apertura-de-via-en-medio-del-paro-en-altaquer-narino\/#primaryimage\"},\"thumbnailUrl\":\"https:\/\/pagina10.com\/web\/wp-content\/uploads\/2023\/07\/IMG-20230711-WA0041.jpg\",\"datePublished\":\"2023-07-11T22:55:21+00:00\",\"breadcrumb\":{\"@id\":\"https:\/\/pagina10.com\/web\/comunidad-indigena-awa-informo-horarios-de-cierre-y-apertura-de-via-en-medio-del-paro-en-altaquer-narino\/#breadcrumb\"},\"inLanguage\":\"es\",\"potentialAction\":[{\"@type\":\"ReadAction\",\"target\":[\"https:\/\/pagina10.com\/web\/comunidad-indigena-awa-informo-horarios-de-cierre-y-apertura-de-via-en-medio-del-paro-en-altaquer-narino\/\"]}]},{\"@type\":\"ImageObject\",\"inLanguage\":\"es\",\"@id\":\"https:\/\/pagina10.com\/web\/comunidad-indigena-awa-informo-horarios-de-cierre-y-apertura-de-via-en-medio-del-paro-en-altaquer-narino\/#primaryimage\",\"url\":\"https:\/\/pagina10.com\/web\/wp-content\/uploads\/2023\/07\/IMG-20230711-WA0041.jpg\",\"contentUrl\":\"https:\/\/pagina10.com\/web\/wp-content\/uploads\/2023\/07\/IMG-20230711-WA0041.jpg\",\"width\":1600,\"height\":1200},{\"@type\":\"BreadcrumbList\",\"@id\":\"https:\/\/pagina10.com\/web\/comunidad-indigena-awa-informo-horarios-de-cierre-y-apertura-de-via-en-medio-del-paro-en-altaquer-narino\/#breadcrumb\",\"itemListElement\":[{\"@type\":\"ListItem\",\"position\":1,\"name\":\"Portada\",\"item\":\"https:\/\/pagina10.com\/web\/\"},{\"@type\":\"ListItem\",\"position\":2,\"name\":\"Comunidad Ind\u00edgena Aw\u00e1 inform\u00f3 horarios de cierre y apertura de v\u00eda en medio del paro en Altaquer-Nari\u00f1o\"}]},{\"@type\":\"WebSite\",\"@id\":\"https:\/\/pagina10.com\/web\/#website\",\"url\":\"https:\/\/pagina10.com\/web\/\",\"name\":\"P\u00e1gina10\",\"description\":\"Peri\u00f3dico Regional\",\"publisher\":{\"@id\":\"https:\/\/pagina10.com\/web\/#organization\"},\"alternateName\":\"P\u00e1gina10 Peri\u00f3dico Regional\",\"potentialAction\":[{\"@type\":\"SearchAction\",\"target\":{\"@type\":\"EntryPoint\",\"urlTemplate\":\"https:\/\/pagina10.com\/web\/?s={search_term_string}\"},\"query-input\":{\"@type\":\"PropertyValueSpecification\",\"valueRequired\":true,\"valueName\":\"search_term_string\"}}],\"inLanguage\":\"es\"},{\"@type\":\"Organization\",\"@id\":\"https:\/\/pagina10.com\/web\/#organization\",\"name\":\"P\u00e1gina10\",\"alternateName\":\"P\u00e1gina10 Peri\u00f3dico Regional\",\"url\":\"https:\/\/pagina10.com\/web\/\",\"logo\":{\"@type\":\"ImageObject\",\"inLanguage\":\"es\",\"@id\":\"https:\/\/pagina10.com\/web\/#\/schema\/logo\/image\/\",\"url\":\"https:\/\/pagina10.com\/web\/wp-content\/uploads\/2024\/01\/40-pagina-10-periodico-regional-pasto.jpg\",\"contentUrl\":\"https:\/\/pagina10.com\/web\/wp-content\/uploads\/2024\/01\/40-pagina-10-periodico-regional-pasto.jpg\",\"width\":1280,\"height\":720,\"caption\":\"P\u00e1gina10\"},\"image\":{\"@id\":\"https:\/\/pagina10.com\/web\/#\/schema\/logo\/image\/\"},\"sameAs\":[\"https:\/\/www.facebook.com\/pag10com\",\"https:\/\/x.com\/Pag10com\",\"https:\/\/www.instagram.com\/pagina10col\/\",\"https:\/\/youtube.com\/channel\/pag10\",\"https:\/\/www.tiktok.com\/@p10col\"]},{\"@type\":\"Person\",\"@id\":\"https:\/\/pagina10.com\/web\/#\/schema\/person\/2efc4a090d25b667d3bc796798a3a81b\",\"name\":\"P\u00e1gina 10\",\"description\":\"P\u00e1gina 10 es un peri\u00f3dico regional que nace en Colombia, en el departamento de Nari\u00f1o, con un enfoque global, fundamentado en cuatro pilares esenciales: la libertad, el pluralismo, la inclusi\u00f3n y la independencia. P\u00e1gina 10 hace referencia a Nari\u00f1o como el d\u00e9cimo departamento creado en Colombia, despu\u00e9s de un proceso pol\u00edtico liderado por actores y actrices regionales con el fin de obtener la independencia y autonom\u00eda de nuestros territorios. Con la creaci\u00f3n de P\u00e1gina 10 se pretende abrir un escenario para el dialogo, la reflexi\u00f3n y el debate que se extienda a otras geograf\u00edas de Am\u00e9rica Latina y del planeta, en una apuesta por transformar colectivamente los desaf\u00edos de un mundo contempor\u00e1neo, m\u00e1s all\u00e1 de las fronteras impuestas.\",\"url\":\"https:\/\/pagina10.com\/web\/author\/pdiezadmin\/\"}]}<\/script>\n<!-- \/ Yoast SEO plugin. -->","yoast_head_json":{"title":"Comunidad Ind\u00edgena Aw\u00e1 inform\u00f3 horarios de cierre y apertura de v\u00eda en medio del paro en Altaquer-Nari\u00f1o | P\u00e1gina10","robots":{"index":"index","follow":"follow","max-snippet":"max-snippet:-1","max-image-preview":"max-image-preview:large","max-video-preview":"max-video-preview:-1"},"canonical":"https:\/\/pagina10.com\/web\/comunidad-indigena-awa-informo-horarios-de-cierre-y-apertura-de-via-en-medio-del-paro-en-altaquer-narino\/","og_locale":"es_ES","og_type":"article","og_title":"Comunidad Ind\u00edgena Aw\u00e1 inform\u00f3 horarios de cierre y apertura de v\u00eda en medio del paro en Altaquer-Nari\u00f1o | P\u00e1gina10","og_description":"Comunidad Ind\u00edgena Aw\u00e1 inform\u00f3 horarios de cierre y apertura de v\u00eda en medio del paro en Altaquer-Nari\u00f1o Comunidad Ind\u00edgena Aw\u00e1 revel\u00f3 los horarios de tr\u00e1nsito permitidos por el Resguardo del corregimiento de Altaquer, en el municipio de Barbacoas, v\u00eda Tumaco \u2013 Pasto, en el marco del paro que ya supera una semana. De 5:00 a [&hellip;]","og_url":"https:\/\/pagina10.com\/web\/comunidad-indigena-awa-informo-horarios-de-cierre-y-apertura-de-via-en-medio-del-paro-en-altaquer-narino\/","og_site_name":"P\u00e1gina10","article_publisher":"https:\/\/www.facebook.com\/pag10com","article_published_time":"2023-07-11T22:55:21+00:00","og_image":[{"width":1600,"height":1200,"url":"https:\/\/pagina10.com\/web\/wp-content\/uploads\/2023\/07\/IMG-20230711-WA0041.jpg","type":"image\/jpeg"}],"author":"P\u00e1gina 10","twitter_card":"summary_large_image","twitter_creator":"@Pag10com","twitter_site":"@Pag10com","twitter_misc":{"Escrito por":"P\u00e1gina 10","Tiempo de lectura":"1 minuto"},"schema":{"@context":"https:\/\/schema.org","@graph":[{"@type":"Article","@id":"https:\/\/pagina10.com\/web\/comunidad-indigena-awa-informo-horarios-de-cierre-y-apertura-de-via-en-medio-del-paro-en-altaquer-narino\/#article","isPartOf":{"@id":"https:\/\/pagina10.com\/web\/comunidad-indigena-awa-informo-horarios-de-cierre-y-apertura-de-via-en-medio-del-paro-en-altaquer-narino\/"},"author":{"name":"P\u00e1gina 10","@id":"https:\/\/pagina10.com\/web\/#\/schema\/person\/2efc4a090d25b667d3bc796798a3a81b"},"headline":"Comunidad Ind\u00edgena Aw\u00e1 inform\u00f3 horarios de cierre y apertura de v\u00eda en medio del paro en Altaquer-Nari\u00f1o","datePublished":"2023-07-11T22:55:21+00:00","mainEntityOfPage":{"@id":"https:\/\/pagina10.com\/web\/comunidad-indigena-awa-informo-horarios-de-cierre-y-apertura-de-via-en-medio-del-paro-en-altaquer-narino\/"},"wordCount":175,"commentCount":0,"publisher":{"@id":"https:\/\/pagina10.com\/web\/#organization"},"image":{"@id":"https:\/\/pagina10.com\/web\/comunidad-indigena-awa-informo-horarios-de-cierre-y-apertura-de-via-en-medio-del-paro-en-altaquer-narino\/#primaryimage"},"thumbnailUrl":"https:\/\/pagina10.com\/web\/wp-content\/uploads\/2023\/07\/IMG-20230711-WA0041.jpg","articleSection":["Regiones"],"inLanguage":"es","potentialAction":[{"@type":"CommentAction","name":"Comment","target":["https:\/\/pagina10.com\/web\/comunidad-indigena-awa-informo-horarios-de-cierre-y-apertura-de-via-en-medio-del-paro-en-altaquer-narino\/#respond"]}]},{"@type":"WebPage","@id":"https:\/\/pagina10.com\/web\/comunidad-indigena-awa-informo-horarios-de-cierre-y-apertura-de-via-en-medio-del-paro-en-altaquer-narino\/","url":"https:\/\/pagina10.com\/web\/comunidad-indigena-awa-informo-horarios-de-cierre-y-apertura-de-via-en-medio-del-paro-en-altaquer-narino\/","name":"Comunidad Ind\u00edgena Aw\u00e1 inform\u00f3 horarios de cierre y apertura de v\u00eda en medio del paro en Altaquer-Nari\u00f1o | P\u00e1gina10","isPartOf":{"@id":"https:\/\/pagina10.com\/web\/#website"},"primaryImageOfPage":{"@id":"https:\/\/pagina10.com\/web\/comunidad-indigena-awa-informo-horarios-de-cierre-y-apertura-de-via-en-medio-del-paro-en-altaquer-narino\/#primaryimage"},"image":{"@id":"https:\/\/pagina10.com\/web\/comunidad-indigena-awa-informo-horarios-de-cierre-y-apertura-de-via-en-medio-del-paro-en-altaquer-narino\/#primaryimage"},"thumbnailUrl":"https:\/\/pagina10.com\/web\/wp-content\/uploads\/2023\/07\/IMG-20230711-WA0041.jpg","datePublished":"2023-07-11T22:55:21+00:00","breadcrumb":{"@id":"https:\/\/pagina10.com\/web\/comunidad-indigena-awa-informo-horarios-de-cierre-y-apertura-de-via-en-medio-del-paro-en-altaquer-narino\/#breadcrumb"},"inLanguage":"es","potentialAction":[{"@type":"ReadAction","target":["https:\/\/pagina10.com\/web\/comunidad-indigena-awa-informo-horarios-de-cierre-y-apertura-de-via-en-medio-del-paro-en-altaquer-narino\/"]}]},{"@type":"ImageObject","inLanguage":"es","@id":"https:\/\/pagina10.com\/web\/comunidad-indigena-awa-informo-horarios-de-cierre-y-apertura-de-via-en-medio-del-paro-en-altaquer-narino\/#primaryimage","url":"https:\/\/pagina10.com\/web\/wp-content\/uploads\/2023\/07\/IMG-20230711-WA0041.jpg","contentUrl":"https:\/\/pagina10.com\/web\/wp-content\/uploads\/2023\/07\/IMG-20230711-WA0041.jpg","width":1600,"height":1200},{"@type":"BreadcrumbList","@id":"https:\/\/pagina10.com\/web\/comunidad-indigena-awa-informo-horarios-de-cierre-y-apertura-de-via-en-medio-del-paro-en-altaquer-narino\/#breadcrumb","itemListElement":[{"@type":"ListItem","position":1,"name":"Portada","item":"https:\/\/pagina10.com\/web\/"},{"@type":"ListItem","position":2,"name":"Comunidad Ind\u00edgena Aw\u00e1 inform\u00f3 horarios de cierre y apertura de v\u00eda en medio del paro en Altaquer-Nari\u00f1o"}]},{"@type":"WebSite","@id":"https:\/\/pagina10.com\/web\/#website","url":"https:\/\/pagina10.com\/web\/","name":"P\u00e1gina10","description":"Peri\u00f3dico Regional","publisher":{"@id":"https:\/\/pagina10.com\/web\/#organization"},"alternateName":"P\u00e1gina10 Peri\u00f3dico Regional","potentialAction":[{"@type":"SearchAction","target":{"@type":"EntryPoint","urlTemplate":"https:\/\/pagina10.com\/web\/?s={search_term_string}"},"query-input":{"@type":"PropertyValueSpecification","valueRequired":true,"valueName":"search_term_string"}}],"inLanguage":"es"},{"@type":"Organization","@id":"https:\/\/pagina10.com\/web\/#organization","name":"P\u00e1gina10","alternateName":"P\u00e1gina10 Peri\u00f3dico Regional","url":"https:\/\/pagina10.com\/web\/","logo":{"@type":"ImageObject","inLanguage":"es","@id":"https:\/\/pagina10.com\/web\/#\/schema\/logo\/image\/","url":"https:\/\/pagina10.com\/web\/wp-content\/uploads\/2024\/01\/40-pagina-10-periodico-regional-pasto.jpg","contentUrl":"https:\/\/pagina10.com\/web\/wp-content\/uploads\/2024\/01\/40-pagina-10-periodico-regional-pasto.jpg","width":1280,"height":720,"caption":"P\u00e1gina10"},"image":{"@id":"https:\/\/pagina10.com\/web\/#\/schema\/logo\/image\/"},"sameAs":["https:\/\/www.facebook.com\/pag10com","https:\/\/x.com\/Pag10com","https:\/\/www.instagram.com\/pagina10col\/","https:\/\/youtube.com\/channel\/pag10","https:\/\/www.tiktok.com\/@p10col"]},{"@type":"Person","@id":"https:\/\/pagina10.com\/web\/#\/schema\/person\/2efc4a090d25b667d3bc796798a3a81b","name":"P\u00e1gina 10","description":"P\u00e1gina 10 es un peri\u00f3dico regional que nace en Colombia, en el departamento de Nari\u00f1o, con un enfoque global, fundamentado en cuatro pilares esenciales: la libertad, el pluralismo, la inclusi\u00f3n y la independencia. P\u00e1gina 10 hace referencia a Nari\u00f1o como el d\u00e9cimo departamento creado en Colombia, despu\u00e9s de un proceso pol\u00edtico liderado por actores y actrices regionales con el fin de obtener la independencia y autonom\u00eda de nuestros territorios. Con la creaci\u00f3n de P\u00e1gina 10 se pretende abrir un escenario para el dialogo, la reflexi\u00f3n y el debate que se extienda a otras geograf\u00edas de Am\u00e9rica Latina y del planeta, en una apuesta por transformar colectivamente los desaf\u00edos de un mundo contempor\u00e1neo, m\u00e1s all\u00e1 de las fronteras impuestas.","url":"https:\/\/pagina10.com\/web\/author\/pdiezadmin\/"}]}},"_links":{"self":[{"href":"https:\/\/pagina10.com\/web\/wp-json\/wp\/v2\/posts\/67401","targetHints":{"allow":["GET"]}}],"collection":[{"href":"https:\/\/pagina10.com\/web\/wp-json\/wp\/v2\/posts"}],"about":[{"href":"https:\/\/pagina10.com\/web\/wp-json\/wp\/v2\/types\/post"}],"author":[{"embeddable":true,"href":"https:\/\/pagina10.com\/web\/wp-json\/wp\/v2\/users\/1"}],"replies":[{"embeddable":true,"href":"https:\/\/pagina10.com\/web\/wp-json\/wp\/v2\/comments?post=67401"}],"version-history":[{"count":2,"href":"https:\/\/pagina10.com\/web\/wp-json\/wp\/v2\/posts\/67401\/revisions"}],"predecessor-version":[{"id":67404,"href":"https:\/\/pagina10.com\/web\/wp-json\/wp\/v2\/posts\/67401\/revisions\/67404"}],"wp:featuredmedia":[{"embeddable":true,"href":"https:\/\/pagina10.com\/web\/wp-json\/wp\/v2\/media\/67403"}],"wp:attachment":[{"href":"https:\/\/pagina10.com\/web\/wp-json\/wp\/v2\/media?parent=67401"}],"wp:term":[{"taxonomy":"category","embeddable":true,"href":"https:\/\/pagina10.com\/web\/wp-json\/wp\/v2\/categories?post=67401"},{"taxonomy":"post_tag","embeddable":true,"href":"https:\/\/pagina10.com\/web\/wp-json\/wp\/v2\/tags?post=67401"}],"curies":[{"name":"wp","href":"https:\/\/api.w.org\/{rel}","templated":true}]}}