{"id":6758,"date":"2014-02-20T16:29:05","date_gmt":"2014-02-20T16:29:05","guid":{"rendered":"https:\/\/pagina10.com\/web\/reubican-puesto-de-votacion-del-colegio-javeriano\/"},"modified":"2014-02-20T16:29:05","modified_gmt":"2014-02-20T16:29:05","slug":"reubican-puesto-de-votacion-del-colegio-javeriano","status":"publish","type":"post","link":"https:\/\/pagina10.com\/web\/reubican-puesto-de-votacion-del-colegio-javeriano\/","title":{"rendered":"Reubican puesto de votaci\u00f3n del Colegio Javeriano"},"content":{"rendered":"<p><img fetchpriority=\"high\" decoding=\"async\" class=\" size-full wp-image-6757\" src=\"https:\/\/pagina10.com\/web\/wp-content\/uploads\/2014\/02\/d492193f3f2a2e42c32826d68492285d.jpg\" alt=\"\" width=\"600\" height=\"338\" srcset=\"https:\/\/pagina10.com\/web\/wp-content\/uploads\/2014\/02\/d492193f3f2a2e42c32826d68492285d.jpg 600w, https:\/\/pagina10.com\/web\/wp-content\/uploads\/2014\/02\/d492193f3f2a2e42c32826d68492285d-300x169.jpg 300w\" sizes=\"(max-width: 600px) 100vw, 600px\" \/><\/p>\n<p style=\"text-align: justify;\">La Alcald\u00eda de Pasto y la Registradur\u00eda Nacional del Estado Civil comunican a los ciudadanos que tienen inscrita su c\u00e9dula en el punto de votaci\u00f3n del Colegio San Francisco Javier, que las 32 mesas de votaci\u00f3n de la zona electoral 01 puesto 3, se reubicar\u00e1n en el edificio de la Gobernaci\u00f3n de Nari\u00f1o de la calle 19 N\u00ba 23-78 para elecci\u00f3n de Congreso de la Rep\u00fablica y Parlamento Andino a realizarse el 9 de marzo de 2014.<\/p>\n<p style=\"text-align: justify;\">&nbsp;<\/p>\n<p style=\"text-align: justify;\">Esta decisi\u00f3n se debe a la remodelaci\u00f3n de la instituci\u00f3n educativa que contempla su culminaci\u00f3n para finales de junio y donde actualmente el contratista adelanta trabajos para minimizar retrasos lo que genera factores de riesgos e imposibilita el acceso al claustro.&nbsp;<\/p>\n<p style=\"text-align: justify;\">&nbsp;<\/p>\n<p style=\"text-align: justify;\">Para consultar su lugar de votaci\u00f3n puede acceder a la p\u00e1gina web de la Registradur\u00eda Nacional:<a href=\"http:\/\/www.registraduria.gov.co\/-Censo-Electoral-.html\" target=\"_blank\">&nbsp;http:\/\/www.registraduria.gov.co\/-Censo-Electoral-.html<\/a><\/p>\n<p style=\"text-align: justify;\">&nbsp;<\/p>\n","protected":false},"excerpt":{"rendered":"<p>La Alcald\u00eda de Pasto y la Registradur\u00eda Nacional del Estado Civil comunican a los ciudadanos que tienen inscrita su c\u00e9dula en el punto de votaci\u00f3n del Colegio San Francisco Javier, que las 32 mesas de votaci\u00f3n de la zona electoral 01 puesto 3, se reubicar\u00e1n en el edificio de la Gobernaci\u00f3n de Nari\u00f1o de la [&hellip;]<\/p>\n","protected":false},"author":29,"featured_media":6757,"comment_status":"open","ping_status":"open","sticky":false,"template":"","format":"standard","meta":{"footnotes":""},"categories":[82],"tags":[],"class_list":["post-6758","post","type-post","status-publish","format-standard","has-post-thumbnail","hentry","category-ciudad-2"],"yoast_head":"<!-- This site is optimized with the Yoast SEO plugin v27.1.1 - https:\/\/yoast.com\/product\/yoast-seo-wordpress\/ -->\n<title>Reubican puesto de votaci\u00f3n del Colegio Javeriano | P\u00e1gina10<\/title>\n<meta name=\"robots\" content=\"index, follow, max-snippet:-1, max-image-preview:large, max-video-preview:-1\" \/>\n<link rel=\"canonical\" href=\"https:\/\/pagina10.com\/web\/reubican-puesto-de-votacion-del-colegio-javeriano\/\" \/>\n<meta property=\"og:locale\" content=\"es_ES\" \/>\n<meta property=\"og:type\" content=\"article\" \/>\n<meta property=\"og:title\" content=\"Reubican puesto de votaci\u00f3n del Colegio Javeriano | P\u00e1gina10\" \/>\n<meta property=\"og:description\" content=\"La Alcald\u00eda de Pasto y la Registradur\u00eda Nacional del Estado Civil comunican a los ciudadanos que tienen inscrita su c\u00e9dula en el punto de votaci\u00f3n del Colegio San Francisco Javier, que las 32 mesas de votaci\u00f3n de la zona electoral 01 puesto 3, se reubicar\u00e1n en el edificio de la Gobernaci\u00f3n de Nari\u00f1o de la [&hellip;]\" \/>\n<meta property=\"og:url\" content=\"https:\/\/pagina10.com\/web\/reubican-puesto-de-votacion-del-colegio-javeriano\/\" \/>\n<meta property=\"og:site_name\" content=\"P\u00e1gina10\" \/>\n<meta property=\"article:publisher\" content=\"https:\/\/www.facebook.com\/pag10com\" \/>\n<meta property=\"article:published_time\" content=\"2014-02-20T16:29:05+00:00\" \/>\n<meta property=\"og:image\" content=\"https:\/\/pagina10.com\/web\/wp-content\/uploads\/2014\/02\/d492193f3f2a2e42c32826d68492285d.jpg\" \/>\n\t<meta property=\"og:image:width\" content=\"600\" \/>\n\t<meta property=\"og:image:height\" content=\"338\" \/>\n\t<meta property=\"og:image:type\" content=\"image\/jpeg\" \/>\n<meta name=\"author\" content=\"P\u00e1gina 10\" \/>\n<meta name=\"twitter:card\" content=\"summary_large_image\" \/>\n<meta name=\"twitter:creator\" content=\"@Pag10com\" \/>\n<meta name=\"twitter:site\" content=\"@Pag10com\" \/>\n<meta name=\"twitter:label1\" content=\"Escrito por\" \/>\n\t<meta name=\"twitter:data1\" content=\"P\u00e1gina 10\" \/>\n\t<meta name=\"twitter:label2\" content=\"Tiempo de lectura\" \/>\n\t<meta name=\"twitter:data2\" content=\"1 minuto\" \/>\n<script type=\"application\/ld+json\" class=\"yoast-schema-graph\">{\"@context\":\"https:\/\/schema.org\",\"@graph\":[{\"@type\":\"Article\",\"@id\":\"https:\/\/pagina10.com\/web\/reubican-puesto-de-votacion-del-colegio-javeriano\/#article\",\"isPartOf\":{\"@id\":\"https:\/\/pagina10.com\/web\/reubican-puesto-de-votacion-del-colegio-javeriano\/\"},\"author\":{\"name\":\"P\u00e1gina 10\",\"@id\":\"https:\/\/pagina10.com\/web\/#\/schema\/person\/a7a5d38f0629dfc107f619fbae4f6cc3\"},\"headline\":\"Reubican puesto de votaci\u00f3n del Colegio Javeriano\",\"datePublished\":\"2014-02-20T16:29:05+00:00\",\"mainEntityOfPage\":{\"@id\":\"https:\/\/pagina10.com\/web\/reubican-puesto-de-votacion-del-colegio-javeriano\/\"},\"wordCount\":165,\"commentCount\":0,\"publisher\":{\"@id\":\"https:\/\/pagina10.com\/web\/#organization\"},\"image\":{\"@id\":\"https:\/\/pagina10.com\/web\/reubican-puesto-de-votacion-del-colegio-javeriano\/#primaryimage\"},\"thumbnailUrl\":\"https:\/\/pagina10.com\/web\/wp-content\/uploads\/2014\/02\/d492193f3f2a2e42c32826d68492285d.jpg\",\"articleSection\":[\"Ciudad\"],\"inLanguage\":\"es\",\"potentialAction\":[{\"@type\":\"CommentAction\",\"name\":\"Comment\",\"target\":[\"https:\/\/pagina10.com\/web\/reubican-puesto-de-votacion-del-colegio-javeriano\/#respond\"]}]},{\"@type\":\"WebPage\",\"@id\":\"https:\/\/pagina10.com\/web\/reubican-puesto-de-votacion-del-colegio-javeriano\/\",\"url\":\"https:\/\/pagina10.com\/web\/reubican-puesto-de-votacion-del-colegio-javeriano\/\",\"name\":\"Reubican puesto de votaci\u00f3n del Colegio Javeriano | P\u00e1gina10\",\"isPartOf\":{\"@id\":\"https:\/\/pagina10.com\/web\/#website\"},\"primaryImageOfPage\":{\"@id\":\"https:\/\/pagina10.com\/web\/reubican-puesto-de-votacion-del-colegio-javeriano\/#primaryimage\"},\"image\":{\"@id\":\"https:\/\/pagina10.com\/web\/reubican-puesto-de-votacion-del-colegio-javeriano\/#primaryimage\"},\"thumbnailUrl\":\"https:\/\/pagina10.com\/web\/wp-content\/uploads\/2014\/02\/d492193f3f2a2e42c32826d68492285d.jpg\",\"datePublished\":\"2014-02-20T16:29:05+00:00\",\"breadcrumb\":{\"@id\":\"https:\/\/pagina10.com\/web\/reubican-puesto-de-votacion-del-colegio-javeriano\/#breadcrumb\"},\"inLanguage\":\"es\",\"potentialAction\":[{\"@type\":\"ReadAction\",\"target\":[\"https:\/\/pagina10.com\/web\/reubican-puesto-de-votacion-del-colegio-javeriano\/\"]}]},{\"@type\":\"ImageObject\",\"inLanguage\":\"es\",\"@id\":\"https:\/\/pagina10.com\/web\/reubican-puesto-de-votacion-del-colegio-javeriano\/#primaryimage\",\"url\":\"https:\/\/pagina10.com\/web\/wp-content\/uploads\/2014\/02\/d492193f3f2a2e42c32826d68492285d.jpg\",\"contentUrl\":\"https:\/\/pagina10.com\/web\/wp-content\/uploads\/2014\/02\/d492193f3f2a2e42c32826d68492285d.jpg\",\"width\":600,\"height\":338},{\"@type\":\"BreadcrumbList\",\"@id\":\"https:\/\/pagina10.com\/web\/reubican-puesto-de-votacion-del-colegio-javeriano\/#breadcrumb\",\"itemListElement\":[{\"@type\":\"ListItem\",\"position\":1,\"name\":\"Portada\",\"item\":\"https:\/\/pagina10.com\/web\/\"},{\"@type\":\"ListItem\",\"position\":2,\"name\":\"Reubican puesto de votaci\u00f3n del Colegio Javeriano\"}]},{\"@type\":\"WebSite\",\"@id\":\"https:\/\/pagina10.com\/web\/#website\",\"url\":\"https:\/\/pagina10.com\/web\/\",\"name\":\"P\u00e1gina10\",\"description\":\"Peri\u00f3dico Regional\",\"publisher\":{\"@id\":\"https:\/\/pagina10.com\/web\/#organization\"},\"alternateName\":\"P\u00e1gina10 Peri\u00f3dico Regional\",\"potentialAction\":[{\"@type\":\"SearchAction\",\"target\":{\"@type\":\"EntryPoint\",\"urlTemplate\":\"https:\/\/pagina10.com\/web\/?s={search_term_string}\"},\"query-input\":{\"@type\":\"PropertyValueSpecification\",\"valueRequired\":true,\"valueName\":\"search_term_string\"}}],\"inLanguage\":\"es\"},{\"@type\":\"Organization\",\"@id\":\"https:\/\/pagina10.com\/web\/#organization\",\"name\":\"P\u00e1gina10\",\"alternateName\":\"P\u00e1gina10 Peri\u00f3dico Regional\",\"url\":\"https:\/\/pagina10.com\/web\/\",\"logo\":{\"@type\":\"ImageObject\",\"inLanguage\":\"es\",\"@id\":\"https:\/\/pagina10.com\/web\/#\/schema\/logo\/image\/\",\"url\":\"https:\/\/pagina10.com\/web\/wp-content\/uploads\/2024\/01\/40-pagina-10-periodico-regional-pasto.jpg\",\"contentUrl\":\"https:\/\/pagina10.com\/web\/wp-content\/uploads\/2024\/01\/40-pagina-10-periodico-regional-pasto.jpg\",\"width\":1280,\"height\":720,\"caption\":\"P\u00e1gina10\"},\"image\":{\"@id\":\"https:\/\/pagina10.com\/web\/#\/schema\/logo\/image\/\"},\"sameAs\":[\"https:\/\/www.facebook.com\/pag10com\",\"https:\/\/x.com\/Pag10com\",\"https:\/\/www.instagram.com\/pagina10col\/\",\"https:\/\/youtube.com\/channel\/pag10\",\"https:\/\/www.tiktok.com\/@p10col\"]},{\"@type\":\"Person\",\"@id\":\"https:\/\/pagina10.com\/web\/#\/schema\/person\/a7a5d38f0629dfc107f619fbae4f6cc3\",\"name\":\"P\u00e1gina 10\",\"description\":\"P\u00e1gina10.com es un peri\u00f3dico digital que nace en Colombia, en el departamento de Nari\u00f1o, con un enfoque global, fundamentado en cuatro pilares esenciales: la libertad, el pluralismo, la inclusi\u00f3n y la independencia. P\u00e1gina10.com hace referencia a Nari\u00f1o como el d\u00e9cimo departamento creado en Colombia, despu\u00e9s de un proceso pol\u00edtico liderado por actores y actrices regionales con el fin de obtener la independencia y autonom\u00eda de nuestros territorios. Con la creaci\u00f3n de P\u00e1gina10.com se pretende abrir un escenario para el dialogo, la reflexi\u00f3n y el debate que se extienda a otras geograf\u00edas de Am\u00e9rica Latina y del planeta, en una apuesta por transformar colectivamente los desaf\u00edos de un mundo contempor\u00e1neo, m\u00e1s all\u00e1 de las fronteras impuestas.\",\"url\":\"https:\/\/pagina10.com\/web\/author\/mcepeda\/\"}]}<\/script>\n<!-- \/ Yoast SEO plugin. -->","yoast_head_json":{"title":"Reubican puesto de votaci\u00f3n del Colegio Javeriano | P\u00e1gina10","robots":{"index":"index","follow":"follow","max-snippet":"max-snippet:-1","max-image-preview":"max-image-preview:large","max-video-preview":"max-video-preview:-1"},"canonical":"https:\/\/pagina10.com\/web\/reubican-puesto-de-votacion-del-colegio-javeriano\/","og_locale":"es_ES","og_type":"article","og_title":"Reubican puesto de votaci\u00f3n del Colegio Javeriano | P\u00e1gina10","og_description":"La Alcald\u00eda de Pasto y la Registradur\u00eda Nacional del Estado Civil comunican a los ciudadanos que tienen inscrita su c\u00e9dula en el punto de votaci\u00f3n del Colegio San Francisco Javier, que las 32 mesas de votaci\u00f3n de la zona electoral 01 puesto 3, se reubicar\u00e1n en el edificio de la Gobernaci\u00f3n de Nari\u00f1o de la [&hellip;]","og_url":"https:\/\/pagina10.com\/web\/reubican-puesto-de-votacion-del-colegio-javeriano\/","og_site_name":"P\u00e1gina10","article_publisher":"https:\/\/www.facebook.com\/pag10com","article_published_time":"2014-02-20T16:29:05+00:00","og_image":[{"width":600,"height":338,"url":"https:\/\/pagina10.com\/web\/wp-content\/uploads\/2014\/02\/d492193f3f2a2e42c32826d68492285d.jpg","type":"image\/jpeg"}],"author":"P\u00e1gina 10","twitter_card":"summary_large_image","twitter_creator":"@Pag10com","twitter_site":"@Pag10com","twitter_misc":{"Escrito por":"P\u00e1gina 10","Tiempo de lectura":"1 minuto"},"schema":{"@context":"https:\/\/schema.org","@graph":[{"@type":"Article","@id":"https:\/\/pagina10.com\/web\/reubican-puesto-de-votacion-del-colegio-javeriano\/#article","isPartOf":{"@id":"https:\/\/pagina10.com\/web\/reubican-puesto-de-votacion-del-colegio-javeriano\/"},"author":{"name":"P\u00e1gina 10","@id":"https:\/\/pagina10.com\/web\/#\/schema\/person\/a7a5d38f0629dfc107f619fbae4f6cc3"},"headline":"Reubican puesto de votaci\u00f3n del Colegio Javeriano","datePublished":"2014-02-20T16:29:05+00:00","mainEntityOfPage":{"@id":"https:\/\/pagina10.com\/web\/reubican-puesto-de-votacion-del-colegio-javeriano\/"},"wordCount":165,"commentCount":0,"publisher":{"@id":"https:\/\/pagina10.com\/web\/#organization"},"image":{"@id":"https:\/\/pagina10.com\/web\/reubican-puesto-de-votacion-del-colegio-javeriano\/#primaryimage"},"thumbnailUrl":"https:\/\/pagina10.com\/web\/wp-content\/uploads\/2014\/02\/d492193f3f2a2e42c32826d68492285d.jpg","articleSection":["Ciudad"],"inLanguage":"es","potentialAction":[{"@type":"CommentAction","name":"Comment","target":["https:\/\/pagina10.com\/web\/reubican-puesto-de-votacion-del-colegio-javeriano\/#respond"]}]},{"@type":"WebPage","@id":"https:\/\/pagina10.com\/web\/reubican-puesto-de-votacion-del-colegio-javeriano\/","url":"https:\/\/pagina10.com\/web\/reubican-puesto-de-votacion-del-colegio-javeriano\/","name":"Reubican puesto de votaci\u00f3n del Colegio Javeriano | P\u00e1gina10","isPartOf":{"@id":"https:\/\/pagina10.com\/web\/#website"},"primaryImageOfPage":{"@id":"https:\/\/pagina10.com\/web\/reubican-puesto-de-votacion-del-colegio-javeriano\/#primaryimage"},"image":{"@id":"https:\/\/pagina10.com\/web\/reubican-puesto-de-votacion-del-colegio-javeriano\/#primaryimage"},"thumbnailUrl":"https:\/\/pagina10.com\/web\/wp-content\/uploads\/2014\/02\/d492193f3f2a2e42c32826d68492285d.jpg","datePublished":"2014-02-20T16:29:05+00:00","breadcrumb":{"@id":"https:\/\/pagina10.com\/web\/reubican-puesto-de-votacion-del-colegio-javeriano\/#breadcrumb"},"inLanguage":"es","potentialAction":[{"@type":"ReadAction","target":["https:\/\/pagina10.com\/web\/reubican-puesto-de-votacion-del-colegio-javeriano\/"]}]},{"@type":"ImageObject","inLanguage":"es","@id":"https:\/\/pagina10.com\/web\/reubican-puesto-de-votacion-del-colegio-javeriano\/#primaryimage","url":"https:\/\/pagina10.com\/web\/wp-content\/uploads\/2014\/02\/d492193f3f2a2e42c32826d68492285d.jpg","contentUrl":"https:\/\/pagina10.com\/web\/wp-content\/uploads\/2014\/02\/d492193f3f2a2e42c32826d68492285d.jpg","width":600,"height":338},{"@type":"BreadcrumbList","@id":"https:\/\/pagina10.com\/web\/reubican-puesto-de-votacion-del-colegio-javeriano\/#breadcrumb","itemListElement":[{"@type":"ListItem","position":1,"name":"Portada","item":"https:\/\/pagina10.com\/web\/"},{"@type":"ListItem","position":2,"name":"Reubican puesto de votaci\u00f3n del Colegio Javeriano"}]},{"@type":"WebSite","@id":"https:\/\/pagina10.com\/web\/#website","url":"https:\/\/pagina10.com\/web\/","name":"P\u00e1gina10","description":"Peri\u00f3dico Regional","publisher":{"@id":"https:\/\/pagina10.com\/web\/#organization"},"alternateName":"P\u00e1gina10 Peri\u00f3dico Regional","potentialAction":[{"@type":"SearchAction","target":{"@type":"EntryPoint","urlTemplate":"https:\/\/pagina10.com\/web\/?s={search_term_string}"},"query-input":{"@type":"PropertyValueSpecification","valueRequired":true,"valueName":"search_term_string"}}],"inLanguage":"es"},{"@type":"Organization","@id":"https:\/\/pagina10.com\/web\/#organization","name":"P\u00e1gina10","alternateName":"P\u00e1gina10 Peri\u00f3dico Regional","url":"https:\/\/pagina10.com\/web\/","logo":{"@type":"ImageObject","inLanguage":"es","@id":"https:\/\/pagina10.com\/web\/#\/schema\/logo\/image\/","url":"https:\/\/pagina10.com\/web\/wp-content\/uploads\/2024\/01\/40-pagina-10-periodico-regional-pasto.jpg","contentUrl":"https:\/\/pagina10.com\/web\/wp-content\/uploads\/2024\/01\/40-pagina-10-periodico-regional-pasto.jpg","width":1280,"height":720,"caption":"P\u00e1gina10"},"image":{"@id":"https:\/\/pagina10.com\/web\/#\/schema\/logo\/image\/"},"sameAs":["https:\/\/www.facebook.com\/pag10com","https:\/\/x.com\/Pag10com","https:\/\/www.instagram.com\/pagina10col\/","https:\/\/youtube.com\/channel\/pag10","https:\/\/www.tiktok.com\/@p10col"]},{"@type":"Person","@id":"https:\/\/pagina10.com\/web\/#\/schema\/person\/a7a5d38f0629dfc107f619fbae4f6cc3","name":"P\u00e1gina 10","description":"P\u00e1gina10.com es un peri\u00f3dico digital que nace en Colombia, en el departamento de Nari\u00f1o, con un enfoque global, fundamentado en cuatro pilares esenciales: la libertad, el pluralismo, la inclusi\u00f3n y la independencia. P\u00e1gina10.com hace referencia a Nari\u00f1o como el d\u00e9cimo departamento creado en Colombia, despu\u00e9s de un proceso pol\u00edtico liderado por actores y actrices regionales con el fin de obtener la independencia y autonom\u00eda de nuestros territorios. Con la creaci\u00f3n de P\u00e1gina10.com se pretende abrir un escenario para el dialogo, la reflexi\u00f3n y el debate que se extienda a otras geograf\u00edas de Am\u00e9rica Latina y del planeta, en una apuesta por transformar colectivamente los desaf\u00edos de un mundo contempor\u00e1neo, m\u00e1s all\u00e1 de las fronteras impuestas.","url":"https:\/\/pagina10.com\/web\/author\/mcepeda\/"}]}},"_links":{"self":[{"href":"https:\/\/pagina10.com\/web\/wp-json\/wp\/v2\/posts\/6758","targetHints":{"allow":["GET"]}}],"collection":[{"href":"https:\/\/pagina10.com\/web\/wp-json\/wp\/v2\/posts"}],"about":[{"href":"https:\/\/pagina10.com\/web\/wp-json\/wp\/v2\/types\/post"}],"author":[{"embeddable":true,"href":"https:\/\/pagina10.com\/web\/wp-json\/wp\/v2\/users\/29"}],"replies":[{"embeddable":true,"href":"https:\/\/pagina10.com\/web\/wp-json\/wp\/v2\/comments?post=6758"}],"version-history":[{"count":0,"href":"https:\/\/pagina10.com\/web\/wp-json\/wp\/v2\/posts\/6758\/revisions"}],"wp:featuredmedia":[{"embeddable":true,"href":"https:\/\/pagina10.com\/web\/wp-json\/wp\/v2\/media\/6757"}],"wp:attachment":[{"href":"https:\/\/pagina10.com\/web\/wp-json\/wp\/v2\/media?parent=6758"}],"wp:term":[{"taxonomy":"category","embeddable":true,"href":"https:\/\/pagina10.com\/web\/wp-json\/wp\/v2\/categories?post=6758"},{"taxonomy":"post_tag","embeddable":true,"href":"https:\/\/pagina10.com\/web\/wp-json\/wp\/v2\/tags?post=6758"}],"curies":[{"name":"wp","href":"https:\/\/api.w.org\/{rel}","templated":true}]}}