{"id":67651,"date":"2023-07-22T21:36:01","date_gmt":"2023-07-23T02:36:01","guid":{"rendered":"https:\/\/pagina10.com\/web\/?p=67651"},"modified":"2023-07-22T21:36:01","modified_gmt":"2023-07-23T02:36:01","slug":"gobernacion-de-narino-invertira-en-proyecto-de-infraestructura-para-poblacion-vulnerable","status":"publish","type":"post","link":"https:\/\/pagina10.com\/web\/gobernacion-de-narino-invertira-en-proyecto-de-infraestructura-para-poblacion-vulnerable\/","title":{"rendered":"Gobernaci\u00f3n de Nari\u00f1o invertir\u00e1 en proyecto de infraestructura para poblaci\u00f3n vulnerable."},"content":{"rendered":"<p style=\"text-align: justify;\">Ante la aprobaci\u00f3n de recursos propios de la Gobernaci\u00f3n de Nari\u00f1o, por el orden de 500 millones, se iniciar\u00e1 el proceso de adecuaci\u00f3n locativa del bien inmueble, ubicado en la calle 20 b # 11 \u2013 146, Barrio El Recuerdo; el cual es propiedad de la Administraci\u00f3n y que ha permanecido en uso de la organizaci\u00f3n Coordinar y fundaciones de personas con discapacidad.<\/p>\n<p style=\"text-align: justify;\">En cumplimiento del trabajo en beneficio de los grupos poblacionales m\u00e1s vulnerables, se establece el amplio beneficio que el proyecto de mejora en la infraestructura representar\u00e1 para la poblaci\u00f3n con discapacidad del Departamento, a trav\u00e9s, del cual se garantiza la continuidad del los procesos que las organizaciones Coordinar, Juvensor, Asornar y Asomina desarrollan.<br \/>\nSe aclara a la opini\u00f3n p\u00fablica, que el Gobierno Departamental no tiene ning\u00fan tipo de relaci\u00f3n contractual con la se\u00f1ora Isolina Vargas, su n\u00facleo familiar o allegados. Al respecto, la Directora Ejecutiva de Coordinar, Amparo Chamorro, afirma que: &#8220;Realmente la Gobernaci\u00f3n nunca invit\u00f3 a la se\u00f1ora a trabajar all\u00ed, en el momento en que ella lleg\u00f3 ten\u00eda una dif\u00edcil situaci\u00f3n econ\u00f3mica, hice un acto de humanidad al recibirla; quiero ser clara en que la Gobernaci\u00f3n no tuvo que ver en esto.&#8221;<\/p>\n<p>Ante el caso y en el marco de las acciones sociales y de responsabilidad de la Gobernaci\u00f3n de Nari\u00f1o, se establece que se realizar\u00e1 intervenci\u00f3n en beneficio del grupo familiar de la se\u00f1ora Isolina Vargas como lo explica la Secretaria de Equidad de G\u00e9nero e Inclusi\u00f3n Social, Diana de Los R\u00edos, quien manifiesta que:<br \/>\n&#8220;Es conveniente aclarar que no es una responsabilidad legal de la Administraci\u00f3n, pero si es necesario que la casa que ocupa la se\u00f1ora con su familia se restituya para realizar remodelaciones; sin olvidar ofrecer condiciones de vida digna para la se\u00f1ora Isolina Vargas, por lo que, se va a trabajar de manera conjunta con la Gobernaci\u00f3n y las diferentes fundaciones para poder ejecutar un plan a corto y mediano plazo.\u201d .<\/p>\n","protected":false},"excerpt":{"rendered":"<p>Ante la aprobaci\u00f3n de recursos propios de la Gobernaci\u00f3n de Nari\u00f1o, por el orden de 500 millones, se iniciar\u00e1 el proceso de adecuaci\u00f3n locativa del bien inmueble, ubicado en la calle 20 b # 11 \u2013 146, Barrio El Recuerdo; el cual es propiedad de la Administraci\u00f3n y que ha permanecido en uso de la [&hellip;]<\/p>\n","protected":false},"author":1,"featured_media":67652,"comment_status":"open","ping_status":"open","sticky":false,"template":"","format":"standard","meta":{"footnotes":""},"categories":[53],"tags":[],"class_list":["post-67651","post","type-post","status-publish","format-standard","has-post-thumbnail","hentry","category-regiones"],"yoast_head":"<!-- This site is optimized with the Yoast SEO plugin v27.1.1 - https:\/\/yoast.com\/product\/yoast-seo-wordpress\/ -->\n<title>Gobernaci\u00f3n de Nari\u00f1o invertir\u00e1 en proyecto de infraestructura para poblaci\u00f3n vulnerable. | P\u00e1gina10<\/title>\n<meta name=\"robots\" content=\"index, follow, max-snippet:-1, max-image-preview:large, max-video-preview:-1\" \/>\n<link rel=\"canonical\" href=\"https:\/\/pagina10.com\/web\/gobernacion-de-narino-invertira-en-proyecto-de-infraestructura-para-poblacion-vulnerable\/\" \/>\n<meta property=\"og:locale\" content=\"es_ES\" \/>\n<meta property=\"og:type\" content=\"article\" \/>\n<meta property=\"og:title\" content=\"Gobernaci\u00f3n de Nari\u00f1o invertir\u00e1 en proyecto de infraestructura para poblaci\u00f3n vulnerable. | P\u00e1gina10\" \/>\n<meta property=\"og:description\" content=\"Ante la aprobaci\u00f3n de recursos propios de la Gobernaci\u00f3n de Nari\u00f1o, por el orden de 500 millones, se iniciar\u00e1 el proceso de adecuaci\u00f3n locativa del bien inmueble, ubicado en la calle 20 b # 11 \u2013 146, Barrio El Recuerdo; el cual es propiedad de la Administraci\u00f3n y que ha permanecido en uso de la [&hellip;]\" \/>\n<meta property=\"og:url\" content=\"https:\/\/pagina10.com\/web\/gobernacion-de-narino-invertira-en-proyecto-de-infraestructura-para-poblacion-vulnerable\/\" \/>\n<meta property=\"og:site_name\" content=\"P\u00e1gina10\" \/>\n<meta property=\"article:publisher\" content=\"https:\/\/www.facebook.com\/pag10com\" \/>\n<meta property=\"article:published_time\" content=\"2023-07-23T02:36:01+00:00\" \/>\n<meta property=\"og:image\" content=\"https:\/\/pagina10.com\/web\/wp-content\/uploads\/2023\/07\/WhatsApp-Image-2023-07-22-at-9.29.52-PM.jpeg\" \/>\n\t<meta property=\"og:image:width\" content=\"793\" \/>\n\t<meta property=\"og:image:height\" content=\"370\" \/>\n\t<meta property=\"og:image:type\" content=\"image\/jpeg\" \/>\n<meta name=\"author\" content=\"P\u00e1gina 10\" \/>\n<meta name=\"twitter:card\" content=\"summary_large_image\" \/>\n<meta name=\"twitter:creator\" content=\"@Pag10com\" \/>\n<meta name=\"twitter:site\" content=\"@Pag10com\" \/>\n<meta name=\"twitter:label1\" content=\"Escrito por\" \/>\n\t<meta name=\"twitter:data1\" content=\"P\u00e1gina 10\" \/>\n\t<meta name=\"twitter:label2\" content=\"Tiempo de lectura\" \/>\n\t<meta name=\"twitter:data2\" content=\"2 minutos\" \/>\n<script type=\"application\/ld+json\" class=\"yoast-schema-graph\">{\"@context\":\"https:\/\/schema.org\",\"@graph\":[{\"@type\":\"Article\",\"@id\":\"https:\/\/pagina10.com\/web\/gobernacion-de-narino-invertira-en-proyecto-de-infraestructura-para-poblacion-vulnerable\/#article\",\"isPartOf\":{\"@id\":\"https:\/\/pagina10.com\/web\/gobernacion-de-narino-invertira-en-proyecto-de-infraestructura-para-poblacion-vulnerable\/\"},\"author\":{\"name\":\"P\u00e1gina 10\",\"@id\":\"https:\/\/pagina10.com\/web\/#\/schema\/person\/2efc4a090d25b667d3bc796798a3a81b\"},\"headline\":\"Gobernaci\u00f3n de Nari\u00f1o invertir\u00e1 en proyecto de infraestructura para poblaci\u00f3n vulnerable.\",\"datePublished\":\"2023-07-23T02:36:01+00:00\",\"mainEntityOfPage\":{\"@id\":\"https:\/\/pagina10.com\/web\/gobernacion-de-narino-invertira-en-proyecto-de-infraestructura-para-poblacion-vulnerable\/\"},\"wordCount\":362,\"commentCount\":0,\"publisher\":{\"@id\":\"https:\/\/pagina10.com\/web\/#organization\"},\"image\":{\"@id\":\"https:\/\/pagina10.com\/web\/gobernacion-de-narino-invertira-en-proyecto-de-infraestructura-para-poblacion-vulnerable\/#primaryimage\"},\"thumbnailUrl\":\"https:\/\/pagina10.com\/web\/wp-content\/uploads\/2023\/07\/WhatsApp-Image-2023-07-22-at-9.29.52-PM.jpeg\",\"articleSection\":[\"Regiones\"],\"inLanguage\":\"es\",\"potentialAction\":[{\"@type\":\"CommentAction\",\"name\":\"Comment\",\"target\":[\"https:\/\/pagina10.com\/web\/gobernacion-de-narino-invertira-en-proyecto-de-infraestructura-para-poblacion-vulnerable\/#respond\"]}]},{\"@type\":\"WebPage\",\"@id\":\"https:\/\/pagina10.com\/web\/gobernacion-de-narino-invertira-en-proyecto-de-infraestructura-para-poblacion-vulnerable\/\",\"url\":\"https:\/\/pagina10.com\/web\/gobernacion-de-narino-invertira-en-proyecto-de-infraestructura-para-poblacion-vulnerable\/\",\"name\":\"Gobernaci\u00f3n de Nari\u00f1o invertir\u00e1 en proyecto de infraestructura para poblaci\u00f3n vulnerable. | P\u00e1gina10\",\"isPartOf\":{\"@id\":\"https:\/\/pagina10.com\/web\/#website\"},\"primaryImageOfPage\":{\"@id\":\"https:\/\/pagina10.com\/web\/gobernacion-de-narino-invertira-en-proyecto-de-infraestructura-para-poblacion-vulnerable\/#primaryimage\"},\"image\":{\"@id\":\"https:\/\/pagina10.com\/web\/gobernacion-de-narino-invertira-en-proyecto-de-infraestructura-para-poblacion-vulnerable\/#primaryimage\"},\"thumbnailUrl\":\"https:\/\/pagina10.com\/web\/wp-content\/uploads\/2023\/07\/WhatsApp-Image-2023-07-22-at-9.29.52-PM.jpeg\",\"datePublished\":\"2023-07-23T02:36:01+00:00\",\"breadcrumb\":{\"@id\":\"https:\/\/pagina10.com\/web\/gobernacion-de-narino-invertira-en-proyecto-de-infraestructura-para-poblacion-vulnerable\/#breadcrumb\"},\"inLanguage\":\"es\",\"potentialAction\":[{\"@type\":\"ReadAction\",\"target\":[\"https:\/\/pagina10.com\/web\/gobernacion-de-narino-invertira-en-proyecto-de-infraestructura-para-poblacion-vulnerable\/\"]}]},{\"@type\":\"ImageObject\",\"inLanguage\":\"es\",\"@id\":\"https:\/\/pagina10.com\/web\/gobernacion-de-narino-invertira-en-proyecto-de-infraestructura-para-poblacion-vulnerable\/#primaryimage\",\"url\":\"https:\/\/pagina10.com\/web\/wp-content\/uploads\/2023\/07\/WhatsApp-Image-2023-07-22-at-9.29.52-PM.jpeg\",\"contentUrl\":\"https:\/\/pagina10.com\/web\/wp-content\/uploads\/2023\/07\/WhatsApp-Image-2023-07-22-at-9.29.52-PM.jpeg\",\"width\":793,\"height\":370},{\"@type\":\"BreadcrumbList\",\"@id\":\"https:\/\/pagina10.com\/web\/gobernacion-de-narino-invertira-en-proyecto-de-infraestructura-para-poblacion-vulnerable\/#breadcrumb\",\"itemListElement\":[{\"@type\":\"ListItem\",\"position\":1,\"name\":\"Portada\",\"item\":\"https:\/\/pagina10.com\/web\/\"},{\"@type\":\"ListItem\",\"position\":2,\"name\":\"Gobernaci\u00f3n de Nari\u00f1o invertir\u00e1 en proyecto de infraestructura para poblaci\u00f3n vulnerable.\"}]},{\"@type\":\"WebSite\",\"@id\":\"https:\/\/pagina10.com\/web\/#website\",\"url\":\"https:\/\/pagina10.com\/web\/\",\"name\":\"P\u00e1gina10\",\"description\":\"Peri\u00f3dico Regional\",\"publisher\":{\"@id\":\"https:\/\/pagina10.com\/web\/#organization\"},\"alternateName\":\"P\u00e1gina10 Peri\u00f3dico Regional\",\"potentialAction\":[{\"@type\":\"SearchAction\",\"target\":{\"@type\":\"EntryPoint\",\"urlTemplate\":\"https:\/\/pagina10.com\/web\/?s={search_term_string}\"},\"query-input\":{\"@type\":\"PropertyValueSpecification\",\"valueRequired\":true,\"valueName\":\"search_term_string\"}}],\"inLanguage\":\"es\"},{\"@type\":\"Organization\",\"@id\":\"https:\/\/pagina10.com\/web\/#organization\",\"name\":\"P\u00e1gina10\",\"alternateName\":\"P\u00e1gina10 Peri\u00f3dico Regional\",\"url\":\"https:\/\/pagina10.com\/web\/\",\"logo\":{\"@type\":\"ImageObject\",\"inLanguage\":\"es\",\"@id\":\"https:\/\/pagina10.com\/web\/#\/schema\/logo\/image\/\",\"url\":\"https:\/\/pagina10.com\/web\/wp-content\/uploads\/2024\/01\/40-pagina-10-periodico-regional-pasto.jpg\",\"contentUrl\":\"https:\/\/pagina10.com\/web\/wp-content\/uploads\/2024\/01\/40-pagina-10-periodico-regional-pasto.jpg\",\"width\":1280,\"height\":720,\"caption\":\"P\u00e1gina10\"},\"image\":{\"@id\":\"https:\/\/pagina10.com\/web\/#\/schema\/logo\/image\/\"},\"sameAs\":[\"https:\/\/www.facebook.com\/pag10com\",\"https:\/\/x.com\/Pag10com\",\"https:\/\/www.instagram.com\/pagina10col\/\",\"https:\/\/youtube.com\/channel\/pag10\",\"https:\/\/www.tiktok.com\/@p10col\"]},{\"@type\":\"Person\",\"@id\":\"https:\/\/pagina10.com\/web\/#\/schema\/person\/2efc4a090d25b667d3bc796798a3a81b\",\"name\":\"P\u00e1gina 10\",\"description\":\"P\u00e1gina 10 es un peri\u00f3dico regional que nace en Colombia, en el departamento de Nari\u00f1o, con un enfoque global, fundamentado en cuatro pilares esenciales: la libertad, el pluralismo, la inclusi\u00f3n y la independencia. P\u00e1gina 10 hace referencia a Nari\u00f1o como el d\u00e9cimo departamento creado en Colombia, despu\u00e9s de un proceso pol\u00edtico liderado por actores y actrices regionales con el fin de obtener la independencia y autonom\u00eda de nuestros territorios. Con la creaci\u00f3n de P\u00e1gina 10 se pretende abrir un escenario para el dialogo, la reflexi\u00f3n y el debate que se extienda a otras geograf\u00edas de Am\u00e9rica Latina y del planeta, en una apuesta por transformar colectivamente los desaf\u00edos de un mundo contempor\u00e1neo, m\u00e1s all\u00e1 de las fronteras impuestas.\",\"url\":\"https:\/\/pagina10.com\/web\/author\/pdiezadmin\/\"}]}<\/script>\n<!-- \/ Yoast SEO plugin. -->","yoast_head_json":{"title":"Gobernaci\u00f3n de Nari\u00f1o invertir\u00e1 en proyecto de infraestructura para poblaci\u00f3n vulnerable. | P\u00e1gina10","robots":{"index":"index","follow":"follow","max-snippet":"max-snippet:-1","max-image-preview":"max-image-preview:large","max-video-preview":"max-video-preview:-1"},"canonical":"https:\/\/pagina10.com\/web\/gobernacion-de-narino-invertira-en-proyecto-de-infraestructura-para-poblacion-vulnerable\/","og_locale":"es_ES","og_type":"article","og_title":"Gobernaci\u00f3n de Nari\u00f1o invertir\u00e1 en proyecto de infraestructura para poblaci\u00f3n vulnerable. | P\u00e1gina10","og_description":"Ante la aprobaci\u00f3n de recursos propios de la Gobernaci\u00f3n de Nari\u00f1o, por el orden de 500 millones, se iniciar\u00e1 el proceso de adecuaci\u00f3n locativa del bien inmueble, ubicado en la calle 20 b # 11 \u2013 146, Barrio El Recuerdo; el cual es propiedad de la Administraci\u00f3n y que ha permanecido en uso de la [&hellip;]","og_url":"https:\/\/pagina10.com\/web\/gobernacion-de-narino-invertira-en-proyecto-de-infraestructura-para-poblacion-vulnerable\/","og_site_name":"P\u00e1gina10","article_publisher":"https:\/\/www.facebook.com\/pag10com","article_published_time":"2023-07-23T02:36:01+00:00","og_image":[{"width":793,"height":370,"url":"https:\/\/pagina10.com\/web\/wp-content\/uploads\/2023\/07\/WhatsApp-Image-2023-07-22-at-9.29.52-PM.jpeg","type":"image\/jpeg"}],"author":"P\u00e1gina 10","twitter_card":"summary_large_image","twitter_creator":"@Pag10com","twitter_site":"@Pag10com","twitter_misc":{"Escrito por":"P\u00e1gina 10","Tiempo de lectura":"2 minutos"},"schema":{"@context":"https:\/\/schema.org","@graph":[{"@type":"Article","@id":"https:\/\/pagina10.com\/web\/gobernacion-de-narino-invertira-en-proyecto-de-infraestructura-para-poblacion-vulnerable\/#article","isPartOf":{"@id":"https:\/\/pagina10.com\/web\/gobernacion-de-narino-invertira-en-proyecto-de-infraestructura-para-poblacion-vulnerable\/"},"author":{"name":"P\u00e1gina 10","@id":"https:\/\/pagina10.com\/web\/#\/schema\/person\/2efc4a090d25b667d3bc796798a3a81b"},"headline":"Gobernaci\u00f3n de Nari\u00f1o invertir\u00e1 en proyecto de infraestructura para poblaci\u00f3n vulnerable.","datePublished":"2023-07-23T02:36:01+00:00","mainEntityOfPage":{"@id":"https:\/\/pagina10.com\/web\/gobernacion-de-narino-invertira-en-proyecto-de-infraestructura-para-poblacion-vulnerable\/"},"wordCount":362,"commentCount":0,"publisher":{"@id":"https:\/\/pagina10.com\/web\/#organization"},"image":{"@id":"https:\/\/pagina10.com\/web\/gobernacion-de-narino-invertira-en-proyecto-de-infraestructura-para-poblacion-vulnerable\/#primaryimage"},"thumbnailUrl":"https:\/\/pagina10.com\/web\/wp-content\/uploads\/2023\/07\/WhatsApp-Image-2023-07-22-at-9.29.52-PM.jpeg","articleSection":["Regiones"],"inLanguage":"es","potentialAction":[{"@type":"CommentAction","name":"Comment","target":["https:\/\/pagina10.com\/web\/gobernacion-de-narino-invertira-en-proyecto-de-infraestructura-para-poblacion-vulnerable\/#respond"]}]},{"@type":"WebPage","@id":"https:\/\/pagina10.com\/web\/gobernacion-de-narino-invertira-en-proyecto-de-infraestructura-para-poblacion-vulnerable\/","url":"https:\/\/pagina10.com\/web\/gobernacion-de-narino-invertira-en-proyecto-de-infraestructura-para-poblacion-vulnerable\/","name":"Gobernaci\u00f3n de Nari\u00f1o invertir\u00e1 en proyecto de infraestructura para poblaci\u00f3n vulnerable. | P\u00e1gina10","isPartOf":{"@id":"https:\/\/pagina10.com\/web\/#website"},"primaryImageOfPage":{"@id":"https:\/\/pagina10.com\/web\/gobernacion-de-narino-invertira-en-proyecto-de-infraestructura-para-poblacion-vulnerable\/#primaryimage"},"image":{"@id":"https:\/\/pagina10.com\/web\/gobernacion-de-narino-invertira-en-proyecto-de-infraestructura-para-poblacion-vulnerable\/#primaryimage"},"thumbnailUrl":"https:\/\/pagina10.com\/web\/wp-content\/uploads\/2023\/07\/WhatsApp-Image-2023-07-22-at-9.29.52-PM.jpeg","datePublished":"2023-07-23T02:36:01+00:00","breadcrumb":{"@id":"https:\/\/pagina10.com\/web\/gobernacion-de-narino-invertira-en-proyecto-de-infraestructura-para-poblacion-vulnerable\/#breadcrumb"},"inLanguage":"es","potentialAction":[{"@type":"ReadAction","target":["https:\/\/pagina10.com\/web\/gobernacion-de-narino-invertira-en-proyecto-de-infraestructura-para-poblacion-vulnerable\/"]}]},{"@type":"ImageObject","inLanguage":"es","@id":"https:\/\/pagina10.com\/web\/gobernacion-de-narino-invertira-en-proyecto-de-infraestructura-para-poblacion-vulnerable\/#primaryimage","url":"https:\/\/pagina10.com\/web\/wp-content\/uploads\/2023\/07\/WhatsApp-Image-2023-07-22-at-9.29.52-PM.jpeg","contentUrl":"https:\/\/pagina10.com\/web\/wp-content\/uploads\/2023\/07\/WhatsApp-Image-2023-07-22-at-9.29.52-PM.jpeg","width":793,"height":370},{"@type":"BreadcrumbList","@id":"https:\/\/pagina10.com\/web\/gobernacion-de-narino-invertira-en-proyecto-de-infraestructura-para-poblacion-vulnerable\/#breadcrumb","itemListElement":[{"@type":"ListItem","position":1,"name":"Portada","item":"https:\/\/pagina10.com\/web\/"},{"@type":"ListItem","position":2,"name":"Gobernaci\u00f3n de Nari\u00f1o invertir\u00e1 en proyecto de infraestructura para poblaci\u00f3n vulnerable."}]},{"@type":"WebSite","@id":"https:\/\/pagina10.com\/web\/#website","url":"https:\/\/pagina10.com\/web\/","name":"P\u00e1gina10","description":"Peri\u00f3dico Regional","publisher":{"@id":"https:\/\/pagina10.com\/web\/#organization"},"alternateName":"P\u00e1gina10 Peri\u00f3dico Regional","potentialAction":[{"@type":"SearchAction","target":{"@type":"EntryPoint","urlTemplate":"https:\/\/pagina10.com\/web\/?s={search_term_string}"},"query-input":{"@type":"PropertyValueSpecification","valueRequired":true,"valueName":"search_term_string"}}],"inLanguage":"es"},{"@type":"Organization","@id":"https:\/\/pagina10.com\/web\/#organization","name":"P\u00e1gina10","alternateName":"P\u00e1gina10 Peri\u00f3dico Regional","url":"https:\/\/pagina10.com\/web\/","logo":{"@type":"ImageObject","inLanguage":"es","@id":"https:\/\/pagina10.com\/web\/#\/schema\/logo\/image\/","url":"https:\/\/pagina10.com\/web\/wp-content\/uploads\/2024\/01\/40-pagina-10-periodico-regional-pasto.jpg","contentUrl":"https:\/\/pagina10.com\/web\/wp-content\/uploads\/2024\/01\/40-pagina-10-periodico-regional-pasto.jpg","width":1280,"height":720,"caption":"P\u00e1gina10"},"image":{"@id":"https:\/\/pagina10.com\/web\/#\/schema\/logo\/image\/"},"sameAs":["https:\/\/www.facebook.com\/pag10com","https:\/\/x.com\/Pag10com","https:\/\/www.instagram.com\/pagina10col\/","https:\/\/youtube.com\/channel\/pag10","https:\/\/www.tiktok.com\/@p10col"]},{"@type":"Person","@id":"https:\/\/pagina10.com\/web\/#\/schema\/person\/2efc4a090d25b667d3bc796798a3a81b","name":"P\u00e1gina 10","description":"P\u00e1gina 10 es un peri\u00f3dico regional que nace en Colombia, en el departamento de Nari\u00f1o, con un enfoque global, fundamentado en cuatro pilares esenciales: la libertad, el pluralismo, la inclusi\u00f3n y la independencia. P\u00e1gina 10 hace referencia a Nari\u00f1o como el d\u00e9cimo departamento creado en Colombia, despu\u00e9s de un proceso pol\u00edtico liderado por actores y actrices regionales con el fin de obtener la independencia y autonom\u00eda de nuestros territorios. Con la creaci\u00f3n de P\u00e1gina 10 se pretende abrir un escenario para el dialogo, la reflexi\u00f3n y el debate que se extienda a otras geograf\u00edas de Am\u00e9rica Latina y del planeta, en una apuesta por transformar colectivamente los desaf\u00edos de un mundo contempor\u00e1neo, m\u00e1s all\u00e1 de las fronteras impuestas.","url":"https:\/\/pagina10.com\/web\/author\/pdiezadmin\/"}]}},"_links":{"self":[{"href":"https:\/\/pagina10.com\/web\/wp-json\/wp\/v2\/posts\/67651","targetHints":{"allow":["GET"]}}],"collection":[{"href":"https:\/\/pagina10.com\/web\/wp-json\/wp\/v2\/posts"}],"about":[{"href":"https:\/\/pagina10.com\/web\/wp-json\/wp\/v2\/types\/post"}],"author":[{"embeddable":true,"href":"https:\/\/pagina10.com\/web\/wp-json\/wp\/v2\/users\/1"}],"replies":[{"embeddable":true,"href":"https:\/\/pagina10.com\/web\/wp-json\/wp\/v2\/comments?post=67651"}],"version-history":[{"count":1,"href":"https:\/\/pagina10.com\/web\/wp-json\/wp\/v2\/posts\/67651\/revisions"}],"predecessor-version":[{"id":67653,"href":"https:\/\/pagina10.com\/web\/wp-json\/wp\/v2\/posts\/67651\/revisions\/67653"}],"wp:featuredmedia":[{"embeddable":true,"href":"https:\/\/pagina10.com\/web\/wp-json\/wp\/v2\/media\/67652"}],"wp:attachment":[{"href":"https:\/\/pagina10.com\/web\/wp-json\/wp\/v2\/media?parent=67651"}],"wp:term":[{"taxonomy":"category","embeddable":true,"href":"https:\/\/pagina10.com\/web\/wp-json\/wp\/v2\/categories?post=67651"},{"taxonomy":"post_tag","embeddable":true,"href":"https:\/\/pagina10.com\/web\/wp-json\/wp\/v2\/tags?post=67651"}],"curies":[{"name":"wp","href":"https:\/\/api.w.org\/{rel}","templated":true}]}}