{"id":6769,"date":"2014-02-21T14:28:45","date_gmt":"2014-02-21T14:28:45","guid":{"rendered":"https:\/\/pagina10.com\/web\/este-domingo-23-de-febrero-jornada-de-matriculaton-en-pasto\/"},"modified":"2014-02-21T14:28:45","modified_gmt":"2014-02-21T14:28:45","slug":"este-domingo-23-de-febrero-jornada-de-matriculaton-en-pasto","status":"publish","type":"post","link":"https:\/\/pagina10.com\/web\/este-domingo-23-de-febrero-jornada-de-matriculaton-en-pasto\/","title":{"rendered":"Este domingo 23 de febrero jornada de matriculat\u00f3n en Pasto"},"content":{"rendered":"<p><img fetchpriority=\"high\" decoding=\"async\" class=\" size-full wp-image-6768\" src=\"https:\/\/pagina10.com\/web\/wp-content\/uploads\/2014\/02\/ba5d38b89bc1c6d65a2f54402356690d.jpg\" alt=\"\" width=\"679\" height=\"399\" srcset=\"https:\/\/pagina10.com\/web\/wp-content\/uploads\/2014\/02\/ba5d38b89bc1c6d65a2f54402356690d.jpg 679w, https:\/\/pagina10.com\/web\/wp-content\/uploads\/2014\/02\/ba5d38b89bc1c6d65a2f54402356690d-300x176.jpg 300w, https:\/\/pagina10.com\/web\/wp-content\/uploads\/2014\/02\/ba5d38b89bc1c6d65a2f54402356690d-357x210.jpg 357w\" sizes=\"(max-width: 679px) 100vw, 679px\" \/><\/p>\n<p style=\"text-align: justify;\">Este domingo 23 de febrero la Ministra de Educaci\u00f3n Mar\u00eda Fernanda Campo Saavedra presidir\u00e1 la jornada de matriculat\u00f3n en Pasto y Chachag\u00fc\u00ed que busca identificar a la poblaci\u00f3n desescolarizada e integrarla al sistema, aumentar la cobertura y garantizar la permanencia educativa. Esta es una estrategia que se desarrolla en todo el pa\u00eds.<\/p>\n<p style=\"text-align: justify;\">La alta funcionaria estar\u00e1 en la Instituci\u00f3n Educativa Municipal Ciudadela de la Paz acompa\u00f1ada por el alcalde Harold Guerrero L\u00f3pez y funcionarios de la Secretar\u00eda de Educaci\u00f3n Municipal, as\u00ed lo dio a conocer el secretario (e) de la dependencia, \u00c1lvaro Jos\u00e9 Gomezjurado quien convoc\u00f3 a los rectores y empleados administrativos de las instituciones Ciudadela de la Paz y Artemio Mendoza de la comuna 10 para que presten sus servicios durante la jornada con el fin de matricular a los ni\u00f1os, ni\u00f1as y adolescentes que no alcanzaron a efectuar el proceso en las fechas estipuladas<\/p>\n<p style=\"text-align: justify;\">&nbsp;<\/p>\n<p style=\"text-align: justify;\">Para alcanzar el prop\u00f3sito en Pasto, la ministra realizar\u00e1 el recorrido junto con el alcalde de Pasto, visitando puerta a puerta a las familias del sector y solicit\u00e1ndoles a los padres de familia que realicen el proceso de matr\u00edcula de sus hijos acompa\u00f1ados por ella. El encargado de la secretar\u00eda de Educaci\u00f3n de Pasto se\u00f1al\u00f3 adem\u00e1s que el objetivo de la campa\u00f1a coordinada por la jefe de la cartera ministerial es la firma de un pacto donde quedar\u00e1n planteados retos para el fortalecimiento del sistema educativo del municipio.<\/p>\n<p style=\"text-align: justify;\">&nbsp;<\/p>\n<p style=\"text-align: justify;\">Este Gobierno decret\u00f3 la gratuidad universal en todas las instituciones educativas oficiales del pa\u00eds, desde el grado 0 hasta el grado 11, beneficiando a 8.900.000 estudiantes. MinEducaci\u00f3n ha invertido $2,1 billones en obras de infraestructura educativa, gracias a lo cual ha logrado el mejoramiento de 4.800 sedes educativas y la construcci\u00f3n de 34 megacolegios.<\/p>\n<p style=\"text-align: justify;\">&nbsp;<\/p>\n<p>Fuente: Alcald\u00eda de Pasto<\/p>\n","protected":false},"excerpt":{"rendered":"<p>Este domingo 23 de febrero la Ministra de Educaci\u00f3n Mar\u00eda Fernanda Campo Saavedra presidir\u00e1 la jornada de matriculat\u00f3n en Pasto y Chachag\u00fc\u00ed que busca identificar a la poblaci\u00f3n desescolarizada e integrarla al sistema, aumentar la cobertura y garantizar la permanencia educativa. Esta es una estrategia que se desarrolla en todo el pa\u00eds. La alta funcionaria [&hellip;]<\/p>\n","protected":false},"author":29,"featured_media":6768,"comment_status":"open","ping_status":"open","sticky":false,"template":"","format":"standard","meta":{"footnotes":""},"categories":[82],"tags":[],"class_list":["post-6769","post","type-post","status-publish","format-standard","has-post-thumbnail","hentry","category-ciudad-2"],"yoast_head":"<!-- This site is optimized with the Yoast SEO plugin v27.1.1 - https:\/\/yoast.com\/product\/yoast-seo-wordpress\/ -->\n<title>Este domingo 23 de febrero jornada de matriculat\u00f3n en Pasto | P\u00e1gina10<\/title>\n<meta name=\"robots\" content=\"index, follow, max-snippet:-1, max-image-preview:large, max-video-preview:-1\" \/>\n<link rel=\"canonical\" href=\"https:\/\/pagina10.com\/web\/este-domingo-23-de-febrero-jornada-de-matriculaton-en-pasto\/\" \/>\n<meta property=\"og:locale\" content=\"es_ES\" \/>\n<meta property=\"og:type\" content=\"article\" \/>\n<meta property=\"og:title\" content=\"Este domingo 23 de febrero jornada de matriculat\u00f3n en Pasto | P\u00e1gina10\" \/>\n<meta property=\"og:description\" content=\"Este domingo 23 de febrero la Ministra de Educaci\u00f3n Mar\u00eda Fernanda Campo Saavedra presidir\u00e1 la jornada de matriculat\u00f3n en Pasto y Chachag\u00fc\u00ed que busca identificar a la poblaci\u00f3n desescolarizada e integrarla al sistema, aumentar la cobertura y garantizar la permanencia educativa. Esta es una estrategia que se desarrolla en todo el pa\u00eds. La alta funcionaria [&hellip;]\" \/>\n<meta property=\"og:url\" content=\"https:\/\/pagina10.com\/web\/este-domingo-23-de-febrero-jornada-de-matriculaton-en-pasto\/\" \/>\n<meta property=\"og:site_name\" content=\"P\u00e1gina10\" \/>\n<meta property=\"article:publisher\" content=\"https:\/\/www.facebook.com\/pag10com\" \/>\n<meta property=\"article:published_time\" content=\"2014-02-21T14:28:45+00:00\" \/>\n<meta property=\"og:image\" content=\"https:\/\/pagina10.com\/web\/wp-content\/uploads\/2014\/02\/ba5d38b89bc1c6d65a2f54402356690d.jpg\" \/>\n\t<meta property=\"og:image:width\" content=\"679\" \/>\n\t<meta property=\"og:image:height\" content=\"399\" \/>\n\t<meta property=\"og:image:type\" content=\"image\/jpeg\" \/>\n<meta name=\"author\" content=\"P\u00e1gina 10\" \/>\n<meta name=\"twitter:card\" content=\"summary_large_image\" \/>\n<meta name=\"twitter:creator\" content=\"@Pag10com\" \/>\n<meta name=\"twitter:site\" content=\"@Pag10com\" \/>\n<meta name=\"twitter:label1\" content=\"Escrito por\" \/>\n\t<meta name=\"twitter:data1\" content=\"P\u00e1gina 10\" \/>\n\t<meta name=\"twitter:label2\" content=\"Tiempo de lectura\" \/>\n\t<meta name=\"twitter:data2\" content=\"2 minutos\" \/>\n<script type=\"application\/ld+json\" class=\"yoast-schema-graph\">{\"@context\":\"https:\/\/schema.org\",\"@graph\":[{\"@type\":\"Article\",\"@id\":\"https:\/\/pagina10.com\/web\/este-domingo-23-de-febrero-jornada-de-matriculaton-en-pasto\/#article\",\"isPartOf\":{\"@id\":\"https:\/\/pagina10.com\/web\/este-domingo-23-de-febrero-jornada-de-matriculaton-en-pasto\/\"},\"author\":{\"name\":\"P\u00e1gina 10\",\"@id\":\"https:\/\/pagina10.com\/web\/#\/schema\/person\/a7a5d38f0629dfc107f619fbae4f6cc3\"},\"headline\":\"Este domingo 23 de febrero jornada de matriculat\u00f3n en Pasto\",\"datePublished\":\"2014-02-21T14:28:45+00:00\",\"mainEntityOfPage\":{\"@id\":\"https:\/\/pagina10.com\/web\/este-domingo-23-de-febrero-jornada-de-matriculaton-en-pasto\/\"},\"wordCount\":323,\"commentCount\":0,\"publisher\":{\"@id\":\"https:\/\/pagina10.com\/web\/#organization\"},\"image\":{\"@id\":\"https:\/\/pagina10.com\/web\/este-domingo-23-de-febrero-jornada-de-matriculaton-en-pasto\/#primaryimage\"},\"thumbnailUrl\":\"https:\/\/pagina10.com\/web\/wp-content\/uploads\/2014\/02\/ba5d38b89bc1c6d65a2f54402356690d.jpg\",\"articleSection\":[\"Ciudad\"],\"inLanguage\":\"es\",\"potentialAction\":[{\"@type\":\"CommentAction\",\"name\":\"Comment\",\"target\":[\"https:\/\/pagina10.com\/web\/este-domingo-23-de-febrero-jornada-de-matriculaton-en-pasto\/#respond\"]}]},{\"@type\":\"WebPage\",\"@id\":\"https:\/\/pagina10.com\/web\/este-domingo-23-de-febrero-jornada-de-matriculaton-en-pasto\/\",\"url\":\"https:\/\/pagina10.com\/web\/este-domingo-23-de-febrero-jornada-de-matriculaton-en-pasto\/\",\"name\":\"Este domingo 23 de febrero jornada de matriculat\u00f3n en Pasto | P\u00e1gina10\",\"isPartOf\":{\"@id\":\"https:\/\/pagina10.com\/web\/#website\"},\"primaryImageOfPage\":{\"@id\":\"https:\/\/pagina10.com\/web\/este-domingo-23-de-febrero-jornada-de-matriculaton-en-pasto\/#primaryimage\"},\"image\":{\"@id\":\"https:\/\/pagina10.com\/web\/este-domingo-23-de-febrero-jornada-de-matriculaton-en-pasto\/#primaryimage\"},\"thumbnailUrl\":\"https:\/\/pagina10.com\/web\/wp-content\/uploads\/2014\/02\/ba5d38b89bc1c6d65a2f54402356690d.jpg\",\"datePublished\":\"2014-02-21T14:28:45+00:00\",\"breadcrumb\":{\"@id\":\"https:\/\/pagina10.com\/web\/este-domingo-23-de-febrero-jornada-de-matriculaton-en-pasto\/#breadcrumb\"},\"inLanguage\":\"es\",\"potentialAction\":[{\"@type\":\"ReadAction\",\"target\":[\"https:\/\/pagina10.com\/web\/este-domingo-23-de-febrero-jornada-de-matriculaton-en-pasto\/\"]}]},{\"@type\":\"ImageObject\",\"inLanguage\":\"es\",\"@id\":\"https:\/\/pagina10.com\/web\/este-domingo-23-de-febrero-jornada-de-matriculaton-en-pasto\/#primaryimage\",\"url\":\"https:\/\/pagina10.com\/web\/wp-content\/uploads\/2014\/02\/ba5d38b89bc1c6d65a2f54402356690d.jpg\",\"contentUrl\":\"https:\/\/pagina10.com\/web\/wp-content\/uploads\/2014\/02\/ba5d38b89bc1c6d65a2f54402356690d.jpg\",\"width\":679,\"height\":399},{\"@type\":\"BreadcrumbList\",\"@id\":\"https:\/\/pagina10.com\/web\/este-domingo-23-de-febrero-jornada-de-matriculaton-en-pasto\/#breadcrumb\",\"itemListElement\":[{\"@type\":\"ListItem\",\"position\":1,\"name\":\"Portada\",\"item\":\"https:\/\/pagina10.com\/web\/\"},{\"@type\":\"ListItem\",\"position\":2,\"name\":\"Este domingo 23 de febrero jornada de matriculat\u00f3n en Pasto\"}]},{\"@type\":\"WebSite\",\"@id\":\"https:\/\/pagina10.com\/web\/#website\",\"url\":\"https:\/\/pagina10.com\/web\/\",\"name\":\"P\u00e1gina10\",\"description\":\"Peri\u00f3dico Regional\",\"publisher\":{\"@id\":\"https:\/\/pagina10.com\/web\/#organization\"},\"alternateName\":\"P\u00e1gina10 Peri\u00f3dico Regional\",\"potentialAction\":[{\"@type\":\"SearchAction\",\"target\":{\"@type\":\"EntryPoint\",\"urlTemplate\":\"https:\/\/pagina10.com\/web\/?s={search_term_string}\"},\"query-input\":{\"@type\":\"PropertyValueSpecification\",\"valueRequired\":true,\"valueName\":\"search_term_string\"}}],\"inLanguage\":\"es\"},{\"@type\":\"Organization\",\"@id\":\"https:\/\/pagina10.com\/web\/#organization\",\"name\":\"P\u00e1gina10\",\"alternateName\":\"P\u00e1gina10 Peri\u00f3dico Regional\",\"url\":\"https:\/\/pagina10.com\/web\/\",\"logo\":{\"@type\":\"ImageObject\",\"inLanguage\":\"es\",\"@id\":\"https:\/\/pagina10.com\/web\/#\/schema\/logo\/image\/\",\"url\":\"https:\/\/pagina10.com\/web\/wp-content\/uploads\/2024\/01\/40-pagina-10-periodico-regional-pasto.jpg\",\"contentUrl\":\"https:\/\/pagina10.com\/web\/wp-content\/uploads\/2024\/01\/40-pagina-10-periodico-regional-pasto.jpg\",\"width\":1280,\"height\":720,\"caption\":\"P\u00e1gina10\"},\"image\":{\"@id\":\"https:\/\/pagina10.com\/web\/#\/schema\/logo\/image\/\"},\"sameAs\":[\"https:\/\/www.facebook.com\/pag10com\",\"https:\/\/x.com\/Pag10com\",\"https:\/\/www.instagram.com\/pagina10col\/\",\"https:\/\/youtube.com\/channel\/pag10\",\"https:\/\/www.tiktok.com\/@p10col\"]},{\"@type\":\"Person\",\"@id\":\"https:\/\/pagina10.com\/web\/#\/schema\/person\/a7a5d38f0629dfc107f619fbae4f6cc3\",\"name\":\"P\u00e1gina 10\",\"description\":\"P\u00e1gina10.com es un peri\u00f3dico digital que nace en Colombia, en el departamento de Nari\u00f1o, con un enfoque global, fundamentado en cuatro pilares esenciales: la libertad, el pluralismo, la inclusi\u00f3n y la independencia. P\u00e1gina10.com hace referencia a Nari\u00f1o como el d\u00e9cimo departamento creado en Colombia, despu\u00e9s de un proceso pol\u00edtico liderado por actores y actrices regionales con el fin de obtener la independencia y autonom\u00eda de nuestros territorios. Con la creaci\u00f3n de P\u00e1gina10.com se pretende abrir un escenario para el dialogo, la reflexi\u00f3n y el debate que se extienda a otras geograf\u00edas de Am\u00e9rica Latina y del planeta, en una apuesta por transformar colectivamente los desaf\u00edos de un mundo contempor\u00e1neo, m\u00e1s all\u00e1 de las fronteras impuestas.\",\"url\":\"https:\/\/pagina10.com\/web\/author\/mcepeda\/\"}]}<\/script>\n<!-- \/ Yoast SEO plugin. -->","yoast_head_json":{"title":"Este domingo 23 de febrero jornada de matriculat\u00f3n en Pasto | P\u00e1gina10","robots":{"index":"index","follow":"follow","max-snippet":"max-snippet:-1","max-image-preview":"max-image-preview:large","max-video-preview":"max-video-preview:-1"},"canonical":"https:\/\/pagina10.com\/web\/este-domingo-23-de-febrero-jornada-de-matriculaton-en-pasto\/","og_locale":"es_ES","og_type":"article","og_title":"Este domingo 23 de febrero jornada de matriculat\u00f3n en Pasto | P\u00e1gina10","og_description":"Este domingo 23 de febrero la Ministra de Educaci\u00f3n Mar\u00eda Fernanda Campo Saavedra presidir\u00e1 la jornada de matriculat\u00f3n en Pasto y Chachag\u00fc\u00ed que busca identificar a la poblaci\u00f3n desescolarizada e integrarla al sistema, aumentar la cobertura y garantizar la permanencia educativa. Esta es una estrategia que se desarrolla en todo el pa\u00eds. La alta funcionaria [&hellip;]","og_url":"https:\/\/pagina10.com\/web\/este-domingo-23-de-febrero-jornada-de-matriculaton-en-pasto\/","og_site_name":"P\u00e1gina10","article_publisher":"https:\/\/www.facebook.com\/pag10com","article_published_time":"2014-02-21T14:28:45+00:00","og_image":[{"width":679,"height":399,"url":"https:\/\/pagina10.com\/web\/wp-content\/uploads\/2014\/02\/ba5d38b89bc1c6d65a2f54402356690d.jpg","type":"image\/jpeg"}],"author":"P\u00e1gina 10","twitter_card":"summary_large_image","twitter_creator":"@Pag10com","twitter_site":"@Pag10com","twitter_misc":{"Escrito por":"P\u00e1gina 10","Tiempo de lectura":"2 minutos"},"schema":{"@context":"https:\/\/schema.org","@graph":[{"@type":"Article","@id":"https:\/\/pagina10.com\/web\/este-domingo-23-de-febrero-jornada-de-matriculaton-en-pasto\/#article","isPartOf":{"@id":"https:\/\/pagina10.com\/web\/este-domingo-23-de-febrero-jornada-de-matriculaton-en-pasto\/"},"author":{"name":"P\u00e1gina 10","@id":"https:\/\/pagina10.com\/web\/#\/schema\/person\/a7a5d38f0629dfc107f619fbae4f6cc3"},"headline":"Este domingo 23 de febrero jornada de matriculat\u00f3n en Pasto","datePublished":"2014-02-21T14:28:45+00:00","mainEntityOfPage":{"@id":"https:\/\/pagina10.com\/web\/este-domingo-23-de-febrero-jornada-de-matriculaton-en-pasto\/"},"wordCount":323,"commentCount":0,"publisher":{"@id":"https:\/\/pagina10.com\/web\/#organization"},"image":{"@id":"https:\/\/pagina10.com\/web\/este-domingo-23-de-febrero-jornada-de-matriculaton-en-pasto\/#primaryimage"},"thumbnailUrl":"https:\/\/pagina10.com\/web\/wp-content\/uploads\/2014\/02\/ba5d38b89bc1c6d65a2f54402356690d.jpg","articleSection":["Ciudad"],"inLanguage":"es","potentialAction":[{"@type":"CommentAction","name":"Comment","target":["https:\/\/pagina10.com\/web\/este-domingo-23-de-febrero-jornada-de-matriculaton-en-pasto\/#respond"]}]},{"@type":"WebPage","@id":"https:\/\/pagina10.com\/web\/este-domingo-23-de-febrero-jornada-de-matriculaton-en-pasto\/","url":"https:\/\/pagina10.com\/web\/este-domingo-23-de-febrero-jornada-de-matriculaton-en-pasto\/","name":"Este domingo 23 de febrero jornada de matriculat\u00f3n en Pasto | P\u00e1gina10","isPartOf":{"@id":"https:\/\/pagina10.com\/web\/#website"},"primaryImageOfPage":{"@id":"https:\/\/pagina10.com\/web\/este-domingo-23-de-febrero-jornada-de-matriculaton-en-pasto\/#primaryimage"},"image":{"@id":"https:\/\/pagina10.com\/web\/este-domingo-23-de-febrero-jornada-de-matriculaton-en-pasto\/#primaryimage"},"thumbnailUrl":"https:\/\/pagina10.com\/web\/wp-content\/uploads\/2014\/02\/ba5d38b89bc1c6d65a2f54402356690d.jpg","datePublished":"2014-02-21T14:28:45+00:00","breadcrumb":{"@id":"https:\/\/pagina10.com\/web\/este-domingo-23-de-febrero-jornada-de-matriculaton-en-pasto\/#breadcrumb"},"inLanguage":"es","potentialAction":[{"@type":"ReadAction","target":["https:\/\/pagina10.com\/web\/este-domingo-23-de-febrero-jornada-de-matriculaton-en-pasto\/"]}]},{"@type":"ImageObject","inLanguage":"es","@id":"https:\/\/pagina10.com\/web\/este-domingo-23-de-febrero-jornada-de-matriculaton-en-pasto\/#primaryimage","url":"https:\/\/pagina10.com\/web\/wp-content\/uploads\/2014\/02\/ba5d38b89bc1c6d65a2f54402356690d.jpg","contentUrl":"https:\/\/pagina10.com\/web\/wp-content\/uploads\/2014\/02\/ba5d38b89bc1c6d65a2f54402356690d.jpg","width":679,"height":399},{"@type":"BreadcrumbList","@id":"https:\/\/pagina10.com\/web\/este-domingo-23-de-febrero-jornada-de-matriculaton-en-pasto\/#breadcrumb","itemListElement":[{"@type":"ListItem","position":1,"name":"Portada","item":"https:\/\/pagina10.com\/web\/"},{"@type":"ListItem","position":2,"name":"Este domingo 23 de febrero jornada de matriculat\u00f3n en Pasto"}]},{"@type":"WebSite","@id":"https:\/\/pagina10.com\/web\/#website","url":"https:\/\/pagina10.com\/web\/","name":"P\u00e1gina10","description":"Peri\u00f3dico Regional","publisher":{"@id":"https:\/\/pagina10.com\/web\/#organization"},"alternateName":"P\u00e1gina10 Peri\u00f3dico Regional","potentialAction":[{"@type":"SearchAction","target":{"@type":"EntryPoint","urlTemplate":"https:\/\/pagina10.com\/web\/?s={search_term_string}"},"query-input":{"@type":"PropertyValueSpecification","valueRequired":true,"valueName":"search_term_string"}}],"inLanguage":"es"},{"@type":"Organization","@id":"https:\/\/pagina10.com\/web\/#organization","name":"P\u00e1gina10","alternateName":"P\u00e1gina10 Peri\u00f3dico Regional","url":"https:\/\/pagina10.com\/web\/","logo":{"@type":"ImageObject","inLanguage":"es","@id":"https:\/\/pagina10.com\/web\/#\/schema\/logo\/image\/","url":"https:\/\/pagina10.com\/web\/wp-content\/uploads\/2024\/01\/40-pagina-10-periodico-regional-pasto.jpg","contentUrl":"https:\/\/pagina10.com\/web\/wp-content\/uploads\/2024\/01\/40-pagina-10-periodico-regional-pasto.jpg","width":1280,"height":720,"caption":"P\u00e1gina10"},"image":{"@id":"https:\/\/pagina10.com\/web\/#\/schema\/logo\/image\/"},"sameAs":["https:\/\/www.facebook.com\/pag10com","https:\/\/x.com\/Pag10com","https:\/\/www.instagram.com\/pagina10col\/","https:\/\/youtube.com\/channel\/pag10","https:\/\/www.tiktok.com\/@p10col"]},{"@type":"Person","@id":"https:\/\/pagina10.com\/web\/#\/schema\/person\/a7a5d38f0629dfc107f619fbae4f6cc3","name":"P\u00e1gina 10","description":"P\u00e1gina10.com es un peri\u00f3dico digital que nace en Colombia, en el departamento de Nari\u00f1o, con un enfoque global, fundamentado en cuatro pilares esenciales: la libertad, el pluralismo, la inclusi\u00f3n y la independencia. P\u00e1gina10.com hace referencia a Nari\u00f1o como el d\u00e9cimo departamento creado en Colombia, despu\u00e9s de un proceso pol\u00edtico liderado por actores y actrices regionales con el fin de obtener la independencia y autonom\u00eda de nuestros territorios. Con la creaci\u00f3n de P\u00e1gina10.com se pretende abrir un escenario para el dialogo, la reflexi\u00f3n y el debate que se extienda a otras geograf\u00edas de Am\u00e9rica Latina y del planeta, en una apuesta por transformar colectivamente los desaf\u00edos de un mundo contempor\u00e1neo, m\u00e1s all\u00e1 de las fronteras impuestas.","url":"https:\/\/pagina10.com\/web\/author\/mcepeda\/"}]}},"_links":{"self":[{"href":"https:\/\/pagina10.com\/web\/wp-json\/wp\/v2\/posts\/6769","targetHints":{"allow":["GET"]}}],"collection":[{"href":"https:\/\/pagina10.com\/web\/wp-json\/wp\/v2\/posts"}],"about":[{"href":"https:\/\/pagina10.com\/web\/wp-json\/wp\/v2\/types\/post"}],"author":[{"embeddable":true,"href":"https:\/\/pagina10.com\/web\/wp-json\/wp\/v2\/users\/29"}],"replies":[{"embeddable":true,"href":"https:\/\/pagina10.com\/web\/wp-json\/wp\/v2\/comments?post=6769"}],"version-history":[{"count":0,"href":"https:\/\/pagina10.com\/web\/wp-json\/wp\/v2\/posts\/6769\/revisions"}],"wp:featuredmedia":[{"embeddable":true,"href":"https:\/\/pagina10.com\/web\/wp-json\/wp\/v2\/media\/6768"}],"wp:attachment":[{"href":"https:\/\/pagina10.com\/web\/wp-json\/wp\/v2\/media?parent=6769"}],"wp:term":[{"taxonomy":"category","embeddable":true,"href":"https:\/\/pagina10.com\/web\/wp-json\/wp\/v2\/categories?post=6769"},{"taxonomy":"post_tag","embeddable":true,"href":"https:\/\/pagina10.com\/web\/wp-json\/wp\/v2\/tags?post=6769"}],"curies":[{"name":"wp","href":"https:\/\/api.w.org\/{rel}","templated":true}]}}