{"id":67735,"date":"2023-07-25T19:45:25","date_gmt":"2023-07-26T00:45:25","guid":{"rendered":"https:\/\/pagina10.com\/web\/?p=67735"},"modified":"2023-07-25T19:49:30","modified_gmt":"2023-07-26T00:49:30","slug":"contrabajeando-el-ensamble-de-siete-experimentados-musicos-que-generan-sonidos-unicos-en-pasto","status":"publish","type":"post","link":"https:\/\/pagina10.com\/web\/contrabajeando-el-ensamble-de-siete-experimentados-musicos-que-generan-sonidos-unicos-en-pasto\/","title":{"rendered":"\u2018Contrabajeando\u2019, el ensamble de siete experimentados m\u00fasicos que generan sonidos \u00fanicos en Pasto"},"content":{"rendered":"<p style=\"text-align: justify;\">El ensamble de contrabajos, denominado \u2018Contrabajeando\u2019 es una propuesta musical \u00fanica que ha cautivado los corazones de habitantes del municipio de Pasto y el departamento de Nari\u00f1o, con cada una de sus presentaciones. El septeto de contrabajos deja una huella imborrable, sin precedentes en la m\u00fasica acad\u00e9mica local, presentando una serie de conciertos en los escenarios m\u00e1s emblem\u00e1ticos de la regi\u00f3n, evidenciando su profesionalismo.<\/p>\n<p style=\"text-align: justify;\">El objetivo de la iniciativa es dar a conocer un formato poco convencional del \u00e1mbito musical acad\u00e9mico: un <strong>septeto de contrabajos,<\/strong> conformado por m\u00fasicos de alto nivel, con la capacidad de adaptar y ejecutar una selecci\u00f3n de obras del repertorio musical universal, todas ellas adaptadas al encantador y singular formato de siete m\u00fasicos tocando al un\u00edsono siete contrabajos.<\/p>\n<p style=\"text-align: justify;\">El grupo de m\u00fasicos ha llevado a cabo conciertos destacados en el \u00e1mbito cultural, art\u00edstico y musical, como lanzamiento oficial de su ensamble y han captado la atenci\u00f3n del p\u00fablico mediante conciertos did\u00e1cticos, demostrando las diversas posibilidades de ensamble y solista que ofrece este instrumento. De esta manera, han contribuido a visibilizar el papel del Contrabajo en la m\u00fasica, educando e inspirando a las audiencias locales.<\/p>\n<p style=\"text-align: justify;\">\u2018Contrabajeando\u2019 est\u00e1 conformada por un grupo excepcional de m\u00fasicos talentosos, quienes han dedicado su vida a la m\u00fasica y al arte:<\/p>\n<p style=\"text-align: justify;\"><img fetchpriority=\"high\" decoding=\"async\" class=\"wp-image-67710 alignright\" style=\"text-align: justify;\" src=\"https:\/\/pagina10.com\/web\/wp-content\/uploads\/2023\/07\/MG_6037_14-2-768x1024.jpg\" alt=\"\" width=\"373\" height=\"497\" srcset=\"https:\/\/pagina10.com\/web\/wp-content\/uploads\/2023\/07\/MG_6037_14-2-768x1024.jpg 768w, https:\/\/pagina10.com\/web\/wp-content\/uploads\/2023\/07\/MG_6037_14-2-225x300.jpg 225w, https:\/\/pagina10.com\/web\/wp-content\/uploads\/2023\/07\/MG_6037_14-2-1152x1536.jpg 1152w, https:\/\/pagina10.com\/web\/wp-content\/uploads\/2023\/07\/MG_6037_14-2-1536x2048.jpg 1536w, https:\/\/pagina10.com\/web\/wp-content\/uploads\/2023\/07\/MG_6037_14-2.jpg 1875w\" sizes=\"(max-width: 373px) 100vw, 373px\" \/><\/p>\n<p style=\"text-align: justify;\"><strong>Jos\u00e9 Luis Manosalva:<\/strong> Con una s\u00f3lida formaci\u00f3n musical desde temprana edad, destaca en la m\u00fasica orquestal y ha sido parte de la Orquesta Sinf\u00f3nica Especial de la Red de Escuelas, interpretando obras de gran nivel.<\/p>\n<p style=\"text-align: justify;\"><strong>Brian Bustamante<\/strong>: M\u00fasico pastuso con una destacada trayectoria, ha recibido ense\u00f1anzas de renombrados contrabajistas y ha sido parte de diversas agrupaciones musicales.<\/p>\n<p style=\"text-align: justify;\"><strong>Oscar Mauricio C\u00e1rdenas Cabrera<\/strong>: Abogado de profesi\u00f3n, pero m\u00fasico de coraz\u00f3n, ha recibido formaci\u00f3n musical desde la Red de Escuelas de Formaci\u00f3n Musical de Pasto y ha tomado talleres con maestros destacados.<\/p>\n<p style=\"text-align: justify;\"><strong>Samuel Alejandro Rosero<\/strong>: M\u00fasico nacido en Ipiales, se destac\u00f3 como contrabajista en diversas orquestas y agrupaciones, siendo un referente musical en su ciudad natal.<\/p>\n<p style=\"text-align: justify;\"><strong>Jaime Andr\u00e9s Cisneros<\/strong>: M\u00fasico multi-instrumentista y profesor de contrabajo en la Red de Escuelas de Formaci\u00f3n Musical, ha enriquecido el ensamble con su experiencia y conocimiento musical.<\/p>\n<p style=\"text-align: justify;\"><strong>Daniel Camilo Quetama Vallejo<\/strong>: Un m\u00fasico multifac\u00e9tico y productor, actualmente cursa su carrera de Maestro en m\u00fasica con \u00e9nfasis en contrabajo en la Universidad de Antioquia.<\/p>\n<p style=\"text-align: justify;\"><strong>Omar Germ\u00e1n Ruales<\/strong>: Contrabajista independiente, ha sido parte de diversas agrupaciones musicales en la ciudad de Pasto.<\/p>\n<p style=\"text-align: justify;\">El grupo de j\u00f3venes y aguerridos m\u00fasicos que resplandece por su muestra de talento y dedicaci\u00f3n, pretende tocar fibras en las nuevas generaciones de m\u00fasicos y convertirse en inspiraci\u00f3n para desarrollar el talento musical de la regi\u00f3n, asegurando que la pasi\u00f3n por la m\u00fasica y el contrabajo perdure.<\/p>\n","protected":false},"excerpt":{"rendered":"<p>El ensamble de contrabajos, denominado \u2018Contrabajeando\u2019 es una propuesta musical \u00fanica que ha cautivado los corazones de habitantes del municipio de Pasto y el departamento de Nari\u00f1o, con cada una de sus presentaciones. El septeto de contrabajos deja una huella imborrable, sin precedentes en la m\u00fasica acad\u00e9mica local, presentando una serie de conciertos en los [&hellip;]<\/p>\n","protected":false},"author":1,"featured_media":67709,"comment_status":"open","ping_status":"open","sticky":false,"template":"","format":"standard","meta":{"footnotes":""},"categories":[84],"tags":[],"class_list":["post-67735","post","type-post","status-publish","format-standard","has-post-thumbnail","hentry","category-global-2"],"yoast_head":"<!-- This site is optimized with the Yoast SEO plugin v27.1.1 - https:\/\/yoast.com\/product\/yoast-seo-wordpress\/ -->\n<title>\u2018Contrabajeando\u2019, el ensamble de siete experimentados m\u00fasicos que generan sonidos \u00fanicos en Pasto | P\u00e1gina10<\/title>\n<meta name=\"robots\" content=\"index, follow, max-snippet:-1, max-image-preview:large, max-video-preview:-1\" \/>\n<link rel=\"canonical\" href=\"https:\/\/pagina10.com\/web\/contrabajeando-el-ensamble-de-siete-experimentados-musicos-que-generan-sonidos-unicos-en-pasto\/\" \/>\n<meta property=\"og:locale\" content=\"es_ES\" \/>\n<meta property=\"og:type\" content=\"article\" \/>\n<meta property=\"og:title\" content=\"\u2018Contrabajeando\u2019, el ensamble de siete experimentados m\u00fasicos que generan sonidos \u00fanicos en Pasto | P\u00e1gina10\" \/>\n<meta property=\"og:description\" content=\"El ensamble de contrabajos, denominado \u2018Contrabajeando\u2019 es una propuesta musical \u00fanica que ha cautivado los corazones de habitantes del municipio de Pasto y el departamento de Nari\u00f1o, con cada una de sus presentaciones. El septeto de contrabajos deja una huella imborrable, sin precedentes en la m\u00fasica acad\u00e9mica local, presentando una serie de conciertos en los [&hellip;]\" \/>\n<meta property=\"og:url\" content=\"https:\/\/pagina10.com\/web\/contrabajeando-el-ensamble-de-siete-experimentados-musicos-que-generan-sonidos-unicos-en-pasto\/\" \/>\n<meta property=\"og:site_name\" content=\"P\u00e1gina10\" \/>\n<meta property=\"article:publisher\" content=\"https:\/\/www.facebook.com\/pag10com\" \/>\n<meta property=\"article:published_time\" content=\"2023-07-26T00:45:25+00:00\" \/>\n<meta property=\"article:modified_time\" content=\"2023-07-26T00:49:30+00:00\" \/>\n<meta property=\"og:image\" content=\"https:\/\/pagina10.com\/web\/wp-content\/uploads\/2023\/07\/MG_6012_12.jpg\" \/>\n\t<meta property=\"og:image:width\" content=\"2500\" \/>\n\t<meta property=\"og:image:height\" content=\"1667\" \/>\n\t<meta property=\"og:image:type\" content=\"image\/jpeg\" \/>\n<meta name=\"author\" content=\"P\u00e1gina 10\" \/>\n<meta name=\"twitter:card\" content=\"summary_large_image\" \/>\n<meta name=\"twitter:creator\" content=\"@Pag10com\" \/>\n<meta name=\"twitter:site\" content=\"@Pag10com\" \/>\n<meta name=\"twitter:label1\" content=\"Escrito por\" \/>\n\t<meta name=\"twitter:data1\" content=\"P\u00e1gina 10\" \/>\n\t<meta name=\"twitter:label2\" content=\"Tiempo de lectura\" \/>\n\t<meta name=\"twitter:data2\" content=\"2 minutos\" \/>\n<script type=\"application\/ld+json\" class=\"yoast-schema-graph\">{\"@context\":\"https:\/\/schema.org\",\"@graph\":[{\"@type\":\"Article\",\"@id\":\"https:\/\/pagina10.com\/web\/contrabajeando-el-ensamble-de-siete-experimentados-musicos-que-generan-sonidos-unicos-en-pasto\/#article\",\"isPartOf\":{\"@id\":\"https:\/\/pagina10.com\/web\/contrabajeando-el-ensamble-de-siete-experimentados-musicos-que-generan-sonidos-unicos-en-pasto\/\"},\"author\":{\"name\":\"P\u00e1gina 10\",\"@id\":\"https:\/\/pagina10.com\/web\/#\/schema\/person\/2efc4a090d25b667d3bc796798a3a81b\"},\"headline\":\"\u2018Contrabajeando\u2019, el ensamble de siete experimentados m\u00fasicos que generan sonidos \u00fanicos en Pasto\",\"datePublished\":\"2023-07-26T00:45:25+00:00\",\"dateModified\":\"2023-07-26T00:49:30+00:00\",\"mainEntityOfPage\":{\"@id\":\"https:\/\/pagina10.com\/web\/contrabajeando-el-ensamble-de-siete-experimentados-musicos-que-generan-sonidos-unicos-en-pasto\/\"},\"wordCount\":501,\"commentCount\":0,\"publisher\":{\"@id\":\"https:\/\/pagina10.com\/web\/#organization\"},\"image\":{\"@id\":\"https:\/\/pagina10.com\/web\/contrabajeando-el-ensamble-de-siete-experimentados-musicos-que-generan-sonidos-unicos-en-pasto\/#primaryimage\"},\"thumbnailUrl\":\"https:\/\/pagina10.com\/web\/wp-content\/uploads\/2023\/07\/MG_6012_12.jpg\",\"articleSection\":[\"Global\"],\"inLanguage\":\"es\",\"potentialAction\":[{\"@type\":\"CommentAction\",\"name\":\"Comment\",\"target\":[\"https:\/\/pagina10.com\/web\/contrabajeando-el-ensamble-de-siete-experimentados-musicos-que-generan-sonidos-unicos-en-pasto\/#respond\"]}]},{\"@type\":\"WebPage\",\"@id\":\"https:\/\/pagina10.com\/web\/contrabajeando-el-ensamble-de-siete-experimentados-musicos-que-generan-sonidos-unicos-en-pasto\/\",\"url\":\"https:\/\/pagina10.com\/web\/contrabajeando-el-ensamble-de-siete-experimentados-musicos-que-generan-sonidos-unicos-en-pasto\/\",\"name\":\"\u2018Contrabajeando\u2019, el ensamble de siete experimentados m\u00fasicos que generan sonidos \u00fanicos en Pasto | P\u00e1gina10\",\"isPartOf\":{\"@id\":\"https:\/\/pagina10.com\/web\/#website\"},\"primaryImageOfPage\":{\"@id\":\"https:\/\/pagina10.com\/web\/contrabajeando-el-ensamble-de-siete-experimentados-musicos-que-generan-sonidos-unicos-en-pasto\/#primaryimage\"},\"image\":{\"@id\":\"https:\/\/pagina10.com\/web\/contrabajeando-el-ensamble-de-siete-experimentados-musicos-que-generan-sonidos-unicos-en-pasto\/#primaryimage\"},\"thumbnailUrl\":\"https:\/\/pagina10.com\/web\/wp-content\/uploads\/2023\/07\/MG_6012_12.jpg\",\"datePublished\":\"2023-07-26T00:45:25+00:00\",\"dateModified\":\"2023-07-26T00:49:30+00:00\",\"breadcrumb\":{\"@id\":\"https:\/\/pagina10.com\/web\/contrabajeando-el-ensamble-de-siete-experimentados-musicos-que-generan-sonidos-unicos-en-pasto\/#breadcrumb\"},\"inLanguage\":\"es\",\"potentialAction\":[{\"@type\":\"ReadAction\",\"target\":[\"https:\/\/pagina10.com\/web\/contrabajeando-el-ensamble-de-siete-experimentados-musicos-que-generan-sonidos-unicos-en-pasto\/\"]}]},{\"@type\":\"ImageObject\",\"inLanguage\":\"es\",\"@id\":\"https:\/\/pagina10.com\/web\/contrabajeando-el-ensamble-de-siete-experimentados-musicos-que-generan-sonidos-unicos-en-pasto\/#primaryimage\",\"url\":\"https:\/\/pagina10.com\/web\/wp-content\/uploads\/2023\/07\/MG_6012_12.jpg\",\"contentUrl\":\"https:\/\/pagina10.com\/web\/wp-content\/uploads\/2023\/07\/MG_6012_12.jpg\",\"width\":2500,\"height\":1667},{\"@type\":\"BreadcrumbList\",\"@id\":\"https:\/\/pagina10.com\/web\/contrabajeando-el-ensamble-de-siete-experimentados-musicos-que-generan-sonidos-unicos-en-pasto\/#breadcrumb\",\"itemListElement\":[{\"@type\":\"ListItem\",\"position\":1,\"name\":\"Portada\",\"item\":\"https:\/\/pagina10.com\/web\/\"},{\"@type\":\"ListItem\",\"position\":2,\"name\":\"\u2018Contrabajeando\u2019, el ensamble de siete experimentados m\u00fasicos que generan sonidos \u00fanicos en Pasto\"}]},{\"@type\":\"WebSite\",\"@id\":\"https:\/\/pagina10.com\/web\/#website\",\"url\":\"https:\/\/pagina10.com\/web\/\",\"name\":\"P\u00e1gina10\",\"description\":\"Peri\u00f3dico Regional\",\"publisher\":{\"@id\":\"https:\/\/pagina10.com\/web\/#organization\"},\"alternateName\":\"P\u00e1gina10 Peri\u00f3dico Regional\",\"potentialAction\":[{\"@type\":\"SearchAction\",\"target\":{\"@type\":\"EntryPoint\",\"urlTemplate\":\"https:\/\/pagina10.com\/web\/?s={search_term_string}\"},\"query-input\":{\"@type\":\"PropertyValueSpecification\",\"valueRequired\":true,\"valueName\":\"search_term_string\"}}],\"inLanguage\":\"es\"},{\"@type\":\"Organization\",\"@id\":\"https:\/\/pagina10.com\/web\/#organization\",\"name\":\"P\u00e1gina10\",\"alternateName\":\"P\u00e1gina10 Peri\u00f3dico Regional\",\"url\":\"https:\/\/pagina10.com\/web\/\",\"logo\":{\"@type\":\"ImageObject\",\"inLanguage\":\"es\",\"@id\":\"https:\/\/pagina10.com\/web\/#\/schema\/logo\/image\/\",\"url\":\"https:\/\/pagina10.com\/web\/wp-content\/uploads\/2024\/01\/40-pagina-10-periodico-regional-pasto.jpg\",\"contentUrl\":\"https:\/\/pagina10.com\/web\/wp-content\/uploads\/2024\/01\/40-pagina-10-periodico-regional-pasto.jpg\",\"width\":1280,\"height\":720,\"caption\":\"P\u00e1gina10\"},\"image\":{\"@id\":\"https:\/\/pagina10.com\/web\/#\/schema\/logo\/image\/\"},\"sameAs\":[\"https:\/\/www.facebook.com\/pag10com\",\"https:\/\/x.com\/Pag10com\",\"https:\/\/www.instagram.com\/pagina10col\/\",\"https:\/\/youtube.com\/channel\/pag10\",\"https:\/\/www.tiktok.com\/@p10col\"]},{\"@type\":\"Person\",\"@id\":\"https:\/\/pagina10.com\/web\/#\/schema\/person\/2efc4a090d25b667d3bc796798a3a81b\",\"name\":\"P\u00e1gina 10\",\"description\":\"P\u00e1gina 10 es un peri\u00f3dico regional que nace en Colombia, en el departamento de Nari\u00f1o, con un enfoque global, fundamentado en cuatro pilares esenciales: la libertad, el pluralismo, la inclusi\u00f3n y la independencia. P\u00e1gina 10 hace referencia a Nari\u00f1o como el d\u00e9cimo departamento creado en Colombia, despu\u00e9s de un proceso pol\u00edtico liderado por actores y actrices regionales con el fin de obtener la independencia y autonom\u00eda de nuestros territorios. Con la creaci\u00f3n de P\u00e1gina 10 se pretende abrir un escenario para el dialogo, la reflexi\u00f3n y el debate que se extienda a otras geograf\u00edas de Am\u00e9rica Latina y del planeta, en una apuesta por transformar colectivamente los desaf\u00edos de un mundo contempor\u00e1neo, m\u00e1s all\u00e1 de las fronteras impuestas.\",\"url\":\"https:\/\/pagina10.com\/web\/author\/pdiezadmin\/\"}]}<\/script>\n<!-- \/ Yoast SEO plugin. -->","yoast_head_json":{"title":"\u2018Contrabajeando\u2019, el ensamble de siete experimentados m\u00fasicos que generan sonidos \u00fanicos en Pasto | P\u00e1gina10","robots":{"index":"index","follow":"follow","max-snippet":"max-snippet:-1","max-image-preview":"max-image-preview:large","max-video-preview":"max-video-preview:-1"},"canonical":"https:\/\/pagina10.com\/web\/contrabajeando-el-ensamble-de-siete-experimentados-musicos-que-generan-sonidos-unicos-en-pasto\/","og_locale":"es_ES","og_type":"article","og_title":"\u2018Contrabajeando\u2019, el ensamble de siete experimentados m\u00fasicos que generan sonidos \u00fanicos en Pasto | P\u00e1gina10","og_description":"El ensamble de contrabajos, denominado \u2018Contrabajeando\u2019 es una propuesta musical \u00fanica que ha cautivado los corazones de habitantes del municipio de Pasto y el departamento de Nari\u00f1o, con cada una de sus presentaciones. El septeto de contrabajos deja una huella imborrable, sin precedentes en la m\u00fasica acad\u00e9mica local, presentando una serie de conciertos en los [&hellip;]","og_url":"https:\/\/pagina10.com\/web\/contrabajeando-el-ensamble-de-siete-experimentados-musicos-que-generan-sonidos-unicos-en-pasto\/","og_site_name":"P\u00e1gina10","article_publisher":"https:\/\/www.facebook.com\/pag10com","article_published_time":"2023-07-26T00:45:25+00:00","article_modified_time":"2023-07-26T00:49:30+00:00","og_image":[{"width":2500,"height":1667,"url":"https:\/\/pagina10.com\/web\/wp-content\/uploads\/2023\/07\/MG_6012_12.jpg","type":"image\/jpeg"}],"author":"P\u00e1gina 10","twitter_card":"summary_large_image","twitter_creator":"@Pag10com","twitter_site":"@Pag10com","twitter_misc":{"Escrito por":"P\u00e1gina 10","Tiempo de lectura":"2 minutos"},"schema":{"@context":"https:\/\/schema.org","@graph":[{"@type":"Article","@id":"https:\/\/pagina10.com\/web\/contrabajeando-el-ensamble-de-siete-experimentados-musicos-que-generan-sonidos-unicos-en-pasto\/#article","isPartOf":{"@id":"https:\/\/pagina10.com\/web\/contrabajeando-el-ensamble-de-siete-experimentados-musicos-que-generan-sonidos-unicos-en-pasto\/"},"author":{"name":"P\u00e1gina 10","@id":"https:\/\/pagina10.com\/web\/#\/schema\/person\/2efc4a090d25b667d3bc796798a3a81b"},"headline":"\u2018Contrabajeando\u2019, el ensamble de siete experimentados m\u00fasicos que generan sonidos \u00fanicos en Pasto","datePublished":"2023-07-26T00:45:25+00:00","dateModified":"2023-07-26T00:49:30+00:00","mainEntityOfPage":{"@id":"https:\/\/pagina10.com\/web\/contrabajeando-el-ensamble-de-siete-experimentados-musicos-que-generan-sonidos-unicos-en-pasto\/"},"wordCount":501,"commentCount":0,"publisher":{"@id":"https:\/\/pagina10.com\/web\/#organization"},"image":{"@id":"https:\/\/pagina10.com\/web\/contrabajeando-el-ensamble-de-siete-experimentados-musicos-que-generan-sonidos-unicos-en-pasto\/#primaryimage"},"thumbnailUrl":"https:\/\/pagina10.com\/web\/wp-content\/uploads\/2023\/07\/MG_6012_12.jpg","articleSection":["Global"],"inLanguage":"es","potentialAction":[{"@type":"CommentAction","name":"Comment","target":["https:\/\/pagina10.com\/web\/contrabajeando-el-ensamble-de-siete-experimentados-musicos-que-generan-sonidos-unicos-en-pasto\/#respond"]}]},{"@type":"WebPage","@id":"https:\/\/pagina10.com\/web\/contrabajeando-el-ensamble-de-siete-experimentados-musicos-que-generan-sonidos-unicos-en-pasto\/","url":"https:\/\/pagina10.com\/web\/contrabajeando-el-ensamble-de-siete-experimentados-musicos-que-generan-sonidos-unicos-en-pasto\/","name":"\u2018Contrabajeando\u2019, el ensamble de siete experimentados m\u00fasicos que generan sonidos \u00fanicos en Pasto | P\u00e1gina10","isPartOf":{"@id":"https:\/\/pagina10.com\/web\/#website"},"primaryImageOfPage":{"@id":"https:\/\/pagina10.com\/web\/contrabajeando-el-ensamble-de-siete-experimentados-musicos-que-generan-sonidos-unicos-en-pasto\/#primaryimage"},"image":{"@id":"https:\/\/pagina10.com\/web\/contrabajeando-el-ensamble-de-siete-experimentados-musicos-que-generan-sonidos-unicos-en-pasto\/#primaryimage"},"thumbnailUrl":"https:\/\/pagina10.com\/web\/wp-content\/uploads\/2023\/07\/MG_6012_12.jpg","datePublished":"2023-07-26T00:45:25+00:00","dateModified":"2023-07-26T00:49:30+00:00","breadcrumb":{"@id":"https:\/\/pagina10.com\/web\/contrabajeando-el-ensamble-de-siete-experimentados-musicos-que-generan-sonidos-unicos-en-pasto\/#breadcrumb"},"inLanguage":"es","potentialAction":[{"@type":"ReadAction","target":["https:\/\/pagina10.com\/web\/contrabajeando-el-ensamble-de-siete-experimentados-musicos-que-generan-sonidos-unicos-en-pasto\/"]}]},{"@type":"ImageObject","inLanguage":"es","@id":"https:\/\/pagina10.com\/web\/contrabajeando-el-ensamble-de-siete-experimentados-musicos-que-generan-sonidos-unicos-en-pasto\/#primaryimage","url":"https:\/\/pagina10.com\/web\/wp-content\/uploads\/2023\/07\/MG_6012_12.jpg","contentUrl":"https:\/\/pagina10.com\/web\/wp-content\/uploads\/2023\/07\/MG_6012_12.jpg","width":2500,"height":1667},{"@type":"BreadcrumbList","@id":"https:\/\/pagina10.com\/web\/contrabajeando-el-ensamble-de-siete-experimentados-musicos-que-generan-sonidos-unicos-en-pasto\/#breadcrumb","itemListElement":[{"@type":"ListItem","position":1,"name":"Portada","item":"https:\/\/pagina10.com\/web\/"},{"@type":"ListItem","position":2,"name":"\u2018Contrabajeando\u2019, el ensamble de siete experimentados m\u00fasicos que generan sonidos \u00fanicos en Pasto"}]},{"@type":"WebSite","@id":"https:\/\/pagina10.com\/web\/#website","url":"https:\/\/pagina10.com\/web\/","name":"P\u00e1gina10","description":"Peri\u00f3dico Regional","publisher":{"@id":"https:\/\/pagina10.com\/web\/#organization"},"alternateName":"P\u00e1gina10 Peri\u00f3dico Regional","potentialAction":[{"@type":"SearchAction","target":{"@type":"EntryPoint","urlTemplate":"https:\/\/pagina10.com\/web\/?s={search_term_string}"},"query-input":{"@type":"PropertyValueSpecification","valueRequired":true,"valueName":"search_term_string"}}],"inLanguage":"es"},{"@type":"Organization","@id":"https:\/\/pagina10.com\/web\/#organization","name":"P\u00e1gina10","alternateName":"P\u00e1gina10 Peri\u00f3dico Regional","url":"https:\/\/pagina10.com\/web\/","logo":{"@type":"ImageObject","inLanguage":"es","@id":"https:\/\/pagina10.com\/web\/#\/schema\/logo\/image\/","url":"https:\/\/pagina10.com\/web\/wp-content\/uploads\/2024\/01\/40-pagina-10-periodico-regional-pasto.jpg","contentUrl":"https:\/\/pagina10.com\/web\/wp-content\/uploads\/2024\/01\/40-pagina-10-periodico-regional-pasto.jpg","width":1280,"height":720,"caption":"P\u00e1gina10"},"image":{"@id":"https:\/\/pagina10.com\/web\/#\/schema\/logo\/image\/"},"sameAs":["https:\/\/www.facebook.com\/pag10com","https:\/\/x.com\/Pag10com","https:\/\/www.instagram.com\/pagina10col\/","https:\/\/youtube.com\/channel\/pag10","https:\/\/www.tiktok.com\/@p10col"]},{"@type":"Person","@id":"https:\/\/pagina10.com\/web\/#\/schema\/person\/2efc4a090d25b667d3bc796798a3a81b","name":"P\u00e1gina 10","description":"P\u00e1gina 10 es un peri\u00f3dico regional que nace en Colombia, en el departamento de Nari\u00f1o, con un enfoque global, fundamentado en cuatro pilares esenciales: la libertad, el pluralismo, la inclusi\u00f3n y la independencia. P\u00e1gina 10 hace referencia a Nari\u00f1o como el d\u00e9cimo departamento creado en Colombia, despu\u00e9s de un proceso pol\u00edtico liderado por actores y actrices regionales con el fin de obtener la independencia y autonom\u00eda de nuestros territorios. Con la creaci\u00f3n de P\u00e1gina 10 se pretende abrir un escenario para el dialogo, la reflexi\u00f3n y el debate que se extienda a otras geograf\u00edas de Am\u00e9rica Latina y del planeta, en una apuesta por transformar colectivamente los desaf\u00edos de un mundo contempor\u00e1neo, m\u00e1s all\u00e1 de las fronteras impuestas.","url":"https:\/\/pagina10.com\/web\/author\/pdiezadmin\/"}]}},"_links":{"self":[{"href":"https:\/\/pagina10.com\/web\/wp-json\/wp\/v2\/posts\/67735","targetHints":{"allow":["GET"]}}],"collection":[{"href":"https:\/\/pagina10.com\/web\/wp-json\/wp\/v2\/posts"}],"about":[{"href":"https:\/\/pagina10.com\/web\/wp-json\/wp\/v2\/types\/post"}],"author":[{"embeddable":true,"href":"https:\/\/pagina10.com\/web\/wp-json\/wp\/v2\/users\/1"}],"replies":[{"embeddable":true,"href":"https:\/\/pagina10.com\/web\/wp-json\/wp\/v2\/comments?post=67735"}],"version-history":[{"count":2,"href":"https:\/\/pagina10.com\/web\/wp-json\/wp\/v2\/posts\/67735\/revisions"}],"predecessor-version":[{"id":67737,"href":"https:\/\/pagina10.com\/web\/wp-json\/wp\/v2\/posts\/67735\/revisions\/67737"}],"wp:featuredmedia":[{"embeddable":true,"href":"https:\/\/pagina10.com\/web\/wp-json\/wp\/v2\/media\/67709"}],"wp:attachment":[{"href":"https:\/\/pagina10.com\/web\/wp-json\/wp\/v2\/media?parent=67735"}],"wp:term":[{"taxonomy":"category","embeddable":true,"href":"https:\/\/pagina10.com\/web\/wp-json\/wp\/v2\/categories?post=67735"},{"taxonomy":"post_tag","embeddable":true,"href":"https:\/\/pagina10.com\/web\/wp-json\/wp\/v2\/tags?post=67735"}],"curies":[{"name":"wp","href":"https:\/\/api.w.org\/{rel}","templated":true}]}}