{"id":67905,"date":"2023-08-01T16:57:05","date_gmt":"2023-08-01T21:57:05","guid":{"rendered":"https:\/\/pagina10.com\/web\/?p=67905"},"modified":"2023-08-01T22:29:16","modified_gmt":"2023-08-02T03:29:16","slug":"indigenas-awa-denuncian-masacre-de-tres-jovenes-en-el-resguardo-saunde-guiguay-en-narino","status":"publish","type":"post","link":"https:\/\/pagina10.com\/web\/indigenas-awa-denuncian-masacre-de-tres-jovenes-en-el-resguardo-saunde-guiguay-en-narino\/","title":{"rendered":"Ind\u00edgenas Aw\u00e1 denuncian masacre de tres j\u00f3venes en el Resguardo Saund\u00e9 Guiguay en Nari\u00f1o"},"content":{"rendered":"<p style=\"text-align: justify;\">El Pueblo Aw\u00e1 emiti\u00f3 un comunicado en el cual denuncia una masacre que tuvo lugar el 29 de julio de 2023 en el Resguardo Saund\u00e9 Guiguay, ubicado en el municipio de Tumaco. El comunicado explica que presuntamente hombres armados pertenecientes a grupos ilegales ingresaron violentamente a la vivienda de tres j\u00f3venes ind\u00edgenas Aw\u00e1: Marco Tulio Pai de 21 a\u00f1os, Rodrigo Luciano Pai y Andr\u00e9s Camilo Nastacuas de 17 a\u00f1os.<\/p>\n<p style=\"text-align: justify;\">El comunicado inform\u00f3 que los j\u00f3venes fueron secuestrados y posteriormente asesinados, adem\u00e1s, se anunci\u00f3 que los hombres armados intentaron ingresar a la casa de uno de los l\u00edderes del Pueblo Aw\u00e1, quien pudo ponerse a salvo con la ayuda de la Guardia Ind\u00edgena.<\/p>\n<p style=\"text-align: justify;\">Se destac\u00f3 que Marco Tulio y Rodrigo Luciano estaban participando en un proceso comunitario liderado por UNIPA, a trav\u00e9s del encuentro deportivo Campeonato del Buenvivir, una actividad destinada a evitar el reclutamiento forzado de j\u00f3venes Aw\u00e1 en el territorio y promover la armonizaci\u00f3n de las pr\u00e1cticas culturales y deportivas en la organizaci\u00f3n.<\/p>\n<p style=\"text-align: justify;\">En el comunicado, el Pueblo Aw\u00e1 expres\u00f3 su indignaci\u00f3n y preocupaci\u00f3n por el continuo exterminio f\u00edsico y cultural que est\u00e1n sufriendo y se\u00f1alaron que las pol\u00edticas de paz no se est\u00e1n reflejando en la realidad de la regi\u00f3n, pidieron al Gobierno Nacional tomar medidas en el territorio.<\/p>\n<p>&nbsp;<\/p>\n","protected":false},"excerpt":{"rendered":"<p>El Pueblo Aw\u00e1 emiti\u00f3 un comunicado en el cual denuncia una masacre que tuvo lugar el 29 de julio de 2023 en el Resguardo Saund\u00e9 Guiguay, ubicado en el municipio de Tumaco. El comunicado explica que presuntamente hombres armados pertenecientes a grupos ilegales ingresaron violentamente a la vivienda de tres j\u00f3venes ind\u00edgenas Aw\u00e1: Marco Tulio [&hellip;]<\/p>\n","protected":false},"author":1,"featured_media":67922,"comment_status":"open","ping_status":"open","sticky":false,"template":"","format":"standard","meta":{"footnotes":""},"categories":[1528],"tags":[],"class_list":["post-67905","post","type-post","status-publish","format-standard","has-post-thumbnail","hentry","category-titulares"],"yoast_head":"<!-- This site is optimized with the Yoast SEO plugin v27.1.1 - https:\/\/yoast.com\/product\/yoast-seo-wordpress\/ -->\n<title>Ind\u00edgenas Aw\u00e1 denuncian masacre de tres j\u00f3venes en el Resguardo Saund\u00e9 Guiguay en Nari\u00f1o | P\u00e1gina10<\/title>\n<meta name=\"robots\" content=\"index, follow, max-snippet:-1, max-image-preview:large, max-video-preview:-1\" \/>\n<link rel=\"canonical\" href=\"https:\/\/pagina10.com\/web\/indigenas-awa-denuncian-masacre-de-tres-jovenes-en-el-resguardo-saunde-guiguay-en-narino\/\" \/>\n<meta property=\"og:locale\" content=\"es_ES\" \/>\n<meta property=\"og:type\" content=\"article\" \/>\n<meta property=\"og:title\" content=\"Ind\u00edgenas Aw\u00e1 denuncian masacre de tres j\u00f3venes en el Resguardo Saund\u00e9 Guiguay en Nari\u00f1o | P\u00e1gina10\" \/>\n<meta property=\"og:description\" content=\"El Pueblo Aw\u00e1 emiti\u00f3 un comunicado en el cual denuncia una masacre que tuvo lugar el 29 de julio de 2023 en el Resguardo Saund\u00e9 Guiguay, ubicado en el municipio de Tumaco. El comunicado explica que presuntamente hombres armados pertenecientes a grupos ilegales ingresaron violentamente a la vivienda de tres j\u00f3venes ind\u00edgenas Aw\u00e1: Marco Tulio [&hellip;]\" \/>\n<meta property=\"og:url\" content=\"https:\/\/pagina10.com\/web\/indigenas-awa-denuncian-masacre-de-tres-jovenes-en-el-resguardo-saunde-guiguay-en-narino\/\" \/>\n<meta property=\"og:site_name\" content=\"P\u00e1gina10\" \/>\n<meta property=\"article:publisher\" content=\"https:\/\/www.facebook.com\/pag10com\" \/>\n<meta property=\"article:published_time\" content=\"2023-08-01T21:57:05+00:00\" \/>\n<meta property=\"article:modified_time\" content=\"2023-08-02T03:29:16+00:00\" \/>\n<meta property=\"og:image\" content=\"https:\/\/pagina10.com\/web\/wp-content\/uploads\/2023\/08\/WhatsApp-Image-2023-08-01-at-10.26.13-PM.jpeg\" \/>\n\t<meta property=\"og:image:width\" content=\"1600\" \/>\n\t<meta property=\"og:image:height\" content=\"1200\" \/>\n\t<meta property=\"og:image:type\" content=\"image\/jpeg\" \/>\n<meta name=\"author\" content=\"P\u00e1gina 10\" \/>\n<meta name=\"twitter:card\" content=\"summary_large_image\" \/>\n<meta name=\"twitter:creator\" content=\"@Pag10com\" \/>\n<meta name=\"twitter:site\" content=\"@Pag10com\" \/>\n<meta name=\"twitter:label1\" content=\"Escrito por\" \/>\n\t<meta name=\"twitter:data1\" content=\"P\u00e1gina 10\" \/>\n\t<meta name=\"twitter:label2\" content=\"Tiempo de lectura\" \/>\n\t<meta name=\"twitter:data2\" content=\"1 minuto\" \/>\n<script type=\"application\/ld+json\" class=\"yoast-schema-graph\">{\"@context\":\"https:\/\/schema.org\",\"@graph\":[{\"@type\":\"Article\",\"@id\":\"https:\/\/pagina10.com\/web\/indigenas-awa-denuncian-masacre-de-tres-jovenes-en-el-resguardo-saunde-guiguay-en-narino\/#article\",\"isPartOf\":{\"@id\":\"https:\/\/pagina10.com\/web\/indigenas-awa-denuncian-masacre-de-tres-jovenes-en-el-resguardo-saunde-guiguay-en-narino\/\"},\"author\":{\"name\":\"P\u00e1gina 10\",\"@id\":\"https:\/\/pagina10.com\/web\/#\/schema\/person\/2efc4a090d25b667d3bc796798a3a81b\"},\"headline\":\"Ind\u00edgenas Aw\u00e1 denuncian masacre de tres j\u00f3venes en el Resguardo Saund\u00e9 Guiguay en Nari\u00f1o\",\"datePublished\":\"2023-08-01T21:57:05+00:00\",\"dateModified\":\"2023-08-02T03:29:16+00:00\",\"mainEntityOfPage\":{\"@id\":\"https:\/\/pagina10.com\/web\/indigenas-awa-denuncian-masacre-de-tres-jovenes-en-el-resguardo-saunde-guiguay-en-narino\/\"},\"wordCount\":247,\"commentCount\":0,\"publisher\":{\"@id\":\"https:\/\/pagina10.com\/web\/#organization\"},\"image\":{\"@id\":\"https:\/\/pagina10.com\/web\/indigenas-awa-denuncian-masacre-de-tres-jovenes-en-el-resguardo-saunde-guiguay-en-narino\/#primaryimage\"},\"thumbnailUrl\":\"https:\/\/pagina10.com\/web\/wp-content\/uploads\/2023\/08\/WhatsApp-Image-2023-08-01-at-10.26.13-PM.jpeg\",\"articleSection\":[\"Titulares\"],\"inLanguage\":\"es\",\"potentialAction\":[{\"@type\":\"CommentAction\",\"name\":\"Comment\",\"target\":[\"https:\/\/pagina10.com\/web\/indigenas-awa-denuncian-masacre-de-tres-jovenes-en-el-resguardo-saunde-guiguay-en-narino\/#respond\"]}]},{\"@type\":\"WebPage\",\"@id\":\"https:\/\/pagina10.com\/web\/indigenas-awa-denuncian-masacre-de-tres-jovenes-en-el-resguardo-saunde-guiguay-en-narino\/\",\"url\":\"https:\/\/pagina10.com\/web\/indigenas-awa-denuncian-masacre-de-tres-jovenes-en-el-resguardo-saunde-guiguay-en-narino\/\",\"name\":\"Ind\u00edgenas Aw\u00e1 denuncian masacre de tres j\u00f3venes en el Resguardo Saund\u00e9 Guiguay en Nari\u00f1o | P\u00e1gina10\",\"isPartOf\":{\"@id\":\"https:\/\/pagina10.com\/web\/#website\"},\"primaryImageOfPage\":{\"@id\":\"https:\/\/pagina10.com\/web\/indigenas-awa-denuncian-masacre-de-tres-jovenes-en-el-resguardo-saunde-guiguay-en-narino\/#primaryimage\"},\"image\":{\"@id\":\"https:\/\/pagina10.com\/web\/indigenas-awa-denuncian-masacre-de-tres-jovenes-en-el-resguardo-saunde-guiguay-en-narino\/#primaryimage\"},\"thumbnailUrl\":\"https:\/\/pagina10.com\/web\/wp-content\/uploads\/2023\/08\/WhatsApp-Image-2023-08-01-at-10.26.13-PM.jpeg\",\"datePublished\":\"2023-08-01T21:57:05+00:00\",\"dateModified\":\"2023-08-02T03:29:16+00:00\",\"breadcrumb\":{\"@id\":\"https:\/\/pagina10.com\/web\/indigenas-awa-denuncian-masacre-de-tres-jovenes-en-el-resguardo-saunde-guiguay-en-narino\/#breadcrumb\"},\"inLanguage\":\"es\",\"potentialAction\":[{\"@type\":\"ReadAction\",\"target\":[\"https:\/\/pagina10.com\/web\/indigenas-awa-denuncian-masacre-de-tres-jovenes-en-el-resguardo-saunde-guiguay-en-narino\/\"]}]},{\"@type\":\"ImageObject\",\"inLanguage\":\"es\",\"@id\":\"https:\/\/pagina10.com\/web\/indigenas-awa-denuncian-masacre-de-tres-jovenes-en-el-resguardo-saunde-guiguay-en-narino\/#primaryimage\",\"url\":\"https:\/\/pagina10.com\/web\/wp-content\/uploads\/2023\/08\/WhatsApp-Image-2023-08-01-at-10.26.13-PM.jpeg\",\"contentUrl\":\"https:\/\/pagina10.com\/web\/wp-content\/uploads\/2023\/08\/WhatsApp-Image-2023-08-01-at-10.26.13-PM.jpeg\",\"width\":1600,\"height\":1200},{\"@type\":\"BreadcrumbList\",\"@id\":\"https:\/\/pagina10.com\/web\/indigenas-awa-denuncian-masacre-de-tres-jovenes-en-el-resguardo-saunde-guiguay-en-narino\/#breadcrumb\",\"itemListElement\":[{\"@type\":\"ListItem\",\"position\":1,\"name\":\"Portada\",\"item\":\"https:\/\/pagina10.com\/web\/\"},{\"@type\":\"ListItem\",\"position\":2,\"name\":\"Ind\u00edgenas Aw\u00e1 denuncian masacre de tres j\u00f3venes en el Resguardo Saund\u00e9 Guiguay en Nari\u00f1o\"}]},{\"@type\":\"WebSite\",\"@id\":\"https:\/\/pagina10.com\/web\/#website\",\"url\":\"https:\/\/pagina10.com\/web\/\",\"name\":\"P\u00e1gina10\",\"description\":\"Peri\u00f3dico Regional\",\"publisher\":{\"@id\":\"https:\/\/pagina10.com\/web\/#organization\"},\"alternateName\":\"P\u00e1gina10 Peri\u00f3dico Regional\",\"potentialAction\":[{\"@type\":\"SearchAction\",\"target\":{\"@type\":\"EntryPoint\",\"urlTemplate\":\"https:\/\/pagina10.com\/web\/?s={search_term_string}\"},\"query-input\":{\"@type\":\"PropertyValueSpecification\",\"valueRequired\":true,\"valueName\":\"search_term_string\"}}],\"inLanguage\":\"es\"},{\"@type\":\"Organization\",\"@id\":\"https:\/\/pagina10.com\/web\/#organization\",\"name\":\"P\u00e1gina10\",\"alternateName\":\"P\u00e1gina10 Peri\u00f3dico Regional\",\"url\":\"https:\/\/pagina10.com\/web\/\",\"logo\":{\"@type\":\"ImageObject\",\"inLanguage\":\"es\",\"@id\":\"https:\/\/pagina10.com\/web\/#\/schema\/logo\/image\/\",\"url\":\"https:\/\/pagina10.com\/web\/wp-content\/uploads\/2024\/01\/40-pagina-10-periodico-regional-pasto.jpg\",\"contentUrl\":\"https:\/\/pagina10.com\/web\/wp-content\/uploads\/2024\/01\/40-pagina-10-periodico-regional-pasto.jpg\",\"width\":1280,\"height\":720,\"caption\":\"P\u00e1gina10\"},\"image\":{\"@id\":\"https:\/\/pagina10.com\/web\/#\/schema\/logo\/image\/\"},\"sameAs\":[\"https:\/\/www.facebook.com\/pag10com\",\"https:\/\/x.com\/Pag10com\",\"https:\/\/www.instagram.com\/pagina10col\/\",\"https:\/\/youtube.com\/channel\/pag10\",\"https:\/\/www.tiktok.com\/@p10col\"]},{\"@type\":\"Person\",\"@id\":\"https:\/\/pagina10.com\/web\/#\/schema\/person\/2efc4a090d25b667d3bc796798a3a81b\",\"name\":\"P\u00e1gina 10\",\"description\":\"P\u00e1gina 10 es un peri\u00f3dico regional que nace en Colombia, en el departamento de Nari\u00f1o, con un enfoque global, fundamentado en cuatro pilares esenciales: la libertad, el pluralismo, la inclusi\u00f3n y la independencia. P\u00e1gina 10 hace referencia a Nari\u00f1o como el d\u00e9cimo departamento creado en Colombia, despu\u00e9s de un proceso pol\u00edtico liderado por actores y actrices regionales con el fin de obtener la independencia y autonom\u00eda de nuestros territorios. Con la creaci\u00f3n de P\u00e1gina 10 se pretende abrir un escenario para el dialogo, la reflexi\u00f3n y el debate que se extienda a otras geograf\u00edas de Am\u00e9rica Latina y del planeta, en una apuesta por transformar colectivamente los desaf\u00edos de un mundo contempor\u00e1neo, m\u00e1s all\u00e1 de las fronteras impuestas.\",\"url\":\"https:\/\/pagina10.com\/web\/author\/pdiezadmin\/\"}]}<\/script>\n<!-- \/ Yoast SEO plugin. -->","yoast_head_json":{"title":"Ind\u00edgenas Aw\u00e1 denuncian masacre de tres j\u00f3venes en el Resguardo Saund\u00e9 Guiguay en Nari\u00f1o | P\u00e1gina10","robots":{"index":"index","follow":"follow","max-snippet":"max-snippet:-1","max-image-preview":"max-image-preview:large","max-video-preview":"max-video-preview:-1"},"canonical":"https:\/\/pagina10.com\/web\/indigenas-awa-denuncian-masacre-de-tres-jovenes-en-el-resguardo-saunde-guiguay-en-narino\/","og_locale":"es_ES","og_type":"article","og_title":"Ind\u00edgenas Aw\u00e1 denuncian masacre de tres j\u00f3venes en el Resguardo Saund\u00e9 Guiguay en Nari\u00f1o | P\u00e1gina10","og_description":"El Pueblo Aw\u00e1 emiti\u00f3 un comunicado en el cual denuncia una masacre que tuvo lugar el 29 de julio de 2023 en el Resguardo Saund\u00e9 Guiguay, ubicado en el municipio de Tumaco. El comunicado explica que presuntamente hombres armados pertenecientes a grupos ilegales ingresaron violentamente a la vivienda de tres j\u00f3venes ind\u00edgenas Aw\u00e1: Marco Tulio [&hellip;]","og_url":"https:\/\/pagina10.com\/web\/indigenas-awa-denuncian-masacre-de-tres-jovenes-en-el-resguardo-saunde-guiguay-en-narino\/","og_site_name":"P\u00e1gina10","article_publisher":"https:\/\/www.facebook.com\/pag10com","article_published_time":"2023-08-01T21:57:05+00:00","article_modified_time":"2023-08-02T03:29:16+00:00","og_image":[{"width":1600,"height":1200,"url":"https:\/\/pagina10.com\/web\/wp-content\/uploads\/2023\/08\/WhatsApp-Image-2023-08-01-at-10.26.13-PM.jpeg","type":"image\/jpeg"}],"author":"P\u00e1gina 10","twitter_card":"summary_large_image","twitter_creator":"@Pag10com","twitter_site":"@Pag10com","twitter_misc":{"Escrito por":"P\u00e1gina 10","Tiempo de lectura":"1 minuto"},"schema":{"@context":"https:\/\/schema.org","@graph":[{"@type":"Article","@id":"https:\/\/pagina10.com\/web\/indigenas-awa-denuncian-masacre-de-tres-jovenes-en-el-resguardo-saunde-guiguay-en-narino\/#article","isPartOf":{"@id":"https:\/\/pagina10.com\/web\/indigenas-awa-denuncian-masacre-de-tres-jovenes-en-el-resguardo-saunde-guiguay-en-narino\/"},"author":{"name":"P\u00e1gina 10","@id":"https:\/\/pagina10.com\/web\/#\/schema\/person\/2efc4a090d25b667d3bc796798a3a81b"},"headline":"Ind\u00edgenas Aw\u00e1 denuncian masacre de tres j\u00f3venes en el Resguardo Saund\u00e9 Guiguay en Nari\u00f1o","datePublished":"2023-08-01T21:57:05+00:00","dateModified":"2023-08-02T03:29:16+00:00","mainEntityOfPage":{"@id":"https:\/\/pagina10.com\/web\/indigenas-awa-denuncian-masacre-de-tres-jovenes-en-el-resguardo-saunde-guiguay-en-narino\/"},"wordCount":247,"commentCount":0,"publisher":{"@id":"https:\/\/pagina10.com\/web\/#organization"},"image":{"@id":"https:\/\/pagina10.com\/web\/indigenas-awa-denuncian-masacre-de-tres-jovenes-en-el-resguardo-saunde-guiguay-en-narino\/#primaryimage"},"thumbnailUrl":"https:\/\/pagina10.com\/web\/wp-content\/uploads\/2023\/08\/WhatsApp-Image-2023-08-01-at-10.26.13-PM.jpeg","articleSection":["Titulares"],"inLanguage":"es","potentialAction":[{"@type":"CommentAction","name":"Comment","target":["https:\/\/pagina10.com\/web\/indigenas-awa-denuncian-masacre-de-tres-jovenes-en-el-resguardo-saunde-guiguay-en-narino\/#respond"]}]},{"@type":"WebPage","@id":"https:\/\/pagina10.com\/web\/indigenas-awa-denuncian-masacre-de-tres-jovenes-en-el-resguardo-saunde-guiguay-en-narino\/","url":"https:\/\/pagina10.com\/web\/indigenas-awa-denuncian-masacre-de-tres-jovenes-en-el-resguardo-saunde-guiguay-en-narino\/","name":"Ind\u00edgenas Aw\u00e1 denuncian masacre de tres j\u00f3venes en el Resguardo Saund\u00e9 Guiguay en Nari\u00f1o | P\u00e1gina10","isPartOf":{"@id":"https:\/\/pagina10.com\/web\/#website"},"primaryImageOfPage":{"@id":"https:\/\/pagina10.com\/web\/indigenas-awa-denuncian-masacre-de-tres-jovenes-en-el-resguardo-saunde-guiguay-en-narino\/#primaryimage"},"image":{"@id":"https:\/\/pagina10.com\/web\/indigenas-awa-denuncian-masacre-de-tres-jovenes-en-el-resguardo-saunde-guiguay-en-narino\/#primaryimage"},"thumbnailUrl":"https:\/\/pagina10.com\/web\/wp-content\/uploads\/2023\/08\/WhatsApp-Image-2023-08-01-at-10.26.13-PM.jpeg","datePublished":"2023-08-01T21:57:05+00:00","dateModified":"2023-08-02T03:29:16+00:00","breadcrumb":{"@id":"https:\/\/pagina10.com\/web\/indigenas-awa-denuncian-masacre-de-tres-jovenes-en-el-resguardo-saunde-guiguay-en-narino\/#breadcrumb"},"inLanguage":"es","potentialAction":[{"@type":"ReadAction","target":["https:\/\/pagina10.com\/web\/indigenas-awa-denuncian-masacre-de-tres-jovenes-en-el-resguardo-saunde-guiguay-en-narino\/"]}]},{"@type":"ImageObject","inLanguage":"es","@id":"https:\/\/pagina10.com\/web\/indigenas-awa-denuncian-masacre-de-tres-jovenes-en-el-resguardo-saunde-guiguay-en-narino\/#primaryimage","url":"https:\/\/pagina10.com\/web\/wp-content\/uploads\/2023\/08\/WhatsApp-Image-2023-08-01-at-10.26.13-PM.jpeg","contentUrl":"https:\/\/pagina10.com\/web\/wp-content\/uploads\/2023\/08\/WhatsApp-Image-2023-08-01-at-10.26.13-PM.jpeg","width":1600,"height":1200},{"@type":"BreadcrumbList","@id":"https:\/\/pagina10.com\/web\/indigenas-awa-denuncian-masacre-de-tres-jovenes-en-el-resguardo-saunde-guiguay-en-narino\/#breadcrumb","itemListElement":[{"@type":"ListItem","position":1,"name":"Portada","item":"https:\/\/pagina10.com\/web\/"},{"@type":"ListItem","position":2,"name":"Ind\u00edgenas Aw\u00e1 denuncian masacre de tres j\u00f3venes en el Resguardo Saund\u00e9 Guiguay en Nari\u00f1o"}]},{"@type":"WebSite","@id":"https:\/\/pagina10.com\/web\/#website","url":"https:\/\/pagina10.com\/web\/","name":"P\u00e1gina10","description":"Peri\u00f3dico Regional","publisher":{"@id":"https:\/\/pagina10.com\/web\/#organization"},"alternateName":"P\u00e1gina10 Peri\u00f3dico Regional","potentialAction":[{"@type":"SearchAction","target":{"@type":"EntryPoint","urlTemplate":"https:\/\/pagina10.com\/web\/?s={search_term_string}"},"query-input":{"@type":"PropertyValueSpecification","valueRequired":true,"valueName":"search_term_string"}}],"inLanguage":"es"},{"@type":"Organization","@id":"https:\/\/pagina10.com\/web\/#organization","name":"P\u00e1gina10","alternateName":"P\u00e1gina10 Peri\u00f3dico Regional","url":"https:\/\/pagina10.com\/web\/","logo":{"@type":"ImageObject","inLanguage":"es","@id":"https:\/\/pagina10.com\/web\/#\/schema\/logo\/image\/","url":"https:\/\/pagina10.com\/web\/wp-content\/uploads\/2024\/01\/40-pagina-10-periodico-regional-pasto.jpg","contentUrl":"https:\/\/pagina10.com\/web\/wp-content\/uploads\/2024\/01\/40-pagina-10-periodico-regional-pasto.jpg","width":1280,"height":720,"caption":"P\u00e1gina10"},"image":{"@id":"https:\/\/pagina10.com\/web\/#\/schema\/logo\/image\/"},"sameAs":["https:\/\/www.facebook.com\/pag10com","https:\/\/x.com\/Pag10com","https:\/\/www.instagram.com\/pagina10col\/","https:\/\/youtube.com\/channel\/pag10","https:\/\/www.tiktok.com\/@p10col"]},{"@type":"Person","@id":"https:\/\/pagina10.com\/web\/#\/schema\/person\/2efc4a090d25b667d3bc796798a3a81b","name":"P\u00e1gina 10","description":"P\u00e1gina 10 es un peri\u00f3dico regional que nace en Colombia, en el departamento de Nari\u00f1o, con un enfoque global, fundamentado en cuatro pilares esenciales: la libertad, el pluralismo, la inclusi\u00f3n y la independencia. P\u00e1gina 10 hace referencia a Nari\u00f1o como el d\u00e9cimo departamento creado en Colombia, despu\u00e9s de un proceso pol\u00edtico liderado por actores y actrices regionales con el fin de obtener la independencia y autonom\u00eda de nuestros territorios. Con la creaci\u00f3n de P\u00e1gina 10 se pretende abrir un escenario para el dialogo, la reflexi\u00f3n y el debate que se extienda a otras geograf\u00edas de Am\u00e9rica Latina y del planeta, en una apuesta por transformar colectivamente los desaf\u00edos de un mundo contempor\u00e1neo, m\u00e1s all\u00e1 de las fronteras impuestas.","url":"https:\/\/pagina10.com\/web\/author\/pdiezadmin\/"}]}},"_links":{"self":[{"href":"https:\/\/pagina10.com\/web\/wp-json\/wp\/v2\/posts\/67905","targetHints":{"allow":["GET"]}}],"collection":[{"href":"https:\/\/pagina10.com\/web\/wp-json\/wp\/v2\/posts"}],"about":[{"href":"https:\/\/pagina10.com\/web\/wp-json\/wp\/v2\/types\/post"}],"author":[{"embeddable":true,"href":"https:\/\/pagina10.com\/web\/wp-json\/wp\/v2\/users\/1"}],"replies":[{"embeddable":true,"href":"https:\/\/pagina10.com\/web\/wp-json\/wp\/v2\/comments?post=67905"}],"version-history":[{"count":1,"href":"https:\/\/pagina10.com\/web\/wp-json\/wp\/v2\/posts\/67905\/revisions"}],"predecessor-version":[{"id":67907,"href":"https:\/\/pagina10.com\/web\/wp-json\/wp\/v2\/posts\/67905\/revisions\/67907"}],"wp:featuredmedia":[{"embeddable":true,"href":"https:\/\/pagina10.com\/web\/wp-json\/wp\/v2\/media\/67922"}],"wp:attachment":[{"href":"https:\/\/pagina10.com\/web\/wp-json\/wp\/v2\/media?parent=67905"}],"wp:term":[{"taxonomy":"category","embeddable":true,"href":"https:\/\/pagina10.com\/web\/wp-json\/wp\/v2\/categories?post=67905"},{"taxonomy":"post_tag","embeddable":true,"href":"https:\/\/pagina10.com\/web\/wp-json\/wp\/v2\/tags?post=67905"}],"curies":[{"name":"wp","href":"https:\/\/api.w.org\/{rel}","templated":true}]}}