{"id":67938,"date":"2023-08-02T21:22:58","date_gmt":"2023-08-03T02:22:58","guid":{"rendered":"https:\/\/pagina10.com\/web\/?p=67938"},"modified":"2023-08-02T22:58:56","modified_gmt":"2023-08-03T03:58:56","slug":"67938-2","status":"publish","type":"post","link":"https:\/\/pagina10.com\/web\/67938-2\/","title":{"rendered":"Por la crisis en Nari\u00f1o, representante Pe\u00f1uela participar\u00e1 en debate de control pol\u00edtico"},"content":{"rendered":"<p style=\"text-align: justify;\">El Representante a la C\u00e1mara por el Partido Conservador, Juan Daniel Pe\u00f1uela, pidi\u00f3 citar al Ministro de Defensa Nacional y a otros funcionarios relevantes para debatir sobre la crisis de seguridad y riesgo electoral previo a la contienda que se llevar\u00e1 a cabo en el mes de octubre. La citaci\u00f3n tambi\u00e9n la acompa\u00f1an los Representantes a la C\u00e1mara Julio C\u00e9sar Triana del departamento del Huila, Duvalier S\u00e1nchez Arango del Valle del Cauca y Jose Usc\u00e1tegui Pastrana de Bogot\u00e1.<\/p>\n<p style=\"text-align: justify;\">Tambi\u00e9n se invita a otras autoridades como el Defensor del Pueblo, la Procuradora General de la Naci\u00f3n, el comandante del Ej\u00e9rcito Nacional, el Director General de la Polic\u00eda Nacional, el Fiscal General de la Naci\u00f3n y la Directora de la MOE, para participar en el \u00abdebate de control pol\u00edtico\u00bb.<\/p>\n<p style=\"text-align: justify;\">\u00abPr\u00f3ximo mi\u00e9rcoles citamos debate de control pol\u00edtico al @Mindefensa, @Mininterior y otros. Expondr\u00e9 crisis de seguridad en #Nari\u00f1o. Exigiremos soluciones inmediatas y efectivas a diferentes problem\u00e1ticas que garanticen seguridad y vida de Nari\u00f1enses, as\u00ed como proceso electoral\u00bb, public\u00f3 Pe\u00f1uela a trav\u00e9s de sus redes sociales.<\/p>\n","protected":false},"excerpt":{"rendered":"<p>El Representante a la C\u00e1mara por el Partido Conservador, Juan Daniel Pe\u00f1uela, pidi\u00f3 citar al Ministro de Defensa Nacional y a otros funcionarios relevantes para debatir sobre la crisis de seguridad y riesgo electoral previo a la contienda que se llevar\u00e1 a cabo en el mes de octubre. La citaci\u00f3n tambi\u00e9n la acompa\u00f1an los Representantes [&hellip;]<\/p>\n","protected":false},"author":1,"featured_media":67939,"comment_status":"open","ping_status":"open","sticky":false,"template":"","format":"standard","meta":{"footnotes":""},"categories":[1528],"tags":[],"class_list":["post-67938","post","type-post","status-publish","format-standard","has-post-thumbnail","hentry","category-titulares"],"yoast_head":"<!-- This site is optimized with the Yoast SEO plugin v27.1.1 - https:\/\/yoast.com\/product\/yoast-seo-wordpress\/ -->\n<title>Por la crisis en Nari\u00f1o, representante Pe\u00f1uela participar\u00e1 en debate de control pol\u00edtico | P\u00e1gina10<\/title>\n<meta name=\"robots\" content=\"index, follow, max-snippet:-1, max-image-preview:large, max-video-preview:-1\" \/>\n<link rel=\"canonical\" href=\"https:\/\/pagina10.com\/web\/67938-2\/\" \/>\n<meta property=\"og:locale\" content=\"es_ES\" \/>\n<meta property=\"og:type\" content=\"article\" \/>\n<meta property=\"og:title\" content=\"Por la crisis en Nari\u00f1o, representante Pe\u00f1uela participar\u00e1 en debate de control pol\u00edtico | P\u00e1gina10\" \/>\n<meta property=\"og:description\" content=\"El Representante a la C\u00e1mara por el Partido Conservador, Juan Daniel Pe\u00f1uela, pidi\u00f3 citar al Ministro de Defensa Nacional y a otros funcionarios relevantes para debatir sobre la crisis de seguridad y riesgo electoral previo a la contienda que se llevar\u00e1 a cabo en el mes de octubre. La citaci\u00f3n tambi\u00e9n la acompa\u00f1an los Representantes [&hellip;]\" \/>\n<meta property=\"og:url\" content=\"https:\/\/pagina10.com\/web\/67938-2\/\" \/>\n<meta property=\"og:site_name\" content=\"P\u00e1gina10\" \/>\n<meta property=\"article:publisher\" content=\"https:\/\/www.facebook.com\/pag10com\" \/>\n<meta property=\"article:published_time\" content=\"2023-08-03T02:22:58+00:00\" \/>\n<meta property=\"article:modified_time\" content=\"2023-08-03T03:58:56+00:00\" \/>\n<meta property=\"og:image\" content=\"https:\/\/pagina10.com\/web\/wp-content\/uploads\/2023\/08\/juan-daniel-penuela-800x445-1.jpg\" \/>\n\t<meta property=\"og:image:width\" content=\"800\" \/>\n\t<meta property=\"og:image:height\" content=\"445\" \/>\n\t<meta property=\"og:image:type\" content=\"image\/jpeg\" \/>\n<meta name=\"author\" content=\"P\u00e1gina 10\" \/>\n<meta name=\"twitter:card\" content=\"summary_large_image\" \/>\n<meta name=\"twitter:creator\" content=\"@Pag10com\" \/>\n<meta name=\"twitter:site\" content=\"@Pag10com\" \/>\n<meta name=\"twitter:label1\" content=\"Escrito por\" \/>\n\t<meta name=\"twitter:data1\" content=\"P\u00e1gina 10\" \/>\n\t<meta name=\"twitter:label2\" content=\"Tiempo de lectura\" \/>\n\t<meta name=\"twitter:data2\" content=\"1 minuto\" \/>\n<script type=\"application\/ld+json\" class=\"yoast-schema-graph\">{\"@context\":\"https:\/\/schema.org\",\"@graph\":[{\"@type\":\"Article\",\"@id\":\"https:\/\/pagina10.com\/web\/67938-2\/#article\",\"isPartOf\":{\"@id\":\"https:\/\/pagina10.com\/web\/67938-2\/\"},\"author\":{\"name\":\"P\u00e1gina 10\",\"@id\":\"https:\/\/pagina10.com\/web\/#\/schema\/person\/2efc4a090d25b667d3bc796798a3a81b\"},\"headline\":\"Por la crisis en Nari\u00f1o, representante Pe\u00f1uela participar\u00e1 en debate de control pol\u00edtico\",\"datePublished\":\"2023-08-03T02:22:58+00:00\",\"dateModified\":\"2023-08-03T03:58:56+00:00\",\"mainEntityOfPage\":{\"@id\":\"https:\/\/pagina10.com\/web\/67938-2\/\"},\"wordCount\":211,\"commentCount\":0,\"publisher\":{\"@id\":\"https:\/\/pagina10.com\/web\/#organization\"},\"image\":{\"@id\":\"https:\/\/pagina10.com\/web\/67938-2\/#primaryimage\"},\"thumbnailUrl\":\"https:\/\/pagina10.com\/web\/wp-content\/uploads\/2023\/08\/juan-daniel-penuela-800x445-1.jpg\",\"articleSection\":[\"Titulares\"],\"inLanguage\":\"es\",\"potentialAction\":[{\"@type\":\"CommentAction\",\"name\":\"Comment\",\"target\":[\"https:\/\/pagina10.com\/web\/67938-2\/#respond\"]}]},{\"@type\":\"WebPage\",\"@id\":\"https:\/\/pagina10.com\/web\/67938-2\/\",\"url\":\"https:\/\/pagina10.com\/web\/67938-2\/\",\"name\":\"Por la crisis en Nari\u00f1o, representante Pe\u00f1uela participar\u00e1 en debate de control pol\u00edtico | P\u00e1gina10\",\"isPartOf\":{\"@id\":\"https:\/\/pagina10.com\/web\/#website\"},\"primaryImageOfPage\":{\"@id\":\"https:\/\/pagina10.com\/web\/67938-2\/#primaryimage\"},\"image\":{\"@id\":\"https:\/\/pagina10.com\/web\/67938-2\/#primaryimage\"},\"thumbnailUrl\":\"https:\/\/pagina10.com\/web\/wp-content\/uploads\/2023\/08\/juan-daniel-penuela-800x445-1.jpg\",\"datePublished\":\"2023-08-03T02:22:58+00:00\",\"dateModified\":\"2023-08-03T03:58:56+00:00\",\"breadcrumb\":{\"@id\":\"https:\/\/pagina10.com\/web\/67938-2\/#breadcrumb\"},\"inLanguage\":\"es\",\"potentialAction\":[{\"@type\":\"ReadAction\",\"target\":[\"https:\/\/pagina10.com\/web\/67938-2\/\"]}]},{\"@type\":\"ImageObject\",\"inLanguage\":\"es\",\"@id\":\"https:\/\/pagina10.com\/web\/67938-2\/#primaryimage\",\"url\":\"https:\/\/pagina10.com\/web\/wp-content\/uploads\/2023\/08\/juan-daniel-penuela-800x445-1.jpg\",\"contentUrl\":\"https:\/\/pagina10.com\/web\/wp-content\/uploads\/2023\/08\/juan-daniel-penuela-800x445-1.jpg\",\"width\":800,\"height\":445},{\"@type\":\"BreadcrumbList\",\"@id\":\"https:\/\/pagina10.com\/web\/67938-2\/#breadcrumb\",\"itemListElement\":[{\"@type\":\"ListItem\",\"position\":1,\"name\":\"Portada\",\"item\":\"https:\/\/pagina10.com\/web\/\"},{\"@type\":\"ListItem\",\"position\":2,\"name\":\"Por la crisis en Nari\u00f1o, representante Pe\u00f1uela participar\u00e1 en debate de control pol\u00edtico\"}]},{\"@type\":\"WebSite\",\"@id\":\"https:\/\/pagina10.com\/web\/#website\",\"url\":\"https:\/\/pagina10.com\/web\/\",\"name\":\"P\u00e1gina10\",\"description\":\"Peri\u00f3dico Regional\",\"publisher\":{\"@id\":\"https:\/\/pagina10.com\/web\/#organization\"},\"alternateName\":\"P\u00e1gina10 Peri\u00f3dico Regional\",\"potentialAction\":[{\"@type\":\"SearchAction\",\"target\":{\"@type\":\"EntryPoint\",\"urlTemplate\":\"https:\/\/pagina10.com\/web\/?s={search_term_string}\"},\"query-input\":{\"@type\":\"PropertyValueSpecification\",\"valueRequired\":true,\"valueName\":\"search_term_string\"}}],\"inLanguage\":\"es\"},{\"@type\":\"Organization\",\"@id\":\"https:\/\/pagina10.com\/web\/#organization\",\"name\":\"P\u00e1gina10\",\"alternateName\":\"P\u00e1gina10 Peri\u00f3dico Regional\",\"url\":\"https:\/\/pagina10.com\/web\/\",\"logo\":{\"@type\":\"ImageObject\",\"inLanguage\":\"es\",\"@id\":\"https:\/\/pagina10.com\/web\/#\/schema\/logo\/image\/\",\"url\":\"https:\/\/pagina10.com\/web\/wp-content\/uploads\/2024\/01\/40-pagina-10-periodico-regional-pasto.jpg\",\"contentUrl\":\"https:\/\/pagina10.com\/web\/wp-content\/uploads\/2024\/01\/40-pagina-10-periodico-regional-pasto.jpg\",\"width\":1280,\"height\":720,\"caption\":\"P\u00e1gina10\"},\"image\":{\"@id\":\"https:\/\/pagina10.com\/web\/#\/schema\/logo\/image\/\"},\"sameAs\":[\"https:\/\/www.facebook.com\/pag10com\",\"https:\/\/x.com\/Pag10com\",\"https:\/\/www.instagram.com\/pagina10col\/\",\"https:\/\/youtube.com\/channel\/pag10\",\"https:\/\/www.tiktok.com\/@p10col\"]},{\"@type\":\"Person\",\"@id\":\"https:\/\/pagina10.com\/web\/#\/schema\/person\/2efc4a090d25b667d3bc796798a3a81b\",\"name\":\"P\u00e1gina 10\",\"description\":\"P\u00e1gina 10 es un peri\u00f3dico regional que nace en Colombia, en el departamento de Nari\u00f1o, con un enfoque global, fundamentado en cuatro pilares esenciales: la libertad, el pluralismo, la inclusi\u00f3n y la independencia. P\u00e1gina 10 hace referencia a Nari\u00f1o como el d\u00e9cimo departamento creado en Colombia, despu\u00e9s de un proceso pol\u00edtico liderado por actores y actrices regionales con el fin de obtener la independencia y autonom\u00eda de nuestros territorios. Con la creaci\u00f3n de P\u00e1gina 10 se pretende abrir un escenario para el dialogo, la reflexi\u00f3n y el debate que se extienda a otras geograf\u00edas de Am\u00e9rica Latina y del planeta, en una apuesta por transformar colectivamente los desaf\u00edos de un mundo contempor\u00e1neo, m\u00e1s all\u00e1 de las fronteras impuestas.\",\"url\":\"https:\/\/pagina10.com\/web\/author\/pdiezadmin\/\"}]}<\/script>\n<!-- \/ Yoast SEO plugin. -->","yoast_head_json":{"title":"Por la crisis en Nari\u00f1o, representante Pe\u00f1uela participar\u00e1 en debate de control pol\u00edtico | P\u00e1gina10","robots":{"index":"index","follow":"follow","max-snippet":"max-snippet:-1","max-image-preview":"max-image-preview:large","max-video-preview":"max-video-preview:-1"},"canonical":"https:\/\/pagina10.com\/web\/67938-2\/","og_locale":"es_ES","og_type":"article","og_title":"Por la crisis en Nari\u00f1o, representante Pe\u00f1uela participar\u00e1 en debate de control pol\u00edtico | P\u00e1gina10","og_description":"El Representante a la C\u00e1mara por el Partido Conservador, Juan Daniel Pe\u00f1uela, pidi\u00f3 citar al Ministro de Defensa Nacional y a otros funcionarios relevantes para debatir sobre la crisis de seguridad y riesgo electoral previo a la contienda que se llevar\u00e1 a cabo en el mes de octubre. La citaci\u00f3n tambi\u00e9n la acompa\u00f1an los Representantes [&hellip;]","og_url":"https:\/\/pagina10.com\/web\/67938-2\/","og_site_name":"P\u00e1gina10","article_publisher":"https:\/\/www.facebook.com\/pag10com","article_published_time":"2023-08-03T02:22:58+00:00","article_modified_time":"2023-08-03T03:58:56+00:00","og_image":[{"width":800,"height":445,"url":"https:\/\/pagina10.com\/web\/wp-content\/uploads\/2023\/08\/juan-daniel-penuela-800x445-1.jpg","type":"image\/jpeg"}],"author":"P\u00e1gina 10","twitter_card":"summary_large_image","twitter_creator":"@Pag10com","twitter_site":"@Pag10com","twitter_misc":{"Escrito por":"P\u00e1gina 10","Tiempo de lectura":"1 minuto"},"schema":{"@context":"https:\/\/schema.org","@graph":[{"@type":"Article","@id":"https:\/\/pagina10.com\/web\/67938-2\/#article","isPartOf":{"@id":"https:\/\/pagina10.com\/web\/67938-2\/"},"author":{"name":"P\u00e1gina 10","@id":"https:\/\/pagina10.com\/web\/#\/schema\/person\/2efc4a090d25b667d3bc796798a3a81b"},"headline":"Por la crisis en Nari\u00f1o, representante Pe\u00f1uela participar\u00e1 en debate de control pol\u00edtico","datePublished":"2023-08-03T02:22:58+00:00","dateModified":"2023-08-03T03:58:56+00:00","mainEntityOfPage":{"@id":"https:\/\/pagina10.com\/web\/67938-2\/"},"wordCount":211,"commentCount":0,"publisher":{"@id":"https:\/\/pagina10.com\/web\/#organization"},"image":{"@id":"https:\/\/pagina10.com\/web\/67938-2\/#primaryimage"},"thumbnailUrl":"https:\/\/pagina10.com\/web\/wp-content\/uploads\/2023\/08\/juan-daniel-penuela-800x445-1.jpg","articleSection":["Titulares"],"inLanguage":"es","potentialAction":[{"@type":"CommentAction","name":"Comment","target":["https:\/\/pagina10.com\/web\/67938-2\/#respond"]}]},{"@type":"WebPage","@id":"https:\/\/pagina10.com\/web\/67938-2\/","url":"https:\/\/pagina10.com\/web\/67938-2\/","name":"Por la crisis en Nari\u00f1o, representante Pe\u00f1uela participar\u00e1 en debate de control pol\u00edtico | P\u00e1gina10","isPartOf":{"@id":"https:\/\/pagina10.com\/web\/#website"},"primaryImageOfPage":{"@id":"https:\/\/pagina10.com\/web\/67938-2\/#primaryimage"},"image":{"@id":"https:\/\/pagina10.com\/web\/67938-2\/#primaryimage"},"thumbnailUrl":"https:\/\/pagina10.com\/web\/wp-content\/uploads\/2023\/08\/juan-daniel-penuela-800x445-1.jpg","datePublished":"2023-08-03T02:22:58+00:00","dateModified":"2023-08-03T03:58:56+00:00","breadcrumb":{"@id":"https:\/\/pagina10.com\/web\/67938-2\/#breadcrumb"},"inLanguage":"es","potentialAction":[{"@type":"ReadAction","target":["https:\/\/pagina10.com\/web\/67938-2\/"]}]},{"@type":"ImageObject","inLanguage":"es","@id":"https:\/\/pagina10.com\/web\/67938-2\/#primaryimage","url":"https:\/\/pagina10.com\/web\/wp-content\/uploads\/2023\/08\/juan-daniel-penuela-800x445-1.jpg","contentUrl":"https:\/\/pagina10.com\/web\/wp-content\/uploads\/2023\/08\/juan-daniel-penuela-800x445-1.jpg","width":800,"height":445},{"@type":"BreadcrumbList","@id":"https:\/\/pagina10.com\/web\/67938-2\/#breadcrumb","itemListElement":[{"@type":"ListItem","position":1,"name":"Portada","item":"https:\/\/pagina10.com\/web\/"},{"@type":"ListItem","position":2,"name":"Por la crisis en Nari\u00f1o, representante Pe\u00f1uela participar\u00e1 en debate de control pol\u00edtico"}]},{"@type":"WebSite","@id":"https:\/\/pagina10.com\/web\/#website","url":"https:\/\/pagina10.com\/web\/","name":"P\u00e1gina10","description":"Peri\u00f3dico Regional","publisher":{"@id":"https:\/\/pagina10.com\/web\/#organization"},"alternateName":"P\u00e1gina10 Peri\u00f3dico Regional","potentialAction":[{"@type":"SearchAction","target":{"@type":"EntryPoint","urlTemplate":"https:\/\/pagina10.com\/web\/?s={search_term_string}"},"query-input":{"@type":"PropertyValueSpecification","valueRequired":true,"valueName":"search_term_string"}}],"inLanguage":"es"},{"@type":"Organization","@id":"https:\/\/pagina10.com\/web\/#organization","name":"P\u00e1gina10","alternateName":"P\u00e1gina10 Peri\u00f3dico Regional","url":"https:\/\/pagina10.com\/web\/","logo":{"@type":"ImageObject","inLanguage":"es","@id":"https:\/\/pagina10.com\/web\/#\/schema\/logo\/image\/","url":"https:\/\/pagina10.com\/web\/wp-content\/uploads\/2024\/01\/40-pagina-10-periodico-regional-pasto.jpg","contentUrl":"https:\/\/pagina10.com\/web\/wp-content\/uploads\/2024\/01\/40-pagina-10-periodico-regional-pasto.jpg","width":1280,"height":720,"caption":"P\u00e1gina10"},"image":{"@id":"https:\/\/pagina10.com\/web\/#\/schema\/logo\/image\/"},"sameAs":["https:\/\/www.facebook.com\/pag10com","https:\/\/x.com\/Pag10com","https:\/\/www.instagram.com\/pagina10col\/","https:\/\/youtube.com\/channel\/pag10","https:\/\/www.tiktok.com\/@p10col"]},{"@type":"Person","@id":"https:\/\/pagina10.com\/web\/#\/schema\/person\/2efc4a090d25b667d3bc796798a3a81b","name":"P\u00e1gina 10","description":"P\u00e1gina 10 es un peri\u00f3dico regional que nace en Colombia, en el departamento de Nari\u00f1o, con un enfoque global, fundamentado en cuatro pilares esenciales: la libertad, el pluralismo, la inclusi\u00f3n y la independencia. P\u00e1gina 10 hace referencia a Nari\u00f1o como el d\u00e9cimo departamento creado en Colombia, despu\u00e9s de un proceso pol\u00edtico liderado por actores y actrices regionales con el fin de obtener la independencia y autonom\u00eda de nuestros territorios. Con la creaci\u00f3n de P\u00e1gina 10 se pretende abrir un escenario para el dialogo, la reflexi\u00f3n y el debate que se extienda a otras geograf\u00edas de Am\u00e9rica Latina y del planeta, en una apuesta por transformar colectivamente los desaf\u00edos de un mundo contempor\u00e1neo, m\u00e1s all\u00e1 de las fronteras impuestas.","url":"https:\/\/pagina10.com\/web\/author\/pdiezadmin\/"}]}},"_links":{"self":[{"href":"https:\/\/pagina10.com\/web\/wp-json\/wp\/v2\/posts\/67938","targetHints":{"allow":["GET"]}}],"collection":[{"href":"https:\/\/pagina10.com\/web\/wp-json\/wp\/v2\/posts"}],"about":[{"href":"https:\/\/pagina10.com\/web\/wp-json\/wp\/v2\/types\/post"}],"author":[{"embeddable":true,"href":"https:\/\/pagina10.com\/web\/wp-json\/wp\/v2\/users\/1"}],"replies":[{"embeddable":true,"href":"https:\/\/pagina10.com\/web\/wp-json\/wp\/v2\/comments?post=67938"}],"version-history":[{"count":7,"href":"https:\/\/pagina10.com\/web\/wp-json\/wp\/v2\/posts\/67938\/revisions"}],"predecessor-version":[{"id":67956,"href":"https:\/\/pagina10.com\/web\/wp-json\/wp\/v2\/posts\/67938\/revisions\/67956"}],"wp:featuredmedia":[{"embeddable":true,"href":"https:\/\/pagina10.com\/web\/wp-json\/wp\/v2\/media\/67939"}],"wp:attachment":[{"href":"https:\/\/pagina10.com\/web\/wp-json\/wp\/v2\/media?parent=67938"}],"wp:term":[{"taxonomy":"category","embeddable":true,"href":"https:\/\/pagina10.com\/web\/wp-json\/wp\/v2\/categories?post=67938"},{"taxonomy":"post_tag","embeddable":true,"href":"https:\/\/pagina10.com\/web\/wp-json\/wp\/v2\/tags?post=67938"}],"curies":[{"name":"wp","href":"https:\/\/api.w.org\/{rel}","templated":true}]}}