{"id":67995,"date":"2023-08-05T20:41:15","date_gmt":"2023-08-06T01:41:15","guid":{"rendered":"https:\/\/pagina10.com\/web\/?p=67995"},"modified":"2023-08-05T20:41:15","modified_gmt":"2023-08-06T01:41:15","slug":"se-ampliara-el-periodo-de-lactancia-materna-por-ley","status":"publish","type":"post","link":"https:\/\/pagina10.com\/web\/se-ampliara-el-periodo-de-lactancia-materna-por-ley\/","title":{"rendered":"Se ampliar\u00e1 el periodo de lactancia materna por ley"},"content":{"rendered":"<p style=\"text-align: justify;\">Con la aprobaci\u00f3n de la ley 2306 de 2023, se reforzar\u00e1 la protecci\u00f3n de la maternidad y primera infancia en Colombia. Esta nueva norma exige a empresas que garanticen horarios y espacios exclusivos para la lactancia, tambi\u00e9n se refuerza la lactancia como un derecho, por lo que las mujeres podr\u00e1n amamantar en espacio p\u00fablico y evita la discriminaci\u00f3n laboral por maternidad o paternidad. Adicionalmente se ampl\u00eda el per\u00edodo de lactancia.<\/p>\n<p style=\"text-align: justify;\">\u201cLas autoridades y la ciudadan\u00eda tienen el deber de respetarlas y abstenerse de prohibirles, negarles, limitarlas, censurarlas, restringirles o vulnerarlas cuando as\u00ed lo hagan incluido todo tipo de violencia verbal y violencia f\u00edsica\u201d, as\u00ed lo se\u00f1ala la nueva ley.<\/p>\n<p style=\"text-align: justify;\">Por tanto, se requiere la creaci\u00f3n de \u00e1reas de lactancia en espacios p\u00fablicos y comerciales con alta afluencia. Los empleadores deben conceder dos descansos de treinta minutos cada uno para la lactancia durante los primeros seis meses, sin afectar el salario. Despu\u00e9s, se otorga un descanso diario hasta los dos a\u00f1os del ni\u00f1o, con certificado m\u00e9dico opcional despu\u00e9s de los dos a\u00f1os.<\/p>\n","protected":false},"excerpt":{"rendered":"<p>Con la aprobaci\u00f3n de la ley 2306 de 2023, se reforzar\u00e1 la protecci\u00f3n de la maternidad y primera infancia en Colombia. Esta nueva norma exige a empresas que garanticen horarios y espacios exclusivos para la lactancia, tambi\u00e9n se refuerza la lactancia como un derecho, por lo que las mujeres podr\u00e1n amamantar en espacio p\u00fablico y [&hellip;]<\/p>\n","protected":false},"author":1,"featured_media":67996,"comment_status":"open","ping_status":"open","sticky":false,"template":"","format":"standard","meta":{"footnotes":""},"categories":[1528],"tags":[],"class_list":["post-67995","post","type-post","status-publish","format-standard","has-post-thumbnail","hentry","category-titulares"],"yoast_head":"<!-- This site is optimized with the Yoast SEO plugin v27.1.1 - https:\/\/yoast.com\/product\/yoast-seo-wordpress\/ -->\n<title>Se ampliar\u00e1 el periodo de lactancia materna por ley | P\u00e1gina10<\/title>\n<meta name=\"robots\" content=\"index, follow, max-snippet:-1, max-image-preview:large, max-video-preview:-1\" \/>\n<link rel=\"canonical\" href=\"https:\/\/pagina10.com\/web\/se-ampliara-el-periodo-de-lactancia-materna-por-ley\/\" \/>\n<meta property=\"og:locale\" content=\"es_ES\" \/>\n<meta property=\"og:type\" content=\"article\" \/>\n<meta property=\"og:title\" content=\"Se ampliar\u00e1 el periodo de lactancia materna por ley | P\u00e1gina10\" \/>\n<meta property=\"og:description\" content=\"Con la aprobaci\u00f3n de la ley 2306 de 2023, se reforzar\u00e1 la protecci\u00f3n de la maternidad y primera infancia en Colombia. Esta nueva norma exige a empresas que garanticen horarios y espacios exclusivos para la lactancia, tambi\u00e9n se refuerza la lactancia como un derecho, por lo que las mujeres podr\u00e1n amamantar en espacio p\u00fablico y [&hellip;]\" \/>\n<meta property=\"og:url\" content=\"https:\/\/pagina10.com\/web\/se-ampliara-el-periodo-de-lactancia-materna-por-ley\/\" \/>\n<meta property=\"og:site_name\" content=\"P\u00e1gina10\" \/>\n<meta property=\"article:publisher\" content=\"https:\/\/www.facebook.com\/pag10com\" \/>\n<meta property=\"article:published_time\" content=\"2023-08-06T01:41:15+00:00\" \/>\n<meta property=\"og:image\" content=\"https:\/\/pagina10.com\/web\/wp-content\/uploads\/2023\/08\/lactancia-tres-meses.jpg\" \/>\n\t<meta property=\"og:image:width\" content=\"2121\" \/>\n\t<meta property=\"og:image:height\" content=\"1416\" \/>\n\t<meta property=\"og:image:type\" content=\"image\/jpeg\" \/>\n<meta name=\"author\" content=\"P\u00e1gina 10\" \/>\n<meta name=\"twitter:card\" content=\"summary_large_image\" \/>\n<meta name=\"twitter:creator\" content=\"@Pag10com\" \/>\n<meta name=\"twitter:site\" content=\"@Pag10com\" \/>\n<meta name=\"twitter:label1\" content=\"Escrito por\" \/>\n\t<meta name=\"twitter:data1\" content=\"P\u00e1gina 10\" \/>\n\t<meta name=\"twitter:label2\" content=\"Tiempo de lectura\" \/>\n\t<meta name=\"twitter:data2\" content=\"1 minuto\" \/>\n<script type=\"application\/ld+json\" class=\"yoast-schema-graph\">{\"@context\":\"https:\/\/schema.org\",\"@graph\":[{\"@type\":\"Article\",\"@id\":\"https:\/\/pagina10.com\/web\/se-ampliara-el-periodo-de-lactancia-materna-por-ley\/#article\",\"isPartOf\":{\"@id\":\"https:\/\/pagina10.com\/web\/se-ampliara-el-periodo-de-lactancia-materna-por-ley\/\"},\"author\":{\"name\":\"P\u00e1gina 10\",\"@id\":\"https:\/\/pagina10.com\/web\/#\/schema\/person\/2efc4a090d25b667d3bc796798a3a81b\"},\"headline\":\"Se ampliar\u00e1 el periodo de lactancia materna por ley\",\"datePublished\":\"2023-08-06T01:41:15+00:00\",\"mainEntityOfPage\":{\"@id\":\"https:\/\/pagina10.com\/web\/se-ampliara-el-periodo-de-lactancia-materna-por-ley\/\"},\"wordCount\":197,\"commentCount\":0,\"publisher\":{\"@id\":\"https:\/\/pagina10.com\/web\/#organization\"},\"image\":{\"@id\":\"https:\/\/pagina10.com\/web\/se-ampliara-el-periodo-de-lactancia-materna-por-ley\/#primaryimage\"},\"thumbnailUrl\":\"https:\/\/pagina10.com\/web\/wp-content\/uploads\/2023\/08\/lactancia-tres-meses.jpg\",\"articleSection\":[\"Titulares\"],\"inLanguage\":\"es\",\"potentialAction\":[{\"@type\":\"CommentAction\",\"name\":\"Comment\",\"target\":[\"https:\/\/pagina10.com\/web\/se-ampliara-el-periodo-de-lactancia-materna-por-ley\/#respond\"]}]},{\"@type\":\"WebPage\",\"@id\":\"https:\/\/pagina10.com\/web\/se-ampliara-el-periodo-de-lactancia-materna-por-ley\/\",\"url\":\"https:\/\/pagina10.com\/web\/se-ampliara-el-periodo-de-lactancia-materna-por-ley\/\",\"name\":\"Se ampliar\u00e1 el periodo de lactancia materna por ley | P\u00e1gina10\",\"isPartOf\":{\"@id\":\"https:\/\/pagina10.com\/web\/#website\"},\"primaryImageOfPage\":{\"@id\":\"https:\/\/pagina10.com\/web\/se-ampliara-el-periodo-de-lactancia-materna-por-ley\/#primaryimage\"},\"image\":{\"@id\":\"https:\/\/pagina10.com\/web\/se-ampliara-el-periodo-de-lactancia-materna-por-ley\/#primaryimage\"},\"thumbnailUrl\":\"https:\/\/pagina10.com\/web\/wp-content\/uploads\/2023\/08\/lactancia-tres-meses.jpg\",\"datePublished\":\"2023-08-06T01:41:15+00:00\",\"breadcrumb\":{\"@id\":\"https:\/\/pagina10.com\/web\/se-ampliara-el-periodo-de-lactancia-materna-por-ley\/#breadcrumb\"},\"inLanguage\":\"es\",\"potentialAction\":[{\"@type\":\"ReadAction\",\"target\":[\"https:\/\/pagina10.com\/web\/se-ampliara-el-periodo-de-lactancia-materna-por-ley\/\"]}]},{\"@type\":\"ImageObject\",\"inLanguage\":\"es\",\"@id\":\"https:\/\/pagina10.com\/web\/se-ampliara-el-periodo-de-lactancia-materna-por-ley\/#primaryimage\",\"url\":\"https:\/\/pagina10.com\/web\/wp-content\/uploads\/2023\/08\/lactancia-tres-meses.jpg\",\"contentUrl\":\"https:\/\/pagina10.com\/web\/wp-content\/uploads\/2023\/08\/lactancia-tres-meses.jpg\",\"width\":2121,\"height\":1416},{\"@type\":\"BreadcrumbList\",\"@id\":\"https:\/\/pagina10.com\/web\/se-ampliara-el-periodo-de-lactancia-materna-por-ley\/#breadcrumb\",\"itemListElement\":[{\"@type\":\"ListItem\",\"position\":1,\"name\":\"Portada\",\"item\":\"https:\/\/pagina10.com\/web\/\"},{\"@type\":\"ListItem\",\"position\":2,\"name\":\"Se ampliar\u00e1 el periodo de lactancia materna por ley\"}]},{\"@type\":\"WebSite\",\"@id\":\"https:\/\/pagina10.com\/web\/#website\",\"url\":\"https:\/\/pagina10.com\/web\/\",\"name\":\"P\u00e1gina10\",\"description\":\"Peri\u00f3dico Regional\",\"publisher\":{\"@id\":\"https:\/\/pagina10.com\/web\/#organization\"},\"alternateName\":\"P\u00e1gina10 Peri\u00f3dico Regional\",\"potentialAction\":[{\"@type\":\"SearchAction\",\"target\":{\"@type\":\"EntryPoint\",\"urlTemplate\":\"https:\/\/pagina10.com\/web\/?s={search_term_string}\"},\"query-input\":{\"@type\":\"PropertyValueSpecification\",\"valueRequired\":true,\"valueName\":\"search_term_string\"}}],\"inLanguage\":\"es\"},{\"@type\":\"Organization\",\"@id\":\"https:\/\/pagina10.com\/web\/#organization\",\"name\":\"P\u00e1gina10\",\"alternateName\":\"P\u00e1gina10 Peri\u00f3dico Regional\",\"url\":\"https:\/\/pagina10.com\/web\/\",\"logo\":{\"@type\":\"ImageObject\",\"inLanguage\":\"es\",\"@id\":\"https:\/\/pagina10.com\/web\/#\/schema\/logo\/image\/\",\"url\":\"https:\/\/pagina10.com\/web\/wp-content\/uploads\/2024\/01\/40-pagina-10-periodico-regional-pasto.jpg\",\"contentUrl\":\"https:\/\/pagina10.com\/web\/wp-content\/uploads\/2024\/01\/40-pagina-10-periodico-regional-pasto.jpg\",\"width\":1280,\"height\":720,\"caption\":\"P\u00e1gina10\"},\"image\":{\"@id\":\"https:\/\/pagina10.com\/web\/#\/schema\/logo\/image\/\"},\"sameAs\":[\"https:\/\/www.facebook.com\/pag10com\",\"https:\/\/x.com\/Pag10com\",\"https:\/\/www.instagram.com\/pagina10col\/\",\"https:\/\/youtube.com\/channel\/pag10\",\"https:\/\/www.tiktok.com\/@p10col\"]},{\"@type\":\"Person\",\"@id\":\"https:\/\/pagina10.com\/web\/#\/schema\/person\/2efc4a090d25b667d3bc796798a3a81b\",\"name\":\"P\u00e1gina 10\",\"description\":\"P\u00e1gina 10 es un peri\u00f3dico regional que nace en Colombia, en el departamento de Nari\u00f1o, con un enfoque global, fundamentado en cuatro pilares esenciales: la libertad, el pluralismo, la inclusi\u00f3n y la independencia. P\u00e1gina 10 hace referencia a Nari\u00f1o como el d\u00e9cimo departamento creado en Colombia, despu\u00e9s de un proceso pol\u00edtico liderado por actores y actrices regionales con el fin de obtener la independencia y autonom\u00eda de nuestros territorios. Con la creaci\u00f3n de P\u00e1gina 10 se pretende abrir un escenario para el dialogo, la reflexi\u00f3n y el debate que se extienda a otras geograf\u00edas de Am\u00e9rica Latina y del planeta, en una apuesta por transformar colectivamente los desaf\u00edos de un mundo contempor\u00e1neo, m\u00e1s all\u00e1 de las fronteras impuestas.\",\"url\":\"https:\/\/pagina10.com\/web\/author\/pdiezadmin\/\"}]}<\/script>\n<!-- \/ Yoast SEO plugin. -->","yoast_head_json":{"title":"Se ampliar\u00e1 el periodo de lactancia materna por ley | P\u00e1gina10","robots":{"index":"index","follow":"follow","max-snippet":"max-snippet:-1","max-image-preview":"max-image-preview:large","max-video-preview":"max-video-preview:-1"},"canonical":"https:\/\/pagina10.com\/web\/se-ampliara-el-periodo-de-lactancia-materna-por-ley\/","og_locale":"es_ES","og_type":"article","og_title":"Se ampliar\u00e1 el periodo de lactancia materna por ley | P\u00e1gina10","og_description":"Con la aprobaci\u00f3n de la ley 2306 de 2023, se reforzar\u00e1 la protecci\u00f3n de la maternidad y primera infancia en Colombia. Esta nueva norma exige a empresas que garanticen horarios y espacios exclusivos para la lactancia, tambi\u00e9n se refuerza la lactancia como un derecho, por lo que las mujeres podr\u00e1n amamantar en espacio p\u00fablico y [&hellip;]","og_url":"https:\/\/pagina10.com\/web\/se-ampliara-el-periodo-de-lactancia-materna-por-ley\/","og_site_name":"P\u00e1gina10","article_publisher":"https:\/\/www.facebook.com\/pag10com","article_published_time":"2023-08-06T01:41:15+00:00","og_image":[{"width":2121,"height":1416,"url":"https:\/\/pagina10.com\/web\/wp-content\/uploads\/2023\/08\/lactancia-tres-meses.jpg","type":"image\/jpeg"}],"author":"P\u00e1gina 10","twitter_card":"summary_large_image","twitter_creator":"@Pag10com","twitter_site":"@Pag10com","twitter_misc":{"Escrito por":"P\u00e1gina 10","Tiempo de lectura":"1 minuto"},"schema":{"@context":"https:\/\/schema.org","@graph":[{"@type":"Article","@id":"https:\/\/pagina10.com\/web\/se-ampliara-el-periodo-de-lactancia-materna-por-ley\/#article","isPartOf":{"@id":"https:\/\/pagina10.com\/web\/se-ampliara-el-periodo-de-lactancia-materna-por-ley\/"},"author":{"name":"P\u00e1gina 10","@id":"https:\/\/pagina10.com\/web\/#\/schema\/person\/2efc4a090d25b667d3bc796798a3a81b"},"headline":"Se ampliar\u00e1 el periodo de lactancia materna por ley","datePublished":"2023-08-06T01:41:15+00:00","mainEntityOfPage":{"@id":"https:\/\/pagina10.com\/web\/se-ampliara-el-periodo-de-lactancia-materna-por-ley\/"},"wordCount":197,"commentCount":0,"publisher":{"@id":"https:\/\/pagina10.com\/web\/#organization"},"image":{"@id":"https:\/\/pagina10.com\/web\/se-ampliara-el-periodo-de-lactancia-materna-por-ley\/#primaryimage"},"thumbnailUrl":"https:\/\/pagina10.com\/web\/wp-content\/uploads\/2023\/08\/lactancia-tres-meses.jpg","articleSection":["Titulares"],"inLanguage":"es","potentialAction":[{"@type":"CommentAction","name":"Comment","target":["https:\/\/pagina10.com\/web\/se-ampliara-el-periodo-de-lactancia-materna-por-ley\/#respond"]}]},{"@type":"WebPage","@id":"https:\/\/pagina10.com\/web\/se-ampliara-el-periodo-de-lactancia-materna-por-ley\/","url":"https:\/\/pagina10.com\/web\/se-ampliara-el-periodo-de-lactancia-materna-por-ley\/","name":"Se ampliar\u00e1 el periodo de lactancia materna por ley | P\u00e1gina10","isPartOf":{"@id":"https:\/\/pagina10.com\/web\/#website"},"primaryImageOfPage":{"@id":"https:\/\/pagina10.com\/web\/se-ampliara-el-periodo-de-lactancia-materna-por-ley\/#primaryimage"},"image":{"@id":"https:\/\/pagina10.com\/web\/se-ampliara-el-periodo-de-lactancia-materna-por-ley\/#primaryimage"},"thumbnailUrl":"https:\/\/pagina10.com\/web\/wp-content\/uploads\/2023\/08\/lactancia-tres-meses.jpg","datePublished":"2023-08-06T01:41:15+00:00","breadcrumb":{"@id":"https:\/\/pagina10.com\/web\/se-ampliara-el-periodo-de-lactancia-materna-por-ley\/#breadcrumb"},"inLanguage":"es","potentialAction":[{"@type":"ReadAction","target":["https:\/\/pagina10.com\/web\/se-ampliara-el-periodo-de-lactancia-materna-por-ley\/"]}]},{"@type":"ImageObject","inLanguage":"es","@id":"https:\/\/pagina10.com\/web\/se-ampliara-el-periodo-de-lactancia-materna-por-ley\/#primaryimage","url":"https:\/\/pagina10.com\/web\/wp-content\/uploads\/2023\/08\/lactancia-tres-meses.jpg","contentUrl":"https:\/\/pagina10.com\/web\/wp-content\/uploads\/2023\/08\/lactancia-tres-meses.jpg","width":2121,"height":1416},{"@type":"BreadcrumbList","@id":"https:\/\/pagina10.com\/web\/se-ampliara-el-periodo-de-lactancia-materna-por-ley\/#breadcrumb","itemListElement":[{"@type":"ListItem","position":1,"name":"Portada","item":"https:\/\/pagina10.com\/web\/"},{"@type":"ListItem","position":2,"name":"Se ampliar\u00e1 el periodo de lactancia materna por ley"}]},{"@type":"WebSite","@id":"https:\/\/pagina10.com\/web\/#website","url":"https:\/\/pagina10.com\/web\/","name":"P\u00e1gina10","description":"Peri\u00f3dico Regional","publisher":{"@id":"https:\/\/pagina10.com\/web\/#organization"},"alternateName":"P\u00e1gina10 Peri\u00f3dico Regional","potentialAction":[{"@type":"SearchAction","target":{"@type":"EntryPoint","urlTemplate":"https:\/\/pagina10.com\/web\/?s={search_term_string}"},"query-input":{"@type":"PropertyValueSpecification","valueRequired":true,"valueName":"search_term_string"}}],"inLanguage":"es"},{"@type":"Organization","@id":"https:\/\/pagina10.com\/web\/#organization","name":"P\u00e1gina10","alternateName":"P\u00e1gina10 Peri\u00f3dico Regional","url":"https:\/\/pagina10.com\/web\/","logo":{"@type":"ImageObject","inLanguage":"es","@id":"https:\/\/pagina10.com\/web\/#\/schema\/logo\/image\/","url":"https:\/\/pagina10.com\/web\/wp-content\/uploads\/2024\/01\/40-pagina-10-periodico-regional-pasto.jpg","contentUrl":"https:\/\/pagina10.com\/web\/wp-content\/uploads\/2024\/01\/40-pagina-10-periodico-regional-pasto.jpg","width":1280,"height":720,"caption":"P\u00e1gina10"},"image":{"@id":"https:\/\/pagina10.com\/web\/#\/schema\/logo\/image\/"},"sameAs":["https:\/\/www.facebook.com\/pag10com","https:\/\/x.com\/Pag10com","https:\/\/www.instagram.com\/pagina10col\/","https:\/\/youtube.com\/channel\/pag10","https:\/\/www.tiktok.com\/@p10col"]},{"@type":"Person","@id":"https:\/\/pagina10.com\/web\/#\/schema\/person\/2efc4a090d25b667d3bc796798a3a81b","name":"P\u00e1gina 10","description":"P\u00e1gina 10 es un peri\u00f3dico regional que nace en Colombia, en el departamento de Nari\u00f1o, con un enfoque global, fundamentado en cuatro pilares esenciales: la libertad, el pluralismo, la inclusi\u00f3n y la independencia. P\u00e1gina 10 hace referencia a Nari\u00f1o como el d\u00e9cimo departamento creado en Colombia, despu\u00e9s de un proceso pol\u00edtico liderado por actores y actrices regionales con el fin de obtener la independencia y autonom\u00eda de nuestros territorios. Con la creaci\u00f3n de P\u00e1gina 10 se pretende abrir un escenario para el dialogo, la reflexi\u00f3n y el debate que se extienda a otras geograf\u00edas de Am\u00e9rica Latina y del planeta, en una apuesta por transformar colectivamente los desaf\u00edos de un mundo contempor\u00e1neo, m\u00e1s all\u00e1 de las fronteras impuestas.","url":"https:\/\/pagina10.com\/web\/author\/pdiezadmin\/"}]}},"_links":{"self":[{"href":"https:\/\/pagina10.com\/web\/wp-json\/wp\/v2\/posts\/67995","targetHints":{"allow":["GET"]}}],"collection":[{"href":"https:\/\/pagina10.com\/web\/wp-json\/wp\/v2\/posts"}],"about":[{"href":"https:\/\/pagina10.com\/web\/wp-json\/wp\/v2\/types\/post"}],"author":[{"embeddable":true,"href":"https:\/\/pagina10.com\/web\/wp-json\/wp\/v2\/users\/1"}],"replies":[{"embeddable":true,"href":"https:\/\/pagina10.com\/web\/wp-json\/wp\/v2\/comments?post=67995"}],"version-history":[{"count":1,"href":"https:\/\/pagina10.com\/web\/wp-json\/wp\/v2\/posts\/67995\/revisions"}],"predecessor-version":[{"id":67997,"href":"https:\/\/pagina10.com\/web\/wp-json\/wp\/v2\/posts\/67995\/revisions\/67997"}],"wp:featuredmedia":[{"embeddable":true,"href":"https:\/\/pagina10.com\/web\/wp-json\/wp\/v2\/media\/67996"}],"wp:attachment":[{"href":"https:\/\/pagina10.com\/web\/wp-json\/wp\/v2\/media?parent=67995"}],"wp:term":[{"taxonomy":"category","embeddable":true,"href":"https:\/\/pagina10.com\/web\/wp-json\/wp\/v2\/categories?post=67995"},{"taxonomy":"post_tag","embeddable":true,"href":"https:\/\/pagina10.com\/web\/wp-json\/wp\/v2\/tags?post=67995"}],"curies":[{"name":"wp","href":"https:\/\/api.w.org\/{rel}","templated":true}]}}