{"id":68068,"date":"2023-08-08T21:54:36","date_gmt":"2023-08-09T02:54:36","guid":{"rendered":"https:\/\/pagina10.com\/web\/?p=68068"},"modified":"2023-08-08T22:07:32","modified_gmt":"2023-08-09T03:07:32","slug":"anuncian-atentado-terrorista-contra-fiscal-general-francisco-barbosa","status":"publish","type":"post","link":"https:\/\/pagina10.com\/web\/anuncian-atentado-terrorista-contra-fiscal-general-francisco-barbosa\/","title":{"rendered":"Anuncian \u201catentado terrorista\u201d contra fiscal general Francisco Barbosa"},"content":{"rendered":"<p style=\"text-align: justify;\">A trav\u00e9s de comunicado de prensa, la Fiscal\u00eda General de la Naci\u00f3n inform\u00f3 que a trav\u00e9s de fuentes de informaci\u00f3n lograron conocer que se realizar\u00eda un atentado terrorista contra el Fiscal Francisco Barbosa.<\/p>\n<p style=\"text-align: justify;\">\u201cTres fuentes de informaci\u00f3n, una de ellas suministrada por la inteligencia militar de las Fuerzas Militares, otra que lleg\u00f3 a trav\u00e9s del CTI- Cuerpo T\u00e9cnico de Investigaci\u00f3n-, y otra suministrada a un funcionario de polic\u00eda judicial que apoya a la Direcci\u00f3n Especializada Contra las Organizaciones Criminales en temporalidades distintas, se\u00f1alaron que se realizar\u00e1 un atentado terrorista contra el Fiscal General de la Naci\u00f3n, Francisco Barbosa Delgado\u201d, as\u00ed anuncia el comunicado compartido por redes sociales oficiales de la Fiscal\u00eda.<\/p>\n<p style=\"text-align: justify;\">\u00a0Adicionalmente, el comunicado informa que en el mes de julio \u201cse llev\u00f3 a cabo una reuni\u00f3n en Venezuela entre cinco altos mandos del ELN. En dicho pa\u00eds, se estar\u00eda realizando una capacitaci\u00f3n a integrantes de ese grupo armado organizado para producir un atentado con francotiradores, bajo la coordinaci\u00f3n de alias &#8220;el Rolo\u201d cabecilla de un frente urbano del ELN.\u201d<\/p>\n<p style=\"text-align: justify;\">La Fiscal\u00eda contin\u00faa las investigaciones pertinentes de los hechos e informaciones recibidas para corroborar los datos obtenidos e iniciar las acciones legales correspondientes.<\/p>\n<p><img fetchpriority=\"high\" decoding=\"async\" class=\"aligncenter size-large wp-image-68071\" src=\"https:\/\/pagina10.com\/web\/wp-content\/uploads\/2023\/08\/F3DDrgOWsAA6MIx-1-789x1024.jpeg\" alt=\"\" width=\"789\" height=\"1024\" srcset=\"https:\/\/pagina10.com\/web\/wp-content\/uploads\/2023\/08\/F3DDrgOWsAA6MIx-1-789x1024.jpeg 789w, https:\/\/pagina10.com\/web\/wp-content\/uploads\/2023\/08\/F3DDrgOWsAA6MIx-1-231x300.jpeg 231w, https:\/\/pagina10.com\/web\/wp-content\/uploads\/2023\/08\/F3DDrgOWsAA6MIx-1-768x997.jpeg 768w, https:\/\/pagina10.com\/web\/wp-content\/uploads\/2023\/08\/F3DDrgOWsAA6MIx-1-1183x1536.jpeg 1183w, https:\/\/pagina10.com\/web\/wp-content\/uploads\/2023\/08\/F3DDrgOWsAA6MIx-1.jpeg 1223w\" sizes=\"(max-width: 789px) 100vw, 789px\" \/><\/p>\n","protected":false},"excerpt":{"rendered":"<p>A trav\u00e9s de comunicado de prensa, la Fiscal\u00eda General de la Naci\u00f3n inform\u00f3 que a trav\u00e9s de fuentes de informaci\u00f3n lograron conocer que se realizar\u00eda un atentado terrorista contra el Fiscal Francisco Barbosa. \u201cTres fuentes de informaci\u00f3n, una de ellas suministrada por la inteligencia militar de las Fuerzas Militares, otra que lleg\u00f3 a trav\u00e9s del [&hellip;]<\/p>\n","protected":false},"author":1,"featured_media":68069,"comment_status":"open","ping_status":"open","sticky":false,"template":"","format":"standard","meta":{"footnotes":""},"categories":[1528],"tags":[],"class_list":["post-68068","post","type-post","status-publish","format-standard","has-post-thumbnail","hentry","category-titulares"],"yoast_head":"<!-- This site is optimized with the Yoast SEO plugin v27.1.1 - https:\/\/yoast.com\/product\/yoast-seo-wordpress\/ -->\n<title>Anuncian \u201catentado terrorista\u201d contra fiscal general Francisco Barbosa | P\u00e1gina10<\/title>\n<meta name=\"robots\" content=\"index, follow, max-snippet:-1, max-image-preview:large, max-video-preview:-1\" \/>\n<link rel=\"canonical\" href=\"https:\/\/pagina10.com\/web\/anuncian-atentado-terrorista-contra-fiscal-general-francisco-barbosa\/\" \/>\n<meta property=\"og:locale\" content=\"es_ES\" \/>\n<meta property=\"og:type\" content=\"article\" \/>\n<meta property=\"og:title\" content=\"Anuncian \u201catentado terrorista\u201d contra fiscal general Francisco Barbosa | P\u00e1gina10\" \/>\n<meta property=\"og:description\" content=\"A trav\u00e9s de comunicado de prensa, la Fiscal\u00eda General de la Naci\u00f3n inform\u00f3 que a trav\u00e9s de fuentes de informaci\u00f3n lograron conocer que se realizar\u00eda un atentado terrorista contra el Fiscal Francisco Barbosa. \u201cTres fuentes de informaci\u00f3n, una de ellas suministrada por la inteligencia militar de las Fuerzas Militares, otra que lleg\u00f3 a trav\u00e9s del [&hellip;]\" \/>\n<meta property=\"og:url\" content=\"https:\/\/pagina10.com\/web\/anuncian-atentado-terrorista-contra-fiscal-general-francisco-barbosa\/\" \/>\n<meta property=\"og:site_name\" content=\"P\u00e1gina10\" \/>\n<meta property=\"article:publisher\" content=\"https:\/\/www.facebook.com\/pag10com\" \/>\n<meta property=\"article:published_time\" content=\"2023-08-09T02:54:36+00:00\" \/>\n<meta property=\"article:modified_time\" content=\"2023-08-09T03:07:32+00:00\" \/>\n<meta property=\"og:image\" content=\"https:\/\/pagina10.com\/web\/wp-content\/uploads\/2023\/08\/fiscal-barbosa_1.jpg\" \/>\n\t<meta property=\"og:image:width\" content=\"1600\" \/>\n\t<meta property=\"og:image:height\" content=\"1066\" \/>\n\t<meta property=\"og:image:type\" content=\"image\/jpeg\" \/>\n<meta name=\"author\" content=\"P\u00e1gina 10\" \/>\n<meta name=\"twitter:card\" content=\"summary_large_image\" \/>\n<meta name=\"twitter:creator\" content=\"@Pag10com\" \/>\n<meta name=\"twitter:site\" content=\"@Pag10com\" \/>\n<meta name=\"twitter:label1\" content=\"Escrito por\" \/>\n\t<meta name=\"twitter:data1\" content=\"P\u00e1gina 10\" \/>\n\t<meta name=\"twitter:label2\" content=\"Tiempo de lectura\" \/>\n\t<meta name=\"twitter:data2\" content=\"1 minuto\" \/>\n<script type=\"application\/ld+json\" class=\"yoast-schema-graph\">{\"@context\":\"https:\/\/schema.org\",\"@graph\":[{\"@type\":\"Article\",\"@id\":\"https:\/\/pagina10.com\/web\/anuncian-atentado-terrorista-contra-fiscal-general-francisco-barbosa\/#article\",\"isPartOf\":{\"@id\":\"https:\/\/pagina10.com\/web\/anuncian-atentado-terrorista-contra-fiscal-general-francisco-barbosa\/\"},\"author\":{\"name\":\"P\u00e1gina 10\",\"@id\":\"https:\/\/pagina10.com\/web\/#\/schema\/person\/2efc4a090d25b667d3bc796798a3a81b\"},\"headline\":\"Anuncian \u201catentado terrorista\u201d contra fiscal general Francisco Barbosa\",\"datePublished\":\"2023-08-09T02:54:36+00:00\",\"dateModified\":\"2023-08-09T03:07:32+00:00\",\"mainEntityOfPage\":{\"@id\":\"https:\/\/pagina10.com\/web\/anuncian-atentado-terrorista-contra-fiscal-general-francisco-barbosa\/\"},\"wordCount\":223,\"commentCount\":0,\"publisher\":{\"@id\":\"https:\/\/pagina10.com\/web\/#organization\"},\"image\":{\"@id\":\"https:\/\/pagina10.com\/web\/anuncian-atentado-terrorista-contra-fiscal-general-francisco-barbosa\/#primaryimage\"},\"thumbnailUrl\":\"https:\/\/pagina10.com\/web\/wp-content\/uploads\/2023\/08\/fiscal-barbosa_1.jpg\",\"articleSection\":[\"Titulares\"],\"inLanguage\":\"es\",\"potentialAction\":[{\"@type\":\"CommentAction\",\"name\":\"Comment\",\"target\":[\"https:\/\/pagina10.com\/web\/anuncian-atentado-terrorista-contra-fiscal-general-francisco-barbosa\/#respond\"]}]},{\"@type\":\"WebPage\",\"@id\":\"https:\/\/pagina10.com\/web\/anuncian-atentado-terrorista-contra-fiscal-general-francisco-barbosa\/\",\"url\":\"https:\/\/pagina10.com\/web\/anuncian-atentado-terrorista-contra-fiscal-general-francisco-barbosa\/\",\"name\":\"Anuncian \u201catentado terrorista\u201d contra fiscal general Francisco Barbosa | P\u00e1gina10\",\"isPartOf\":{\"@id\":\"https:\/\/pagina10.com\/web\/#website\"},\"primaryImageOfPage\":{\"@id\":\"https:\/\/pagina10.com\/web\/anuncian-atentado-terrorista-contra-fiscal-general-francisco-barbosa\/#primaryimage\"},\"image\":{\"@id\":\"https:\/\/pagina10.com\/web\/anuncian-atentado-terrorista-contra-fiscal-general-francisco-barbosa\/#primaryimage\"},\"thumbnailUrl\":\"https:\/\/pagina10.com\/web\/wp-content\/uploads\/2023\/08\/fiscal-barbosa_1.jpg\",\"datePublished\":\"2023-08-09T02:54:36+00:00\",\"dateModified\":\"2023-08-09T03:07:32+00:00\",\"breadcrumb\":{\"@id\":\"https:\/\/pagina10.com\/web\/anuncian-atentado-terrorista-contra-fiscal-general-francisco-barbosa\/#breadcrumb\"},\"inLanguage\":\"es\",\"potentialAction\":[{\"@type\":\"ReadAction\",\"target\":[\"https:\/\/pagina10.com\/web\/anuncian-atentado-terrorista-contra-fiscal-general-francisco-barbosa\/\"]}]},{\"@type\":\"ImageObject\",\"inLanguage\":\"es\",\"@id\":\"https:\/\/pagina10.com\/web\/anuncian-atentado-terrorista-contra-fiscal-general-francisco-barbosa\/#primaryimage\",\"url\":\"https:\/\/pagina10.com\/web\/wp-content\/uploads\/2023\/08\/fiscal-barbosa_1.jpg\",\"contentUrl\":\"https:\/\/pagina10.com\/web\/wp-content\/uploads\/2023\/08\/fiscal-barbosa_1.jpg\",\"width\":1600,\"height\":1066},{\"@type\":\"BreadcrumbList\",\"@id\":\"https:\/\/pagina10.com\/web\/anuncian-atentado-terrorista-contra-fiscal-general-francisco-barbosa\/#breadcrumb\",\"itemListElement\":[{\"@type\":\"ListItem\",\"position\":1,\"name\":\"Portada\",\"item\":\"https:\/\/pagina10.com\/web\/\"},{\"@type\":\"ListItem\",\"position\":2,\"name\":\"Anuncian \u201catentado terrorista\u201d contra fiscal general Francisco Barbosa\"}]},{\"@type\":\"WebSite\",\"@id\":\"https:\/\/pagina10.com\/web\/#website\",\"url\":\"https:\/\/pagina10.com\/web\/\",\"name\":\"P\u00e1gina10\",\"description\":\"Peri\u00f3dico Regional\",\"publisher\":{\"@id\":\"https:\/\/pagina10.com\/web\/#organization\"},\"alternateName\":\"P\u00e1gina10 Peri\u00f3dico Regional\",\"potentialAction\":[{\"@type\":\"SearchAction\",\"target\":{\"@type\":\"EntryPoint\",\"urlTemplate\":\"https:\/\/pagina10.com\/web\/?s={search_term_string}\"},\"query-input\":{\"@type\":\"PropertyValueSpecification\",\"valueRequired\":true,\"valueName\":\"search_term_string\"}}],\"inLanguage\":\"es\"},{\"@type\":\"Organization\",\"@id\":\"https:\/\/pagina10.com\/web\/#organization\",\"name\":\"P\u00e1gina10\",\"alternateName\":\"P\u00e1gina10 Peri\u00f3dico Regional\",\"url\":\"https:\/\/pagina10.com\/web\/\",\"logo\":{\"@type\":\"ImageObject\",\"inLanguage\":\"es\",\"@id\":\"https:\/\/pagina10.com\/web\/#\/schema\/logo\/image\/\",\"url\":\"https:\/\/pagina10.com\/web\/wp-content\/uploads\/2024\/01\/40-pagina-10-periodico-regional-pasto.jpg\",\"contentUrl\":\"https:\/\/pagina10.com\/web\/wp-content\/uploads\/2024\/01\/40-pagina-10-periodico-regional-pasto.jpg\",\"width\":1280,\"height\":720,\"caption\":\"P\u00e1gina10\"},\"image\":{\"@id\":\"https:\/\/pagina10.com\/web\/#\/schema\/logo\/image\/\"},\"sameAs\":[\"https:\/\/www.facebook.com\/pag10com\",\"https:\/\/x.com\/Pag10com\",\"https:\/\/www.instagram.com\/pagina10col\/\",\"https:\/\/youtube.com\/channel\/pag10\",\"https:\/\/www.tiktok.com\/@p10col\"]},{\"@type\":\"Person\",\"@id\":\"https:\/\/pagina10.com\/web\/#\/schema\/person\/2efc4a090d25b667d3bc796798a3a81b\",\"name\":\"P\u00e1gina 10\",\"description\":\"P\u00e1gina 10 es un peri\u00f3dico regional que nace en Colombia, en el departamento de Nari\u00f1o, con un enfoque global, fundamentado en cuatro pilares esenciales: la libertad, el pluralismo, la inclusi\u00f3n y la independencia. P\u00e1gina 10 hace referencia a Nari\u00f1o como el d\u00e9cimo departamento creado en Colombia, despu\u00e9s de un proceso pol\u00edtico liderado por actores y actrices regionales con el fin de obtener la independencia y autonom\u00eda de nuestros territorios. Con la creaci\u00f3n de P\u00e1gina 10 se pretende abrir un escenario para el dialogo, la reflexi\u00f3n y el debate que se extienda a otras geograf\u00edas de Am\u00e9rica Latina y del planeta, en una apuesta por transformar colectivamente los desaf\u00edos de un mundo contempor\u00e1neo, m\u00e1s all\u00e1 de las fronteras impuestas.\",\"url\":\"https:\/\/pagina10.com\/web\/author\/pdiezadmin\/\"}]}<\/script>\n<!-- \/ Yoast SEO plugin. -->","yoast_head_json":{"title":"Anuncian \u201catentado terrorista\u201d contra fiscal general Francisco Barbosa | P\u00e1gina10","robots":{"index":"index","follow":"follow","max-snippet":"max-snippet:-1","max-image-preview":"max-image-preview:large","max-video-preview":"max-video-preview:-1"},"canonical":"https:\/\/pagina10.com\/web\/anuncian-atentado-terrorista-contra-fiscal-general-francisco-barbosa\/","og_locale":"es_ES","og_type":"article","og_title":"Anuncian \u201catentado terrorista\u201d contra fiscal general Francisco Barbosa | P\u00e1gina10","og_description":"A trav\u00e9s de comunicado de prensa, la Fiscal\u00eda General de la Naci\u00f3n inform\u00f3 que a trav\u00e9s de fuentes de informaci\u00f3n lograron conocer que se realizar\u00eda un atentado terrorista contra el Fiscal Francisco Barbosa. \u201cTres fuentes de informaci\u00f3n, una de ellas suministrada por la inteligencia militar de las Fuerzas Militares, otra que lleg\u00f3 a trav\u00e9s del [&hellip;]","og_url":"https:\/\/pagina10.com\/web\/anuncian-atentado-terrorista-contra-fiscal-general-francisco-barbosa\/","og_site_name":"P\u00e1gina10","article_publisher":"https:\/\/www.facebook.com\/pag10com","article_published_time":"2023-08-09T02:54:36+00:00","article_modified_time":"2023-08-09T03:07:32+00:00","og_image":[{"width":1600,"height":1066,"url":"https:\/\/pagina10.com\/web\/wp-content\/uploads\/2023\/08\/fiscal-barbosa_1.jpg","type":"image\/jpeg"}],"author":"P\u00e1gina 10","twitter_card":"summary_large_image","twitter_creator":"@Pag10com","twitter_site":"@Pag10com","twitter_misc":{"Escrito por":"P\u00e1gina 10","Tiempo de lectura":"1 minuto"},"schema":{"@context":"https:\/\/schema.org","@graph":[{"@type":"Article","@id":"https:\/\/pagina10.com\/web\/anuncian-atentado-terrorista-contra-fiscal-general-francisco-barbosa\/#article","isPartOf":{"@id":"https:\/\/pagina10.com\/web\/anuncian-atentado-terrorista-contra-fiscal-general-francisco-barbosa\/"},"author":{"name":"P\u00e1gina 10","@id":"https:\/\/pagina10.com\/web\/#\/schema\/person\/2efc4a090d25b667d3bc796798a3a81b"},"headline":"Anuncian \u201catentado terrorista\u201d contra fiscal general Francisco Barbosa","datePublished":"2023-08-09T02:54:36+00:00","dateModified":"2023-08-09T03:07:32+00:00","mainEntityOfPage":{"@id":"https:\/\/pagina10.com\/web\/anuncian-atentado-terrorista-contra-fiscal-general-francisco-barbosa\/"},"wordCount":223,"commentCount":0,"publisher":{"@id":"https:\/\/pagina10.com\/web\/#organization"},"image":{"@id":"https:\/\/pagina10.com\/web\/anuncian-atentado-terrorista-contra-fiscal-general-francisco-barbosa\/#primaryimage"},"thumbnailUrl":"https:\/\/pagina10.com\/web\/wp-content\/uploads\/2023\/08\/fiscal-barbosa_1.jpg","articleSection":["Titulares"],"inLanguage":"es","potentialAction":[{"@type":"CommentAction","name":"Comment","target":["https:\/\/pagina10.com\/web\/anuncian-atentado-terrorista-contra-fiscal-general-francisco-barbosa\/#respond"]}]},{"@type":"WebPage","@id":"https:\/\/pagina10.com\/web\/anuncian-atentado-terrorista-contra-fiscal-general-francisco-barbosa\/","url":"https:\/\/pagina10.com\/web\/anuncian-atentado-terrorista-contra-fiscal-general-francisco-barbosa\/","name":"Anuncian \u201catentado terrorista\u201d contra fiscal general Francisco Barbosa | P\u00e1gina10","isPartOf":{"@id":"https:\/\/pagina10.com\/web\/#website"},"primaryImageOfPage":{"@id":"https:\/\/pagina10.com\/web\/anuncian-atentado-terrorista-contra-fiscal-general-francisco-barbosa\/#primaryimage"},"image":{"@id":"https:\/\/pagina10.com\/web\/anuncian-atentado-terrorista-contra-fiscal-general-francisco-barbosa\/#primaryimage"},"thumbnailUrl":"https:\/\/pagina10.com\/web\/wp-content\/uploads\/2023\/08\/fiscal-barbosa_1.jpg","datePublished":"2023-08-09T02:54:36+00:00","dateModified":"2023-08-09T03:07:32+00:00","breadcrumb":{"@id":"https:\/\/pagina10.com\/web\/anuncian-atentado-terrorista-contra-fiscal-general-francisco-barbosa\/#breadcrumb"},"inLanguage":"es","potentialAction":[{"@type":"ReadAction","target":["https:\/\/pagina10.com\/web\/anuncian-atentado-terrorista-contra-fiscal-general-francisco-barbosa\/"]}]},{"@type":"ImageObject","inLanguage":"es","@id":"https:\/\/pagina10.com\/web\/anuncian-atentado-terrorista-contra-fiscal-general-francisco-barbosa\/#primaryimage","url":"https:\/\/pagina10.com\/web\/wp-content\/uploads\/2023\/08\/fiscal-barbosa_1.jpg","contentUrl":"https:\/\/pagina10.com\/web\/wp-content\/uploads\/2023\/08\/fiscal-barbosa_1.jpg","width":1600,"height":1066},{"@type":"BreadcrumbList","@id":"https:\/\/pagina10.com\/web\/anuncian-atentado-terrorista-contra-fiscal-general-francisco-barbosa\/#breadcrumb","itemListElement":[{"@type":"ListItem","position":1,"name":"Portada","item":"https:\/\/pagina10.com\/web\/"},{"@type":"ListItem","position":2,"name":"Anuncian \u201catentado terrorista\u201d contra fiscal general Francisco Barbosa"}]},{"@type":"WebSite","@id":"https:\/\/pagina10.com\/web\/#website","url":"https:\/\/pagina10.com\/web\/","name":"P\u00e1gina10","description":"Peri\u00f3dico Regional","publisher":{"@id":"https:\/\/pagina10.com\/web\/#organization"},"alternateName":"P\u00e1gina10 Peri\u00f3dico Regional","potentialAction":[{"@type":"SearchAction","target":{"@type":"EntryPoint","urlTemplate":"https:\/\/pagina10.com\/web\/?s={search_term_string}"},"query-input":{"@type":"PropertyValueSpecification","valueRequired":true,"valueName":"search_term_string"}}],"inLanguage":"es"},{"@type":"Organization","@id":"https:\/\/pagina10.com\/web\/#organization","name":"P\u00e1gina10","alternateName":"P\u00e1gina10 Peri\u00f3dico Regional","url":"https:\/\/pagina10.com\/web\/","logo":{"@type":"ImageObject","inLanguage":"es","@id":"https:\/\/pagina10.com\/web\/#\/schema\/logo\/image\/","url":"https:\/\/pagina10.com\/web\/wp-content\/uploads\/2024\/01\/40-pagina-10-periodico-regional-pasto.jpg","contentUrl":"https:\/\/pagina10.com\/web\/wp-content\/uploads\/2024\/01\/40-pagina-10-periodico-regional-pasto.jpg","width":1280,"height":720,"caption":"P\u00e1gina10"},"image":{"@id":"https:\/\/pagina10.com\/web\/#\/schema\/logo\/image\/"},"sameAs":["https:\/\/www.facebook.com\/pag10com","https:\/\/x.com\/Pag10com","https:\/\/www.instagram.com\/pagina10col\/","https:\/\/youtube.com\/channel\/pag10","https:\/\/www.tiktok.com\/@p10col"]},{"@type":"Person","@id":"https:\/\/pagina10.com\/web\/#\/schema\/person\/2efc4a090d25b667d3bc796798a3a81b","name":"P\u00e1gina 10","description":"P\u00e1gina 10 es un peri\u00f3dico regional que nace en Colombia, en el departamento de Nari\u00f1o, con un enfoque global, fundamentado en cuatro pilares esenciales: la libertad, el pluralismo, la inclusi\u00f3n y la independencia. P\u00e1gina 10 hace referencia a Nari\u00f1o como el d\u00e9cimo departamento creado en Colombia, despu\u00e9s de un proceso pol\u00edtico liderado por actores y actrices regionales con el fin de obtener la independencia y autonom\u00eda de nuestros territorios. Con la creaci\u00f3n de P\u00e1gina 10 se pretende abrir un escenario para el dialogo, la reflexi\u00f3n y el debate que se extienda a otras geograf\u00edas de Am\u00e9rica Latina y del planeta, en una apuesta por transformar colectivamente los desaf\u00edos de un mundo contempor\u00e1neo, m\u00e1s all\u00e1 de las fronteras impuestas.","url":"https:\/\/pagina10.com\/web\/author\/pdiezadmin\/"}]}},"_links":{"self":[{"href":"https:\/\/pagina10.com\/web\/wp-json\/wp\/v2\/posts\/68068","targetHints":{"allow":["GET"]}}],"collection":[{"href":"https:\/\/pagina10.com\/web\/wp-json\/wp\/v2\/posts"}],"about":[{"href":"https:\/\/pagina10.com\/web\/wp-json\/wp\/v2\/types\/post"}],"author":[{"embeddable":true,"href":"https:\/\/pagina10.com\/web\/wp-json\/wp\/v2\/users\/1"}],"replies":[{"embeddable":true,"href":"https:\/\/pagina10.com\/web\/wp-json\/wp\/v2\/comments?post=68068"}],"version-history":[{"count":2,"href":"https:\/\/pagina10.com\/web\/wp-json\/wp\/v2\/posts\/68068\/revisions"}],"predecessor-version":[{"id":68072,"href":"https:\/\/pagina10.com\/web\/wp-json\/wp\/v2\/posts\/68068\/revisions\/68072"}],"wp:featuredmedia":[{"embeddable":true,"href":"https:\/\/pagina10.com\/web\/wp-json\/wp\/v2\/media\/68069"}],"wp:attachment":[{"href":"https:\/\/pagina10.com\/web\/wp-json\/wp\/v2\/media?parent=68068"}],"wp:term":[{"taxonomy":"category","embeddable":true,"href":"https:\/\/pagina10.com\/web\/wp-json\/wp\/v2\/categories?post=68068"},{"taxonomy":"post_tag","embeddable":true,"href":"https:\/\/pagina10.com\/web\/wp-json\/wp\/v2\/tags?post=68068"}],"curies":[{"name":"wp","href":"https:\/\/api.w.org\/{rel}","templated":true}]}}