{"id":68080,"date":"2023-08-09T21:01:11","date_gmt":"2023-08-10T02:01:11","guid":{"rendered":"https:\/\/pagina10.com\/web\/?p=68080"},"modified":"2023-08-09T21:01:11","modified_gmt":"2023-08-10T02:01:11","slug":"critica-situacion-de-seguridad-se-vive-en-narino","status":"publish","type":"post","link":"https:\/\/pagina10.com\/web\/critica-situacion-de-seguridad-se-vive-en-narino\/","title":{"rendered":"Cr\u00edtica situaci\u00f3n de seguridad se vive en Nari\u00f1o"},"content":{"rendered":"<p style=\"text-align: justify;\">Frente a la crisis de seguridad que se vive en el Departamento de Nari\u00f1o, el Gobernador Jhon Rojas, anunci\u00f3 la instalaci\u00f3n de un Puesto de Mando Unificado \u201cPMU por la vida\u201d en el municipio de Samaniego.<\/p>\n<p style=\"text-align: justify;\">\u201cIniciamos PMU por la Vida en mpio de Samaniego &#8211; Nari\u00f1o, donde m\u00e1s de 1.600 desplazados deja el enfrentamiento de actores armados ilegales que afecta a mpios de La Llanada y Los Andes. Comunidades denuncian presencia de campos minados\u201d, <a href=\"https:\/\/twitter.com\/jhonrojasca\/status\/1689020271397650434?s=20\">as\u00ed inform\u00f3 el mandatario a trav\u00e9s de sus redes sociales.<\/a><\/p>\n<p style=\"text-align: justify;\">Seg\u00fan revel\u00f3 la Gobernaci\u00f3n de Nari\u00f1o, este PMU tendr\u00e1 como prop\u00f3sito \u201ccontinuar la atenci\u00f3n humanitaria a las familias afectadas por combates entre grupos armados ilegales (\u2026) en los municipios de la Llanada y Samaniego.<\/p>\n<p style=\"text-align: justify;\">Adicional a lo anterior, el Gobierno Departamental hizo un llamado urgente al Gobierno Nacional para brindar \u201catenci\u00f3n integral inmediata\u201d a la poblaci\u00f3n afectada en la regi\u00f3n.<\/p>\n","protected":false},"excerpt":{"rendered":"<p>Frente a la crisis de seguridad que se vive en el Departamento de Nari\u00f1o, el Gobernador Jhon Rojas, anunci\u00f3 la instalaci\u00f3n de un Puesto de Mando Unificado \u201cPMU por la vida\u201d en el municipio de Samaniego. \u201cIniciamos PMU por la Vida en mpio de Samaniego &#8211; Nari\u00f1o, donde m\u00e1s de 1.600 desplazados deja el enfrentamiento [&hellip;]<\/p>\n","protected":false},"author":1,"featured_media":68075,"comment_status":"open","ping_status":"open","sticky":false,"template":"","format":"standard","meta":{"footnotes":""},"categories":[1528],"tags":[],"class_list":["post-68080","post","type-post","status-publish","format-standard","has-post-thumbnail","hentry","category-titulares"],"yoast_head":"<!-- This site is optimized with the Yoast SEO plugin v27.1.1 - https:\/\/yoast.com\/product\/yoast-seo-wordpress\/ -->\n<title>Cr\u00edtica situaci\u00f3n de seguridad se vive en Nari\u00f1o | P\u00e1gina10<\/title>\n<meta name=\"robots\" content=\"index, follow, max-snippet:-1, max-image-preview:large, max-video-preview:-1\" \/>\n<link rel=\"canonical\" href=\"https:\/\/pagina10.com\/web\/critica-situacion-de-seguridad-se-vive-en-narino\/\" \/>\n<meta property=\"og:locale\" content=\"es_ES\" \/>\n<meta property=\"og:type\" content=\"article\" \/>\n<meta property=\"og:title\" content=\"Cr\u00edtica situaci\u00f3n de seguridad se vive en Nari\u00f1o | P\u00e1gina10\" \/>\n<meta property=\"og:description\" content=\"Frente a la crisis de seguridad que se vive en el Departamento de Nari\u00f1o, el Gobernador Jhon Rojas, anunci\u00f3 la instalaci\u00f3n de un Puesto de Mando Unificado \u201cPMU por la vida\u201d en el municipio de Samaniego. \u201cIniciamos PMU por la Vida en mpio de Samaniego &#8211; Nari\u00f1o, donde m\u00e1s de 1.600 desplazados deja el enfrentamiento [&hellip;]\" \/>\n<meta property=\"og:url\" content=\"https:\/\/pagina10.com\/web\/critica-situacion-de-seguridad-se-vive-en-narino\/\" \/>\n<meta property=\"og:site_name\" content=\"P\u00e1gina10\" \/>\n<meta property=\"article:publisher\" content=\"https:\/\/www.facebook.com\/pag10com\" \/>\n<meta property=\"article:published_time\" content=\"2023-08-10T02:01:11+00:00\" \/>\n<meta property=\"og:image\" content=\"https:\/\/pagina10.com\/web\/wp-content\/uploads\/2023\/08\/F3Ca-UfW0AEmPp6.jpeg\" \/>\n\t<meta property=\"og:image:width\" content=\"1920\" \/>\n\t<meta property=\"og:image:height\" content=\"1080\" \/>\n\t<meta property=\"og:image:type\" content=\"image\/jpeg\" \/>\n<meta name=\"author\" content=\"P\u00e1gina 10\" \/>\n<meta name=\"twitter:card\" content=\"summary_large_image\" \/>\n<meta name=\"twitter:creator\" content=\"@Pag10com\" \/>\n<meta name=\"twitter:site\" content=\"@Pag10com\" \/>\n<meta name=\"twitter:label1\" content=\"Escrito por\" \/>\n\t<meta name=\"twitter:data1\" content=\"P\u00e1gina 10\" \/>\n\t<meta name=\"twitter:label2\" content=\"Tiempo de lectura\" \/>\n\t<meta name=\"twitter:data2\" content=\"1 minuto\" \/>\n<script type=\"application\/ld+json\" class=\"yoast-schema-graph\">{\"@context\":\"https:\/\/schema.org\",\"@graph\":[{\"@type\":\"Article\",\"@id\":\"https:\/\/pagina10.com\/web\/critica-situacion-de-seguridad-se-vive-en-narino\/#article\",\"isPartOf\":{\"@id\":\"https:\/\/pagina10.com\/web\/critica-situacion-de-seguridad-se-vive-en-narino\/\"},\"author\":{\"name\":\"P\u00e1gina 10\",\"@id\":\"https:\/\/pagina10.com\/web\/#\/schema\/person\/2efc4a090d25b667d3bc796798a3a81b\"},\"headline\":\"Cr\u00edtica situaci\u00f3n de seguridad se vive en Nari\u00f1o\",\"datePublished\":\"2023-08-10T02:01:11+00:00\",\"mainEntityOfPage\":{\"@id\":\"https:\/\/pagina10.com\/web\/critica-situacion-de-seguridad-se-vive-en-narino\/\"},\"wordCount\":167,\"commentCount\":0,\"publisher\":{\"@id\":\"https:\/\/pagina10.com\/web\/#organization\"},\"image\":{\"@id\":\"https:\/\/pagina10.com\/web\/critica-situacion-de-seguridad-se-vive-en-narino\/#primaryimage\"},\"thumbnailUrl\":\"https:\/\/pagina10.com\/web\/wp-content\/uploads\/2023\/08\/F3Ca-UfW0AEmPp6.jpeg\",\"articleSection\":[\"Titulares\"],\"inLanguage\":\"es\",\"potentialAction\":[{\"@type\":\"CommentAction\",\"name\":\"Comment\",\"target\":[\"https:\/\/pagina10.com\/web\/critica-situacion-de-seguridad-se-vive-en-narino\/#respond\"]}]},{\"@type\":\"WebPage\",\"@id\":\"https:\/\/pagina10.com\/web\/critica-situacion-de-seguridad-se-vive-en-narino\/\",\"url\":\"https:\/\/pagina10.com\/web\/critica-situacion-de-seguridad-se-vive-en-narino\/\",\"name\":\"Cr\u00edtica situaci\u00f3n de seguridad se vive en Nari\u00f1o | P\u00e1gina10\",\"isPartOf\":{\"@id\":\"https:\/\/pagina10.com\/web\/#website\"},\"primaryImageOfPage\":{\"@id\":\"https:\/\/pagina10.com\/web\/critica-situacion-de-seguridad-se-vive-en-narino\/#primaryimage\"},\"image\":{\"@id\":\"https:\/\/pagina10.com\/web\/critica-situacion-de-seguridad-se-vive-en-narino\/#primaryimage\"},\"thumbnailUrl\":\"https:\/\/pagina10.com\/web\/wp-content\/uploads\/2023\/08\/F3Ca-UfW0AEmPp6.jpeg\",\"datePublished\":\"2023-08-10T02:01:11+00:00\",\"breadcrumb\":{\"@id\":\"https:\/\/pagina10.com\/web\/critica-situacion-de-seguridad-se-vive-en-narino\/#breadcrumb\"},\"inLanguage\":\"es\",\"potentialAction\":[{\"@type\":\"ReadAction\",\"target\":[\"https:\/\/pagina10.com\/web\/critica-situacion-de-seguridad-se-vive-en-narino\/\"]}]},{\"@type\":\"ImageObject\",\"inLanguage\":\"es\",\"@id\":\"https:\/\/pagina10.com\/web\/critica-situacion-de-seguridad-se-vive-en-narino\/#primaryimage\",\"url\":\"https:\/\/pagina10.com\/web\/wp-content\/uploads\/2023\/08\/F3Ca-UfW0AEmPp6.jpeg\",\"contentUrl\":\"https:\/\/pagina10.com\/web\/wp-content\/uploads\/2023\/08\/F3Ca-UfW0AEmPp6.jpeg\",\"width\":1920,\"height\":1080,\"caption\":\"Fotograf\u00eda @jhonrojasca\"},{\"@type\":\"BreadcrumbList\",\"@id\":\"https:\/\/pagina10.com\/web\/critica-situacion-de-seguridad-se-vive-en-narino\/#breadcrumb\",\"itemListElement\":[{\"@type\":\"ListItem\",\"position\":1,\"name\":\"Portada\",\"item\":\"https:\/\/pagina10.com\/web\/\"},{\"@type\":\"ListItem\",\"position\":2,\"name\":\"Cr\u00edtica situaci\u00f3n de seguridad se vive en Nari\u00f1o\"}]},{\"@type\":\"WebSite\",\"@id\":\"https:\/\/pagina10.com\/web\/#website\",\"url\":\"https:\/\/pagina10.com\/web\/\",\"name\":\"P\u00e1gina10\",\"description\":\"Peri\u00f3dico Regional\",\"publisher\":{\"@id\":\"https:\/\/pagina10.com\/web\/#organization\"},\"alternateName\":\"P\u00e1gina10 Peri\u00f3dico Regional\",\"potentialAction\":[{\"@type\":\"SearchAction\",\"target\":{\"@type\":\"EntryPoint\",\"urlTemplate\":\"https:\/\/pagina10.com\/web\/?s={search_term_string}\"},\"query-input\":{\"@type\":\"PropertyValueSpecification\",\"valueRequired\":true,\"valueName\":\"search_term_string\"}}],\"inLanguage\":\"es\"},{\"@type\":\"Organization\",\"@id\":\"https:\/\/pagina10.com\/web\/#organization\",\"name\":\"P\u00e1gina10\",\"alternateName\":\"P\u00e1gina10 Peri\u00f3dico Regional\",\"url\":\"https:\/\/pagina10.com\/web\/\",\"logo\":{\"@type\":\"ImageObject\",\"inLanguage\":\"es\",\"@id\":\"https:\/\/pagina10.com\/web\/#\/schema\/logo\/image\/\",\"url\":\"https:\/\/pagina10.com\/web\/wp-content\/uploads\/2024\/01\/40-pagina-10-periodico-regional-pasto.jpg\",\"contentUrl\":\"https:\/\/pagina10.com\/web\/wp-content\/uploads\/2024\/01\/40-pagina-10-periodico-regional-pasto.jpg\",\"width\":1280,\"height\":720,\"caption\":\"P\u00e1gina10\"},\"image\":{\"@id\":\"https:\/\/pagina10.com\/web\/#\/schema\/logo\/image\/\"},\"sameAs\":[\"https:\/\/www.facebook.com\/pag10com\",\"https:\/\/x.com\/Pag10com\",\"https:\/\/www.instagram.com\/pagina10col\/\",\"https:\/\/youtube.com\/channel\/pag10\",\"https:\/\/www.tiktok.com\/@p10col\"]},{\"@type\":\"Person\",\"@id\":\"https:\/\/pagina10.com\/web\/#\/schema\/person\/2efc4a090d25b667d3bc796798a3a81b\",\"name\":\"P\u00e1gina 10\",\"description\":\"P\u00e1gina 10 es un peri\u00f3dico regional que nace en Colombia, en el departamento de Nari\u00f1o, con un enfoque global, fundamentado en cuatro pilares esenciales: la libertad, el pluralismo, la inclusi\u00f3n y la independencia. P\u00e1gina 10 hace referencia a Nari\u00f1o como el d\u00e9cimo departamento creado en Colombia, despu\u00e9s de un proceso pol\u00edtico liderado por actores y actrices regionales con el fin de obtener la independencia y autonom\u00eda de nuestros territorios. Con la creaci\u00f3n de P\u00e1gina 10 se pretende abrir un escenario para el dialogo, la reflexi\u00f3n y el debate que se extienda a otras geograf\u00edas de Am\u00e9rica Latina y del planeta, en una apuesta por transformar colectivamente los desaf\u00edos de un mundo contempor\u00e1neo, m\u00e1s all\u00e1 de las fronteras impuestas.\",\"url\":\"https:\/\/pagina10.com\/web\/author\/pdiezadmin\/\"}]}<\/script>\n<!-- \/ Yoast SEO plugin. -->","yoast_head_json":{"title":"Cr\u00edtica situaci\u00f3n de seguridad se vive en Nari\u00f1o | P\u00e1gina10","robots":{"index":"index","follow":"follow","max-snippet":"max-snippet:-1","max-image-preview":"max-image-preview:large","max-video-preview":"max-video-preview:-1"},"canonical":"https:\/\/pagina10.com\/web\/critica-situacion-de-seguridad-se-vive-en-narino\/","og_locale":"es_ES","og_type":"article","og_title":"Cr\u00edtica situaci\u00f3n de seguridad se vive en Nari\u00f1o | P\u00e1gina10","og_description":"Frente a la crisis de seguridad que se vive en el Departamento de Nari\u00f1o, el Gobernador Jhon Rojas, anunci\u00f3 la instalaci\u00f3n de un Puesto de Mando Unificado \u201cPMU por la vida\u201d en el municipio de Samaniego. \u201cIniciamos PMU por la Vida en mpio de Samaniego &#8211; Nari\u00f1o, donde m\u00e1s de 1.600 desplazados deja el enfrentamiento [&hellip;]","og_url":"https:\/\/pagina10.com\/web\/critica-situacion-de-seguridad-se-vive-en-narino\/","og_site_name":"P\u00e1gina10","article_publisher":"https:\/\/www.facebook.com\/pag10com","article_published_time":"2023-08-10T02:01:11+00:00","og_image":[{"width":1920,"height":1080,"url":"https:\/\/pagina10.com\/web\/wp-content\/uploads\/2023\/08\/F3Ca-UfW0AEmPp6.jpeg","type":"image\/jpeg"}],"author":"P\u00e1gina 10","twitter_card":"summary_large_image","twitter_creator":"@Pag10com","twitter_site":"@Pag10com","twitter_misc":{"Escrito por":"P\u00e1gina 10","Tiempo de lectura":"1 minuto"},"schema":{"@context":"https:\/\/schema.org","@graph":[{"@type":"Article","@id":"https:\/\/pagina10.com\/web\/critica-situacion-de-seguridad-se-vive-en-narino\/#article","isPartOf":{"@id":"https:\/\/pagina10.com\/web\/critica-situacion-de-seguridad-se-vive-en-narino\/"},"author":{"name":"P\u00e1gina 10","@id":"https:\/\/pagina10.com\/web\/#\/schema\/person\/2efc4a090d25b667d3bc796798a3a81b"},"headline":"Cr\u00edtica situaci\u00f3n de seguridad se vive en Nari\u00f1o","datePublished":"2023-08-10T02:01:11+00:00","mainEntityOfPage":{"@id":"https:\/\/pagina10.com\/web\/critica-situacion-de-seguridad-se-vive-en-narino\/"},"wordCount":167,"commentCount":0,"publisher":{"@id":"https:\/\/pagina10.com\/web\/#organization"},"image":{"@id":"https:\/\/pagina10.com\/web\/critica-situacion-de-seguridad-se-vive-en-narino\/#primaryimage"},"thumbnailUrl":"https:\/\/pagina10.com\/web\/wp-content\/uploads\/2023\/08\/F3Ca-UfW0AEmPp6.jpeg","articleSection":["Titulares"],"inLanguage":"es","potentialAction":[{"@type":"CommentAction","name":"Comment","target":["https:\/\/pagina10.com\/web\/critica-situacion-de-seguridad-se-vive-en-narino\/#respond"]}]},{"@type":"WebPage","@id":"https:\/\/pagina10.com\/web\/critica-situacion-de-seguridad-se-vive-en-narino\/","url":"https:\/\/pagina10.com\/web\/critica-situacion-de-seguridad-se-vive-en-narino\/","name":"Cr\u00edtica situaci\u00f3n de seguridad se vive en Nari\u00f1o | P\u00e1gina10","isPartOf":{"@id":"https:\/\/pagina10.com\/web\/#website"},"primaryImageOfPage":{"@id":"https:\/\/pagina10.com\/web\/critica-situacion-de-seguridad-se-vive-en-narino\/#primaryimage"},"image":{"@id":"https:\/\/pagina10.com\/web\/critica-situacion-de-seguridad-se-vive-en-narino\/#primaryimage"},"thumbnailUrl":"https:\/\/pagina10.com\/web\/wp-content\/uploads\/2023\/08\/F3Ca-UfW0AEmPp6.jpeg","datePublished":"2023-08-10T02:01:11+00:00","breadcrumb":{"@id":"https:\/\/pagina10.com\/web\/critica-situacion-de-seguridad-se-vive-en-narino\/#breadcrumb"},"inLanguage":"es","potentialAction":[{"@type":"ReadAction","target":["https:\/\/pagina10.com\/web\/critica-situacion-de-seguridad-se-vive-en-narino\/"]}]},{"@type":"ImageObject","inLanguage":"es","@id":"https:\/\/pagina10.com\/web\/critica-situacion-de-seguridad-se-vive-en-narino\/#primaryimage","url":"https:\/\/pagina10.com\/web\/wp-content\/uploads\/2023\/08\/F3Ca-UfW0AEmPp6.jpeg","contentUrl":"https:\/\/pagina10.com\/web\/wp-content\/uploads\/2023\/08\/F3Ca-UfW0AEmPp6.jpeg","width":1920,"height":1080,"caption":"Fotograf\u00eda @jhonrojasca"},{"@type":"BreadcrumbList","@id":"https:\/\/pagina10.com\/web\/critica-situacion-de-seguridad-se-vive-en-narino\/#breadcrumb","itemListElement":[{"@type":"ListItem","position":1,"name":"Portada","item":"https:\/\/pagina10.com\/web\/"},{"@type":"ListItem","position":2,"name":"Cr\u00edtica situaci\u00f3n de seguridad se vive en Nari\u00f1o"}]},{"@type":"WebSite","@id":"https:\/\/pagina10.com\/web\/#website","url":"https:\/\/pagina10.com\/web\/","name":"P\u00e1gina10","description":"Peri\u00f3dico Regional","publisher":{"@id":"https:\/\/pagina10.com\/web\/#organization"},"alternateName":"P\u00e1gina10 Peri\u00f3dico Regional","potentialAction":[{"@type":"SearchAction","target":{"@type":"EntryPoint","urlTemplate":"https:\/\/pagina10.com\/web\/?s={search_term_string}"},"query-input":{"@type":"PropertyValueSpecification","valueRequired":true,"valueName":"search_term_string"}}],"inLanguage":"es"},{"@type":"Organization","@id":"https:\/\/pagina10.com\/web\/#organization","name":"P\u00e1gina10","alternateName":"P\u00e1gina10 Peri\u00f3dico Regional","url":"https:\/\/pagina10.com\/web\/","logo":{"@type":"ImageObject","inLanguage":"es","@id":"https:\/\/pagina10.com\/web\/#\/schema\/logo\/image\/","url":"https:\/\/pagina10.com\/web\/wp-content\/uploads\/2024\/01\/40-pagina-10-periodico-regional-pasto.jpg","contentUrl":"https:\/\/pagina10.com\/web\/wp-content\/uploads\/2024\/01\/40-pagina-10-periodico-regional-pasto.jpg","width":1280,"height":720,"caption":"P\u00e1gina10"},"image":{"@id":"https:\/\/pagina10.com\/web\/#\/schema\/logo\/image\/"},"sameAs":["https:\/\/www.facebook.com\/pag10com","https:\/\/x.com\/Pag10com","https:\/\/www.instagram.com\/pagina10col\/","https:\/\/youtube.com\/channel\/pag10","https:\/\/www.tiktok.com\/@p10col"]},{"@type":"Person","@id":"https:\/\/pagina10.com\/web\/#\/schema\/person\/2efc4a090d25b667d3bc796798a3a81b","name":"P\u00e1gina 10","description":"P\u00e1gina 10 es un peri\u00f3dico regional que nace en Colombia, en el departamento de Nari\u00f1o, con un enfoque global, fundamentado en cuatro pilares esenciales: la libertad, el pluralismo, la inclusi\u00f3n y la independencia. P\u00e1gina 10 hace referencia a Nari\u00f1o como el d\u00e9cimo departamento creado en Colombia, despu\u00e9s de un proceso pol\u00edtico liderado por actores y actrices regionales con el fin de obtener la independencia y autonom\u00eda de nuestros territorios. Con la creaci\u00f3n de P\u00e1gina 10 se pretende abrir un escenario para el dialogo, la reflexi\u00f3n y el debate que se extienda a otras geograf\u00edas de Am\u00e9rica Latina y del planeta, en una apuesta por transformar colectivamente los desaf\u00edos de un mundo contempor\u00e1neo, m\u00e1s all\u00e1 de las fronteras impuestas.","url":"https:\/\/pagina10.com\/web\/author\/pdiezadmin\/"}]}},"_links":{"self":[{"href":"https:\/\/pagina10.com\/web\/wp-json\/wp\/v2\/posts\/68080","targetHints":{"allow":["GET"]}}],"collection":[{"href":"https:\/\/pagina10.com\/web\/wp-json\/wp\/v2\/posts"}],"about":[{"href":"https:\/\/pagina10.com\/web\/wp-json\/wp\/v2\/types\/post"}],"author":[{"embeddable":true,"href":"https:\/\/pagina10.com\/web\/wp-json\/wp\/v2\/users\/1"}],"replies":[{"embeddable":true,"href":"https:\/\/pagina10.com\/web\/wp-json\/wp\/v2\/comments?post=68080"}],"version-history":[{"count":1,"href":"https:\/\/pagina10.com\/web\/wp-json\/wp\/v2\/posts\/68080\/revisions"}],"predecessor-version":[{"id":68081,"href":"https:\/\/pagina10.com\/web\/wp-json\/wp\/v2\/posts\/68080\/revisions\/68081"}],"wp:featuredmedia":[{"embeddable":true,"href":"https:\/\/pagina10.com\/web\/wp-json\/wp\/v2\/media\/68075"}],"wp:attachment":[{"href":"https:\/\/pagina10.com\/web\/wp-json\/wp\/v2\/media?parent=68080"}],"wp:term":[{"taxonomy":"category","embeddable":true,"href":"https:\/\/pagina10.com\/web\/wp-json\/wp\/v2\/categories?post=68080"},{"taxonomy":"post_tag","embeddable":true,"href":"https:\/\/pagina10.com\/web\/wp-json\/wp\/v2\/tags?post=68080"}],"curies":[{"name":"wp","href":"https:\/\/api.w.org\/{rel}","templated":true}]}}