{"id":68097,"date":"2023-08-10T22:12:50","date_gmt":"2023-08-11T03:12:50","guid":{"rendered":"https:\/\/pagina10.com\/web\/?p=68097"},"modified":"2023-08-10T22:13:36","modified_gmt":"2023-08-11T03:13:36","slug":"se-continuara-con-la-exploracion-de-petroleo-en-colombia","status":"publish","type":"post","link":"https:\/\/pagina10.com\/web\/se-continuara-con-la-exploracion-de-petroleo-en-colombia\/","title":{"rendered":"Se continuar\u00e1 con la exploraci\u00f3n de petr\u00f3leo en Colombia"},"content":{"rendered":"<p style=\"text-align: justify;\">Andr\u00e9s Camacho, nuevo Ministerio de Minas y Energ\u00eda, abord\u00f3 temas relacionados a los precios de combustibles, ante la Comisi\u00f3n Quinta de la C\u00e1mara de Representantes.<\/p>\n<p style=\"text-align: justify;\">Camacho resalt\u00f3 la intenci\u00f3n del gobierno en preservar las actividades exploratorias en Colombia: \u201cVamos a explorar en clave de energ\u00eda y esa es la tarea de la transici\u00f3n (\u2026) nuestra tarea es incorporar reservas con lo que mantener la actividad es importante\u201d, as\u00ed lo destac\u00f3 ante periodistas y medios de comunicaci\u00f3n luego de finalizar el evento.<\/p>\n<p style=\"text-align: justify;\">Contrario a lo mencionado por el nuevo ministro, la pol\u00edtica implementada durante esta administraci\u00f3n nacional, en cabeza de Gustavo Petro, ha sido la de abstenerse de asignar nuevos contratos para la exploraci\u00f3n y producci\u00f3n de hidrocarburos.<\/p>\n","protected":false},"excerpt":{"rendered":"<p>Andr\u00e9s Camacho, nuevo Ministerio de Minas y Energ\u00eda, abord\u00f3 temas relacionados a los precios de combustibles, ante la Comisi\u00f3n Quinta de la C\u00e1mara de Representantes. Camacho resalt\u00f3 la intenci\u00f3n del gobierno en preservar las actividades exploratorias en Colombia: \u201cVamos a explorar en clave de energ\u00eda y esa es la tarea de la transici\u00f3n (\u2026) nuestra [&hellip;]<\/p>\n","protected":false},"author":1,"featured_media":68098,"comment_status":"open","ping_status":"open","sticky":false,"template":"","format":"standard","meta":{"footnotes":""},"categories":[1528],"tags":[],"class_list":["post-68097","post","type-post","status-publish","format-standard","has-post-thumbnail","hentry","category-titulares"],"yoast_head":"<!-- This site is optimized with the Yoast SEO plugin v27.1.1 - https:\/\/yoast.com\/product\/yoast-seo-wordpress\/ -->\n<title>Se continuar\u00e1 con la exploraci\u00f3n de petr\u00f3leo en Colombia | P\u00e1gina10<\/title>\n<meta name=\"robots\" content=\"index, follow, max-snippet:-1, max-image-preview:large, max-video-preview:-1\" \/>\n<link rel=\"canonical\" href=\"https:\/\/pagina10.com\/web\/se-continuara-con-la-exploracion-de-petroleo-en-colombia\/\" \/>\n<meta property=\"og:locale\" content=\"es_ES\" \/>\n<meta property=\"og:type\" content=\"article\" \/>\n<meta property=\"og:title\" content=\"Se continuar\u00e1 con la exploraci\u00f3n de petr\u00f3leo en Colombia | P\u00e1gina10\" \/>\n<meta property=\"og:description\" content=\"Andr\u00e9s Camacho, nuevo Ministerio de Minas y Energ\u00eda, abord\u00f3 temas relacionados a los precios de combustibles, ante la Comisi\u00f3n Quinta de la C\u00e1mara de Representantes. Camacho resalt\u00f3 la intenci\u00f3n del gobierno en preservar las actividades exploratorias en Colombia: \u201cVamos a explorar en clave de energ\u00eda y esa es la tarea de la transici\u00f3n (\u2026) nuestra [&hellip;]\" \/>\n<meta property=\"og:url\" content=\"https:\/\/pagina10.com\/web\/se-continuara-con-la-exploracion-de-petroleo-en-colombia\/\" \/>\n<meta property=\"og:site_name\" content=\"P\u00e1gina10\" \/>\n<meta property=\"article:publisher\" content=\"https:\/\/www.facebook.com\/pag10com\" \/>\n<meta property=\"article:published_time\" content=\"2023-08-11T03:12:50+00:00\" \/>\n<meta property=\"article:modified_time\" content=\"2023-08-11T03:13:36+00:00\" \/>\n<meta property=\"og:image\" content=\"https:\/\/pagina10.com\/web\/wp-content\/uploads\/2023\/08\/prohibicion-exploracion-petrolera-colombia-economia-17805.jpg\" \/>\n\t<meta property=\"og:image:width\" content=\"800\" \/>\n\t<meta property=\"og:image:height\" content=\"500\" \/>\n\t<meta property=\"og:image:type\" content=\"image\/jpeg\" \/>\n<meta name=\"author\" content=\"P\u00e1gina 10\" \/>\n<meta name=\"twitter:card\" content=\"summary_large_image\" \/>\n<meta name=\"twitter:creator\" content=\"@Pag10com\" \/>\n<meta name=\"twitter:site\" content=\"@Pag10com\" \/>\n<meta name=\"twitter:label1\" content=\"Escrito por\" \/>\n\t<meta name=\"twitter:data1\" content=\"P\u00e1gina 10\" \/>\n\t<meta name=\"twitter:label2\" content=\"Tiempo de lectura\" \/>\n\t<meta name=\"twitter:data2\" content=\"1 minuto\" \/>\n<script type=\"application\/ld+json\" class=\"yoast-schema-graph\">{\"@context\":\"https:\/\/schema.org\",\"@graph\":[{\"@type\":\"Article\",\"@id\":\"https:\/\/pagina10.com\/web\/se-continuara-con-la-exploracion-de-petroleo-en-colombia\/#article\",\"isPartOf\":{\"@id\":\"https:\/\/pagina10.com\/web\/se-continuara-con-la-exploracion-de-petroleo-en-colombia\/\"},\"author\":{\"name\":\"P\u00e1gina 10\",\"@id\":\"https:\/\/pagina10.com\/web\/#\/schema\/person\/2efc4a090d25b667d3bc796798a3a81b\"},\"headline\":\"Se continuar\u00e1 con la exploraci\u00f3n de petr\u00f3leo en Colombia\",\"datePublished\":\"2023-08-11T03:12:50+00:00\",\"dateModified\":\"2023-08-11T03:13:36+00:00\",\"mainEntityOfPage\":{\"@id\":\"https:\/\/pagina10.com\/web\/se-continuara-con-la-exploracion-de-petroleo-en-colombia\/\"},\"wordCount\":139,\"commentCount\":0,\"publisher\":{\"@id\":\"https:\/\/pagina10.com\/web\/#organization\"},\"image\":{\"@id\":\"https:\/\/pagina10.com\/web\/se-continuara-con-la-exploracion-de-petroleo-en-colombia\/#primaryimage\"},\"thumbnailUrl\":\"https:\/\/pagina10.com\/web\/wp-content\/uploads\/2023\/08\/prohibicion-exploracion-petrolera-colombia-economia-17805.jpg\",\"articleSection\":[\"Titulares\"],\"inLanguage\":\"es\",\"potentialAction\":[{\"@type\":\"CommentAction\",\"name\":\"Comment\",\"target\":[\"https:\/\/pagina10.com\/web\/se-continuara-con-la-exploracion-de-petroleo-en-colombia\/#respond\"]}]},{\"@type\":\"WebPage\",\"@id\":\"https:\/\/pagina10.com\/web\/se-continuara-con-la-exploracion-de-petroleo-en-colombia\/\",\"url\":\"https:\/\/pagina10.com\/web\/se-continuara-con-la-exploracion-de-petroleo-en-colombia\/\",\"name\":\"Se continuar\u00e1 con la exploraci\u00f3n de petr\u00f3leo en Colombia | P\u00e1gina10\",\"isPartOf\":{\"@id\":\"https:\/\/pagina10.com\/web\/#website\"},\"primaryImageOfPage\":{\"@id\":\"https:\/\/pagina10.com\/web\/se-continuara-con-la-exploracion-de-petroleo-en-colombia\/#primaryimage\"},\"image\":{\"@id\":\"https:\/\/pagina10.com\/web\/se-continuara-con-la-exploracion-de-petroleo-en-colombia\/#primaryimage\"},\"thumbnailUrl\":\"https:\/\/pagina10.com\/web\/wp-content\/uploads\/2023\/08\/prohibicion-exploracion-petrolera-colombia-economia-17805.jpg\",\"datePublished\":\"2023-08-11T03:12:50+00:00\",\"dateModified\":\"2023-08-11T03:13:36+00:00\",\"breadcrumb\":{\"@id\":\"https:\/\/pagina10.com\/web\/se-continuara-con-la-exploracion-de-petroleo-en-colombia\/#breadcrumb\"},\"inLanguage\":\"es\",\"potentialAction\":[{\"@type\":\"ReadAction\",\"target\":[\"https:\/\/pagina10.com\/web\/se-continuara-con-la-exploracion-de-petroleo-en-colombia\/\"]}]},{\"@type\":\"ImageObject\",\"inLanguage\":\"es\",\"@id\":\"https:\/\/pagina10.com\/web\/se-continuara-con-la-exploracion-de-petroleo-en-colombia\/#primaryimage\",\"url\":\"https:\/\/pagina10.com\/web\/wp-content\/uploads\/2023\/08\/prohibicion-exploracion-petrolera-colombia-economia-17805.jpg\",\"contentUrl\":\"https:\/\/pagina10.com\/web\/wp-content\/uploads\/2023\/08\/prohibicion-exploracion-petrolera-colombia-economia-17805.jpg\",\"width\":800,\"height\":500},{\"@type\":\"BreadcrumbList\",\"@id\":\"https:\/\/pagina10.com\/web\/se-continuara-con-la-exploracion-de-petroleo-en-colombia\/#breadcrumb\",\"itemListElement\":[{\"@type\":\"ListItem\",\"position\":1,\"name\":\"Portada\",\"item\":\"https:\/\/pagina10.com\/web\/\"},{\"@type\":\"ListItem\",\"position\":2,\"name\":\"Se continuar\u00e1 con la exploraci\u00f3n de petr\u00f3leo en Colombia\"}]},{\"@type\":\"WebSite\",\"@id\":\"https:\/\/pagina10.com\/web\/#website\",\"url\":\"https:\/\/pagina10.com\/web\/\",\"name\":\"P\u00e1gina10\",\"description\":\"Peri\u00f3dico Regional\",\"publisher\":{\"@id\":\"https:\/\/pagina10.com\/web\/#organization\"},\"alternateName\":\"P\u00e1gina10 Peri\u00f3dico Regional\",\"potentialAction\":[{\"@type\":\"SearchAction\",\"target\":{\"@type\":\"EntryPoint\",\"urlTemplate\":\"https:\/\/pagina10.com\/web\/?s={search_term_string}\"},\"query-input\":{\"@type\":\"PropertyValueSpecification\",\"valueRequired\":true,\"valueName\":\"search_term_string\"}}],\"inLanguage\":\"es\"},{\"@type\":\"Organization\",\"@id\":\"https:\/\/pagina10.com\/web\/#organization\",\"name\":\"P\u00e1gina10\",\"alternateName\":\"P\u00e1gina10 Peri\u00f3dico Regional\",\"url\":\"https:\/\/pagina10.com\/web\/\",\"logo\":{\"@type\":\"ImageObject\",\"inLanguage\":\"es\",\"@id\":\"https:\/\/pagina10.com\/web\/#\/schema\/logo\/image\/\",\"url\":\"https:\/\/pagina10.com\/web\/wp-content\/uploads\/2024\/01\/40-pagina-10-periodico-regional-pasto.jpg\",\"contentUrl\":\"https:\/\/pagina10.com\/web\/wp-content\/uploads\/2024\/01\/40-pagina-10-periodico-regional-pasto.jpg\",\"width\":1280,\"height\":720,\"caption\":\"P\u00e1gina10\"},\"image\":{\"@id\":\"https:\/\/pagina10.com\/web\/#\/schema\/logo\/image\/\"},\"sameAs\":[\"https:\/\/www.facebook.com\/pag10com\",\"https:\/\/x.com\/Pag10com\",\"https:\/\/www.instagram.com\/pagina10col\/\",\"https:\/\/youtube.com\/channel\/pag10\",\"https:\/\/www.tiktok.com\/@p10col\"]},{\"@type\":\"Person\",\"@id\":\"https:\/\/pagina10.com\/web\/#\/schema\/person\/2efc4a090d25b667d3bc796798a3a81b\",\"name\":\"P\u00e1gina 10\",\"description\":\"P\u00e1gina 10 es un peri\u00f3dico regional que nace en Colombia, en el departamento de Nari\u00f1o, con un enfoque global, fundamentado en cuatro pilares esenciales: la libertad, el pluralismo, la inclusi\u00f3n y la independencia. P\u00e1gina 10 hace referencia a Nari\u00f1o como el d\u00e9cimo departamento creado en Colombia, despu\u00e9s de un proceso pol\u00edtico liderado por actores y actrices regionales con el fin de obtener la independencia y autonom\u00eda de nuestros territorios. Con la creaci\u00f3n de P\u00e1gina 10 se pretende abrir un escenario para el dialogo, la reflexi\u00f3n y el debate que se extienda a otras geograf\u00edas de Am\u00e9rica Latina y del planeta, en una apuesta por transformar colectivamente los desaf\u00edos de un mundo contempor\u00e1neo, m\u00e1s all\u00e1 de las fronteras impuestas.\",\"url\":\"https:\/\/pagina10.com\/web\/author\/pdiezadmin\/\"}]}<\/script>\n<!-- \/ Yoast SEO plugin. -->","yoast_head_json":{"title":"Se continuar\u00e1 con la exploraci\u00f3n de petr\u00f3leo en Colombia | P\u00e1gina10","robots":{"index":"index","follow":"follow","max-snippet":"max-snippet:-1","max-image-preview":"max-image-preview:large","max-video-preview":"max-video-preview:-1"},"canonical":"https:\/\/pagina10.com\/web\/se-continuara-con-la-exploracion-de-petroleo-en-colombia\/","og_locale":"es_ES","og_type":"article","og_title":"Se continuar\u00e1 con la exploraci\u00f3n de petr\u00f3leo en Colombia | P\u00e1gina10","og_description":"Andr\u00e9s Camacho, nuevo Ministerio de Minas y Energ\u00eda, abord\u00f3 temas relacionados a los precios de combustibles, ante la Comisi\u00f3n Quinta de la C\u00e1mara de Representantes. Camacho resalt\u00f3 la intenci\u00f3n del gobierno en preservar las actividades exploratorias en Colombia: \u201cVamos a explorar en clave de energ\u00eda y esa es la tarea de la transici\u00f3n (\u2026) nuestra [&hellip;]","og_url":"https:\/\/pagina10.com\/web\/se-continuara-con-la-exploracion-de-petroleo-en-colombia\/","og_site_name":"P\u00e1gina10","article_publisher":"https:\/\/www.facebook.com\/pag10com","article_published_time":"2023-08-11T03:12:50+00:00","article_modified_time":"2023-08-11T03:13:36+00:00","og_image":[{"width":800,"height":500,"url":"https:\/\/pagina10.com\/web\/wp-content\/uploads\/2023\/08\/prohibicion-exploracion-petrolera-colombia-economia-17805.jpg","type":"image\/jpeg"}],"author":"P\u00e1gina 10","twitter_card":"summary_large_image","twitter_creator":"@Pag10com","twitter_site":"@Pag10com","twitter_misc":{"Escrito por":"P\u00e1gina 10","Tiempo de lectura":"1 minuto"},"schema":{"@context":"https:\/\/schema.org","@graph":[{"@type":"Article","@id":"https:\/\/pagina10.com\/web\/se-continuara-con-la-exploracion-de-petroleo-en-colombia\/#article","isPartOf":{"@id":"https:\/\/pagina10.com\/web\/se-continuara-con-la-exploracion-de-petroleo-en-colombia\/"},"author":{"name":"P\u00e1gina 10","@id":"https:\/\/pagina10.com\/web\/#\/schema\/person\/2efc4a090d25b667d3bc796798a3a81b"},"headline":"Se continuar\u00e1 con la exploraci\u00f3n de petr\u00f3leo en Colombia","datePublished":"2023-08-11T03:12:50+00:00","dateModified":"2023-08-11T03:13:36+00:00","mainEntityOfPage":{"@id":"https:\/\/pagina10.com\/web\/se-continuara-con-la-exploracion-de-petroleo-en-colombia\/"},"wordCount":139,"commentCount":0,"publisher":{"@id":"https:\/\/pagina10.com\/web\/#organization"},"image":{"@id":"https:\/\/pagina10.com\/web\/se-continuara-con-la-exploracion-de-petroleo-en-colombia\/#primaryimage"},"thumbnailUrl":"https:\/\/pagina10.com\/web\/wp-content\/uploads\/2023\/08\/prohibicion-exploracion-petrolera-colombia-economia-17805.jpg","articleSection":["Titulares"],"inLanguage":"es","potentialAction":[{"@type":"CommentAction","name":"Comment","target":["https:\/\/pagina10.com\/web\/se-continuara-con-la-exploracion-de-petroleo-en-colombia\/#respond"]}]},{"@type":"WebPage","@id":"https:\/\/pagina10.com\/web\/se-continuara-con-la-exploracion-de-petroleo-en-colombia\/","url":"https:\/\/pagina10.com\/web\/se-continuara-con-la-exploracion-de-petroleo-en-colombia\/","name":"Se continuar\u00e1 con la exploraci\u00f3n de petr\u00f3leo en Colombia | P\u00e1gina10","isPartOf":{"@id":"https:\/\/pagina10.com\/web\/#website"},"primaryImageOfPage":{"@id":"https:\/\/pagina10.com\/web\/se-continuara-con-la-exploracion-de-petroleo-en-colombia\/#primaryimage"},"image":{"@id":"https:\/\/pagina10.com\/web\/se-continuara-con-la-exploracion-de-petroleo-en-colombia\/#primaryimage"},"thumbnailUrl":"https:\/\/pagina10.com\/web\/wp-content\/uploads\/2023\/08\/prohibicion-exploracion-petrolera-colombia-economia-17805.jpg","datePublished":"2023-08-11T03:12:50+00:00","dateModified":"2023-08-11T03:13:36+00:00","breadcrumb":{"@id":"https:\/\/pagina10.com\/web\/se-continuara-con-la-exploracion-de-petroleo-en-colombia\/#breadcrumb"},"inLanguage":"es","potentialAction":[{"@type":"ReadAction","target":["https:\/\/pagina10.com\/web\/se-continuara-con-la-exploracion-de-petroleo-en-colombia\/"]}]},{"@type":"ImageObject","inLanguage":"es","@id":"https:\/\/pagina10.com\/web\/se-continuara-con-la-exploracion-de-petroleo-en-colombia\/#primaryimage","url":"https:\/\/pagina10.com\/web\/wp-content\/uploads\/2023\/08\/prohibicion-exploracion-petrolera-colombia-economia-17805.jpg","contentUrl":"https:\/\/pagina10.com\/web\/wp-content\/uploads\/2023\/08\/prohibicion-exploracion-petrolera-colombia-economia-17805.jpg","width":800,"height":500},{"@type":"BreadcrumbList","@id":"https:\/\/pagina10.com\/web\/se-continuara-con-la-exploracion-de-petroleo-en-colombia\/#breadcrumb","itemListElement":[{"@type":"ListItem","position":1,"name":"Portada","item":"https:\/\/pagina10.com\/web\/"},{"@type":"ListItem","position":2,"name":"Se continuar\u00e1 con la exploraci\u00f3n de petr\u00f3leo en Colombia"}]},{"@type":"WebSite","@id":"https:\/\/pagina10.com\/web\/#website","url":"https:\/\/pagina10.com\/web\/","name":"P\u00e1gina10","description":"Peri\u00f3dico Regional","publisher":{"@id":"https:\/\/pagina10.com\/web\/#organization"},"alternateName":"P\u00e1gina10 Peri\u00f3dico Regional","potentialAction":[{"@type":"SearchAction","target":{"@type":"EntryPoint","urlTemplate":"https:\/\/pagina10.com\/web\/?s={search_term_string}"},"query-input":{"@type":"PropertyValueSpecification","valueRequired":true,"valueName":"search_term_string"}}],"inLanguage":"es"},{"@type":"Organization","@id":"https:\/\/pagina10.com\/web\/#organization","name":"P\u00e1gina10","alternateName":"P\u00e1gina10 Peri\u00f3dico Regional","url":"https:\/\/pagina10.com\/web\/","logo":{"@type":"ImageObject","inLanguage":"es","@id":"https:\/\/pagina10.com\/web\/#\/schema\/logo\/image\/","url":"https:\/\/pagina10.com\/web\/wp-content\/uploads\/2024\/01\/40-pagina-10-periodico-regional-pasto.jpg","contentUrl":"https:\/\/pagina10.com\/web\/wp-content\/uploads\/2024\/01\/40-pagina-10-periodico-regional-pasto.jpg","width":1280,"height":720,"caption":"P\u00e1gina10"},"image":{"@id":"https:\/\/pagina10.com\/web\/#\/schema\/logo\/image\/"},"sameAs":["https:\/\/www.facebook.com\/pag10com","https:\/\/x.com\/Pag10com","https:\/\/www.instagram.com\/pagina10col\/","https:\/\/youtube.com\/channel\/pag10","https:\/\/www.tiktok.com\/@p10col"]},{"@type":"Person","@id":"https:\/\/pagina10.com\/web\/#\/schema\/person\/2efc4a090d25b667d3bc796798a3a81b","name":"P\u00e1gina 10","description":"P\u00e1gina 10 es un peri\u00f3dico regional que nace en Colombia, en el departamento de Nari\u00f1o, con un enfoque global, fundamentado en cuatro pilares esenciales: la libertad, el pluralismo, la inclusi\u00f3n y la independencia. P\u00e1gina 10 hace referencia a Nari\u00f1o como el d\u00e9cimo departamento creado en Colombia, despu\u00e9s de un proceso pol\u00edtico liderado por actores y actrices regionales con el fin de obtener la independencia y autonom\u00eda de nuestros territorios. Con la creaci\u00f3n de P\u00e1gina 10 se pretende abrir un escenario para el dialogo, la reflexi\u00f3n y el debate que se extienda a otras geograf\u00edas de Am\u00e9rica Latina y del planeta, en una apuesta por transformar colectivamente los desaf\u00edos de un mundo contempor\u00e1neo, m\u00e1s all\u00e1 de las fronteras impuestas.","url":"https:\/\/pagina10.com\/web\/author\/pdiezadmin\/"}]}},"_links":{"self":[{"href":"https:\/\/pagina10.com\/web\/wp-json\/wp\/v2\/posts\/68097","targetHints":{"allow":["GET"]}}],"collection":[{"href":"https:\/\/pagina10.com\/web\/wp-json\/wp\/v2\/posts"}],"about":[{"href":"https:\/\/pagina10.com\/web\/wp-json\/wp\/v2\/types\/post"}],"author":[{"embeddable":true,"href":"https:\/\/pagina10.com\/web\/wp-json\/wp\/v2\/users\/1"}],"replies":[{"embeddable":true,"href":"https:\/\/pagina10.com\/web\/wp-json\/wp\/v2\/comments?post=68097"}],"version-history":[{"count":1,"href":"https:\/\/pagina10.com\/web\/wp-json\/wp\/v2\/posts\/68097\/revisions"}],"predecessor-version":[{"id":68099,"href":"https:\/\/pagina10.com\/web\/wp-json\/wp\/v2\/posts\/68097\/revisions\/68099"}],"wp:featuredmedia":[{"embeddable":true,"href":"https:\/\/pagina10.com\/web\/wp-json\/wp\/v2\/media\/68098"}],"wp:attachment":[{"href":"https:\/\/pagina10.com\/web\/wp-json\/wp\/v2\/media?parent=68097"}],"wp:term":[{"taxonomy":"category","embeddable":true,"href":"https:\/\/pagina10.com\/web\/wp-json\/wp\/v2\/categories?post=68097"},{"taxonomy":"post_tag","embeddable":true,"href":"https:\/\/pagina10.com\/web\/wp-json\/wp\/v2\/tags?post=68097"}],"curies":[{"name":"wp","href":"https:\/\/api.w.org\/{rel}","templated":true}]}}