{"id":68114,"date":"2023-08-11T21:26:17","date_gmt":"2023-08-12T02:26:17","guid":{"rendered":"https:\/\/pagina10.com\/web\/?p=68114"},"modified":"2023-08-11T21:26:17","modified_gmt":"2023-08-12T02:26:17","slug":"hallaron-a-william-castro-lider-social-desaparecido-desde-noviembre-de-2022","status":"publish","type":"post","link":"https:\/\/pagina10.com\/web\/hallaron-a-william-castro-lider-social-desaparecido-desde-noviembre-de-2022\/","title":{"rendered":"Hallaron a William Castro, l\u00edder social desaparecido desde noviembre de 2022"},"content":{"rendered":"<p style=\"text-align: justify;\">En el municipio de Tumaco y caminando por zona rural de la regi\u00f3n, encontraron a William Castro, reconocido l\u00edder social del departamento de Nari\u00f1o, quien hace nueve meses permanec\u00eda desaparecido, luego de un viaje que realiz\u00f3 a esta ciudad por labores desempe\u00f1adas en el marco de Mesa de V\u00edctimas Departamental.<\/p>\n<p style=\"text-align: justify;\">Desde ese momento, familiares, amigos y conocidos perdieron su contacto, salvo un mensaje de texto que aseguraba su presunto secuestro por Autodefensas Gaitanistas, hasta el d\u00eda de hoy, cuando miembros de la Polic\u00eda Nacional lo encontraron caminando en el sector de Guayacana, zona rural del municipio, mientras hac\u00edan un patrullaje cotidiano. Castro habr\u00eda mencionado a los oficiales que estaba perdido.<\/p>\n<p style=\"text-align: justify;\">Al momento se contin\u00faan con las investigaciones de la situaci\u00f3n real que atraves\u00f3 el l\u00edder social nari\u00f1ense durante su secuestro, por encontrarse, adem\u00e1s, en un estado de salud f\u00edsica y mental deteriorado.<\/p>\n","protected":false},"excerpt":{"rendered":"<p>En el municipio de Tumaco y caminando por zona rural de la regi\u00f3n, encontraron a William Castro, reconocido l\u00edder social del departamento de Nari\u00f1o, quien hace nueve meses permanec\u00eda desaparecido, luego de un viaje que realiz\u00f3 a esta ciudad por labores desempe\u00f1adas en el marco de Mesa de V\u00edctimas Departamental. Desde ese momento, familiares, amigos [&hellip;]<\/p>\n","protected":false},"author":1,"featured_media":68111,"comment_status":"open","ping_status":"open","sticky":false,"template":"","format":"standard","meta":{"footnotes":""},"categories":[1528],"tags":[],"class_list":["post-68114","post","type-post","status-publish","format-standard","has-post-thumbnail","hentry","category-titulares"],"yoast_head":"<!-- This site is optimized with the Yoast SEO plugin v27.1.1 - https:\/\/yoast.com\/product\/yoast-seo-wordpress\/ -->\n<title>Hallaron a William Castro, l\u00edder social desaparecido desde noviembre de 2022 | P\u00e1gina10<\/title>\n<meta name=\"robots\" content=\"index, follow, max-snippet:-1, max-image-preview:large, max-video-preview:-1\" \/>\n<link rel=\"canonical\" href=\"https:\/\/pagina10.com\/web\/hallaron-a-william-castro-lider-social-desaparecido-desde-noviembre-de-2022\/\" \/>\n<meta property=\"og:locale\" content=\"es_ES\" \/>\n<meta property=\"og:type\" content=\"article\" \/>\n<meta property=\"og:title\" content=\"Hallaron a William Castro, l\u00edder social desaparecido desde noviembre de 2022 | P\u00e1gina10\" \/>\n<meta property=\"og:description\" content=\"En el municipio de Tumaco y caminando por zona rural de la regi\u00f3n, encontraron a William Castro, reconocido l\u00edder social del departamento de Nari\u00f1o, quien hace nueve meses permanec\u00eda desaparecido, luego de un viaje que realiz\u00f3 a esta ciudad por labores desempe\u00f1adas en el marco de Mesa de V\u00edctimas Departamental. Desde ese momento, familiares, amigos [&hellip;]\" \/>\n<meta property=\"og:url\" content=\"https:\/\/pagina10.com\/web\/hallaron-a-william-castro-lider-social-desaparecido-desde-noviembre-de-2022\/\" \/>\n<meta property=\"og:site_name\" content=\"P\u00e1gina10\" \/>\n<meta property=\"article:publisher\" content=\"https:\/\/www.facebook.com\/pag10com\" \/>\n<meta property=\"article:published_time\" content=\"2023-08-12T02:26:17+00:00\" \/>\n<meta property=\"og:image\" content=\"https:\/\/pagina10.com\/web\/wp-content\/uploads\/2023\/08\/21272356_1509522292417768_2331516300772002500_n.jpg\" \/>\n\t<meta property=\"og:image:width\" content=\"960\" \/>\n\t<meta property=\"og:image:height\" content=\"720\" \/>\n\t<meta property=\"og:image:type\" content=\"image\/jpeg\" \/>\n<meta name=\"author\" content=\"P\u00e1gina 10\" \/>\n<meta name=\"twitter:card\" content=\"summary_large_image\" \/>\n<meta name=\"twitter:creator\" content=\"@Pag10com\" \/>\n<meta name=\"twitter:site\" content=\"@Pag10com\" \/>\n<meta name=\"twitter:label1\" content=\"Escrito por\" \/>\n\t<meta name=\"twitter:data1\" content=\"P\u00e1gina 10\" \/>\n\t<meta name=\"twitter:label2\" content=\"Tiempo de lectura\" \/>\n\t<meta name=\"twitter:data2\" content=\"1 minuto\" \/>\n<script type=\"application\/ld+json\" class=\"yoast-schema-graph\">{\"@context\":\"https:\/\/schema.org\",\"@graph\":[{\"@type\":\"Article\",\"@id\":\"https:\/\/pagina10.com\/web\/hallaron-a-william-castro-lider-social-desaparecido-desde-noviembre-de-2022\/#article\",\"isPartOf\":{\"@id\":\"https:\/\/pagina10.com\/web\/hallaron-a-william-castro-lider-social-desaparecido-desde-noviembre-de-2022\/\"},\"author\":{\"name\":\"P\u00e1gina 10\",\"@id\":\"https:\/\/pagina10.com\/web\/#\/schema\/person\/2efc4a090d25b667d3bc796798a3a81b\"},\"headline\":\"Hallaron a William Castro, l\u00edder social desaparecido desde noviembre de 2022\",\"datePublished\":\"2023-08-12T02:26:17+00:00\",\"mainEntityOfPage\":{\"@id\":\"https:\/\/pagina10.com\/web\/hallaron-a-william-castro-lider-social-desaparecido-desde-noviembre-de-2022\/\"},\"wordCount\":169,\"commentCount\":0,\"publisher\":{\"@id\":\"https:\/\/pagina10.com\/web\/#organization\"},\"image\":{\"@id\":\"https:\/\/pagina10.com\/web\/hallaron-a-william-castro-lider-social-desaparecido-desde-noviembre-de-2022\/#primaryimage\"},\"thumbnailUrl\":\"https:\/\/pagina10.com\/web\/wp-content\/uploads\/2023\/08\/21272356_1509522292417768_2331516300772002500_n.jpg\",\"articleSection\":[\"Titulares\"],\"inLanguage\":\"es\",\"potentialAction\":[{\"@type\":\"CommentAction\",\"name\":\"Comment\",\"target\":[\"https:\/\/pagina10.com\/web\/hallaron-a-william-castro-lider-social-desaparecido-desde-noviembre-de-2022\/#respond\"]}]},{\"@type\":\"WebPage\",\"@id\":\"https:\/\/pagina10.com\/web\/hallaron-a-william-castro-lider-social-desaparecido-desde-noviembre-de-2022\/\",\"url\":\"https:\/\/pagina10.com\/web\/hallaron-a-william-castro-lider-social-desaparecido-desde-noviembre-de-2022\/\",\"name\":\"Hallaron a William Castro, l\u00edder social desaparecido desde noviembre de 2022 | P\u00e1gina10\",\"isPartOf\":{\"@id\":\"https:\/\/pagina10.com\/web\/#website\"},\"primaryImageOfPage\":{\"@id\":\"https:\/\/pagina10.com\/web\/hallaron-a-william-castro-lider-social-desaparecido-desde-noviembre-de-2022\/#primaryimage\"},\"image\":{\"@id\":\"https:\/\/pagina10.com\/web\/hallaron-a-william-castro-lider-social-desaparecido-desde-noviembre-de-2022\/#primaryimage\"},\"thumbnailUrl\":\"https:\/\/pagina10.com\/web\/wp-content\/uploads\/2023\/08\/21272356_1509522292417768_2331516300772002500_n.jpg\",\"datePublished\":\"2023-08-12T02:26:17+00:00\",\"breadcrumb\":{\"@id\":\"https:\/\/pagina10.com\/web\/hallaron-a-william-castro-lider-social-desaparecido-desde-noviembre-de-2022\/#breadcrumb\"},\"inLanguage\":\"es\",\"potentialAction\":[{\"@type\":\"ReadAction\",\"target\":[\"https:\/\/pagina10.com\/web\/hallaron-a-william-castro-lider-social-desaparecido-desde-noviembre-de-2022\/\"]}]},{\"@type\":\"ImageObject\",\"inLanguage\":\"es\",\"@id\":\"https:\/\/pagina10.com\/web\/hallaron-a-william-castro-lider-social-desaparecido-desde-noviembre-de-2022\/#primaryimage\",\"url\":\"https:\/\/pagina10.com\/web\/wp-content\/uploads\/2023\/08\/21272356_1509522292417768_2331516300772002500_n.jpg\",\"contentUrl\":\"https:\/\/pagina10.com\/web\/wp-content\/uploads\/2023\/08\/21272356_1509522292417768_2331516300772002500_n.jpg\",\"width\":960,\"height\":720,\"caption\":\"Fotograf\u00eda tomada redes sociales William Castro\"},{\"@type\":\"BreadcrumbList\",\"@id\":\"https:\/\/pagina10.com\/web\/hallaron-a-william-castro-lider-social-desaparecido-desde-noviembre-de-2022\/#breadcrumb\",\"itemListElement\":[{\"@type\":\"ListItem\",\"position\":1,\"name\":\"Portada\",\"item\":\"https:\/\/pagina10.com\/web\/\"},{\"@type\":\"ListItem\",\"position\":2,\"name\":\"Hallaron a William Castro, l\u00edder social desaparecido desde noviembre de 2022\"}]},{\"@type\":\"WebSite\",\"@id\":\"https:\/\/pagina10.com\/web\/#website\",\"url\":\"https:\/\/pagina10.com\/web\/\",\"name\":\"P\u00e1gina10\",\"description\":\"Peri\u00f3dico Regional\",\"publisher\":{\"@id\":\"https:\/\/pagina10.com\/web\/#organization\"},\"alternateName\":\"P\u00e1gina10 Peri\u00f3dico Regional\",\"potentialAction\":[{\"@type\":\"SearchAction\",\"target\":{\"@type\":\"EntryPoint\",\"urlTemplate\":\"https:\/\/pagina10.com\/web\/?s={search_term_string}\"},\"query-input\":{\"@type\":\"PropertyValueSpecification\",\"valueRequired\":true,\"valueName\":\"search_term_string\"}}],\"inLanguage\":\"es\"},{\"@type\":\"Organization\",\"@id\":\"https:\/\/pagina10.com\/web\/#organization\",\"name\":\"P\u00e1gina10\",\"alternateName\":\"P\u00e1gina10 Peri\u00f3dico Regional\",\"url\":\"https:\/\/pagina10.com\/web\/\",\"logo\":{\"@type\":\"ImageObject\",\"inLanguage\":\"es\",\"@id\":\"https:\/\/pagina10.com\/web\/#\/schema\/logo\/image\/\",\"url\":\"https:\/\/pagina10.com\/web\/wp-content\/uploads\/2024\/01\/40-pagina-10-periodico-regional-pasto.jpg\",\"contentUrl\":\"https:\/\/pagina10.com\/web\/wp-content\/uploads\/2024\/01\/40-pagina-10-periodico-regional-pasto.jpg\",\"width\":1280,\"height\":720,\"caption\":\"P\u00e1gina10\"},\"image\":{\"@id\":\"https:\/\/pagina10.com\/web\/#\/schema\/logo\/image\/\"},\"sameAs\":[\"https:\/\/www.facebook.com\/pag10com\",\"https:\/\/x.com\/Pag10com\",\"https:\/\/www.instagram.com\/pagina10col\/\",\"https:\/\/youtube.com\/channel\/pag10\",\"https:\/\/www.tiktok.com\/@p10col\"]},{\"@type\":\"Person\",\"@id\":\"https:\/\/pagina10.com\/web\/#\/schema\/person\/2efc4a090d25b667d3bc796798a3a81b\",\"name\":\"P\u00e1gina 10\",\"description\":\"P\u00e1gina 10 es un peri\u00f3dico regional que nace en Colombia, en el departamento de Nari\u00f1o, con un enfoque global, fundamentado en cuatro pilares esenciales: la libertad, el pluralismo, la inclusi\u00f3n y la independencia. P\u00e1gina 10 hace referencia a Nari\u00f1o como el d\u00e9cimo departamento creado en Colombia, despu\u00e9s de un proceso pol\u00edtico liderado por actores y actrices regionales con el fin de obtener la independencia y autonom\u00eda de nuestros territorios. Con la creaci\u00f3n de P\u00e1gina 10 se pretende abrir un escenario para el dialogo, la reflexi\u00f3n y el debate que se extienda a otras geograf\u00edas de Am\u00e9rica Latina y del planeta, en una apuesta por transformar colectivamente los desaf\u00edos de un mundo contempor\u00e1neo, m\u00e1s all\u00e1 de las fronteras impuestas.\",\"url\":\"https:\/\/pagina10.com\/web\/author\/pdiezadmin\/\"}]}<\/script>\n<!-- \/ Yoast SEO plugin. -->","yoast_head_json":{"title":"Hallaron a William Castro, l\u00edder social desaparecido desde noviembre de 2022 | P\u00e1gina10","robots":{"index":"index","follow":"follow","max-snippet":"max-snippet:-1","max-image-preview":"max-image-preview:large","max-video-preview":"max-video-preview:-1"},"canonical":"https:\/\/pagina10.com\/web\/hallaron-a-william-castro-lider-social-desaparecido-desde-noviembre-de-2022\/","og_locale":"es_ES","og_type":"article","og_title":"Hallaron a William Castro, l\u00edder social desaparecido desde noviembre de 2022 | P\u00e1gina10","og_description":"En el municipio de Tumaco y caminando por zona rural de la regi\u00f3n, encontraron a William Castro, reconocido l\u00edder social del departamento de Nari\u00f1o, quien hace nueve meses permanec\u00eda desaparecido, luego de un viaje que realiz\u00f3 a esta ciudad por labores desempe\u00f1adas en el marco de Mesa de V\u00edctimas Departamental. Desde ese momento, familiares, amigos [&hellip;]","og_url":"https:\/\/pagina10.com\/web\/hallaron-a-william-castro-lider-social-desaparecido-desde-noviembre-de-2022\/","og_site_name":"P\u00e1gina10","article_publisher":"https:\/\/www.facebook.com\/pag10com","article_published_time":"2023-08-12T02:26:17+00:00","og_image":[{"width":960,"height":720,"url":"https:\/\/pagina10.com\/web\/wp-content\/uploads\/2023\/08\/21272356_1509522292417768_2331516300772002500_n.jpg","type":"image\/jpeg"}],"author":"P\u00e1gina 10","twitter_card":"summary_large_image","twitter_creator":"@Pag10com","twitter_site":"@Pag10com","twitter_misc":{"Escrito por":"P\u00e1gina 10","Tiempo de lectura":"1 minuto"},"schema":{"@context":"https:\/\/schema.org","@graph":[{"@type":"Article","@id":"https:\/\/pagina10.com\/web\/hallaron-a-william-castro-lider-social-desaparecido-desde-noviembre-de-2022\/#article","isPartOf":{"@id":"https:\/\/pagina10.com\/web\/hallaron-a-william-castro-lider-social-desaparecido-desde-noviembre-de-2022\/"},"author":{"name":"P\u00e1gina 10","@id":"https:\/\/pagina10.com\/web\/#\/schema\/person\/2efc4a090d25b667d3bc796798a3a81b"},"headline":"Hallaron a William Castro, l\u00edder social desaparecido desde noviembre de 2022","datePublished":"2023-08-12T02:26:17+00:00","mainEntityOfPage":{"@id":"https:\/\/pagina10.com\/web\/hallaron-a-william-castro-lider-social-desaparecido-desde-noviembre-de-2022\/"},"wordCount":169,"commentCount":0,"publisher":{"@id":"https:\/\/pagina10.com\/web\/#organization"},"image":{"@id":"https:\/\/pagina10.com\/web\/hallaron-a-william-castro-lider-social-desaparecido-desde-noviembre-de-2022\/#primaryimage"},"thumbnailUrl":"https:\/\/pagina10.com\/web\/wp-content\/uploads\/2023\/08\/21272356_1509522292417768_2331516300772002500_n.jpg","articleSection":["Titulares"],"inLanguage":"es","potentialAction":[{"@type":"CommentAction","name":"Comment","target":["https:\/\/pagina10.com\/web\/hallaron-a-william-castro-lider-social-desaparecido-desde-noviembre-de-2022\/#respond"]}]},{"@type":"WebPage","@id":"https:\/\/pagina10.com\/web\/hallaron-a-william-castro-lider-social-desaparecido-desde-noviembre-de-2022\/","url":"https:\/\/pagina10.com\/web\/hallaron-a-william-castro-lider-social-desaparecido-desde-noviembre-de-2022\/","name":"Hallaron a William Castro, l\u00edder social desaparecido desde noviembre de 2022 | P\u00e1gina10","isPartOf":{"@id":"https:\/\/pagina10.com\/web\/#website"},"primaryImageOfPage":{"@id":"https:\/\/pagina10.com\/web\/hallaron-a-william-castro-lider-social-desaparecido-desde-noviembre-de-2022\/#primaryimage"},"image":{"@id":"https:\/\/pagina10.com\/web\/hallaron-a-william-castro-lider-social-desaparecido-desde-noviembre-de-2022\/#primaryimage"},"thumbnailUrl":"https:\/\/pagina10.com\/web\/wp-content\/uploads\/2023\/08\/21272356_1509522292417768_2331516300772002500_n.jpg","datePublished":"2023-08-12T02:26:17+00:00","breadcrumb":{"@id":"https:\/\/pagina10.com\/web\/hallaron-a-william-castro-lider-social-desaparecido-desde-noviembre-de-2022\/#breadcrumb"},"inLanguage":"es","potentialAction":[{"@type":"ReadAction","target":["https:\/\/pagina10.com\/web\/hallaron-a-william-castro-lider-social-desaparecido-desde-noviembre-de-2022\/"]}]},{"@type":"ImageObject","inLanguage":"es","@id":"https:\/\/pagina10.com\/web\/hallaron-a-william-castro-lider-social-desaparecido-desde-noviembre-de-2022\/#primaryimage","url":"https:\/\/pagina10.com\/web\/wp-content\/uploads\/2023\/08\/21272356_1509522292417768_2331516300772002500_n.jpg","contentUrl":"https:\/\/pagina10.com\/web\/wp-content\/uploads\/2023\/08\/21272356_1509522292417768_2331516300772002500_n.jpg","width":960,"height":720,"caption":"Fotograf\u00eda tomada redes sociales William Castro"},{"@type":"BreadcrumbList","@id":"https:\/\/pagina10.com\/web\/hallaron-a-william-castro-lider-social-desaparecido-desde-noviembre-de-2022\/#breadcrumb","itemListElement":[{"@type":"ListItem","position":1,"name":"Portada","item":"https:\/\/pagina10.com\/web\/"},{"@type":"ListItem","position":2,"name":"Hallaron a William Castro, l\u00edder social desaparecido desde noviembre de 2022"}]},{"@type":"WebSite","@id":"https:\/\/pagina10.com\/web\/#website","url":"https:\/\/pagina10.com\/web\/","name":"P\u00e1gina10","description":"Peri\u00f3dico Regional","publisher":{"@id":"https:\/\/pagina10.com\/web\/#organization"},"alternateName":"P\u00e1gina10 Peri\u00f3dico Regional","potentialAction":[{"@type":"SearchAction","target":{"@type":"EntryPoint","urlTemplate":"https:\/\/pagina10.com\/web\/?s={search_term_string}"},"query-input":{"@type":"PropertyValueSpecification","valueRequired":true,"valueName":"search_term_string"}}],"inLanguage":"es"},{"@type":"Organization","@id":"https:\/\/pagina10.com\/web\/#organization","name":"P\u00e1gina10","alternateName":"P\u00e1gina10 Peri\u00f3dico Regional","url":"https:\/\/pagina10.com\/web\/","logo":{"@type":"ImageObject","inLanguage":"es","@id":"https:\/\/pagina10.com\/web\/#\/schema\/logo\/image\/","url":"https:\/\/pagina10.com\/web\/wp-content\/uploads\/2024\/01\/40-pagina-10-periodico-regional-pasto.jpg","contentUrl":"https:\/\/pagina10.com\/web\/wp-content\/uploads\/2024\/01\/40-pagina-10-periodico-regional-pasto.jpg","width":1280,"height":720,"caption":"P\u00e1gina10"},"image":{"@id":"https:\/\/pagina10.com\/web\/#\/schema\/logo\/image\/"},"sameAs":["https:\/\/www.facebook.com\/pag10com","https:\/\/x.com\/Pag10com","https:\/\/www.instagram.com\/pagina10col\/","https:\/\/youtube.com\/channel\/pag10","https:\/\/www.tiktok.com\/@p10col"]},{"@type":"Person","@id":"https:\/\/pagina10.com\/web\/#\/schema\/person\/2efc4a090d25b667d3bc796798a3a81b","name":"P\u00e1gina 10","description":"P\u00e1gina 10 es un peri\u00f3dico regional que nace en Colombia, en el departamento de Nari\u00f1o, con un enfoque global, fundamentado en cuatro pilares esenciales: la libertad, el pluralismo, la inclusi\u00f3n y la independencia. P\u00e1gina 10 hace referencia a Nari\u00f1o como el d\u00e9cimo departamento creado en Colombia, despu\u00e9s de un proceso pol\u00edtico liderado por actores y actrices regionales con el fin de obtener la independencia y autonom\u00eda de nuestros territorios. Con la creaci\u00f3n de P\u00e1gina 10 se pretende abrir un escenario para el dialogo, la reflexi\u00f3n y el debate que se extienda a otras geograf\u00edas de Am\u00e9rica Latina y del planeta, en una apuesta por transformar colectivamente los desaf\u00edos de un mundo contempor\u00e1neo, m\u00e1s all\u00e1 de las fronteras impuestas.","url":"https:\/\/pagina10.com\/web\/author\/pdiezadmin\/"}]}},"_links":{"self":[{"href":"https:\/\/pagina10.com\/web\/wp-json\/wp\/v2\/posts\/68114","targetHints":{"allow":["GET"]}}],"collection":[{"href":"https:\/\/pagina10.com\/web\/wp-json\/wp\/v2\/posts"}],"about":[{"href":"https:\/\/pagina10.com\/web\/wp-json\/wp\/v2\/types\/post"}],"author":[{"embeddable":true,"href":"https:\/\/pagina10.com\/web\/wp-json\/wp\/v2\/users\/1"}],"replies":[{"embeddable":true,"href":"https:\/\/pagina10.com\/web\/wp-json\/wp\/v2\/comments?post=68114"}],"version-history":[{"count":1,"href":"https:\/\/pagina10.com\/web\/wp-json\/wp\/v2\/posts\/68114\/revisions"}],"predecessor-version":[{"id":68115,"href":"https:\/\/pagina10.com\/web\/wp-json\/wp\/v2\/posts\/68114\/revisions\/68115"}],"wp:featuredmedia":[{"embeddable":true,"href":"https:\/\/pagina10.com\/web\/wp-json\/wp\/v2\/media\/68111"}],"wp:attachment":[{"href":"https:\/\/pagina10.com\/web\/wp-json\/wp\/v2\/media?parent=68114"}],"wp:term":[{"taxonomy":"category","embeddable":true,"href":"https:\/\/pagina10.com\/web\/wp-json\/wp\/v2\/categories?post=68114"},{"taxonomy":"post_tag","embeddable":true,"href":"https:\/\/pagina10.com\/web\/wp-json\/wp\/v2\/tags?post=68114"}],"curies":[{"name":"wp","href":"https:\/\/api.w.org\/{rel}","templated":true}]}}