{"id":68218,"date":"2023-08-18T14:33:21","date_gmt":"2023-08-18T19:33:21","guid":{"rendered":"https:\/\/pagina10.com\/web\/?p=68218"},"modified":"2023-08-18T14:40:22","modified_gmt":"2023-08-18T19:40:22","slug":"historias-de-ninas-y-mujeres-rurales-que-promueven-la-paz-y-la-igualdad","status":"publish","type":"post","link":"https:\/\/pagina10.com\/web\/historias-de-ninas-y-mujeres-rurales-que-promueven-la-paz-y-la-igualdad\/","title":{"rendered":"Historias de ni\u00f1as y mujeres rurales que promueven la paz y la igualdad"},"content":{"rendered":"<p style=\"text-align: justify;\">Crear espacios para abrazar la vida, abrigar el coraz\u00f3n con las historias que surgen de la experiencia de las mujeres y maravillarse con la sabidur\u00eda de cada relato que comparten las ni\u00f1as, ha sido el objetivo del proyecto Mujeres Rurales, Gestoras de Paz, el cual ha buscado impulsar escenarios de participaci\u00f3n donde se fortalecen los liderazgos femeninos para alcanzar la igualdad de g\u00e9nero, indispensables en la consolidaci\u00f3n de la reconciliaci\u00f3n y la paz en el territorio.<\/p>\n<p style=\"text-align: justify;\">Es as\u00ed, como a trav\u00e9s de juegos, teatro, dibujos, sonidos y la pr\u00e1ctica de la escritura y la lectura como estrategias para la formaci\u00f3n en derechos humanos de las mujeres, comunicaci\u00f3n comunitaria y producci\u00f3n sonora, 22 ni\u00f1as y sus madres de las veredas de Jurado y Concepci\u00f3n del corregimiento de Santa B\u00e1rbara, compartieron momentos de aprendizajes y reflexi\u00f3n.<\/p>\n<p style=\"text-align: justify;\">Durante este proyecto las participantes desarrollaron una serie radial de 6 episodios titulada \u00b4Mujeres Rurales Gestoras De Paz\u00b4, con el objetivo de visibilizar el papel de las mujeres en la construcci\u00f3n de la reconciliaci\u00f3n y la paz promoviendo de la igualdad de g\u00e9nero.<\/p>\n<p style=\"text-align: justify;\">Es, en esta serie radial donde la palabra dulce y amorosa de las mujeres y ni\u00f1as rurales, comparten sus tradiciones culturales y la memoria de su territorio con una reflexi\u00f3n enmarcada en promover la igualdad de g\u00e9nero a trav\u00e9s de temas como la resiliencia, las violencias contra las mujeres, la juntanza, el liderazgo femenino, el fortalecimiento de la autonom\u00eda econom\u00eda y la econom\u00eda del cuidado como temas necesarios para la transformaci\u00f3n los hogares y la comunidad.<\/p>\n<p style=\"text-align: justify;\">La serie de radial ser\u00e1 emitida desde el 21 al 26 de agosto a las 8:30 a.m. por la 101.1 FM stereo Radio Universidad de Nari\u00f1o.<\/p>\n<p style=\"text-align: justify;\">Este proyecto ha sido desarrollado por la Corporaci\u00f3n Hombres en Marcha, gracias al apoyo del Programa Nacional de Concertaci\u00f3n Cultural 2023 del Ministerio de Cultura, en alianza con la <a href=\"https:\/\/www.facebook.com\/profile.php?id=100064172495376&amp;__cft__%5b0%5d=AZWVzk_ooK0R3-tr9oTp1Yb_SL3sDTrZnUKXclt-STEhTrsXc9LPIgpj_ur0HbjP374ruRObuJ5Dd6rxg4jL7Z5pGIAT6p68KK2tQFBV2Y4IIx_SK69Ct_fE46awBtOpZMWHbNHpEGB95cmifGPU_JPod2rjkNZKTMocg8fhELP2wteChfcttwHCV7jnrxNqPss&amp;__tn__=-%5dK-R\">Instituci\u00f3n Educativa San Francisco de As\u00eds<\/a> del Corregimiento de Santa B\u00e1rbara.<\/p>\n<p style=\"text-align: justify;\">\n","protected":false},"excerpt":{"rendered":"<p>Crear espacios para abrazar la vida, abrigar el coraz\u00f3n con las historias que surgen de la experiencia de las mujeres y maravillarse con la sabidur\u00eda de cada relato que comparten las ni\u00f1as, ha sido el objetivo del proyecto Mujeres Rurales, Gestoras de Paz, el cual ha buscado impulsar escenarios de participaci\u00f3n donde se fortalecen los [&hellip;]<\/p>\n","protected":false},"author":1,"featured_media":68219,"comment_status":"open","ping_status":"open","sticky":false,"template":"","format":"standard","meta":{"footnotes":""},"categories":[14],"tags":[],"class_list":["post-68218","post","type-post","status-publish","format-standard","has-post-thumbnail","hentry","category-narino-actual"],"yoast_head":"<!-- This site is optimized with the Yoast SEO plugin v27.1.1 - https:\/\/yoast.com\/product\/yoast-seo-wordpress\/ -->\n<title>Historias de ni\u00f1as y mujeres rurales que promueven la paz y la igualdad | P\u00e1gina10<\/title>\n<meta name=\"robots\" content=\"index, follow, max-snippet:-1, max-image-preview:large, max-video-preview:-1\" \/>\n<link rel=\"canonical\" href=\"https:\/\/pagina10.com\/web\/historias-de-ninas-y-mujeres-rurales-que-promueven-la-paz-y-la-igualdad\/\" \/>\n<meta property=\"og:locale\" content=\"es_ES\" \/>\n<meta property=\"og:type\" content=\"article\" \/>\n<meta property=\"og:title\" content=\"Historias de ni\u00f1as y mujeres rurales que promueven la paz y la igualdad | P\u00e1gina10\" \/>\n<meta property=\"og:description\" content=\"Crear espacios para abrazar la vida, abrigar el coraz\u00f3n con las historias que surgen de la experiencia de las mujeres y maravillarse con la sabidur\u00eda de cada relato que comparten las ni\u00f1as, ha sido el objetivo del proyecto Mujeres Rurales, Gestoras de Paz, el cual ha buscado impulsar escenarios de participaci\u00f3n donde se fortalecen los [&hellip;]\" \/>\n<meta property=\"og:url\" content=\"https:\/\/pagina10.com\/web\/historias-de-ninas-y-mujeres-rurales-que-promueven-la-paz-y-la-igualdad\/\" \/>\n<meta property=\"og:site_name\" content=\"P\u00e1gina10\" \/>\n<meta property=\"article:publisher\" content=\"https:\/\/www.facebook.com\/pag10com\" \/>\n<meta property=\"article:published_time\" content=\"2023-08-18T19:33:21+00:00\" \/>\n<meta property=\"article:modified_time\" content=\"2023-08-18T19:40:22+00:00\" \/>\n<meta property=\"og:image\" content=\"https:\/\/pagina10.com\/web\/wp-content\/uploads\/2023\/08\/WhatsApp-Image-2023-08-17-at-11.26.08-AM.jpeg\" \/>\n\t<meta property=\"og:image:width\" content=\"1600\" \/>\n\t<meta property=\"og:image:height\" content=\"1214\" \/>\n\t<meta property=\"og:image:type\" content=\"image\/jpeg\" \/>\n<meta name=\"author\" content=\"P\u00e1gina 10\" \/>\n<meta name=\"twitter:card\" content=\"summary_large_image\" \/>\n<meta name=\"twitter:creator\" content=\"@Pag10com\" \/>\n<meta name=\"twitter:site\" content=\"@Pag10com\" \/>\n<meta name=\"twitter:label1\" content=\"Escrito por\" \/>\n\t<meta name=\"twitter:data1\" content=\"P\u00e1gina 10\" \/>\n\t<meta name=\"twitter:label2\" content=\"Tiempo de lectura\" \/>\n\t<meta name=\"twitter:data2\" content=\"2 minutos\" \/>\n<script type=\"application\/ld+json\" class=\"yoast-schema-graph\">{\"@context\":\"https:\/\/schema.org\",\"@graph\":[{\"@type\":\"Article\",\"@id\":\"https:\/\/pagina10.com\/web\/historias-de-ninas-y-mujeres-rurales-que-promueven-la-paz-y-la-igualdad\/#article\",\"isPartOf\":{\"@id\":\"https:\/\/pagina10.com\/web\/historias-de-ninas-y-mujeres-rurales-que-promueven-la-paz-y-la-igualdad\/\"},\"author\":{\"name\":\"P\u00e1gina 10\",\"@id\":\"https:\/\/pagina10.com\/web\/#\/schema\/person\/2efc4a090d25b667d3bc796798a3a81b\"},\"headline\":\"Historias de ni\u00f1as y mujeres rurales que promueven la paz y la igualdad\",\"datePublished\":\"2023-08-18T19:33:21+00:00\",\"dateModified\":\"2023-08-18T19:40:22+00:00\",\"mainEntityOfPage\":{\"@id\":\"https:\/\/pagina10.com\/web\/historias-de-ninas-y-mujeres-rurales-que-promueven-la-paz-y-la-igualdad\/\"},\"wordCount\":360,\"commentCount\":0,\"publisher\":{\"@id\":\"https:\/\/pagina10.com\/web\/#organization\"},\"image\":{\"@id\":\"https:\/\/pagina10.com\/web\/historias-de-ninas-y-mujeres-rurales-que-promueven-la-paz-y-la-igualdad\/#primaryimage\"},\"thumbnailUrl\":\"https:\/\/pagina10.com\/web\/wp-content\/uploads\/2023\/08\/WhatsApp-Image-2023-08-17-at-11.26.08-AM.jpeg\",\"articleSection\":[\"Nari\u00f1o Actual\"],\"inLanguage\":\"es\",\"potentialAction\":[{\"@type\":\"CommentAction\",\"name\":\"Comment\",\"target\":[\"https:\/\/pagina10.com\/web\/historias-de-ninas-y-mujeres-rurales-que-promueven-la-paz-y-la-igualdad\/#respond\"]}]},{\"@type\":\"WebPage\",\"@id\":\"https:\/\/pagina10.com\/web\/historias-de-ninas-y-mujeres-rurales-que-promueven-la-paz-y-la-igualdad\/\",\"url\":\"https:\/\/pagina10.com\/web\/historias-de-ninas-y-mujeres-rurales-que-promueven-la-paz-y-la-igualdad\/\",\"name\":\"Historias de ni\u00f1as y mujeres rurales que promueven la paz y la igualdad | P\u00e1gina10\",\"isPartOf\":{\"@id\":\"https:\/\/pagina10.com\/web\/#website\"},\"primaryImageOfPage\":{\"@id\":\"https:\/\/pagina10.com\/web\/historias-de-ninas-y-mujeres-rurales-que-promueven-la-paz-y-la-igualdad\/#primaryimage\"},\"image\":{\"@id\":\"https:\/\/pagina10.com\/web\/historias-de-ninas-y-mujeres-rurales-que-promueven-la-paz-y-la-igualdad\/#primaryimage\"},\"thumbnailUrl\":\"https:\/\/pagina10.com\/web\/wp-content\/uploads\/2023\/08\/WhatsApp-Image-2023-08-17-at-11.26.08-AM.jpeg\",\"datePublished\":\"2023-08-18T19:33:21+00:00\",\"dateModified\":\"2023-08-18T19:40:22+00:00\",\"breadcrumb\":{\"@id\":\"https:\/\/pagina10.com\/web\/historias-de-ninas-y-mujeres-rurales-que-promueven-la-paz-y-la-igualdad\/#breadcrumb\"},\"inLanguage\":\"es\",\"potentialAction\":[{\"@type\":\"ReadAction\",\"target\":[\"https:\/\/pagina10.com\/web\/historias-de-ninas-y-mujeres-rurales-que-promueven-la-paz-y-la-igualdad\/\"]}]},{\"@type\":\"ImageObject\",\"inLanguage\":\"es\",\"@id\":\"https:\/\/pagina10.com\/web\/historias-de-ninas-y-mujeres-rurales-que-promueven-la-paz-y-la-igualdad\/#primaryimage\",\"url\":\"https:\/\/pagina10.com\/web\/wp-content\/uploads\/2023\/08\/WhatsApp-Image-2023-08-17-at-11.26.08-AM.jpeg\",\"contentUrl\":\"https:\/\/pagina10.com\/web\/wp-content\/uploads\/2023\/08\/WhatsApp-Image-2023-08-17-at-11.26.08-AM.jpeg\",\"width\":1600,\"height\":1214},{\"@type\":\"BreadcrumbList\",\"@id\":\"https:\/\/pagina10.com\/web\/historias-de-ninas-y-mujeres-rurales-que-promueven-la-paz-y-la-igualdad\/#breadcrumb\",\"itemListElement\":[{\"@type\":\"ListItem\",\"position\":1,\"name\":\"Portada\",\"item\":\"https:\/\/pagina10.com\/web\/\"},{\"@type\":\"ListItem\",\"position\":2,\"name\":\"Historias de ni\u00f1as y mujeres rurales que promueven la paz y la igualdad\"}]},{\"@type\":\"WebSite\",\"@id\":\"https:\/\/pagina10.com\/web\/#website\",\"url\":\"https:\/\/pagina10.com\/web\/\",\"name\":\"P\u00e1gina10\",\"description\":\"Peri\u00f3dico Regional\",\"publisher\":{\"@id\":\"https:\/\/pagina10.com\/web\/#organization\"},\"alternateName\":\"P\u00e1gina10 Peri\u00f3dico Regional\",\"potentialAction\":[{\"@type\":\"SearchAction\",\"target\":{\"@type\":\"EntryPoint\",\"urlTemplate\":\"https:\/\/pagina10.com\/web\/?s={search_term_string}\"},\"query-input\":{\"@type\":\"PropertyValueSpecification\",\"valueRequired\":true,\"valueName\":\"search_term_string\"}}],\"inLanguage\":\"es\"},{\"@type\":\"Organization\",\"@id\":\"https:\/\/pagina10.com\/web\/#organization\",\"name\":\"P\u00e1gina10\",\"alternateName\":\"P\u00e1gina10 Peri\u00f3dico Regional\",\"url\":\"https:\/\/pagina10.com\/web\/\",\"logo\":{\"@type\":\"ImageObject\",\"inLanguage\":\"es\",\"@id\":\"https:\/\/pagina10.com\/web\/#\/schema\/logo\/image\/\",\"url\":\"https:\/\/pagina10.com\/web\/wp-content\/uploads\/2024\/01\/40-pagina-10-periodico-regional-pasto.jpg\",\"contentUrl\":\"https:\/\/pagina10.com\/web\/wp-content\/uploads\/2024\/01\/40-pagina-10-periodico-regional-pasto.jpg\",\"width\":1280,\"height\":720,\"caption\":\"P\u00e1gina10\"},\"image\":{\"@id\":\"https:\/\/pagina10.com\/web\/#\/schema\/logo\/image\/\"},\"sameAs\":[\"https:\/\/www.facebook.com\/pag10com\",\"https:\/\/x.com\/Pag10com\",\"https:\/\/www.instagram.com\/pagina10col\/\",\"https:\/\/youtube.com\/channel\/pag10\",\"https:\/\/www.tiktok.com\/@p10col\"]},{\"@type\":\"Person\",\"@id\":\"https:\/\/pagina10.com\/web\/#\/schema\/person\/2efc4a090d25b667d3bc796798a3a81b\",\"name\":\"P\u00e1gina 10\",\"description\":\"P\u00e1gina 10 es un peri\u00f3dico regional que nace en Colombia, en el departamento de Nari\u00f1o, con un enfoque global, fundamentado en cuatro pilares esenciales: la libertad, el pluralismo, la inclusi\u00f3n y la independencia. P\u00e1gina 10 hace referencia a Nari\u00f1o como el d\u00e9cimo departamento creado en Colombia, despu\u00e9s de un proceso pol\u00edtico liderado por actores y actrices regionales con el fin de obtener la independencia y autonom\u00eda de nuestros territorios. Con la creaci\u00f3n de P\u00e1gina 10 se pretende abrir un escenario para el dialogo, la reflexi\u00f3n y el debate que se extienda a otras geograf\u00edas de Am\u00e9rica Latina y del planeta, en una apuesta por transformar colectivamente los desaf\u00edos de un mundo contempor\u00e1neo, m\u00e1s all\u00e1 de las fronteras impuestas.\",\"url\":\"https:\/\/pagina10.com\/web\/author\/pdiezadmin\/\"}]}<\/script>\n<!-- \/ Yoast SEO plugin. -->","yoast_head_json":{"title":"Historias de ni\u00f1as y mujeres rurales que promueven la paz y la igualdad | P\u00e1gina10","robots":{"index":"index","follow":"follow","max-snippet":"max-snippet:-1","max-image-preview":"max-image-preview:large","max-video-preview":"max-video-preview:-1"},"canonical":"https:\/\/pagina10.com\/web\/historias-de-ninas-y-mujeres-rurales-que-promueven-la-paz-y-la-igualdad\/","og_locale":"es_ES","og_type":"article","og_title":"Historias de ni\u00f1as y mujeres rurales que promueven la paz y la igualdad | P\u00e1gina10","og_description":"Crear espacios para abrazar la vida, abrigar el coraz\u00f3n con las historias que surgen de la experiencia de las mujeres y maravillarse con la sabidur\u00eda de cada relato que comparten las ni\u00f1as, ha sido el objetivo del proyecto Mujeres Rurales, Gestoras de Paz, el cual ha buscado impulsar escenarios de participaci\u00f3n donde se fortalecen los [&hellip;]","og_url":"https:\/\/pagina10.com\/web\/historias-de-ninas-y-mujeres-rurales-que-promueven-la-paz-y-la-igualdad\/","og_site_name":"P\u00e1gina10","article_publisher":"https:\/\/www.facebook.com\/pag10com","article_published_time":"2023-08-18T19:33:21+00:00","article_modified_time":"2023-08-18T19:40:22+00:00","og_image":[{"width":1600,"height":1214,"url":"https:\/\/pagina10.com\/web\/wp-content\/uploads\/2023\/08\/WhatsApp-Image-2023-08-17-at-11.26.08-AM.jpeg","type":"image\/jpeg"}],"author":"P\u00e1gina 10","twitter_card":"summary_large_image","twitter_creator":"@Pag10com","twitter_site":"@Pag10com","twitter_misc":{"Escrito por":"P\u00e1gina 10","Tiempo de lectura":"2 minutos"},"schema":{"@context":"https:\/\/schema.org","@graph":[{"@type":"Article","@id":"https:\/\/pagina10.com\/web\/historias-de-ninas-y-mujeres-rurales-que-promueven-la-paz-y-la-igualdad\/#article","isPartOf":{"@id":"https:\/\/pagina10.com\/web\/historias-de-ninas-y-mujeres-rurales-que-promueven-la-paz-y-la-igualdad\/"},"author":{"name":"P\u00e1gina 10","@id":"https:\/\/pagina10.com\/web\/#\/schema\/person\/2efc4a090d25b667d3bc796798a3a81b"},"headline":"Historias de ni\u00f1as y mujeres rurales que promueven la paz y la igualdad","datePublished":"2023-08-18T19:33:21+00:00","dateModified":"2023-08-18T19:40:22+00:00","mainEntityOfPage":{"@id":"https:\/\/pagina10.com\/web\/historias-de-ninas-y-mujeres-rurales-que-promueven-la-paz-y-la-igualdad\/"},"wordCount":360,"commentCount":0,"publisher":{"@id":"https:\/\/pagina10.com\/web\/#organization"},"image":{"@id":"https:\/\/pagina10.com\/web\/historias-de-ninas-y-mujeres-rurales-que-promueven-la-paz-y-la-igualdad\/#primaryimage"},"thumbnailUrl":"https:\/\/pagina10.com\/web\/wp-content\/uploads\/2023\/08\/WhatsApp-Image-2023-08-17-at-11.26.08-AM.jpeg","articleSection":["Nari\u00f1o Actual"],"inLanguage":"es","potentialAction":[{"@type":"CommentAction","name":"Comment","target":["https:\/\/pagina10.com\/web\/historias-de-ninas-y-mujeres-rurales-que-promueven-la-paz-y-la-igualdad\/#respond"]}]},{"@type":"WebPage","@id":"https:\/\/pagina10.com\/web\/historias-de-ninas-y-mujeres-rurales-que-promueven-la-paz-y-la-igualdad\/","url":"https:\/\/pagina10.com\/web\/historias-de-ninas-y-mujeres-rurales-que-promueven-la-paz-y-la-igualdad\/","name":"Historias de ni\u00f1as y mujeres rurales que promueven la paz y la igualdad | P\u00e1gina10","isPartOf":{"@id":"https:\/\/pagina10.com\/web\/#website"},"primaryImageOfPage":{"@id":"https:\/\/pagina10.com\/web\/historias-de-ninas-y-mujeres-rurales-que-promueven-la-paz-y-la-igualdad\/#primaryimage"},"image":{"@id":"https:\/\/pagina10.com\/web\/historias-de-ninas-y-mujeres-rurales-que-promueven-la-paz-y-la-igualdad\/#primaryimage"},"thumbnailUrl":"https:\/\/pagina10.com\/web\/wp-content\/uploads\/2023\/08\/WhatsApp-Image-2023-08-17-at-11.26.08-AM.jpeg","datePublished":"2023-08-18T19:33:21+00:00","dateModified":"2023-08-18T19:40:22+00:00","breadcrumb":{"@id":"https:\/\/pagina10.com\/web\/historias-de-ninas-y-mujeres-rurales-que-promueven-la-paz-y-la-igualdad\/#breadcrumb"},"inLanguage":"es","potentialAction":[{"@type":"ReadAction","target":["https:\/\/pagina10.com\/web\/historias-de-ninas-y-mujeres-rurales-que-promueven-la-paz-y-la-igualdad\/"]}]},{"@type":"ImageObject","inLanguage":"es","@id":"https:\/\/pagina10.com\/web\/historias-de-ninas-y-mujeres-rurales-que-promueven-la-paz-y-la-igualdad\/#primaryimage","url":"https:\/\/pagina10.com\/web\/wp-content\/uploads\/2023\/08\/WhatsApp-Image-2023-08-17-at-11.26.08-AM.jpeg","contentUrl":"https:\/\/pagina10.com\/web\/wp-content\/uploads\/2023\/08\/WhatsApp-Image-2023-08-17-at-11.26.08-AM.jpeg","width":1600,"height":1214},{"@type":"BreadcrumbList","@id":"https:\/\/pagina10.com\/web\/historias-de-ninas-y-mujeres-rurales-que-promueven-la-paz-y-la-igualdad\/#breadcrumb","itemListElement":[{"@type":"ListItem","position":1,"name":"Portada","item":"https:\/\/pagina10.com\/web\/"},{"@type":"ListItem","position":2,"name":"Historias de ni\u00f1as y mujeres rurales que promueven la paz y la igualdad"}]},{"@type":"WebSite","@id":"https:\/\/pagina10.com\/web\/#website","url":"https:\/\/pagina10.com\/web\/","name":"P\u00e1gina10","description":"Peri\u00f3dico Regional","publisher":{"@id":"https:\/\/pagina10.com\/web\/#organization"},"alternateName":"P\u00e1gina10 Peri\u00f3dico Regional","potentialAction":[{"@type":"SearchAction","target":{"@type":"EntryPoint","urlTemplate":"https:\/\/pagina10.com\/web\/?s={search_term_string}"},"query-input":{"@type":"PropertyValueSpecification","valueRequired":true,"valueName":"search_term_string"}}],"inLanguage":"es"},{"@type":"Organization","@id":"https:\/\/pagina10.com\/web\/#organization","name":"P\u00e1gina10","alternateName":"P\u00e1gina10 Peri\u00f3dico Regional","url":"https:\/\/pagina10.com\/web\/","logo":{"@type":"ImageObject","inLanguage":"es","@id":"https:\/\/pagina10.com\/web\/#\/schema\/logo\/image\/","url":"https:\/\/pagina10.com\/web\/wp-content\/uploads\/2024\/01\/40-pagina-10-periodico-regional-pasto.jpg","contentUrl":"https:\/\/pagina10.com\/web\/wp-content\/uploads\/2024\/01\/40-pagina-10-periodico-regional-pasto.jpg","width":1280,"height":720,"caption":"P\u00e1gina10"},"image":{"@id":"https:\/\/pagina10.com\/web\/#\/schema\/logo\/image\/"},"sameAs":["https:\/\/www.facebook.com\/pag10com","https:\/\/x.com\/Pag10com","https:\/\/www.instagram.com\/pagina10col\/","https:\/\/youtube.com\/channel\/pag10","https:\/\/www.tiktok.com\/@p10col"]},{"@type":"Person","@id":"https:\/\/pagina10.com\/web\/#\/schema\/person\/2efc4a090d25b667d3bc796798a3a81b","name":"P\u00e1gina 10","description":"P\u00e1gina 10 es un peri\u00f3dico regional que nace en Colombia, en el departamento de Nari\u00f1o, con un enfoque global, fundamentado en cuatro pilares esenciales: la libertad, el pluralismo, la inclusi\u00f3n y la independencia. P\u00e1gina 10 hace referencia a Nari\u00f1o como el d\u00e9cimo departamento creado en Colombia, despu\u00e9s de un proceso pol\u00edtico liderado por actores y actrices regionales con el fin de obtener la independencia y autonom\u00eda de nuestros territorios. Con la creaci\u00f3n de P\u00e1gina 10 se pretende abrir un escenario para el dialogo, la reflexi\u00f3n y el debate que se extienda a otras geograf\u00edas de Am\u00e9rica Latina y del planeta, en una apuesta por transformar colectivamente los desaf\u00edos de un mundo contempor\u00e1neo, m\u00e1s all\u00e1 de las fronteras impuestas.","url":"https:\/\/pagina10.com\/web\/author\/pdiezadmin\/"}]}},"_links":{"self":[{"href":"https:\/\/pagina10.com\/web\/wp-json\/wp\/v2\/posts\/68218","targetHints":{"allow":["GET"]}}],"collection":[{"href":"https:\/\/pagina10.com\/web\/wp-json\/wp\/v2\/posts"}],"about":[{"href":"https:\/\/pagina10.com\/web\/wp-json\/wp\/v2\/types\/post"}],"author":[{"embeddable":true,"href":"https:\/\/pagina10.com\/web\/wp-json\/wp\/v2\/users\/1"}],"replies":[{"embeddable":true,"href":"https:\/\/pagina10.com\/web\/wp-json\/wp\/v2\/comments?post=68218"}],"version-history":[{"count":2,"href":"https:\/\/pagina10.com\/web\/wp-json\/wp\/v2\/posts\/68218\/revisions"}],"predecessor-version":[{"id":68224,"href":"https:\/\/pagina10.com\/web\/wp-json\/wp\/v2\/posts\/68218\/revisions\/68224"}],"wp:featuredmedia":[{"embeddable":true,"href":"https:\/\/pagina10.com\/web\/wp-json\/wp\/v2\/media\/68219"}],"wp:attachment":[{"href":"https:\/\/pagina10.com\/web\/wp-json\/wp\/v2\/media?parent=68218"}],"wp:term":[{"taxonomy":"category","embeddable":true,"href":"https:\/\/pagina10.com\/web\/wp-json\/wp\/v2\/categories?post=68218"},{"taxonomy":"post_tag","embeddable":true,"href":"https:\/\/pagina10.com\/web\/wp-json\/wp\/v2\/tags?post=68218"}],"curies":[{"name":"wp","href":"https:\/\/api.w.org\/{rel}","templated":true}]}}