{"id":68225,"date":"2023-08-18T14:46:25","date_gmt":"2023-08-18T19:46:25","guid":{"rendered":"https:\/\/pagina10.com\/web\/?p=68225"},"modified":"2023-08-18T14:46:25","modified_gmt":"2023-08-18T19:46:25","slug":"alianza-estrategica-entre-pagina-10-y-la-institucion-educativa-municipal-inem-pasto","status":"publish","type":"post","link":"https:\/\/pagina10.com\/web\/alianza-estrategica-entre-pagina-10-y-la-institucion-educativa-municipal-inem-pasto\/","title":{"rendered":"Alianza estrat\u00e9gica entre P\u00e1gina 10 y la Instituci\u00f3n Educativa Municipal Inem- Pasto."},"content":{"rendered":"<div>\n<div dir=\"auto\" style=\"text-align: justify;\">n encuentro realizado en las instalaciones de la Instituci\u00f3n Educativa Municipal INEM &#8211; Pasto se llev\u00f3 a efecto un di\u00e1logo entre el doctor <a tabindex=\"0\" role=\"link\" href=\"https:\/\/www.facebook.com\/mariofernandocepeda?__cft__[0]=AZXgczLIrs2uxWqTfkKZOHg7lL9pnSnA6J7VD0Oi98ZhxMDdUgtbUwKciVlSI7nzdpV8qieje_8GXEGlPNdy2YQaXUPtLQwiqBGNbv0fPG-7uUtQHajA-h9edZgMwJoTLDTNMfNpI5B89ivsm5g6PIk1Rfq7NmZ5spDsOHYf_cYg7fQVSBj_Obc_vf5690fNWJ5AclieaiaaRFlnDk05lrP-&amp;__tn__=-]K-R\">Mario Cepeda Bravo<\/a> director de P\u00e1gina10. com y el mag\u00edster JAIME RAMIRO GUERRERO VINUEZA rector del INEM de PASTO, tendiente a fortalecer y estrechar v\u00ednculos de confianza y cooperaci\u00f3n entre los medios de comunicaci\u00f3n y el sector educativo municipal.<\/div>\n<\/div>\n<div style=\"text-align: justify;\">\n<div dir=\"auto\">En este di\u00e1logo se acuerda convocar a los candidatos a la alcald\u00eda del municipio de Pasto a un foro educativo con el fin de conocer sus planteamientos, propuestas y proyectos que permitan el fortalecimiento y mejoramiento del sector educativo municipal. Un foro abierto y con participaci\u00f3n de rectores, consejos directivos, asociaciones de padres de familia y estudiantes de los diferentes planteles educativos.<\/div>\n<\/div>\n<div style=\"text-align: justify;\">\n<div dir=\"auto\">El magister JAIME RAMIRO GUERRERO VINUEZA es un destacado educador y pedagogo del departamento de Nari\u00f1o con estudios de doctorado y ha ejercido con lujo de detalles la rector\u00eda del INEM de Pasto posicion\u00e1ndola como uno de los mejores centros educativos de Nari\u00f1o y de Colombia.<\/div>\n<div dir=\"auto\"><a tabindex=\"0\" role=\"link\" href=\"https:\/\/pagina10.com\/web\/inem-pasto-entre-las-mejores-instituciones-educativas-del-municipio\/?fbclid=IwAR102d8mml0Z_po_eArWBCj6MMko-1Gn-2KHL0tpjMwWPoKfGJ1xuDPZLYQ\" target=\"_blank\" rel=\"nofollow noopener noreferrer\">https:\/\/pagina10.com\/&#8230;\/inem-pasto-entre-las-mejores&#8230;\/<\/a><\/div>\n<\/div>\n<div style=\"text-align: justify;\">\n<div dir=\"auto\">El doctor Mario Cepeda Bravo es, por su parte, un prestigioso abogado, conferencista y periodista del departamento de Nari\u00f1o. Con amplia experiencia en funci\u00f3n p\u00fablica y un connotado catedr\u00e1tico que pone en alto la cultura y la educaci\u00f3n regionales.<\/div>\n<div dir=\"auto\"><a tabindex=\"0\" role=\"link\" href=\"https:\/\/pagina10.com\/web\/asamblea-departamental-de-narino-reconoce-labor-periodistica-de-mario-cepeda-bravo-director-de-pagina-10\/?fbclid=IwAR2O77fAdY2mndtLEr6n-qRWSEksTxcdYG0z3wGOr6r7opbQ7S4JCUEb7ls\" target=\"_blank\" rel=\"nofollow noopener noreferrer\">https:\/\/pagina10.com\/&#8230;\/asamblea-departamental-de&#8230;\/<\/a><\/div>\n<\/div>\n<div style=\"text-align: justify;\">\n<div dir=\"auto\">Con esta alianza estrat\u00e9gica gana el sector educativo departamental y municipal por cuanto se facilita un di\u00e1logo directo y participativo de la comunidad educativa de nuestra regi\u00f3n.<\/div>\n<\/div>\n<div style=\"text-align: justify;\">\n<div dir=\"auto\">La educaci\u00f3n es un factor determinante a la hora de medir el desarrollo de los pueblos y es gracias a ella que se adquiere una madurez en aspectos tan universales como la ciencia, las finanzas, la industria o las humanidades. En consecuencia los mejores empe\u00f1os de nuestros gobernantes deben centrarse en fortalecer los procesos de educaci\u00f3n, destinar los recursos pertinentes y necesarios y convocar a los mejores educadores y humanistas a desarrollar programas de car\u00e1cter educativo.<\/div>\n<\/div>\n<div style=\"text-align: justify;\">\n<div dir=\"auto\">La opini\u00f3n p\u00fablica del municipio de Pasto tendr\u00e1 la oportunidad el pr\u00f3ximo 21 de septiembre de conocer y valorar las iniciativas e inquietudes en materia educativa de los candidatos a la alcald\u00eda del municipio de Pasto.<\/div>\n<\/div>\n<div style=\"text-align: justify;\">\n<div dir=\"auto\">Es pertinente cuestionarse la calidad educativa en nuestra regi\u00f3n. Y mucho m\u00e1s emplazar a los candidatos a ocupar la alcald\u00eda municipal para que se comprometan a sacarla del marasmo en que se encuentra debido a factores diversos y controlables. Ser competitivo significa educar en condiciones \u00f3ptimas y dignas, encauzar las inquietudes hacia una formaci\u00f3n permanente y constante.<\/div>\n<\/div>\n<div style=\"text-align: justify;\">\n<div dir=\"auto\">Son dos d\u00e9cadas perdidas en educaci\u00f3n en un statu quo que no ha tocado saberes o metodolog\u00edas, y que nos ha condenado a ocupar los primeros lugares en desempleo, analfabetismo y ausencia de iniciativa empresarial o industrial.<\/div>\n<\/div>\n<div style=\"text-align: justify;\">\n<div dir=\"auto\">Se debe tocar el sistema educativo, cambiarlo, modificarlo, trastornarlo y elevarlo en calidad y calidez. No basta con tener encerrado a un muchacho seis o siete horas diarias en el esfuerzo in\u00fatil de un aprendizaje que nada le significa y que no enciende su deseo de aprender o conocer. El aprendizaje tambi\u00e9n es objeto de cambios, transformaciones y adecuaciones ideol\u00f3gicas y cient\u00edficas. Fen\u00f3menos que no son visibles ni hacen presencia en la educaci\u00f3n actual.<\/div>\n<div dir=\"auto\"><a tabindex=\"0\" role=\"link\" href=\"https:\/\/l.facebook.com\/l.php?u=https%3A%2F%2Fnueva.pagina10.com%2Fla-educacion-prohibida%2F%3Ffbclid%3DIwAR1ckaGRCKYL1KLXlUCOxFAELckDdsLoeFZ9CrSBPfdyUZw2_pQcBo0t3uk&amp;h=AT0Nt5S0jQNb41_5twEkf3dtDxSIgMU1uNaVJmH91pQb3eyLMOTp13FCSZ-gY5V7IAdc7-JsXZUDpWJgqbeulR9_-fwxcc9e7JU2zX-GNLp8OVls767ZqHnc4k4bemJ7h4PW1PQ&amp;__tn__=-UK-R&amp;c[0]=AT3uV2nPGyznAg_5KxlIzZrsqm212NNAVOOHguplXSgmun1Owyy0v9yN8b9eT2CNbBBp2mNmQ23FXnTebbOvXpSielSe9_JMghXz7vMmG8p9Wmmqs3fLqtwf99f7sDokKcYgnxwGlaGIcjg1f8bGegQwoYCoShOX_-F2kpmA624jATCR0D4Ga3yFbWnJrmpxThbs-auH_A382vNueIJBldZr0BHaiBcU9DF1\" target=\"_blank\" rel=\"nofollow noopener noreferrer\">https:\/\/pagina10.com\/web\/la-educacion-prohibida\/<\/a><\/div>\n<\/div>\n<div style=\"text-align: justify;\">\n<div dir=\"auto\">Y se requiere de un mandatario que conozca de educaci\u00f3n, que valore a sus protagonistas y convoque a los mejores hombres para hacer posible el cambio que nuestra sociedad requiere. Mientras pretendamos educar con m\u00e9todos obsoletos, con metodolog\u00edas vencidas y carentes de sentido humano lo \u00fanico que lograr\u00e1 nuestra sociedad es formar hombres para una sociedad fr\u00eda y carente de todo sentido human\u00edstico, movida \u00fanicamente por el utilitarismo y sostenida en la maniquea estructura de la usura y la ganancia.<\/div>\n<\/div>\n<div>\n<div dir=\"auto\" style=\"text-align: justify;\">La educaci\u00f3n debe ser protagonista y actriz principal de nuestra democracia.<\/div>\n<\/div>\n","protected":false},"excerpt":{"rendered":"<p>n encuentro realizado en las instalaciones de la Instituci\u00f3n Educativa Municipal INEM &#8211; Pasto se llev\u00f3 a efecto un di\u00e1logo entre el doctor Mario Cepeda Bravo director de P\u00e1gina10. com y el mag\u00edster JAIME RAMIRO GUERRERO VINUEZA rector del INEM de PASTO, tendiente a fortalecer y estrechar v\u00ednculos de confianza y cooperaci\u00f3n entre los medios [&hellip;]<\/p>\n","protected":false},"author":46,"featured_media":68226,"comment_status":"open","ping_status":"open","sticky":false,"template":"","format":"standard","meta":{"footnotes":""},"categories":[82],"tags":[],"class_list":["post-68225","post","type-post","status-publish","format-standard","has-post-thumbnail","hentry","category-ciudad-2"],"yoast_head":"<!-- This site is optimized with the Yoast SEO plugin v27.1.1 - https:\/\/yoast.com\/product\/yoast-seo-wordpress\/ -->\n<title>Alianza estrat\u00e9gica entre P\u00e1gina 10 y la Instituci\u00f3n Educativa Municipal Inem- Pasto. | P\u00e1gina10<\/title>\n<meta name=\"robots\" content=\"index, follow, max-snippet:-1, max-image-preview:large, max-video-preview:-1\" \/>\n<link rel=\"canonical\" href=\"https:\/\/pagina10.com\/web\/alianza-estrategica-entre-pagina-10-y-la-institucion-educativa-municipal-inem-pasto\/\" \/>\n<meta property=\"og:locale\" content=\"es_ES\" \/>\n<meta property=\"og:type\" content=\"article\" \/>\n<meta property=\"og:title\" content=\"Alianza estrat\u00e9gica entre P\u00e1gina 10 y la Instituci\u00f3n Educativa Municipal Inem- Pasto. | P\u00e1gina10\" \/>\n<meta property=\"og:description\" content=\"n encuentro realizado en las instalaciones de la Instituci\u00f3n Educativa Municipal INEM &#8211; Pasto se llev\u00f3 a efecto un di\u00e1logo entre el doctor Mario Cepeda Bravo director de P\u00e1gina10. com y el mag\u00edster JAIME RAMIRO GUERRERO VINUEZA rector del INEM de PASTO, tendiente a fortalecer y estrechar v\u00ednculos de confianza y cooperaci\u00f3n entre los medios [&hellip;]\" \/>\n<meta property=\"og:url\" content=\"https:\/\/pagina10.com\/web\/alianza-estrategica-entre-pagina-10-y-la-institucion-educativa-municipal-inem-pasto\/\" \/>\n<meta property=\"og:site_name\" content=\"P\u00e1gina10\" \/>\n<meta property=\"article:publisher\" content=\"https:\/\/www.facebook.com\/pag10com\" \/>\n<meta property=\"article:published_time\" content=\"2023-08-18T19:46:25+00:00\" \/>\n<meta property=\"og:image\" content=\"https:\/\/pagina10.com\/web\/wp-content\/uploads\/2023\/08\/367712970_10231799950964705_1308007413687051587_n-e1692387974169.jpg\" \/>\n\t<meta property=\"og:image:width\" content=\"1361\" \/>\n\t<meta property=\"og:image:height\" content=\"855\" \/>\n\t<meta property=\"og:image:type\" content=\"image\/jpeg\" \/>\n<meta name=\"author\" content=\"Pablo Emilio Obando Acosta\" \/>\n<meta name=\"twitter:card\" content=\"summary_large_image\" \/>\n<meta name=\"twitter:creator\" content=\"@Pag10com\" \/>\n<meta name=\"twitter:site\" content=\"@Pag10com\" \/>\n<meta name=\"twitter:label1\" content=\"Escrito por\" \/>\n\t<meta name=\"twitter:data1\" content=\"Pablo Emilio Obando Acosta\" \/>\n\t<meta name=\"twitter:label2\" content=\"Tiempo de lectura\" \/>\n\t<meta name=\"twitter:data2\" content=\"3 minutos\" \/>\n<script type=\"application\/ld+json\" class=\"yoast-schema-graph\">{\"@context\":\"https:\/\/schema.org\",\"@graph\":[{\"@type\":\"Article\",\"@id\":\"https:\/\/pagina10.com\/web\/alianza-estrategica-entre-pagina-10-y-la-institucion-educativa-municipal-inem-pasto\/#article\",\"isPartOf\":{\"@id\":\"https:\/\/pagina10.com\/web\/alianza-estrategica-entre-pagina-10-y-la-institucion-educativa-municipal-inem-pasto\/\"},\"author\":{\"name\":\"Pablo Emilio Obando Acosta\",\"@id\":\"https:\/\/pagina10.com\/web\/#\/schema\/person\/3d3687c9f037834284853a963ee45123\"},\"headline\":\"Alianza estrat\u00e9gica entre P\u00e1gina 10 y la Instituci\u00f3n Educativa Municipal Inem- Pasto.\",\"datePublished\":\"2023-08-18T19:46:25+00:00\",\"mainEntityOfPage\":{\"@id\":\"https:\/\/pagina10.com\/web\/alianza-estrategica-entre-pagina-10-y-la-institucion-educativa-municipal-inem-pasto\/\"},\"wordCount\":682,\"commentCount\":0,\"publisher\":{\"@id\":\"https:\/\/pagina10.com\/web\/#organization\"},\"image\":{\"@id\":\"https:\/\/pagina10.com\/web\/alianza-estrategica-entre-pagina-10-y-la-institucion-educativa-municipal-inem-pasto\/#primaryimage\"},\"thumbnailUrl\":\"https:\/\/pagina10.com\/web\/wp-content\/uploads\/2023\/08\/367712970_10231799950964705_1308007413687051587_n-e1692387974169.jpg\",\"articleSection\":[\"Ciudad\"],\"inLanguage\":\"es\",\"potentialAction\":[{\"@type\":\"CommentAction\",\"name\":\"Comment\",\"target\":[\"https:\/\/pagina10.com\/web\/alianza-estrategica-entre-pagina-10-y-la-institucion-educativa-municipal-inem-pasto\/#respond\"]}]},{\"@type\":\"WebPage\",\"@id\":\"https:\/\/pagina10.com\/web\/alianza-estrategica-entre-pagina-10-y-la-institucion-educativa-municipal-inem-pasto\/\",\"url\":\"https:\/\/pagina10.com\/web\/alianza-estrategica-entre-pagina-10-y-la-institucion-educativa-municipal-inem-pasto\/\",\"name\":\"Alianza estrat\u00e9gica entre P\u00e1gina 10 y la Instituci\u00f3n Educativa Municipal Inem- Pasto. | P\u00e1gina10\",\"isPartOf\":{\"@id\":\"https:\/\/pagina10.com\/web\/#website\"},\"primaryImageOfPage\":{\"@id\":\"https:\/\/pagina10.com\/web\/alianza-estrategica-entre-pagina-10-y-la-institucion-educativa-municipal-inem-pasto\/#primaryimage\"},\"image\":{\"@id\":\"https:\/\/pagina10.com\/web\/alianza-estrategica-entre-pagina-10-y-la-institucion-educativa-municipal-inem-pasto\/#primaryimage\"},\"thumbnailUrl\":\"https:\/\/pagina10.com\/web\/wp-content\/uploads\/2023\/08\/367712970_10231799950964705_1308007413687051587_n-e1692387974169.jpg\",\"datePublished\":\"2023-08-18T19:46:25+00:00\",\"breadcrumb\":{\"@id\":\"https:\/\/pagina10.com\/web\/alianza-estrategica-entre-pagina-10-y-la-institucion-educativa-municipal-inem-pasto\/#breadcrumb\"},\"inLanguage\":\"es\",\"potentialAction\":[{\"@type\":\"ReadAction\",\"target\":[\"https:\/\/pagina10.com\/web\/alianza-estrategica-entre-pagina-10-y-la-institucion-educativa-municipal-inem-pasto\/\"]}]},{\"@type\":\"ImageObject\",\"inLanguage\":\"es\",\"@id\":\"https:\/\/pagina10.com\/web\/alianza-estrategica-entre-pagina-10-y-la-institucion-educativa-municipal-inem-pasto\/#primaryimage\",\"url\":\"https:\/\/pagina10.com\/web\/wp-content\/uploads\/2023\/08\/367712970_10231799950964705_1308007413687051587_n-e1692387974169.jpg\",\"contentUrl\":\"https:\/\/pagina10.com\/web\/wp-content\/uploads\/2023\/08\/367712970_10231799950964705_1308007413687051587_n-e1692387974169.jpg\",\"width\":1361,\"height\":855},{\"@type\":\"BreadcrumbList\",\"@id\":\"https:\/\/pagina10.com\/web\/alianza-estrategica-entre-pagina-10-y-la-institucion-educativa-municipal-inem-pasto\/#breadcrumb\",\"itemListElement\":[{\"@type\":\"ListItem\",\"position\":1,\"name\":\"Portada\",\"item\":\"https:\/\/pagina10.com\/web\/\"},{\"@type\":\"ListItem\",\"position\":2,\"name\":\"Alianza estrat\u00e9gica entre P\u00e1gina 10 y la Instituci\u00f3n Educativa Municipal Inem- Pasto.\"}]},{\"@type\":\"WebSite\",\"@id\":\"https:\/\/pagina10.com\/web\/#website\",\"url\":\"https:\/\/pagina10.com\/web\/\",\"name\":\"P\u00e1gina10\",\"description\":\"Peri\u00f3dico Regional\",\"publisher\":{\"@id\":\"https:\/\/pagina10.com\/web\/#organization\"},\"alternateName\":\"P\u00e1gina10 Peri\u00f3dico Regional\",\"potentialAction\":[{\"@type\":\"SearchAction\",\"target\":{\"@type\":\"EntryPoint\",\"urlTemplate\":\"https:\/\/pagina10.com\/web\/?s={search_term_string}\"},\"query-input\":{\"@type\":\"PropertyValueSpecification\",\"valueRequired\":true,\"valueName\":\"search_term_string\"}}],\"inLanguage\":\"es\"},{\"@type\":\"Organization\",\"@id\":\"https:\/\/pagina10.com\/web\/#organization\",\"name\":\"P\u00e1gina10\",\"alternateName\":\"P\u00e1gina10 Peri\u00f3dico Regional\",\"url\":\"https:\/\/pagina10.com\/web\/\",\"logo\":{\"@type\":\"ImageObject\",\"inLanguage\":\"es\",\"@id\":\"https:\/\/pagina10.com\/web\/#\/schema\/logo\/image\/\",\"url\":\"https:\/\/pagina10.com\/web\/wp-content\/uploads\/2024\/01\/40-pagina-10-periodico-regional-pasto.jpg\",\"contentUrl\":\"https:\/\/pagina10.com\/web\/wp-content\/uploads\/2024\/01\/40-pagina-10-periodico-regional-pasto.jpg\",\"width\":1280,\"height\":720,\"caption\":\"P\u00e1gina10\"},\"image\":{\"@id\":\"https:\/\/pagina10.com\/web\/#\/schema\/logo\/image\/\"},\"sameAs\":[\"https:\/\/www.facebook.com\/pag10com\",\"https:\/\/x.com\/Pag10com\",\"https:\/\/www.instagram.com\/pagina10col\/\",\"https:\/\/youtube.com\/channel\/pag10\",\"https:\/\/www.tiktok.com\/@p10col\"]},{\"@type\":\"Person\",\"@id\":\"https:\/\/pagina10.com\/web\/#\/schema\/person\/3d3687c9f037834284853a963ee45123\",\"name\":\"Pablo Emilio Obando Acosta\",\"description\":\"PABLO EMILIO OBANDO ACOSTA Nace en el a\u00f1o de 1965. Bachiller acad\u00e9mico Modalidad Humanidades del INEM de Pasto. En 1989 culmina sus estudios universitarios en la Universidad de Nari\u00f1o obteniendo el t\u00edtulo de Licenciado en Ciencias Sociales \u2013 \u00e9nfasis Ciencias de la Educaci\u00f3n \u2013Jornada nocturna-. Especialista en Literatura latinoamericana y colaborador de importantes medios de comunicaci\u00f3n escritos de nuestra regi\u00f3n y del pa\u00eds: El Tiempo.com, Semana.com, Dinero, Diario Del Sur, El Espectador.com, entre otros, Sus escritos se conocen y han obtenido reconocimientos en Chile, Uruguay, Paraguay, Espa\u00f1a y Alemania. En el a\u00f1o 2000 obtiene el reconocimiento CORREO DEL SUR como el personaje c\u00edvico del a\u00f1o por su f\u00e9rrea defensa de la dignidad pastense al protestar con su documento \u201cUn pueblo ante la historia\u201d por el trato despectivo de algunos medios de comunicaci\u00f3n. Las reacciones no se hacen esperar en peri\u00f3dicos de circulaci\u00f3n regional y nacional como El Tiempo, El Espectador y El Pa\u00eds. Ha obtenido m\u00faltiples medallas y condecoraciones por su labor period\u00edstica y cultural: Medalla al merito Guillermo Edmundo Ch\u00e1vez \u2013 mejor escritor del departamento de Nari\u00f1o 2005 \u2013 Fundaci\u00f3n Gabriel Garc\u00eda M\u00e1rquez. Mejor Columnista del departamento de Nari\u00f1o \u2013 a\u00f1os 1991 \u2013 1993 \u2013 1996 \u2013 2001 \u2013 2006 Fundaci\u00f3n Cultural Correo del Sur. Personaje C\u00edvico del Departamento de Nari\u00f1o a\u00f1o 2000. Medalla \u00c1lvaro Javier Jurado Calvache a\u00f1o 2007 \u2013 Centro Educativo PROFESA \u2013 defensor poblaci\u00f3n vulnerable del municipio de Pasto. Mejor cuentista del departamento de Nari\u00f1o \u2013 a\u00f1os 1989 \u2013 2004 \u2013 2005. Cronista m\u00e1s destacado del departamento de Nari\u00f1o \u2013 a\u00f1o 2001. Finalista VI Concurso Internacional de Cuento \u2013 Prensa Nueva \u2013 a\u00f1o 1991. Primer puesto Concurso nacional de cuento \u2013 Contralor\u00eda general de la Rep\u00fablica \u2013 a\u00f1o 1992. Primer Lugar Concurso Municipal de Periodismo \u201cSilvio Le\u00f3n Espa\u00f1a\u201d \u2013 2009. . Reconocimiento Concejo municipal de Pasto, por su labor c\u00edvica y educativa. Sus obras y escritos se conocen en varios pa\u00edses de Latinoam\u00e9rica y de Colombia. Es autor de una docena de textos y m\u00e1s de un millar de columnas de opini\u00f3n que han generado pol\u00e9mica en el contexto nacional y latinoamericano: Testimonio de una insurrecci\u00f3n ciudadana \u2013 2011. El doctor Mierda. Un pueblo ante la historia. La filosof\u00eda de la gallina. Del amor por la Tierra... y otros textos. Diario de un maestro de escuela. Apuntes para una nueva historia Nuevos apuntes \u2013 Tomas Hidalgo Calvache. El problema de los cristianos. La utilidad del poeta. \u00bfTe acuerdas Mariana...? Corona F\u00fanebre \u2013 Tomas Hidalgo Calvache. En formato digital ha editado los siguientes t\u00edtulos: - La nueva filosof\u00eda de la gallina. - Tomas Hidalgo Calvache - Apuntes. - Educar con valor. Figura en varias antolog\u00edas de autores nari\u00f1enses y en una latinoamericana. Sobre \u00e9l han escrito elogiosamente intelectuales de la talla de Otto Morales Ben\u00edtez, Edgar Bastidas Urresty, Juan Augusto Ortiz cabrera, Carlos Santamar\u00eda, Javier Rodrizales, Miguel Garz\u00f3n Arteaga, Fausto Molina, Jorge Arturo Bravo y otros tantos que ser\u00eda dif\u00edcil nombrar en esta peque\u00f1a cr\u00f3nica sobre Pablo Emilio Obando Acosta.\",\"url\":\"https:\/\/pagina10.com\/web\/author\/pobando\/\"}]}<\/script>\n<!-- \/ Yoast SEO plugin. -->","yoast_head_json":{"title":"Alianza estrat\u00e9gica entre P\u00e1gina 10 y la Instituci\u00f3n Educativa Municipal Inem- Pasto. | P\u00e1gina10","robots":{"index":"index","follow":"follow","max-snippet":"max-snippet:-1","max-image-preview":"max-image-preview:large","max-video-preview":"max-video-preview:-1"},"canonical":"https:\/\/pagina10.com\/web\/alianza-estrategica-entre-pagina-10-y-la-institucion-educativa-municipal-inem-pasto\/","og_locale":"es_ES","og_type":"article","og_title":"Alianza estrat\u00e9gica entre P\u00e1gina 10 y la Instituci\u00f3n Educativa Municipal Inem- Pasto. | P\u00e1gina10","og_description":"n encuentro realizado en las instalaciones de la Instituci\u00f3n Educativa Municipal INEM &#8211; Pasto se llev\u00f3 a efecto un di\u00e1logo entre el doctor Mario Cepeda Bravo director de P\u00e1gina10. com y el mag\u00edster JAIME RAMIRO GUERRERO VINUEZA rector del INEM de PASTO, tendiente a fortalecer y estrechar v\u00ednculos de confianza y cooperaci\u00f3n entre los medios [&hellip;]","og_url":"https:\/\/pagina10.com\/web\/alianza-estrategica-entre-pagina-10-y-la-institucion-educativa-municipal-inem-pasto\/","og_site_name":"P\u00e1gina10","article_publisher":"https:\/\/www.facebook.com\/pag10com","article_published_time":"2023-08-18T19:46:25+00:00","og_image":[{"width":1361,"height":855,"url":"https:\/\/pagina10.com\/web\/wp-content\/uploads\/2023\/08\/367712970_10231799950964705_1308007413687051587_n-e1692387974169.jpg","type":"image\/jpeg"}],"author":"Pablo Emilio Obando Acosta","twitter_card":"summary_large_image","twitter_creator":"@Pag10com","twitter_site":"@Pag10com","twitter_misc":{"Escrito por":"Pablo Emilio Obando Acosta","Tiempo de lectura":"3 minutos"},"schema":{"@context":"https:\/\/schema.org","@graph":[{"@type":"Article","@id":"https:\/\/pagina10.com\/web\/alianza-estrategica-entre-pagina-10-y-la-institucion-educativa-municipal-inem-pasto\/#article","isPartOf":{"@id":"https:\/\/pagina10.com\/web\/alianza-estrategica-entre-pagina-10-y-la-institucion-educativa-municipal-inem-pasto\/"},"author":{"name":"Pablo Emilio Obando Acosta","@id":"https:\/\/pagina10.com\/web\/#\/schema\/person\/3d3687c9f037834284853a963ee45123"},"headline":"Alianza estrat\u00e9gica entre P\u00e1gina 10 y la Instituci\u00f3n Educativa Municipal Inem- Pasto.","datePublished":"2023-08-18T19:46:25+00:00","mainEntityOfPage":{"@id":"https:\/\/pagina10.com\/web\/alianza-estrategica-entre-pagina-10-y-la-institucion-educativa-municipal-inem-pasto\/"},"wordCount":682,"commentCount":0,"publisher":{"@id":"https:\/\/pagina10.com\/web\/#organization"},"image":{"@id":"https:\/\/pagina10.com\/web\/alianza-estrategica-entre-pagina-10-y-la-institucion-educativa-municipal-inem-pasto\/#primaryimage"},"thumbnailUrl":"https:\/\/pagina10.com\/web\/wp-content\/uploads\/2023\/08\/367712970_10231799950964705_1308007413687051587_n-e1692387974169.jpg","articleSection":["Ciudad"],"inLanguage":"es","potentialAction":[{"@type":"CommentAction","name":"Comment","target":["https:\/\/pagina10.com\/web\/alianza-estrategica-entre-pagina-10-y-la-institucion-educativa-municipal-inem-pasto\/#respond"]}]},{"@type":"WebPage","@id":"https:\/\/pagina10.com\/web\/alianza-estrategica-entre-pagina-10-y-la-institucion-educativa-municipal-inem-pasto\/","url":"https:\/\/pagina10.com\/web\/alianza-estrategica-entre-pagina-10-y-la-institucion-educativa-municipal-inem-pasto\/","name":"Alianza estrat\u00e9gica entre P\u00e1gina 10 y la Instituci\u00f3n Educativa Municipal Inem- Pasto. | P\u00e1gina10","isPartOf":{"@id":"https:\/\/pagina10.com\/web\/#website"},"primaryImageOfPage":{"@id":"https:\/\/pagina10.com\/web\/alianza-estrategica-entre-pagina-10-y-la-institucion-educativa-municipal-inem-pasto\/#primaryimage"},"image":{"@id":"https:\/\/pagina10.com\/web\/alianza-estrategica-entre-pagina-10-y-la-institucion-educativa-municipal-inem-pasto\/#primaryimage"},"thumbnailUrl":"https:\/\/pagina10.com\/web\/wp-content\/uploads\/2023\/08\/367712970_10231799950964705_1308007413687051587_n-e1692387974169.jpg","datePublished":"2023-08-18T19:46:25+00:00","breadcrumb":{"@id":"https:\/\/pagina10.com\/web\/alianza-estrategica-entre-pagina-10-y-la-institucion-educativa-municipal-inem-pasto\/#breadcrumb"},"inLanguage":"es","potentialAction":[{"@type":"ReadAction","target":["https:\/\/pagina10.com\/web\/alianza-estrategica-entre-pagina-10-y-la-institucion-educativa-municipal-inem-pasto\/"]}]},{"@type":"ImageObject","inLanguage":"es","@id":"https:\/\/pagina10.com\/web\/alianza-estrategica-entre-pagina-10-y-la-institucion-educativa-municipal-inem-pasto\/#primaryimage","url":"https:\/\/pagina10.com\/web\/wp-content\/uploads\/2023\/08\/367712970_10231799950964705_1308007413687051587_n-e1692387974169.jpg","contentUrl":"https:\/\/pagina10.com\/web\/wp-content\/uploads\/2023\/08\/367712970_10231799950964705_1308007413687051587_n-e1692387974169.jpg","width":1361,"height":855},{"@type":"BreadcrumbList","@id":"https:\/\/pagina10.com\/web\/alianza-estrategica-entre-pagina-10-y-la-institucion-educativa-municipal-inem-pasto\/#breadcrumb","itemListElement":[{"@type":"ListItem","position":1,"name":"Portada","item":"https:\/\/pagina10.com\/web\/"},{"@type":"ListItem","position":2,"name":"Alianza estrat\u00e9gica entre P\u00e1gina 10 y la Instituci\u00f3n Educativa Municipal Inem- Pasto."}]},{"@type":"WebSite","@id":"https:\/\/pagina10.com\/web\/#website","url":"https:\/\/pagina10.com\/web\/","name":"P\u00e1gina10","description":"Peri\u00f3dico Regional","publisher":{"@id":"https:\/\/pagina10.com\/web\/#organization"},"alternateName":"P\u00e1gina10 Peri\u00f3dico Regional","potentialAction":[{"@type":"SearchAction","target":{"@type":"EntryPoint","urlTemplate":"https:\/\/pagina10.com\/web\/?s={search_term_string}"},"query-input":{"@type":"PropertyValueSpecification","valueRequired":true,"valueName":"search_term_string"}}],"inLanguage":"es"},{"@type":"Organization","@id":"https:\/\/pagina10.com\/web\/#organization","name":"P\u00e1gina10","alternateName":"P\u00e1gina10 Peri\u00f3dico Regional","url":"https:\/\/pagina10.com\/web\/","logo":{"@type":"ImageObject","inLanguage":"es","@id":"https:\/\/pagina10.com\/web\/#\/schema\/logo\/image\/","url":"https:\/\/pagina10.com\/web\/wp-content\/uploads\/2024\/01\/40-pagina-10-periodico-regional-pasto.jpg","contentUrl":"https:\/\/pagina10.com\/web\/wp-content\/uploads\/2024\/01\/40-pagina-10-periodico-regional-pasto.jpg","width":1280,"height":720,"caption":"P\u00e1gina10"},"image":{"@id":"https:\/\/pagina10.com\/web\/#\/schema\/logo\/image\/"},"sameAs":["https:\/\/www.facebook.com\/pag10com","https:\/\/x.com\/Pag10com","https:\/\/www.instagram.com\/pagina10col\/","https:\/\/youtube.com\/channel\/pag10","https:\/\/www.tiktok.com\/@p10col"]},{"@type":"Person","@id":"https:\/\/pagina10.com\/web\/#\/schema\/person\/3d3687c9f037834284853a963ee45123","name":"Pablo Emilio Obando Acosta","description":"PABLO EMILIO OBANDO ACOSTA Nace en el a\u00f1o de 1965. Bachiller acad\u00e9mico Modalidad Humanidades del INEM de Pasto. En 1989 culmina sus estudios universitarios en la Universidad de Nari\u00f1o obteniendo el t\u00edtulo de Licenciado en Ciencias Sociales \u2013 \u00e9nfasis Ciencias de la Educaci\u00f3n \u2013Jornada nocturna-. Especialista en Literatura latinoamericana y colaborador de importantes medios de comunicaci\u00f3n escritos de nuestra regi\u00f3n y del pa\u00eds: El Tiempo.com, Semana.com, Dinero, Diario Del Sur, El Espectador.com, entre otros, Sus escritos se conocen y han obtenido reconocimientos en Chile, Uruguay, Paraguay, Espa\u00f1a y Alemania. En el a\u00f1o 2000 obtiene el reconocimiento CORREO DEL SUR como el personaje c\u00edvico del a\u00f1o por su f\u00e9rrea defensa de la dignidad pastense al protestar con su documento \u201cUn pueblo ante la historia\u201d por el trato despectivo de algunos medios de comunicaci\u00f3n. Las reacciones no se hacen esperar en peri\u00f3dicos de circulaci\u00f3n regional y nacional como El Tiempo, El Espectador y El Pa\u00eds. Ha obtenido m\u00faltiples medallas y condecoraciones por su labor period\u00edstica y cultural: Medalla al merito Guillermo Edmundo Ch\u00e1vez \u2013 mejor escritor del departamento de Nari\u00f1o 2005 \u2013 Fundaci\u00f3n Gabriel Garc\u00eda M\u00e1rquez. Mejor Columnista del departamento de Nari\u00f1o \u2013 a\u00f1os 1991 \u2013 1993 \u2013 1996 \u2013 2001 \u2013 2006 Fundaci\u00f3n Cultural Correo del Sur. Personaje C\u00edvico del Departamento de Nari\u00f1o a\u00f1o 2000. Medalla \u00c1lvaro Javier Jurado Calvache a\u00f1o 2007 \u2013 Centro Educativo PROFESA \u2013 defensor poblaci\u00f3n vulnerable del municipio de Pasto. Mejor cuentista del departamento de Nari\u00f1o \u2013 a\u00f1os 1989 \u2013 2004 \u2013 2005. Cronista m\u00e1s destacado del departamento de Nari\u00f1o \u2013 a\u00f1o 2001. Finalista VI Concurso Internacional de Cuento \u2013 Prensa Nueva \u2013 a\u00f1o 1991. Primer puesto Concurso nacional de cuento \u2013 Contralor\u00eda general de la Rep\u00fablica \u2013 a\u00f1o 1992. Primer Lugar Concurso Municipal de Periodismo \u201cSilvio Le\u00f3n Espa\u00f1a\u201d \u2013 2009. . Reconocimiento Concejo municipal de Pasto, por su labor c\u00edvica y educativa. Sus obras y escritos se conocen en varios pa\u00edses de Latinoam\u00e9rica y de Colombia. Es autor de una docena de textos y m\u00e1s de un millar de columnas de opini\u00f3n que han generado pol\u00e9mica en el contexto nacional y latinoamericano: Testimonio de una insurrecci\u00f3n ciudadana \u2013 2011. El doctor Mierda. Un pueblo ante la historia. La filosof\u00eda de la gallina. Del amor por la Tierra... y otros textos. Diario de un maestro de escuela. Apuntes para una nueva historia Nuevos apuntes \u2013 Tomas Hidalgo Calvache. El problema de los cristianos. La utilidad del poeta. \u00bfTe acuerdas Mariana...? Corona F\u00fanebre \u2013 Tomas Hidalgo Calvache. En formato digital ha editado los siguientes t\u00edtulos: - La nueva filosof\u00eda de la gallina. - Tomas Hidalgo Calvache - Apuntes. - Educar con valor. Figura en varias antolog\u00edas de autores nari\u00f1enses y en una latinoamericana. Sobre \u00e9l han escrito elogiosamente intelectuales de la talla de Otto Morales Ben\u00edtez, Edgar Bastidas Urresty, Juan Augusto Ortiz cabrera, Carlos Santamar\u00eda, Javier Rodrizales, Miguel Garz\u00f3n Arteaga, Fausto Molina, Jorge Arturo Bravo y otros tantos que ser\u00eda dif\u00edcil nombrar en esta peque\u00f1a cr\u00f3nica sobre Pablo Emilio Obando Acosta.","url":"https:\/\/pagina10.com\/web\/author\/pobando\/"}]}},"_links":{"self":[{"href":"https:\/\/pagina10.com\/web\/wp-json\/wp\/v2\/posts\/68225","targetHints":{"allow":["GET"]}}],"collection":[{"href":"https:\/\/pagina10.com\/web\/wp-json\/wp\/v2\/posts"}],"about":[{"href":"https:\/\/pagina10.com\/web\/wp-json\/wp\/v2\/types\/post"}],"author":[{"embeddable":true,"href":"https:\/\/pagina10.com\/web\/wp-json\/wp\/v2\/users\/46"}],"replies":[{"embeddable":true,"href":"https:\/\/pagina10.com\/web\/wp-json\/wp\/v2\/comments?post=68225"}],"version-history":[{"count":1,"href":"https:\/\/pagina10.com\/web\/wp-json\/wp\/v2\/posts\/68225\/revisions"}],"predecessor-version":[{"id":68227,"href":"https:\/\/pagina10.com\/web\/wp-json\/wp\/v2\/posts\/68225\/revisions\/68227"}],"wp:featuredmedia":[{"embeddable":true,"href":"https:\/\/pagina10.com\/web\/wp-json\/wp\/v2\/media\/68226"}],"wp:attachment":[{"href":"https:\/\/pagina10.com\/web\/wp-json\/wp\/v2\/media?parent=68225"}],"wp:term":[{"taxonomy":"category","embeddable":true,"href":"https:\/\/pagina10.com\/web\/wp-json\/wp\/v2\/categories?post=68225"},{"taxonomy":"post_tag","embeddable":true,"href":"https:\/\/pagina10.com\/web\/wp-json\/wp\/v2\/tags?post=68225"}],"curies":[{"name":"wp","href":"https:\/\/api.w.org\/{rel}","templated":true}]}}