{"id":68263,"date":"2023-08-20T10:19:32","date_gmt":"2023-08-20T15:19:32","guid":{"rendered":"https:\/\/pagina10.com\/web\/?p=68263"},"modified":"2023-08-20T10:20:19","modified_gmt":"2023-08-20T15:20:19","slug":"con-exito-se-llevo-a-cabo-concurso-de-fotografia-callejera-sal-y-mira-la-ciudad","status":"publish","type":"post","link":"https:\/\/pagina10.com\/web\/con-exito-se-llevo-a-cabo-concurso-de-fotografia-callejera-sal-y-mira-la-ciudad\/","title":{"rendered":"Con \u00e9xito se llev\u00f3 a cabo concurso de fotograf\u00eda callejera \u2018Sal y mira la ciudad\u2019"},"content":{"rendered":"<p style=\"text-align: justify;\">En la segunda edici\u00f3n del Concurso fotogr\u00e1fico hecho en las calles \u2018Sal y mira la ciudad\u2019, no hubo l\u00edmite de territorio, ni edad, pues participaron varios municipios del departamento, hombres y mujeres de todas las edades, que ven en la fotograf\u00eda el \u2018hobbie\u2019 o profesi\u00f3n perfecta para relatar las historias de sus contextos.<\/p>\n<p style=\"text-align: justify;\">Para esta versi\u00f3n del concurso, la tem\u00e1tica abord\u00f3 \u201cla apropiaci\u00f3n del espacio p\u00fablico, utilizando la fotograf\u00eda callejera como m\u00e9todo de an\u00e1lisis\u201d, as\u00ed lo destac\u00f3 Mar\u00eda Rosa Jojoa, una de las gestoras de este importante evento.<\/p>\n<p style=\"text-align: justify;\">El principal y m\u00e1s amplio antecedente de <strong>\u2018Sal y mira la ciudad\u2019 <\/strong>es<strong> \u2018Historias del Sur Podcast\u2019,<\/strong> un proyecto que busca divulgar los sucesos del pasado del sur de Colombia, de una forma \u00e1gil y sencilla a poblaci\u00f3n propia y visitante, convirti\u00e9ndose con el paso del tiempo y gracias al esfuerzo y dedicaci\u00f3n de sus creadoras, \u201cen referente regional para la divulgaci\u00f3n de contenido hist\u00f3rico y cultural\u201d.<\/p>\n<p style=\"text-align: justify;\">Para el mes de agosto se inscribieron 40 personas, quienes, por medio de fotograf\u00edas tomadas \u00fanicamente por su celular, invitan a explorar espacios e intervenciones \u00fanicas en la ciudad a trav\u00e9s de su lente. El resultado de los registros es una gran exposici\u00f3n fotogr\u00e1fica, que estar\u00e1 dispuesta, del 18 al 28 de agosto, en \u2018La unidad de arte y creaci\u00f3n, Pretexto\u2019, (Carrera 37 C # 17-05, Barrio Marid\u00edaz), de la ciudad de Pasto.<\/p>\n<p style=\"text-align: justify;\">Felicitaciones al gran ganador: John Alexander Rosero, y a las menciones especiales: Deladier Pati\u00f1o, Cristian Camilo L\u00f3pez y Camilo Fernando Calder\u00f3n Hern\u00e1ndez.<\/p>\n<p><img fetchpriority=\"high\" decoding=\"async\" class=\"aligncenter size-large wp-image-68270\" src=\"https:\/\/pagina10.com\/web\/wp-content\/uploads\/2023\/08\/WhatsApp-Image-2023-08-19-at-11.58.29-AM-683x1024.jpeg\" alt=\"\" width=\"683\" height=\"1024\" srcset=\"https:\/\/pagina10.com\/web\/wp-content\/uploads\/2023\/08\/WhatsApp-Image-2023-08-19-at-11.58.29-AM-683x1024.jpeg 683w, https:\/\/pagina10.com\/web\/wp-content\/uploads\/2023\/08\/WhatsApp-Image-2023-08-19-at-11.58.29-AM-200x300.jpeg 200w, https:\/\/pagina10.com\/web\/wp-content\/uploads\/2023\/08\/WhatsApp-Image-2023-08-19-at-11.58.29-AM-768x1152.jpeg 768w, https:\/\/pagina10.com\/web\/wp-content\/uploads\/2023\/08\/WhatsApp-Image-2023-08-19-at-11.58.29-AM-1024x1536.jpeg 1024w, https:\/\/pagina10.com\/web\/wp-content\/uploads\/2023\/08\/WhatsApp-Image-2023-08-19-at-11.58.29-AM.jpeg 1067w\" sizes=\"(max-width: 683px) 100vw, 683px\" \/><\/p>\n","protected":false},"excerpt":{"rendered":"<p>En la segunda edici\u00f3n del Concurso fotogr\u00e1fico hecho en las calles \u2018Sal y mira la ciudad\u2019, no hubo l\u00edmite de territorio, ni edad, pues participaron varios municipios del departamento, hombres y mujeres de todas las edades, que ven en la fotograf\u00eda el \u2018hobbie\u2019 o profesi\u00f3n perfecta para relatar las historias de sus contextos. Para esta [&hellip;]<\/p>\n","protected":false},"author":1,"featured_media":68269,"comment_status":"open","ping_status":"open","sticky":false,"template":"","format":"standard","meta":{"footnotes":""},"categories":[14],"tags":[],"class_list":["post-68263","post","type-post","status-publish","format-standard","has-post-thumbnail","hentry","category-narino-actual"],"yoast_head":"<!-- This site is optimized with the Yoast SEO plugin v27.1.1 - https:\/\/yoast.com\/product\/yoast-seo-wordpress\/ -->\n<title>Con \u00e9xito se llev\u00f3 a cabo concurso de fotograf\u00eda callejera \u2018Sal y mira la ciudad\u2019 | P\u00e1gina10<\/title>\n<meta name=\"robots\" content=\"index, follow, max-snippet:-1, max-image-preview:large, max-video-preview:-1\" \/>\n<link rel=\"canonical\" href=\"https:\/\/pagina10.com\/web\/con-exito-se-llevo-a-cabo-concurso-de-fotografia-callejera-sal-y-mira-la-ciudad\/\" \/>\n<meta property=\"og:locale\" content=\"es_ES\" \/>\n<meta property=\"og:type\" content=\"article\" \/>\n<meta property=\"og:title\" content=\"Con \u00e9xito se llev\u00f3 a cabo concurso de fotograf\u00eda callejera \u2018Sal y mira la ciudad\u2019 | P\u00e1gina10\" \/>\n<meta property=\"og:description\" content=\"En la segunda edici\u00f3n del Concurso fotogr\u00e1fico hecho en las calles \u2018Sal y mira la ciudad\u2019, no hubo l\u00edmite de territorio, ni edad, pues participaron varios municipios del departamento, hombres y mujeres de todas las edades, que ven en la fotograf\u00eda el \u2018hobbie\u2019 o profesi\u00f3n perfecta para relatar las historias de sus contextos. Para esta [&hellip;]\" \/>\n<meta property=\"og:url\" content=\"https:\/\/pagina10.com\/web\/con-exito-se-llevo-a-cabo-concurso-de-fotografia-callejera-sal-y-mira-la-ciudad\/\" \/>\n<meta property=\"og:site_name\" content=\"P\u00e1gina10\" \/>\n<meta property=\"article:publisher\" content=\"https:\/\/www.facebook.com\/pag10com\" \/>\n<meta property=\"article:published_time\" content=\"2023-08-20T15:19:32+00:00\" \/>\n<meta property=\"article:modified_time\" content=\"2023-08-20T15:20:19+00:00\" \/>\n<meta property=\"og:image\" content=\"https:\/\/pagina10.com\/web\/wp-content\/uploads\/2023\/08\/WhatsApp-Image-2023-08-19-at-11.46.00-AM.jpeg\" \/>\n\t<meta property=\"og:image:width\" content=\"1200\" \/>\n\t<meta property=\"og:image:height\" content=\"1600\" \/>\n\t<meta property=\"og:image:type\" content=\"image\/jpeg\" \/>\n<meta name=\"author\" content=\"P\u00e1gina 10\" \/>\n<meta name=\"twitter:card\" content=\"summary_large_image\" \/>\n<meta name=\"twitter:creator\" content=\"@Pag10com\" \/>\n<meta name=\"twitter:site\" content=\"@Pag10com\" \/>\n<meta name=\"twitter:label1\" content=\"Escrito por\" \/>\n\t<meta name=\"twitter:data1\" content=\"P\u00e1gina 10\" \/>\n\t<meta name=\"twitter:label2\" content=\"Tiempo de lectura\" \/>\n\t<meta name=\"twitter:data2\" content=\"1 minuto\" \/>\n<script type=\"application\/ld+json\" class=\"yoast-schema-graph\">{\"@context\":\"https:\/\/schema.org\",\"@graph\":[{\"@type\":\"Article\",\"@id\":\"https:\/\/pagina10.com\/web\/con-exito-se-llevo-a-cabo-concurso-de-fotografia-callejera-sal-y-mira-la-ciudad\/#article\",\"isPartOf\":{\"@id\":\"https:\/\/pagina10.com\/web\/con-exito-se-llevo-a-cabo-concurso-de-fotografia-callejera-sal-y-mira-la-ciudad\/\"},\"author\":{\"name\":\"P\u00e1gina 10\",\"@id\":\"https:\/\/pagina10.com\/web\/#\/schema\/person\/2efc4a090d25b667d3bc796798a3a81b\"},\"headline\":\"Con \u00e9xito se llev\u00f3 a cabo concurso de fotograf\u00eda callejera \u2018Sal y mira la ciudad\u2019\",\"datePublished\":\"2023-08-20T15:19:32+00:00\",\"dateModified\":\"2023-08-20T15:20:19+00:00\",\"mainEntityOfPage\":{\"@id\":\"https:\/\/pagina10.com\/web\/con-exito-se-llevo-a-cabo-concurso-de-fotografia-callejera-sal-y-mira-la-ciudad\/\"},\"wordCount\":290,\"commentCount\":0,\"publisher\":{\"@id\":\"https:\/\/pagina10.com\/web\/#organization\"},\"image\":{\"@id\":\"https:\/\/pagina10.com\/web\/con-exito-se-llevo-a-cabo-concurso-de-fotografia-callejera-sal-y-mira-la-ciudad\/#primaryimage\"},\"thumbnailUrl\":\"https:\/\/pagina10.com\/web\/wp-content\/uploads\/2023\/08\/WhatsApp-Image-2023-08-19-at-11.46.00-AM.jpeg\",\"articleSection\":[\"Nari\u00f1o Actual\"],\"inLanguage\":\"es\",\"potentialAction\":[{\"@type\":\"CommentAction\",\"name\":\"Comment\",\"target\":[\"https:\/\/pagina10.com\/web\/con-exito-se-llevo-a-cabo-concurso-de-fotografia-callejera-sal-y-mira-la-ciudad\/#respond\"]}]},{\"@type\":\"WebPage\",\"@id\":\"https:\/\/pagina10.com\/web\/con-exito-se-llevo-a-cabo-concurso-de-fotografia-callejera-sal-y-mira-la-ciudad\/\",\"url\":\"https:\/\/pagina10.com\/web\/con-exito-se-llevo-a-cabo-concurso-de-fotografia-callejera-sal-y-mira-la-ciudad\/\",\"name\":\"Con \u00e9xito se llev\u00f3 a cabo concurso de fotograf\u00eda callejera \u2018Sal y mira la ciudad\u2019 | P\u00e1gina10\",\"isPartOf\":{\"@id\":\"https:\/\/pagina10.com\/web\/#website\"},\"primaryImageOfPage\":{\"@id\":\"https:\/\/pagina10.com\/web\/con-exito-se-llevo-a-cabo-concurso-de-fotografia-callejera-sal-y-mira-la-ciudad\/#primaryimage\"},\"image\":{\"@id\":\"https:\/\/pagina10.com\/web\/con-exito-se-llevo-a-cabo-concurso-de-fotografia-callejera-sal-y-mira-la-ciudad\/#primaryimage\"},\"thumbnailUrl\":\"https:\/\/pagina10.com\/web\/wp-content\/uploads\/2023\/08\/WhatsApp-Image-2023-08-19-at-11.46.00-AM.jpeg\",\"datePublished\":\"2023-08-20T15:19:32+00:00\",\"dateModified\":\"2023-08-20T15:20:19+00:00\",\"breadcrumb\":{\"@id\":\"https:\/\/pagina10.com\/web\/con-exito-se-llevo-a-cabo-concurso-de-fotografia-callejera-sal-y-mira-la-ciudad\/#breadcrumb\"},\"inLanguage\":\"es\",\"potentialAction\":[{\"@type\":\"ReadAction\",\"target\":[\"https:\/\/pagina10.com\/web\/con-exito-se-llevo-a-cabo-concurso-de-fotografia-callejera-sal-y-mira-la-ciudad\/\"]}]},{\"@type\":\"ImageObject\",\"inLanguage\":\"es\",\"@id\":\"https:\/\/pagina10.com\/web\/con-exito-se-llevo-a-cabo-concurso-de-fotografia-callejera-sal-y-mira-la-ciudad\/#primaryimage\",\"url\":\"https:\/\/pagina10.com\/web\/wp-content\/uploads\/2023\/08\/WhatsApp-Image-2023-08-19-at-11.46.00-AM.jpeg\",\"contentUrl\":\"https:\/\/pagina10.com\/web\/wp-content\/uploads\/2023\/08\/WhatsApp-Image-2023-08-19-at-11.46.00-AM.jpeg\",\"width\":1200,\"height\":1600},{\"@type\":\"BreadcrumbList\",\"@id\":\"https:\/\/pagina10.com\/web\/con-exito-se-llevo-a-cabo-concurso-de-fotografia-callejera-sal-y-mira-la-ciudad\/#breadcrumb\",\"itemListElement\":[{\"@type\":\"ListItem\",\"position\":1,\"name\":\"Portada\",\"item\":\"https:\/\/pagina10.com\/web\/\"},{\"@type\":\"ListItem\",\"position\":2,\"name\":\"Con \u00e9xito se llev\u00f3 a cabo concurso de fotograf\u00eda callejera \u2018Sal y mira la ciudad\u2019\"}]},{\"@type\":\"WebSite\",\"@id\":\"https:\/\/pagina10.com\/web\/#website\",\"url\":\"https:\/\/pagina10.com\/web\/\",\"name\":\"P\u00e1gina10\",\"description\":\"Peri\u00f3dico Regional\",\"publisher\":{\"@id\":\"https:\/\/pagina10.com\/web\/#organization\"},\"alternateName\":\"P\u00e1gina10 Peri\u00f3dico Regional\",\"potentialAction\":[{\"@type\":\"SearchAction\",\"target\":{\"@type\":\"EntryPoint\",\"urlTemplate\":\"https:\/\/pagina10.com\/web\/?s={search_term_string}\"},\"query-input\":{\"@type\":\"PropertyValueSpecification\",\"valueRequired\":true,\"valueName\":\"search_term_string\"}}],\"inLanguage\":\"es\"},{\"@type\":\"Organization\",\"@id\":\"https:\/\/pagina10.com\/web\/#organization\",\"name\":\"P\u00e1gina10\",\"alternateName\":\"P\u00e1gina10 Peri\u00f3dico Regional\",\"url\":\"https:\/\/pagina10.com\/web\/\",\"logo\":{\"@type\":\"ImageObject\",\"inLanguage\":\"es\",\"@id\":\"https:\/\/pagina10.com\/web\/#\/schema\/logo\/image\/\",\"url\":\"https:\/\/pagina10.com\/web\/wp-content\/uploads\/2024\/01\/40-pagina-10-periodico-regional-pasto.jpg\",\"contentUrl\":\"https:\/\/pagina10.com\/web\/wp-content\/uploads\/2024\/01\/40-pagina-10-periodico-regional-pasto.jpg\",\"width\":1280,\"height\":720,\"caption\":\"P\u00e1gina10\"},\"image\":{\"@id\":\"https:\/\/pagina10.com\/web\/#\/schema\/logo\/image\/\"},\"sameAs\":[\"https:\/\/www.facebook.com\/pag10com\",\"https:\/\/x.com\/Pag10com\",\"https:\/\/www.instagram.com\/pagina10col\/\",\"https:\/\/youtube.com\/channel\/pag10\",\"https:\/\/www.tiktok.com\/@p10col\"]},{\"@type\":\"Person\",\"@id\":\"https:\/\/pagina10.com\/web\/#\/schema\/person\/2efc4a090d25b667d3bc796798a3a81b\",\"name\":\"P\u00e1gina 10\",\"description\":\"P\u00e1gina 10 es un peri\u00f3dico regional que nace en Colombia, en el departamento de Nari\u00f1o, con un enfoque global, fundamentado en cuatro pilares esenciales: la libertad, el pluralismo, la inclusi\u00f3n y la independencia. P\u00e1gina 10 hace referencia a Nari\u00f1o como el d\u00e9cimo departamento creado en Colombia, despu\u00e9s de un proceso pol\u00edtico liderado por actores y actrices regionales con el fin de obtener la independencia y autonom\u00eda de nuestros territorios. Con la creaci\u00f3n de P\u00e1gina 10 se pretende abrir un escenario para el dialogo, la reflexi\u00f3n y el debate que se extienda a otras geograf\u00edas de Am\u00e9rica Latina y del planeta, en una apuesta por transformar colectivamente los desaf\u00edos de un mundo contempor\u00e1neo, m\u00e1s all\u00e1 de las fronteras impuestas.\",\"url\":\"https:\/\/pagina10.com\/web\/author\/pdiezadmin\/\"}]}<\/script>\n<!-- \/ Yoast SEO plugin. -->","yoast_head_json":{"title":"Con \u00e9xito se llev\u00f3 a cabo concurso de fotograf\u00eda callejera \u2018Sal y mira la ciudad\u2019 | P\u00e1gina10","robots":{"index":"index","follow":"follow","max-snippet":"max-snippet:-1","max-image-preview":"max-image-preview:large","max-video-preview":"max-video-preview:-1"},"canonical":"https:\/\/pagina10.com\/web\/con-exito-se-llevo-a-cabo-concurso-de-fotografia-callejera-sal-y-mira-la-ciudad\/","og_locale":"es_ES","og_type":"article","og_title":"Con \u00e9xito se llev\u00f3 a cabo concurso de fotograf\u00eda callejera \u2018Sal y mira la ciudad\u2019 | P\u00e1gina10","og_description":"En la segunda edici\u00f3n del Concurso fotogr\u00e1fico hecho en las calles \u2018Sal y mira la ciudad\u2019, no hubo l\u00edmite de territorio, ni edad, pues participaron varios municipios del departamento, hombres y mujeres de todas las edades, que ven en la fotograf\u00eda el \u2018hobbie\u2019 o profesi\u00f3n perfecta para relatar las historias de sus contextos. Para esta [&hellip;]","og_url":"https:\/\/pagina10.com\/web\/con-exito-se-llevo-a-cabo-concurso-de-fotografia-callejera-sal-y-mira-la-ciudad\/","og_site_name":"P\u00e1gina10","article_publisher":"https:\/\/www.facebook.com\/pag10com","article_published_time":"2023-08-20T15:19:32+00:00","article_modified_time":"2023-08-20T15:20:19+00:00","og_image":[{"width":1200,"height":1600,"url":"https:\/\/pagina10.com\/web\/wp-content\/uploads\/2023\/08\/WhatsApp-Image-2023-08-19-at-11.46.00-AM.jpeg","type":"image\/jpeg"}],"author":"P\u00e1gina 10","twitter_card":"summary_large_image","twitter_creator":"@Pag10com","twitter_site":"@Pag10com","twitter_misc":{"Escrito por":"P\u00e1gina 10","Tiempo de lectura":"1 minuto"},"schema":{"@context":"https:\/\/schema.org","@graph":[{"@type":"Article","@id":"https:\/\/pagina10.com\/web\/con-exito-se-llevo-a-cabo-concurso-de-fotografia-callejera-sal-y-mira-la-ciudad\/#article","isPartOf":{"@id":"https:\/\/pagina10.com\/web\/con-exito-se-llevo-a-cabo-concurso-de-fotografia-callejera-sal-y-mira-la-ciudad\/"},"author":{"name":"P\u00e1gina 10","@id":"https:\/\/pagina10.com\/web\/#\/schema\/person\/2efc4a090d25b667d3bc796798a3a81b"},"headline":"Con \u00e9xito se llev\u00f3 a cabo concurso de fotograf\u00eda callejera \u2018Sal y mira la ciudad\u2019","datePublished":"2023-08-20T15:19:32+00:00","dateModified":"2023-08-20T15:20:19+00:00","mainEntityOfPage":{"@id":"https:\/\/pagina10.com\/web\/con-exito-se-llevo-a-cabo-concurso-de-fotografia-callejera-sal-y-mira-la-ciudad\/"},"wordCount":290,"commentCount":0,"publisher":{"@id":"https:\/\/pagina10.com\/web\/#organization"},"image":{"@id":"https:\/\/pagina10.com\/web\/con-exito-se-llevo-a-cabo-concurso-de-fotografia-callejera-sal-y-mira-la-ciudad\/#primaryimage"},"thumbnailUrl":"https:\/\/pagina10.com\/web\/wp-content\/uploads\/2023\/08\/WhatsApp-Image-2023-08-19-at-11.46.00-AM.jpeg","articleSection":["Nari\u00f1o Actual"],"inLanguage":"es","potentialAction":[{"@type":"CommentAction","name":"Comment","target":["https:\/\/pagina10.com\/web\/con-exito-se-llevo-a-cabo-concurso-de-fotografia-callejera-sal-y-mira-la-ciudad\/#respond"]}]},{"@type":"WebPage","@id":"https:\/\/pagina10.com\/web\/con-exito-se-llevo-a-cabo-concurso-de-fotografia-callejera-sal-y-mira-la-ciudad\/","url":"https:\/\/pagina10.com\/web\/con-exito-se-llevo-a-cabo-concurso-de-fotografia-callejera-sal-y-mira-la-ciudad\/","name":"Con \u00e9xito se llev\u00f3 a cabo concurso de fotograf\u00eda callejera \u2018Sal y mira la ciudad\u2019 | P\u00e1gina10","isPartOf":{"@id":"https:\/\/pagina10.com\/web\/#website"},"primaryImageOfPage":{"@id":"https:\/\/pagina10.com\/web\/con-exito-se-llevo-a-cabo-concurso-de-fotografia-callejera-sal-y-mira-la-ciudad\/#primaryimage"},"image":{"@id":"https:\/\/pagina10.com\/web\/con-exito-se-llevo-a-cabo-concurso-de-fotografia-callejera-sal-y-mira-la-ciudad\/#primaryimage"},"thumbnailUrl":"https:\/\/pagina10.com\/web\/wp-content\/uploads\/2023\/08\/WhatsApp-Image-2023-08-19-at-11.46.00-AM.jpeg","datePublished":"2023-08-20T15:19:32+00:00","dateModified":"2023-08-20T15:20:19+00:00","breadcrumb":{"@id":"https:\/\/pagina10.com\/web\/con-exito-se-llevo-a-cabo-concurso-de-fotografia-callejera-sal-y-mira-la-ciudad\/#breadcrumb"},"inLanguage":"es","potentialAction":[{"@type":"ReadAction","target":["https:\/\/pagina10.com\/web\/con-exito-se-llevo-a-cabo-concurso-de-fotografia-callejera-sal-y-mira-la-ciudad\/"]}]},{"@type":"ImageObject","inLanguage":"es","@id":"https:\/\/pagina10.com\/web\/con-exito-se-llevo-a-cabo-concurso-de-fotografia-callejera-sal-y-mira-la-ciudad\/#primaryimage","url":"https:\/\/pagina10.com\/web\/wp-content\/uploads\/2023\/08\/WhatsApp-Image-2023-08-19-at-11.46.00-AM.jpeg","contentUrl":"https:\/\/pagina10.com\/web\/wp-content\/uploads\/2023\/08\/WhatsApp-Image-2023-08-19-at-11.46.00-AM.jpeg","width":1200,"height":1600},{"@type":"BreadcrumbList","@id":"https:\/\/pagina10.com\/web\/con-exito-se-llevo-a-cabo-concurso-de-fotografia-callejera-sal-y-mira-la-ciudad\/#breadcrumb","itemListElement":[{"@type":"ListItem","position":1,"name":"Portada","item":"https:\/\/pagina10.com\/web\/"},{"@type":"ListItem","position":2,"name":"Con \u00e9xito se llev\u00f3 a cabo concurso de fotograf\u00eda callejera \u2018Sal y mira la ciudad\u2019"}]},{"@type":"WebSite","@id":"https:\/\/pagina10.com\/web\/#website","url":"https:\/\/pagina10.com\/web\/","name":"P\u00e1gina10","description":"Peri\u00f3dico Regional","publisher":{"@id":"https:\/\/pagina10.com\/web\/#organization"},"alternateName":"P\u00e1gina10 Peri\u00f3dico Regional","potentialAction":[{"@type":"SearchAction","target":{"@type":"EntryPoint","urlTemplate":"https:\/\/pagina10.com\/web\/?s={search_term_string}"},"query-input":{"@type":"PropertyValueSpecification","valueRequired":true,"valueName":"search_term_string"}}],"inLanguage":"es"},{"@type":"Organization","@id":"https:\/\/pagina10.com\/web\/#organization","name":"P\u00e1gina10","alternateName":"P\u00e1gina10 Peri\u00f3dico Regional","url":"https:\/\/pagina10.com\/web\/","logo":{"@type":"ImageObject","inLanguage":"es","@id":"https:\/\/pagina10.com\/web\/#\/schema\/logo\/image\/","url":"https:\/\/pagina10.com\/web\/wp-content\/uploads\/2024\/01\/40-pagina-10-periodico-regional-pasto.jpg","contentUrl":"https:\/\/pagina10.com\/web\/wp-content\/uploads\/2024\/01\/40-pagina-10-periodico-regional-pasto.jpg","width":1280,"height":720,"caption":"P\u00e1gina10"},"image":{"@id":"https:\/\/pagina10.com\/web\/#\/schema\/logo\/image\/"},"sameAs":["https:\/\/www.facebook.com\/pag10com","https:\/\/x.com\/Pag10com","https:\/\/www.instagram.com\/pagina10col\/","https:\/\/youtube.com\/channel\/pag10","https:\/\/www.tiktok.com\/@p10col"]},{"@type":"Person","@id":"https:\/\/pagina10.com\/web\/#\/schema\/person\/2efc4a090d25b667d3bc796798a3a81b","name":"P\u00e1gina 10","description":"P\u00e1gina 10 es un peri\u00f3dico regional que nace en Colombia, en el departamento de Nari\u00f1o, con un enfoque global, fundamentado en cuatro pilares esenciales: la libertad, el pluralismo, la inclusi\u00f3n y la independencia. P\u00e1gina 10 hace referencia a Nari\u00f1o como el d\u00e9cimo departamento creado en Colombia, despu\u00e9s de un proceso pol\u00edtico liderado por actores y actrices regionales con el fin de obtener la independencia y autonom\u00eda de nuestros territorios. Con la creaci\u00f3n de P\u00e1gina 10 se pretende abrir un escenario para el dialogo, la reflexi\u00f3n y el debate que se extienda a otras geograf\u00edas de Am\u00e9rica Latina y del planeta, en una apuesta por transformar colectivamente los desaf\u00edos de un mundo contempor\u00e1neo, m\u00e1s all\u00e1 de las fronteras impuestas.","url":"https:\/\/pagina10.com\/web\/author\/pdiezadmin\/"}]}},"_links":{"self":[{"href":"https:\/\/pagina10.com\/web\/wp-json\/wp\/v2\/posts\/68263","targetHints":{"allow":["GET"]}}],"collection":[{"href":"https:\/\/pagina10.com\/web\/wp-json\/wp\/v2\/posts"}],"about":[{"href":"https:\/\/pagina10.com\/web\/wp-json\/wp\/v2\/types\/post"}],"author":[{"embeddable":true,"href":"https:\/\/pagina10.com\/web\/wp-json\/wp\/v2\/users\/1"}],"replies":[{"embeddable":true,"href":"https:\/\/pagina10.com\/web\/wp-json\/wp\/v2\/comments?post=68263"}],"version-history":[{"count":2,"href":"https:\/\/pagina10.com\/web\/wp-json\/wp\/v2\/posts\/68263\/revisions"}],"predecessor-version":[{"id":68275,"href":"https:\/\/pagina10.com\/web\/wp-json\/wp\/v2\/posts\/68263\/revisions\/68275"}],"wp:featuredmedia":[{"embeddable":true,"href":"https:\/\/pagina10.com\/web\/wp-json\/wp\/v2\/media\/68269"}],"wp:attachment":[{"href":"https:\/\/pagina10.com\/web\/wp-json\/wp\/v2\/media?parent=68263"}],"wp:term":[{"taxonomy":"category","embeddable":true,"href":"https:\/\/pagina10.com\/web\/wp-json\/wp\/v2\/categories?post=68263"},{"taxonomy":"post_tag","embeddable":true,"href":"https:\/\/pagina10.com\/web\/wp-json\/wp\/v2\/tags?post=68263"}],"curies":[{"name":"wp","href":"https:\/\/api.w.org\/{rel}","templated":true}]}}