{"id":68333,"date":"2023-08-23T23:57:59","date_gmt":"2023-08-24T04:57:59","guid":{"rendered":"https:\/\/pagina10.com\/web\/?p=68333"},"modified":"2023-08-23T23:57:59","modified_gmt":"2023-08-24T04:57:59","slug":"ex-pareja-del-rapero-big-stan-lo-denuncia-por-agresion-fisica-y-psicologica","status":"publish","type":"post","link":"https:\/\/pagina10.com\/web\/ex-pareja-del-rapero-big-stan-lo-denuncia-por-agresion-fisica-y-psicologica\/","title":{"rendered":"Ex pareja del rapero \u2018Big Stan\u2019 lo denuncia por agresi\u00f3n f\u00edsica y psicol\u00f3gica"},"content":{"rendered":"<p style=\"text-align: justify;\">El rapero nari\u00f1ense Esteban Camilo Hoyos, tambi\u00e9n conocido como Big Stan, fue denunciado por un nuevo caso de violencia de g\u00e9nero. Mar\u00eda Camila Cuadros, su expareja sentimental, present\u00f3 una denuncia p\u00fablica en la cual dio a conocer, que el pasado 19 de agosto fue v\u00edctima de abuso f\u00edsico por parte del cantante. Esta no es la primera vez que Big Stan enfrenta acusaciones de violencia de g\u00e9nero.<\/p>\n<p style=\"text-align: justify;\">\u201cEl s\u00e1bado pasado, fui v\u00edctima de un acto de violencia por parte de mi ex pareja: Esteban Camilo Hoyos \u2018Big Stan\u2019. Las consecuencias de este incidente han sido impactantes. Tengo fisuras en el cr\u00e1neo, p\u00f3mulo y mand\u00edbula, adem\u00e1s de muchas contusiones en mi cuerpo\u201d, <a href=\"http:\/\/Denuncia: https:\/\/www.instagram.com\/p\/CwTCjwMupZB\/?utm_source=ig_web_copy_link&amp;igshid=MzRlODBiNWFlZA==\">as\u00ed lo manifest\u00f3 Mar\u00eda Camila<\/a>.<\/p>\n<p style=\"text-align: justify;\">La v\u00edctima comparti\u00f3 un video, fotograf\u00edas y un comunicado a trav\u00e9s de sus redes sociales, en el que explica las lesiones graves, incluyendo fisuras en el cr\u00e1neo, p\u00f3mulo y mand\u00edbula que Hoyos le habr\u00eda causado, y mencion\u00f3, adem\u00e1s, que est\u00e1 recibiendo atenci\u00f3n m\u00e9dica y psicol\u00f3gica. Mar\u00eda Camila describi\u00f3 que el incidente ocurri\u00f3 despu\u00e9s de una discusi\u00f3n cuando el artista estaba bajo la influencia del alcohol, relat\u00f3 que fue agredida en su apartamento, donde \u00e9l la golpe\u00f3 repetidamente y la amenaz\u00f3 de muerte.<\/p>\n<p style=\"text-align: justify;\">En respuesta a la denuncia p\u00fablica, el rapero ha recibido m\u00faltiples se\u00f1alamientos de la comunidad, fans y organizaciones feministas del departamento de Nari\u00f1o, hechos a trav\u00e9s de redes sociales, quienes hacen un llamado a la Fiscal\u00eda y Polic\u00eda Nacional a tomar acciones legales por lo ocurrido, piden justicia por temor a la reincidencia que puede tener el presunto victimario; adicionalmente la Secretaria de Equidad de G\u00e9nero e Inclusi\u00f3n Social departamental por medio de comunicado de prensa, manifest\u00f3 su rechaz\u00f3 contundente por los \u201chechos de violencia basada en genero perpetrados por el se\u00f1or com\u00fanmente llamado \u2018Big Stan\u2019, ocurridos en la ciudad de Pasto\u201d.<\/p>\n<p style=\"text-align: justify;\">Aunado a lo anterior, con el lema \u201cNi una m\u00e1s\u201d y el se\u00f1alamiento directo a Esteban Camilo como \u201cpotencial feminicida\u201d, se realizar\u00e1 el pr\u00f3ximo viernes, 25 de agosto un plant\u00f3n frente a la Fiscal\u00eda General de la Naci\u00f3n, Seccional Nari\u00f1o (Carrera 22 # 19-71 Centro), en apoyo a las mujeres que habr\u00edan sido v\u00edctimas de agresiones del rapero y en b\u00fasqueda de justicia.<\/p>\n<p><img fetchpriority=\"high\" decoding=\"async\" class=\"aligncenter wp-image-68334\" src=\"https:\/\/pagina10.com\/web\/wp-content\/uploads\/2023\/08\/F4P8NoxWUAAzEvI.jpeg\" alt=\"\" width=\"640\" height=\"640\" srcset=\"https:\/\/pagina10.com\/web\/wp-content\/uploads\/2023\/08\/F4P8NoxWUAAzEvI.jpeg 680w, https:\/\/pagina10.com\/web\/wp-content\/uploads\/2023\/08\/F4P8NoxWUAAzEvI-300x300.jpeg 300w, https:\/\/pagina10.com\/web\/wp-content\/uploads\/2023\/08\/F4P8NoxWUAAzEvI-150x150.jpeg 150w, https:\/\/pagina10.com\/web\/wp-content\/uploads\/2023\/08\/F4P8NoxWUAAzEvI-100x100.jpeg 100w\" sizes=\"(max-width: 640px) 100vw, 640px\" \/><\/p>\n","protected":false},"excerpt":{"rendered":"<p>El rapero nari\u00f1ense Esteban Camilo Hoyos, tambi\u00e9n conocido como Big Stan, fue denunciado por un nuevo caso de violencia de g\u00e9nero. Mar\u00eda Camila Cuadros, su expareja sentimental, present\u00f3 una denuncia p\u00fablica en la cual dio a conocer, que el pasado 19 de agosto fue v\u00edctima de abuso f\u00edsico por parte del cantante. Esta no es [&hellip;]<\/p>\n","protected":false},"author":1,"featured_media":68335,"comment_status":"open","ping_status":"open","sticky":false,"template":"","format":"standard","meta":{"footnotes":""},"categories":[1528],"tags":[],"class_list":["post-68333","post","type-post","status-publish","format-standard","has-post-thumbnail","hentry","category-titulares"],"yoast_head":"<!-- This site is optimized with the Yoast SEO plugin v27.1.1 - https:\/\/yoast.com\/product\/yoast-seo-wordpress\/ -->\n<title>Ex pareja del rapero \u2018Big Stan\u2019 lo denuncia por agresi\u00f3n f\u00edsica y psicol\u00f3gica | P\u00e1gina10<\/title>\n<meta name=\"robots\" content=\"index, follow, max-snippet:-1, max-image-preview:large, max-video-preview:-1\" \/>\n<link rel=\"canonical\" href=\"https:\/\/pagina10.com\/web\/ex-pareja-del-rapero-big-stan-lo-denuncia-por-agresion-fisica-y-psicologica\/\" \/>\n<meta property=\"og:locale\" content=\"es_ES\" \/>\n<meta property=\"og:type\" content=\"article\" \/>\n<meta property=\"og:title\" content=\"Ex pareja del rapero \u2018Big Stan\u2019 lo denuncia por agresi\u00f3n f\u00edsica y psicol\u00f3gica | P\u00e1gina10\" \/>\n<meta property=\"og:description\" content=\"El rapero nari\u00f1ense Esteban Camilo Hoyos, tambi\u00e9n conocido como Big Stan, fue denunciado por un nuevo caso de violencia de g\u00e9nero. Mar\u00eda Camila Cuadros, su expareja sentimental, present\u00f3 una denuncia p\u00fablica en la cual dio a conocer, que el pasado 19 de agosto fue v\u00edctima de abuso f\u00edsico por parte del cantante. Esta no es [&hellip;]\" \/>\n<meta property=\"og:url\" content=\"https:\/\/pagina10.com\/web\/ex-pareja-del-rapero-big-stan-lo-denuncia-por-agresion-fisica-y-psicologica\/\" \/>\n<meta property=\"og:site_name\" content=\"P\u00e1gina10\" \/>\n<meta property=\"article:publisher\" content=\"https:\/\/www.facebook.com\/pag10com\" \/>\n<meta property=\"article:published_time\" content=\"2023-08-24T04:57:59+00:00\" \/>\n<meta property=\"og:image\" content=\"https:\/\/pagina10.com\/web\/wp-content\/uploads\/2023\/08\/jjjjj-1024x705.png\" \/>\n\t<meta property=\"og:image:width\" content=\"1024\" \/>\n\t<meta property=\"og:image:height\" content=\"705\" \/>\n\t<meta property=\"og:image:type\" content=\"image\/png\" \/>\n<meta name=\"author\" content=\"P\u00e1gina 10\" \/>\n<meta name=\"twitter:card\" content=\"summary_large_image\" \/>\n<meta name=\"twitter:creator\" content=\"@Pag10com\" \/>\n<meta name=\"twitter:site\" content=\"@Pag10com\" \/>\n<meta name=\"twitter:label1\" content=\"Escrito por\" \/>\n\t<meta name=\"twitter:data1\" content=\"P\u00e1gina 10\" \/>\n\t<meta name=\"twitter:label2\" content=\"Tiempo de lectura\" \/>\n\t<meta name=\"twitter:data2\" content=\"2 minutos\" \/>\n<script type=\"application\/ld+json\" class=\"yoast-schema-graph\">{\"@context\":\"https:\/\/schema.org\",\"@graph\":[{\"@type\":\"Article\",\"@id\":\"https:\/\/pagina10.com\/web\/ex-pareja-del-rapero-big-stan-lo-denuncia-por-agresion-fisica-y-psicologica\/#article\",\"isPartOf\":{\"@id\":\"https:\/\/pagina10.com\/web\/ex-pareja-del-rapero-big-stan-lo-denuncia-por-agresion-fisica-y-psicologica\/\"},\"author\":{\"name\":\"P\u00e1gina 10\",\"@id\":\"https:\/\/pagina10.com\/web\/#\/schema\/person\/2efc4a090d25b667d3bc796798a3a81b\"},\"headline\":\"Ex pareja del rapero \u2018Big Stan\u2019 lo denuncia por agresi\u00f3n f\u00edsica y psicol\u00f3gica\",\"datePublished\":\"2023-08-24T04:57:59+00:00\",\"mainEntityOfPage\":{\"@id\":\"https:\/\/pagina10.com\/web\/ex-pareja-del-rapero-big-stan-lo-denuncia-por-agresion-fisica-y-psicologica\/\"},\"wordCount\":425,\"commentCount\":0,\"publisher\":{\"@id\":\"https:\/\/pagina10.com\/web\/#organization\"},\"image\":{\"@id\":\"https:\/\/pagina10.com\/web\/ex-pareja-del-rapero-big-stan-lo-denuncia-por-agresion-fisica-y-psicologica\/#primaryimage\"},\"thumbnailUrl\":\"https:\/\/pagina10.com\/web\/wp-content\/uploads\/2023\/08\/jjjjj.png\",\"articleSection\":[\"Titulares\"],\"inLanguage\":\"es\",\"potentialAction\":[{\"@type\":\"CommentAction\",\"name\":\"Comment\",\"target\":[\"https:\/\/pagina10.com\/web\/ex-pareja-del-rapero-big-stan-lo-denuncia-por-agresion-fisica-y-psicologica\/#respond\"]}]},{\"@type\":\"WebPage\",\"@id\":\"https:\/\/pagina10.com\/web\/ex-pareja-del-rapero-big-stan-lo-denuncia-por-agresion-fisica-y-psicologica\/\",\"url\":\"https:\/\/pagina10.com\/web\/ex-pareja-del-rapero-big-stan-lo-denuncia-por-agresion-fisica-y-psicologica\/\",\"name\":\"Ex pareja del rapero \u2018Big Stan\u2019 lo denuncia por agresi\u00f3n f\u00edsica y psicol\u00f3gica | P\u00e1gina10\",\"isPartOf\":{\"@id\":\"https:\/\/pagina10.com\/web\/#website\"},\"primaryImageOfPage\":{\"@id\":\"https:\/\/pagina10.com\/web\/ex-pareja-del-rapero-big-stan-lo-denuncia-por-agresion-fisica-y-psicologica\/#primaryimage\"},\"image\":{\"@id\":\"https:\/\/pagina10.com\/web\/ex-pareja-del-rapero-big-stan-lo-denuncia-por-agresion-fisica-y-psicologica\/#primaryimage\"},\"thumbnailUrl\":\"https:\/\/pagina10.com\/web\/wp-content\/uploads\/2023\/08\/jjjjj.png\",\"datePublished\":\"2023-08-24T04:57:59+00:00\",\"breadcrumb\":{\"@id\":\"https:\/\/pagina10.com\/web\/ex-pareja-del-rapero-big-stan-lo-denuncia-por-agresion-fisica-y-psicologica\/#breadcrumb\"},\"inLanguage\":\"es\",\"potentialAction\":[{\"@type\":\"ReadAction\",\"target\":[\"https:\/\/pagina10.com\/web\/ex-pareja-del-rapero-big-stan-lo-denuncia-por-agresion-fisica-y-psicologica\/\"]}]},{\"@type\":\"ImageObject\",\"inLanguage\":\"es\",\"@id\":\"https:\/\/pagina10.com\/web\/ex-pareja-del-rapero-big-stan-lo-denuncia-por-agresion-fisica-y-psicologica\/#primaryimage\",\"url\":\"https:\/\/pagina10.com\/web\/wp-content\/uploads\/2023\/08\/jjjjj.png\",\"contentUrl\":\"https:\/\/pagina10.com\/web\/wp-content\/uploads\/2023\/08\/jjjjj.png\",\"width\":1634,\"height\":1125},{\"@type\":\"BreadcrumbList\",\"@id\":\"https:\/\/pagina10.com\/web\/ex-pareja-del-rapero-big-stan-lo-denuncia-por-agresion-fisica-y-psicologica\/#breadcrumb\",\"itemListElement\":[{\"@type\":\"ListItem\",\"position\":1,\"name\":\"Portada\",\"item\":\"https:\/\/pagina10.com\/web\/\"},{\"@type\":\"ListItem\",\"position\":2,\"name\":\"Ex pareja del rapero \u2018Big Stan\u2019 lo denuncia por agresi\u00f3n f\u00edsica y psicol\u00f3gica\"}]},{\"@type\":\"WebSite\",\"@id\":\"https:\/\/pagina10.com\/web\/#website\",\"url\":\"https:\/\/pagina10.com\/web\/\",\"name\":\"P\u00e1gina10\",\"description\":\"Peri\u00f3dico Regional\",\"publisher\":{\"@id\":\"https:\/\/pagina10.com\/web\/#organization\"},\"alternateName\":\"P\u00e1gina10 Peri\u00f3dico Regional\",\"potentialAction\":[{\"@type\":\"SearchAction\",\"target\":{\"@type\":\"EntryPoint\",\"urlTemplate\":\"https:\/\/pagina10.com\/web\/?s={search_term_string}\"},\"query-input\":{\"@type\":\"PropertyValueSpecification\",\"valueRequired\":true,\"valueName\":\"search_term_string\"}}],\"inLanguage\":\"es\"},{\"@type\":\"Organization\",\"@id\":\"https:\/\/pagina10.com\/web\/#organization\",\"name\":\"P\u00e1gina10\",\"alternateName\":\"P\u00e1gina10 Peri\u00f3dico Regional\",\"url\":\"https:\/\/pagina10.com\/web\/\",\"logo\":{\"@type\":\"ImageObject\",\"inLanguage\":\"es\",\"@id\":\"https:\/\/pagina10.com\/web\/#\/schema\/logo\/image\/\",\"url\":\"https:\/\/pagina10.com\/web\/wp-content\/uploads\/2024\/01\/40-pagina-10-periodico-regional-pasto.jpg\",\"contentUrl\":\"https:\/\/pagina10.com\/web\/wp-content\/uploads\/2024\/01\/40-pagina-10-periodico-regional-pasto.jpg\",\"width\":1280,\"height\":720,\"caption\":\"P\u00e1gina10\"},\"image\":{\"@id\":\"https:\/\/pagina10.com\/web\/#\/schema\/logo\/image\/\"},\"sameAs\":[\"https:\/\/www.facebook.com\/pag10com\",\"https:\/\/x.com\/Pag10com\",\"https:\/\/www.instagram.com\/pagina10col\/\",\"https:\/\/youtube.com\/channel\/pag10\",\"https:\/\/www.tiktok.com\/@p10col\"]},{\"@type\":\"Person\",\"@id\":\"https:\/\/pagina10.com\/web\/#\/schema\/person\/2efc4a090d25b667d3bc796798a3a81b\",\"name\":\"P\u00e1gina 10\",\"description\":\"P\u00e1gina 10 es un peri\u00f3dico regional que nace en Colombia, en el departamento de Nari\u00f1o, con un enfoque global, fundamentado en cuatro pilares esenciales: la libertad, el pluralismo, la inclusi\u00f3n y la independencia. P\u00e1gina 10 hace referencia a Nari\u00f1o como el d\u00e9cimo departamento creado en Colombia, despu\u00e9s de un proceso pol\u00edtico liderado por actores y actrices regionales con el fin de obtener la independencia y autonom\u00eda de nuestros territorios. Con la creaci\u00f3n de P\u00e1gina 10 se pretende abrir un escenario para el dialogo, la reflexi\u00f3n y el debate que se extienda a otras geograf\u00edas de Am\u00e9rica Latina y del planeta, en una apuesta por transformar colectivamente los desaf\u00edos de un mundo contempor\u00e1neo, m\u00e1s all\u00e1 de las fronteras impuestas.\",\"url\":\"https:\/\/pagina10.com\/web\/author\/pdiezadmin\/\"}]}<\/script>\n<!-- \/ Yoast SEO plugin. -->","yoast_head_json":{"title":"Ex pareja del rapero \u2018Big Stan\u2019 lo denuncia por agresi\u00f3n f\u00edsica y psicol\u00f3gica | P\u00e1gina10","robots":{"index":"index","follow":"follow","max-snippet":"max-snippet:-1","max-image-preview":"max-image-preview:large","max-video-preview":"max-video-preview:-1"},"canonical":"https:\/\/pagina10.com\/web\/ex-pareja-del-rapero-big-stan-lo-denuncia-por-agresion-fisica-y-psicologica\/","og_locale":"es_ES","og_type":"article","og_title":"Ex pareja del rapero \u2018Big Stan\u2019 lo denuncia por agresi\u00f3n f\u00edsica y psicol\u00f3gica | P\u00e1gina10","og_description":"El rapero nari\u00f1ense Esteban Camilo Hoyos, tambi\u00e9n conocido como Big Stan, fue denunciado por un nuevo caso de violencia de g\u00e9nero. Mar\u00eda Camila Cuadros, su expareja sentimental, present\u00f3 una denuncia p\u00fablica en la cual dio a conocer, que el pasado 19 de agosto fue v\u00edctima de abuso f\u00edsico por parte del cantante. Esta no es [&hellip;]","og_url":"https:\/\/pagina10.com\/web\/ex-pareja-del-rapero-big-stan-lo-denuncia-por-agresion-fisica-y-psicologica\/","og_site_name":"P\u00e1gina10","article_publisher":"https:\/\/www.facebook.com\/pag10com","article_published_time":"2023-08-24T04:57:59+00:00","og_image":[{"width":1024,"height":705,"url":"https:\/\/pagina10.com\/web\/wp-content\/uploads\/2023\/08\/jjjjj-1024x705.png","type":"image\/png"}],"author":"P\u00e1gina 10","twitter_card":"summary_large_image","twitter_creator":"@Pag10com","twitter_site":"@Pag10com","twitter_misc":{"Escrito por":"P\u00e1gina 10","Tiempo de lectura":"2 minutos"},"schema":{"@context":"https:\/\/schema.org","@graph":[{"@type":"Article","@id":"https:\/\/pagina10.com\/web\/ex-pareja-del-rapero-big-stan-lo-denuncia-por-agresion-fisica-y-psicologica\/#article","isPartOf":{"@id":"https:\/\/pagina10.com\/web\/ex-pareja-del-rapero-big-stan-lo-denuncia-por-agresion-fisica-y-psicologica\/"},"author":{"name":"P\u00e1gina 10","@id":"https:\/\/pagina10.com\/web\/#\/schema\/person\/2efc4a090d25b667d3bc796798a3a81b"},"headline":"Ex pareja del rapero \u2018Big Stan\u2019 lo denuncia por agresi\u00f3n f\u00edsica y psicol\u00f3gica","datePublished":"2023-08-24T04:57:59+00:00","mainEntityOfPage":{"@id":"https:\/\/pagina10.com\/web\/ex-pareja-del-rapero-big-stan-lo-denuncia-por-agresion-fisica-y-psicologica\/"},"wordCount":425,"commentCount":0,"publisher":{"@id":"https:\/\/pagina10.com\/web\/#organization"},"image":{"@id":"https:\/\/pagina10.com\/web\/ex-pareja-del-rapero-big-stan-lo-denuncia-por-agresion-fisica-y-psicologica\/#primaryimage"},"thumbnailUrl":"https:\/\/pagina10.com\/web\/wp-content\/uploads\/2023\/08\/jjjjj.png","articleSection":["Titulares"],"inLanguage":"es","potentialAction":[{"@type":"CommentAction","name":"Comment","target":["https:\/\/pagina10.com\/web\/ex-pareja-del-rapero-big-stan-lo-denuncia-por-agresion-fisica-y-psicologica\/#respond"]}]},{"@type":"WebPage","@id":"https:\/\/pagina10.com\/web\/ex-pareja-del-rapero-big-stan-lo-denuncia-por-agresion-fisica-y-psicologica\/","url":"https:\/\/pagina10.com\/web\/ex-pareja-del-rapero-big-stan-lo-denuncia-por-agresion-fisica-y-psicologica\/","name":"Ex pareja del rapero \u2018Big Stan\u2019 lo denuncia por agresi\u00f3n f\u00edsica y psicol\u00f3gica | P\u00e1gina10","isPartOf":{"@id":"https:\/\/pagina10.com\/web\/#website"},"primaryImageOfPage":{"@id":"https:\/\/pagina10.com\/web\/ex-pareja-del-rapero-big-stan-lo-denuncia-por-agresion-fisica-y-psicologica\/#primaryimage"},"image":{"@id":"https:\/\/pagina10.com\/web\/ex-pareja-del-rapero-big-stan-lo-denuncia-por-agresion-fisica-y-psicologica\/#primaryimage"},"thumbnailUrl":"https:\/\/pagina10.com\/web\/wp-content\/uploads\/2023\/08\/jjjjj.png","datePublished":"2023-08-24T04:57:59+00:00","breadcrumb":{"@id":"https:\/\/pagina10.com\/web\/ex-pareja-del-rapero-big-stan-lo-denuncia-por-agresion-fisica-y-psicologica\/#breadcrumb"},"inLanguage":"es","potentialAction":[{"@type":"ReadAction","target":["https:\/\/pagina10.com\/web\/ex-pareja-del-rapero-big-stan-lo-denuncia-por-agresion-fisica-y-psicologica\/"]}]},{"@type":"ImageObject","inLanguage":"es","@id":"https:\/\/pagina10.com\/web\/ex-pareja-del-rapero-big-stan-lo-denuncia-por-agresion-fisica-y-psicologica\/#primaryimage","url":"https:\/\/pagina10.com\/web\/wp-content\/uploads\/2023\/08\/jjjjj.png","contentUrl":"https:\/\/pagina10.com\/web\/wp-content\/uploads\/2023\/08\/jjjjj.png","width":1634,"height":1125},{"@type":"BreadcrumbList","@id":"https:\/\/pagina10.com\/web\/ex-pareja-del-rapero-big-stan-lo-denuncia-por-agresion-fisica-y-psicologica\/#breadcrumb","itemListElement":[{"@type":"ListItem","position":1,"name":"Portada","item":"https:\/\/pagina10.com\/web\/"},{"@type":"ListItem","position":2,"name":"Ex pareja del rapero \u2018Big Stan\u2019 lo denuncia por agresi\u00f3n f\u00edsica y psicol\u00f3gica"}]},{"@type":"WebSite","@id":"https:\/\/pagina10.com\/web\/#website","url":"https:\/\/pagina10.com\/web\/","name":"P\u00e1gina10","description":"Peri\u00f3dico Regional","publisher":{"@id":"https:\/\/pagina10.com\/web\/#organization"},"alternateName":"P\u00e1gina10 Peri\u00f3dico Regional","potentialAction":[{"@type":"SearchAction","target":{"@type":"EntryPoint","urlTemplate":"https:\/\/pagina10.com\/web\/?s={search_term_string}"},"query-input":{"@type":"PropertyValueSpecification","valueRequired":true,"valueName":"search_term_string"}}],"inLanguage":"es"},{"@type":"Organization","@id":"https:\/\/pagina10.com\/web\/#organization","name":"P\u00e1gina10","alternateName":"P\u00e1gina10 Peri\u00f3dico Regional","url":"https:\/\/pagina10.com\/web\/","logo":{"@type":"ImageObject","inLanguage":"es","@id":"https:\/\/pagina10.com\/web\/#\/schema\/logo\/image\/","url":"https:\/\/pagina10.com\/web\/wp-content\/uploads\/2024\/01\/40-pagina-10-periodico-regional-pasto.jpg","contentUrl":"https:\/\/pagina10.com\/web\/wp-content\/uploads\/2024\/01\/40-pagina-10-periodico-regional-pasto.jpg","width":1280,"height":720,"caption":"P\u00e1gina10"},"image":{"@id":"https:\/\/pagina10.com\/web\/#\/schema\/logo\/image\/"},"sameAs":["https:\/\/www.facebook.com\/pag10com","https:\/\/x.com\/Pag10com","https:\/\/www.instagram.com\/pagina10col\/","https:\/\/youtube.com\/channel\/pag10","https:\/\/www.tiktok.com\/@p10col"]},{"@type":"Person","@id":"https:\/\/pagina10.com\/web\/#\/schema\/person\/2efc4a090d25b667d3bc796798a3a81b","name":"P\u00e1gina 10","description":"P\u00e1gina 10 es un peri\u00f3dico regional que nace en Colombia, en el departamento de Nari\u00f1o, con un enfoque global, fundamentado en cuatro pilares esenciales: la libertad, el pluralismo, la inclusi\u00f3n y la independencia. P\u00e1gina 10 hace referencia a Nari\u00f1o como el d\u00e9cimo departamento creado en Colombia, despu\u00e9s de un proceso pol\u00edtico liderado por actores y actrices regionales con el fin de obtener la independencia y autonom\u00eda de nuestros territorios. Con la creaci\u00f3n de P\u00e1gina 10 se pretende abrir un escenario para el dialogo, la reflexi\u00f3n y el debate que se extienda a otras geograf\u00edas de Am\u00e9rica Latina y del planeta, en una apuesta por transformar colectivamente los desaf\u00edos de un mundo contempor\u00e1neo, m\u00e1s all\u00e1 de las fronteras impuestas.","url":"https:\/\/pagina10.com\/web\/author\/pdiezadmin\/"}]}},"_links":{"self":[{"href":"https:\/\/pagina10.com\/web\/wp-json\/wp\/v2\/posts\/68333","targetHints":{"allow":["GET"]}}],"collection":[{"href":"https:\/\/pagina10.com\/web\/wp-json\/wp\/v2\/posts"}],"about":[{"href":"https:\/\/pagina10.com\/web\/wp-json\/wp\/v2\/types\/post"}],"author":[{"embeddable":true,"href":"https:\/\/pagina10.com\/web\/wp-json\/wp\/v2\/users\/1"}],"replies":[{"embeddable":true,"href":"https:\/\/pagina10.com\/web\/wp-json\/wp\/v2\/comments?post=68333"}],"version-history":[{"count":2,"href":"https:\/\/pagina10.com\/web\/wp-json\/wp\/v2\/posts\/68333\/revisions"}],"predecessor-version":[{"id":68343,"href":"https:\/\/pagina10.com\/web\/wp-json\/wp\/v2\/posts\/68333\/revisions\/68343"}],"wp:featuredmedia":[{"embeddable":true,"href":"https:\/\/pagina10.com\/web\/wp-json\/wp\/v2\/media\/68335"}],"wp:attachment":[{"href":"https:\/\/pagina10.com\/web\/wp-json\/wp\/v2\/media?parent=68333"}],"wp:term":[{"taxonomy":"category","embeddable":true,"href":"https:\/\/pagina10.com\/web\/wp-json\/wp\/v2\/categories?post=68333"},{"taxonomy":"post_tag","embeddable":true,"href":"https:\/\/pagina10.com\/web\/wp-json\/wp\/v2\/tags?post=68333"}],"curies":[{"name":"wp","href":"https:\/\/api.w.org\/{rel}","templated":true}]}}