{"id":68434,"date":"2023-08-29T10:02:52","date_gmt":"2023-08-29T15:02:52","guid":{"rendered":"https:\/\/pagina10.com\/web\/?p=68434"},"modified":"2023-08-29T10:02:52","modified_gmt":"2023-08-29T15:02:52","slug":"quien-es-luis-alfonso-escobar","status":"publish","type":"post","link":"https:\/\/pagina10.com\/web\/quien-es-luis-alfonso-escobar\/","title":{"rendered":"\u00bfQui\u00e9n es Luis Alfonso Escobar?"},"content":{"rendered":"<p style=\"text-align: justify;\">\n<p style=\"text-align: justify;\">Por: An\u00edbal Ar\u00e9valo Rosero<\/p>\n<p style=\"text-align: justify;\">\n<p style=\"text-align: justify;\">Es una persona con una gran calidad humana y forjado como el acero al calor del fuego. Acad\u00e9micamente es un hombre muy preparado con t\u00edtulo de economista de la Universidad del Valle (1994), Especialista en Gesti\u00f3n Ambiental de la Universidad Aut\u00f3noma (1997), y Doctor (PhD) en Cambio Global y Desarrollo Sostenible de la Universidad de Alcal\u00e1 de Henares (Tesis Suma Cum Laude, 2006). Es autor de un libro de econom\u00eda sostenible, ha sido investigador, profesor universitario, se desempe\u00f1\u00f3 como secretario de Planeaci\u00f3n en los \u00faltimos gobiernos departamentales.<\/p>\n<p style=\"text-align: justify;\">\n<p style=\"text-align: justify;\">Su gran fortaleza es su recorrido acad\u00e9mico, por la interacci\u00f3n tanto en las aulas universitarias como por su inter\u00e9s en el desarrollo de una econom\u00eda sostenible en materia ambiental y social. Su inter\u00e9s mayor no ha sido participar en la pol\u00edtica electoral, sino por el mundo acad\u00e9mico; pero su acreditaci\u00f3n lo lleva a que su vasta experiencia le reconozca sus capacidades para orientar los destinos del Departamento de Nari\u00f1o.<\/p>\n<p style=\"text-align: justify;\">\n<p style=\"text-align: justify;\">Quienes lo conocen de cerca, o han trabajado con \u00e9l, reconocen sus bondades en la planeaci\u00f3n y ejecuci\u00f3n de planes de gobierno que lo hacen digno merecedor de un cargo como el de Gobernador del Departamento de Nari\u00f1o. El doctor Escobar es un ciudadano de una conducta intachable, su proceder en el campo administrativo y acad\u00e9mico se ha caracterizado por su transparencia y entrega al fiel cumplimiento de sus compromisos.<\/p>\n<p style=\"text-align: justify;\">\n<p style=\"text-align: justify;\">Luis Alfonso Escobar proviene de la costa pac\u00edfica nari\u00f1ense, un territorio postrado en el olvido y la marginalidad por los poderes centrales. Procede de esa costa amada por todos, pero martirizada por la violencia estructural. Nacido en la vereda San Pedro del municipio de Tumaco, se educ\u00f3 con gran esfuerzo, como les corresponde a las familias de los territorios marginales.<\/p>\n<p style=\"text-align: justify;\">\n<p style=\"text-align: justify;\">Su hoja de vida es un amplio recorrido por los salones universitarios, los auditorios, donde imparte c\u00e1tedra o dicta conferencias de econom\u00eda ambiental. Ha recibido una considerable cantidad de distinciones en el \u00e1mbito nacional e internacional. Es un experimentado conocedor de la econom\u00eda global y local.<\/p>\n<p style=\"text-align: justify;\">\n<p style=\"text-align: justify;\">Fruto de su vasta experiencia, se le ha pedido que sea el gobernador del Departamento de Nari\u00f1o por el cuatrienio correspondiente al 2024 \u2013 2027. El doctor Luis Alfonso Escobar Jaramillo goza del apoyo de las bases territoriales y de la dirigencia pol\u00edtica local y nacional. Es una garant\u00eda del buen gobierno.<\/p>\n<p style=\"text-align: justify;\">\n<p style=\"text-align: justify;\">Teniendo en cuenta que los \u00faltimos dos gobiernos departamentales volvieron por la repartija burocr\u00e1tica, les ha importado muy poco proyectar el Departamento para salir de la nueva crisis econ\u00f3mica, fiscal y administrativa que se encuentra, es por ello que hoy se requiere una nueva forma de administrar. El gobierno del cambio, en este periodo de transici\u00f3n, ha sentado las bases estructurales de una nueva forma de administrar, exenta de corrupci\u00f3n, en la recuperaci\u00f3n de derechos fundamentales, en hacer presupuestos participativos, donde la comunidad sea protagonista; donde las juntas de acci\u00f3n comunal sean ejecutoras de recursos p\u00fablicos. Y por ello se requiere una persona con visi\u00f3n, con capacidad; con una manera estrat\u00e9gica de planear el Departamento hacia el futuro.<\/p>\n<p style=\"text-align: justify;\">\n<p style=\"text-align: justify;\">En este escenario encontramos a Luis Alfonso Escobar, una de las personas con mayor preparaci\u00f3n, con mayor visi\u00f3n de lo que significa el Departamento para explotar sus potencialidades. De all\u00ed que la gran apuesta es que el doctor Escobar pueda ser conocido por todos los nari\u00f1enses, desde su capacidad intelectualidad, su visi\u00f3n futurista, su intencionalidad, para que el Departamento se enrumbe por una ruta de progreso, y, sobre todo, cobrar una deuda hist\u00f3rica desde el nivel central. En esa articulaci\u00f3n costa-sierra con una apertura a todos los pa\u00edses de Suram\u00e9rica, donde Colombia pueda exportar productos, pero que tambi\u00e9n pueda importar. Esta es la propuesta planteada por Luis Alfonso Escobar, toda vez que la contienda siempre se ha limitado al pago de favores con cargos burocr\u00e1ticos a sus caciques pol\u00edticos.<\/p>\n<p style=\"text-align: justify;\">\n<p style=\"text-align: justify;\">Esta coyuntura de cambio no lo podemos perder. Se requiere bajar las pol\u00edticas nacionales para que se materialicen en lo local y territorial. Ser\u00eda una tarea fundamental, contar con una bancada en la Asamblea Departamental bajo este mismo ideario pol\u00edtico, desprendido del sectarismo. Ser\u00eda la clave del buen gobierno.<\/p>\n<p style=\"text-align: justify;\">\n<p style=\"text-align: justify;\">Es por ello que en este espacio reafirmamos nuestro respaldo al doctor Luis Alfonso Escobar Jaramillo como el candidato \u00fanico del Pacto Hist\u00f3rico y un administrador sensato para el Departamento de Nari\u00f1o.<\/p>\n<p style=\"text-align: justify;\">\n","protected":false},"excerpt":{"rendered":"<p>Por: An\u00edbal Ar\u00e9valo Rosero Es una persona con una gran calidad humana y forjado como el acero al calor del fuego. Acad\u00e9micamente es un hombre muy preparado con t\u00edtulo de economista de la Universidad del Valle (1994), Especialista en Gesti\u00f3n Ambiental de la Universidad Aut\u00f3noma (1997), y Doctor (PhD) en Cambio Global y Desarrollo Sostenible [&hellip;]<\/p>\n","protected":false},"author":65,"featured_media":68435,"comment_status":"open","ping_status":"open","sticky":false,"template":"","format":"standard","meta":{"footnotes":""},"categories":[14],"tags":[],"class_list":["post-68434","post","type-post","status-publish","format-standard","has-post-thumbnail","hentry","category-narino-actual"],"yoast_head":"<!-- This site is optimized with the Yoast SEO plugin v27.1.1 - https:\/\/yoast.com\/product\/yoast-seo-wordpress\/ -->\n<title>\u00bfQui\u00e9n es Luis Alfonso Escobar? | P\u00e1gina10<\/title>\n<meta name=\"robots\" content=\"index, follow, max-snippet:-1, max-image-preview:large, max-video-preview:-1\" \/>\n<link rel=\"canonical\" href=\"https:\/\/pagina10.com\/web\/quien-es-luis-alfonso-escobar\/\" \/>\n<meta property=\"og:locale\" content=\"es_ES\" \/>\n<meta property=\"og:type\" content=\"article\" \/>\n<meta property=\"og:title\" content=\"\u00bfQui\u00e9n es Luis Alfonso Escobar? | P\u00e1gina10\" \/>\n<meta property=\"og:description\" content=\"Por: An\u00edbal Ar\u00e9valo Rosero Es una persona con una gran calidad humana y forjado como el acero al calor del fuego. Acad\u00e9micamente es un hombre muy preparado con t\u00edtulo de economista de la Universidad del Valle (1994), Especialista en Gesti\u00f3n Ambiental de la Universidad Aut\u00f3noma (1997), y Doctor (PhD) en Cambio Global y Desarrollo Sostenible [&hellip;]\" \/>\n<meta property=\"og:url\" content=\"https:\/\/pagina10.com\/web\/quien-es-luis-alfonso-escobar\/\" \/>\n<meta property=\"og:site_name\" content=\"P\u00e1gina10\" \/>\n<meta property=\"article:publisher\" content=\"https:\/\/www.facebook.com\/pag10com\" \/>\n<meta property=\"article:published_time\" content=\"2023-08-29T15:02:52+00:00\" \/>\n<meta property=\"og:image\" content=\"https:\/\/pagina10.com\/web\/wp-content\/uploads\/2023\/08\/WhatsApp-Image-2023-08-28-at-1.44.45-PM.jpeg\" \/>\n\t<meta property=\"og:image:width\" content=\"1080\" \/>\n\t<meta property=\"og:image:height\" content=\"590\" \/>\n\t<meta property=\"og:image:type\" content=\"image\/jpeg\" \/>\n<meta name=\"author\" content=\"Anibal Ar\u00e9valo Rosero\" \/>\n<meta name=\"twitter:card\" content=\"summary_large_image\" \/>\n<meta name=\"twitter:creator\" content=\"@Pag10com\" \/>\n<meta name=\"twitter:site\" content=\"@Pag10com\" \/>\n<meta name=\"twitter:label1\" content=\"Escrito por\" \/>\n\t<meta name=\"twitter:data1\" content=\"Anibal Ar\u00e9valo Rosero\" \/>\n\t<meta name=\"twitter:label2\" content=\"Tiempo de lectura\" \/>\n\t<meta name=\"twitter:data2\" content=\"4 minutos\" \/>\n<script type=\"application\/ld+json\" class=\"yoast-schema-graph\">{\"@context\":\"https:\/\/schema.org\",\"@graph\":[{\"@type\":\"Article\",\"@id\":\"https:\/\/pagina10.com\/web\/quien-es-luis-alfonso-escobar\/#article\",\"isPartOf\":{\"@id\":\"https:\/\/pagina10.com\/web\/quien-es-luis-alfonso-escobar\/\"},\"author\":{\"name\":\"Anibal Ar\u00e9valo Rosero\",\"@id\":\"https:\/\/pagina10.com\/web\/#\/schema\/person\/9ec3e2b432363a195d2d01bf820c66fe\"},\"headline\":\"\u00bfQui\u00e9n es Luis Alfonso Escobar?\",\"datePublished\":\"2023-08-29T15:02:52+00:00\",\"mainEntityOfPage\":{\"@id\":\"https:\/\/pagina10.com\/web\/quien-es-luis-alfonso-escobar\/\"},\"wordCount\":771,\"commentCount\":0,\"publisher\":{\"@id\":\"https:\/\/pagina10.com\/web\/#organization\"},\"image\":{\"@id\":\"https:\/\/pagina10.com\/web\/quien-es-luis-alfonso-escobar\/#primaryimage\"},\"thumbnailUrl\":\"https:\/\/pagina10.com\/web\/wp-content\/uploads\/2023\/08\/WhatsApp-Image-2023-08-28-at-1.44.45-PM.jpeg\",\"articleSection\":[\"Nari\u00f1o Actual\"],\"inLanguage\":\"es\",\"potentialAction\":[{\"@type\":\"CommentAction\",\"name\":\"Comment\",\"target\":[\"https:\/\/pagina10.com\/web\/quien-es-luis-alfonso-escobar\/#respond\"]}]},{\"@type\":\"WebPage\",\"@id\":\"https:\/\/pagina10.com\/web\/quien-es-luis-alfonso-escobar\/\",\"url\":\"https:\/\/pagina10.com\/web\/quien-es-luis-alfonso-escobar\/\",\"name\":\"\u00bfQui\u00e9n es Luis Alfonso Escobar? | P\u00e1gina10\",\"isPartOf\":{\"@id\":\"https:\/\/pagina10.com\/web\/#website\"},\"primaryImageOfPage\":{\"@id\":\"https:\/\/pagina10.com\/web\/quien-es-luis-alfonso-escobar\/#primaryimage\"},\"image\":{\"@id\":\"https:\/\/pagina10.com\/web\/quien-es-luis-alfonso-escobar\/#primaryimage\"},\"thumbnailUrl\":\"https:\/\/pagina10.com\/web\/wp-content\/uploads\/2023\/08\/WhatsApp-Image-2023-08-28-at-1.44.45-PM.jpeg\",\"datePublished\":\"2023-08-29T15:02:52+00:00\",\"breadcrumb\":{\"@id\":\"https:\/\/pagina10.com\/web\/quien-es-luis-alfonso-escobar\/#breadcrumb\"},\"inLanguage\":\"es\",\"potentialAction\":[{\"@type\":\"ReadAction\",\"target\":[\"https:\/\/pagina10.com\/web\/quien-es-luis-alfonso-escobar\/\"]}]},{\"@type\":\"ImageObject\",\"inLanguage\":\"es\",\"@id\":\"https:\/\/pagina10.com\/web\/quien-es-luis-alfonso-escobar\/#primaryimage\",\"url\":\"https:\/\/pagina10.com\/web\/wp-content\/uploads\/2023\/08\/WhatsApp-Image-2023-08-28-at-1.44.45-PM.jpeg\",\"contentUrl\":\"https:\/\/pagina10.com\/web\/wp-content\/uploads\/2023\/08\/WhatsApp-Image-2023-08-28-at-1.44.45-PM.jpeg\",\"width\":1080,\"height\":590},{\"@type\":\"BreadcrumbList\",\"@id\":\"https:\/\/pagina10.com\/web\/quien-es-luis-alfonso-escobar\/#breadcrumb\",\"itemListElement\":[{\"@type\":\"ListItem\",\"position\":1,\"name\":\"Portada\",\"item\":\"https:\/\/pagina10.com\/web\/\"},{\"@type\":\"ListItem\",\"position\":2,\"name\":\"\u00bfQui\u00e9n es Luis Alfonso Escobar?\"}]},{\"@type\":\"WebSite\",\"@id\":\"https:\/\/pagina10.com\/web\/#website\",\"url\":\"https:\/\/pagina10.com\/web\/\",\"name\":\"P\u00e1gina10\",\"description\":\"Peri\u00f3dico Regional\",\"publisher\":{\"@id\":\"https:\/\/pagina10.com\/web\/#organization\"},\"alternateName\":\"P\u00e1gina10 Peri\u00f3dico Regional\",\"potentialAction\":[{\"@type\":\"SearchAction\",\"target\":{\"@type\":\"EntryPoint\",\"urlTemplate\":\"https:\/\/pagina10.com\/web\/?s={search_term_string}\"},\"query-input\":{\"@type\":\"PropertyValueSpecification\",\"valueRequired\":true,\"valueName\":\"search_term_string\"}}],\"inLanguage\":\"es\"},{\"@type\":\"Organization\",\"@id\":\"https:\/\/pagina10.com\/web\/#organization\",\"name\":\"P\u00e1gina10\",\"alternateName\":\"P\u00e1gina10 Peri\u00f3dico Regional\",\"url\":\"https:\/\/pagina10.com\/web\/\",\"logo\":{\"@type\":\"ImageObject\",\"inLanguage\":\"es\",\"@id\":\"https:\/\/pagina10.com\/web\/#\/schema\/logo\/image\/\",\"url\":\"https:\/\/pagina10.com\/web\/wp-content\/uploads\/2024\/01\/40-pagina-10-periodico-regional-pasto.jpg\",\"contentUrl\":\"https:\/\/pagina10.com\/web\/wp-content\/uploads\/2024\/01\/40-pagina-10-periodico-regional-pasto.jpg\",\"width\":1280,\"height\":720,\"caption\":\"P\u00e1gina10\"},\"image\":{\"@id\":\"https:\/\/pagina10.com\/web\/#\/schema\/logo\/image\/\"},\"sameAs\":[\"https:\/\/www.facebook.com\/pag10com\",\"https:\/\/x.com\/Pag10com\",\"https:\/\/www.instagram.com\/pagina10col\/\",\"https:\/\/youtube.com\/channel\/pag10\",\"https:\/\/www.tiktok.com\/@p10col\"]},{\"@type\":\"Person\",\"@id\":\"https:\/\/pagina10.com\/web\/#\/schema\/person\/9ec3e2b432363a195d2d01bf820c66fe\",\"name\":\"Anibal Ar\u00e9valo Rosero\",\"description\":\"An\u00edbal Ar\u00e9valo Rosero a trav\u00e9s de su vida ha realizado diversas actividades tendientes a reivindicar al ser humano en su conciencia plena. Durante su vida ha hecho teatro, a escrito poes\u00eda y en sus tiempos de universitario realiz\u00f3 varias publicaciones entre las que se recuerda la revista Quinde. Junto con otros compa\u00f1eros fund\u00f3 el Taller Cultural El Cueche, equipo con el que se hicieron varias publicaciones. De este mismo grupo hay que resaltar que se hizo un trabajo pionero en la difusi\u00f3n de la m\u00fasica andina, latinoamericana y del caribe. Despu\u00e9s de terminar sus estudios de biolog\u00eda en la Universidad de Nari\u00f1o entr\u00f3 a laborar en emisoras de la ciudad de Pasto como en RCN, donde se desempe\u00f1aba como locutor de planta. Dirigi\u00f3 programas en la extinta Ondas del Mayo, en varias oportunidades; tambi\u00e9n en Ecos de Pasto. Fue colaborador de el Noticias RCN y dirigi\u00f3 el programa Simana al D\u00eda, del Sindicato del Magisterio de Nari\u00f1o, en dos \u00e9pocas. En el a\u00f1o de 1992 funda el Comit\u00e9 de Solidaridad con Cuba Jos\u00e9 Mart\u00ed, cuyo objetivo era divulgar la realidad cubana y expresar apoyo moral, pol\u00edtico y material al pa\u00eds caribe\u00f1o. Ante la mala interpretaci\u00f3n que la gente le daba a este tipo de acciones, se decide promover viajes de solidad a Cuba para participar en la Brigada Latinoamericana de Trabajo Voluntario, en el Festival Cuba Vive y, de manera especia,l en el 14 Festival Mundial de la Juventud y los Estudiantes, que se desarroll\u00f3 en la isla en el a\u00f1o de 1997. Con esta experiencia impulsa el turismo al pa\u00eds caribe\u00f1o con el resultado de que miles de personas han participado de las excursiones organizadas por Ar\u00e9valo Rosero. Asimismo ha venido impulsando las Brigadas de Salud en Cuba, tendiente a llevar pacientes de c\u00e1ncer a ese destino con el fin de que reciban atenci\u00f3n m\u00e9dica, teniendo en cuenta que la experiencia cubana en el tema ha sido bastante favorable. Veinte a\u00f1os despu\u00e9s de estas nutritivas experiencias, le permiten impulsar excursiones adem\u00e1s a M\u00e9xico, Machu Picchu, Argentina, Ecuador, Panam\u00e1 y Tierra Santa. En cuanto al desempe\u00f1o period\u00edstico, adem\u00e1s de los medios radiales y de televisi\u00f3n, en los canales de la universidades de Nari\u00f1o y Mariana, se ha desempe\u00f1ado como columnista en Diario del Sur durante 6 a\u00f1os y en algunos medios virtuales. Tambi\u00e9n es colaborador de el Diario del Cauca. Considera que la pr\u00e1ctica de la lectura es beber de la fuente nutricia que permite apropiarse de manera consciente del ejercicio de la democracia; y la posibilidad de escribir y ser le\u00eddo, acceder al poder, por que considera la palabra como el mayor instrumento de acci\u00f3n cuando est\u00e1 bien encamina al leg\u00edtimo servicio social. En la actualidad adem\u00e1s de so\u00f1ar con viajar por el mundo se desempe\u00f1a como docente del departamento de ciencias de Inem Luis Delf\u00edn Insuasty de Pasto. Correo: Esta direcci\u00f3n de correo electr\u00f3nico est\u00e1 protegida contra spambots. Usted necesita tener Javascript activado para poder verla.\\\" target=\\\"_blank\\\" style=\\\"color: #1155cc; text-align: justify; font-family: arial, sans-serif; font-size: 13px; line-height: normal;\\\"&gt;fundacionecosofia@gmail.com\",\"url\":\"https:\/\/pagina10.com\/web\/author\/anibal\/\"}]}<\/script>\n<!-- \/ Yoast SEO plugin. -->","yoast_head_json":{"title":"\u00bfQui\u00e9n es Luis Alfonso Escobar? | P\u00e1gina10","robots":{"index":"index","follow":"follow","max-snippet":"max-snippet:-1","max-image-preview":"max-image-preview:large","max-video-preview":"max-video-preview:-1"},"canonical":"https:\/\/pagina10.com\/web\/quien-es-luis-alfonso-escobar\/","og_locale":"es_ES","og_type":"article","og_title":"\u00bfQui\u00e9n es Luis Alfonso Escobar? | P\u00e1gina10","og_description":"Por: An\u00edbal Ar\u00e9valo Rosero Es una persona con una gran calidad humana y forjado como el acero al calor del fuego. Acad\u00e9micamente es un hombre muy preparado con t\u00edtulo de economista de la Universidad del Valle (1994), Especialista en Gesti\u00f3n Ambiental de la Universidad Aut\u00f3noma (1997), y Doctor (PhD) en Cambio Global y Desarrollo Sostenible [&hellip;]","og_url":"https:\/\/pagina10.com\/web\/quien-es-luis-alfonso-escobar\/","og_site_name":"P\u00e1gina10","article_publisher":"https:\/\/www.facebook.com\/pag10com","article_published_time":"2023-08-29T15:02:52+00:00","og_image":[{"width":1080,"height":590,"url":"https:\/\/pagina10.com\/web\/wp-content\/uploads\/2023\/08\/WhatsApp-Image-2023-08-28-at-1.44.45-PM.jpeg","type":"image\/jpeg"}],"author":"Anibal Ar\u00e9valo Rosero","twitter_card":"summary_large_image","twitter_creator":"@Pag10com","twitter_site":"@Pag10com","twitter_misc":{"Escrito por":"Anibal Ar\u00e9valo Rosero","Tiempo de lectura":"4 minutos"},"schema":{"@context":"https:\/\/schema.org","@graph":[{"@type":"Article","@id":"https:\/\/pagina10.com\/web\/quien-es-luis-alfonso-escobar\/#article","isPartOf":{"@id":"https:\/\/pagina10.com\/web\/quien-es-luis-alfonso-escobar\/"},"author":{"name":"Anibal Ar\u00e9valo Rosero","@id":"https:\/\/pagina10.com\/web\/#\/schema\/person\/9ec3e2b432363a195d2d01bf820c66fe"},"headline":"\u00bfQui\u00e9n es Luis Alfonso Escobar?","datePublished":"2023-08-29T15:02:52+00:00","mainEntityOfPage":{"@id":"https:\/\/pagina10.com\/web\/quien-es-luis-alfonso-escobar\/"},"wordCount":771,"commentCount":0,"publisher":{"@id":"https:\/\/pagina10.com\/web\/#organization"},"image":{"@id":"https:\/\/pagina10.com\/web\/quien-es-luis-alfonso-escobar\/#primaryimage"},"thumbnailUrl":"https:\/\/pagina10.com\/web\/wp-content\/uploads\/2023\/08\/WhatsApp-Image-2023-08-28-at-1.44.45-PM.jpeg","articleSection":["Nari\u00f1o Actual"],"inLanguage":"es","potentialAction":[{"@type":"CommentAction","name":"Comment","target":["https:\/\/pagina10.com\/web\/quien-es-luis-alfonso-escobar\/#respond"]}]},{"@type":"WebPage","@id":"https:\/\/pagina10.com\/web\/quien-es-luis-alfonso-escobar\/","url":"https:\/\/pagina10.com\/web\/quien-es-luis-alfonso-escobar\/","name":"\u00bfQui\u00e9n es Luis Alfonso Escobar? | P\u00e1gina10","isPartOf":{"@id":"https:\/\/pagina10.com\/web\/#website"},"primaryImageOfPage":{"@id":"https:\/\/pagina10.com\/web\/quien-es-luis-alfonso-escobar\/#primaryimage"},"image":{"@id":"https:\/\/pagina10.com\/web\/quien-es-luis-alfonso-escobar\/#primaryimage"},"thumbnailUrl":"https:\/\/pagina10.com\/web\/wp-content\/uploads\/2023\/08\/WhatsApp-Image-2023-08-28-at-1.44.45-PM.jpeg","datePublished":"2023-08-29T15:02:52+00:00","breadcrumb":{"@id":"https:\/\/pagina10.com\/web\/quien-es-luis-alfonso-escobar\/#breadcrumb"},"inLanguage":"es","potentialAction":[{"@type":"ReadAction","target":["https:\/\/pagina10.com\/web\/quien-es-luis-alfonso-escobar\/"]}]},{"@type":"ImageObject","inLanguage":"es","@id":"https:\/\/pagina10.com\/web\/quien-es-luis-alfonso-escobar\/#primaryimage","url":"https:\/\/pagina10.com\/web\/wp-content\/uploads\/2023\/08\/WhatsApp-Image-2023-08-28-at-1.44.45-PM.jpeg","contentUrl":"https:\/\/pagina10.com\/web\/wp-content\/uploads\/2023\/08\/WhatsApp-Image-2023-08-28-at-1.44.45-PM.jpeg","width":1080,"height":590},{"@type":"BreadcrumbList","@id":"https:\/\/pagina10.com\/web\/quien-es-luis-alfonso-escobar\/#breadcrumb","itemListElement":[{"@type":"ListItem","position":1,"name":"Portada","item":"https:\/\/pagina10.com\/web\/"},{"@type":"ListItem","position":2,"name":"\u00bfQui\u00e9n es Luis Alfonso Escobar?"}]},{"@type":"WebSite","@id":"https:\/\/pagina10.com\/web\/#website","url":"https:\/\/pagina10.com\/web\/","name":"P\u00e1gina10","description":"Peri\u00f3dico Regional","publisher":{"@id":"https:\/\/pagina10.com\/web\/#organization"},"alternateName":"P\u00e1gina10 Peri\u00f3dico Regional","potentialAction":[{"@type":"SearchAction","target":{"@type":"EntryPoint","urlTemplate":"https:\/\/pagina10.com\/web\/?s={search_term_string}"},"query-input":{"@type":"PropertyValueSpecification","valueRequired":true,"valueName":"search_term_string"}}],"inLanguage":"es"},{"@type":"Organization","@id":"https:\/\/pagina10.com\/web\/#organization","name":"P\u00e1gina10","alternateName":"P\u00e1gina10 Peri\u00f3dico Regional","url":"https:\/\/pagina10.com\/web\/","logo":{"@type":"ImageObject","inLanguage":"es","@id":"https:\/\/pagina10.com\/web\/#\/schema\/logo\/image\/","url":"https:\/\/pagina10.com\/web\/wp-content\/uploads\/2024\/01\/40-pagina-10-periodico-regional-pasto.jpg","contentUrl":"https:\/\/pagina10.com\/web\/wp-content\/uploads\/2024\/01\/40-pagina-10-periodico-regional-pasto.jpg","width":1280,"height":720,"caption":"P\u00e1gina10"},"image":{"@id":"https:\/\/pagina10.com\/web\/#\/schema\/logo\/image\/"},"sameAs":["https:\/\/www.facebook.com\/pag10com","https:\/\/x.com\/Pag10com","https:\/\/www.instagram.com\/pagina10col\/","https:\/\/youtube.com\/channel\/pag10","https:\/\/www.tiktok.com\/@p10col"]},{"@type":"Person","@id":"https:\/\/pagina10.com\/web\/#\/schema\/person\/9ec3e2b432363a195d2d01bf820c66fe","name":"Anibal Ar\u00e9valo Rosero","description":"An\u00edbal Ar\u00e9valo Rosero a trav\u00e9s de su vida ha realizado diversas actividades tendientes a reivindicar al ser humano en su conciencia plena. Durante su vida ha hecho teatro, a escrito poes\u00eda y en sus tiempos de universitario realiz\u00f3 varias publicaciones entre las que se recuerda la revista Quinde. Junto con otros compa\u00f1eros fund\u00f3 el Taller Cultural El Cueche, equipo con el que se hicieron varias publicaciones. De este mismo grupo hay que resaltar que se hizo un trabajo pionero en la difusi\u00f3n de la m\u00fasica andina, latinoamericana y del caribe. Despu\u00e9s de terminar sus estudios de biolog\u00eda en la Universidad de Nari\u00f1o entr\u00f3 a laborar en emisoras de la ciudad de Pasto como en RCN, donde se desempe\u00f1aba como locutor de planta. Dirigi\u00f3 programas en la extinta Ondas del Mayo, en varias oportunidades; tambi\u00e9n en Ecos de Pasto. Fue colaborador de el Noticias RCN y dirigi\u00f3 el programa Simana al D\u00eda, del Sindicato del Magisterio de Nari\u00f1o, en dos \u00e9pocas. En el a\u00f1o de 1992 funda el Comit\u00e9 de Solidaridad con Cuba Jos\u00e9 Mart\u00ed, cuyo objetivo era divulgar la realidad cubana y expresar apoyo moral, pol\u00edtico y material al pa\u00eds caribe\u00f1o. Ante la mala interpretaci\u00f3n que la gente le daba a este tipo de acciones, se decide promover viajes de solidad a Cuba para participar en la Brigada Latinoamericana de Trabajo Voluntario, en el Festival Cuba Vive y, de manera especia,l en el 14 Festival Mundial de la Juventud y los Estudiantes, que se desarroll\u00f3 en la isla en el a\u00f1o de 1997. Con esta experiencia impulsa el turismo al pa\u00eds caribe\u00f1o con el resultado de que miles de personas han participado de las excursiones organizadas por Ar\u00e9valo Rosero. Asimismo ha venido impulsando las Brigadas de Salud en Cuba, tendiente a llevar pacientes de c\u00e1ncer a ese destino con el fin de que reciban atenci\u00f3n m\u00e9dica, teniendo en cuenta que la experiencia cubana en el tema ha sido bastante favorable. Veinte a\u00f1os despu\u00e9s de estas nutritivas experiencias, le permiten impulsar excursiones adem\u00e1s a M\u00e9xico, Machu Picchu, Argentina, Ecuador, Panam\u00e1 y Tierra Santa. En cuanto al desempe\u00f1o period\u00edstico, adem\u00e1s de los medios radiales y de televisi\u00f3n, en los canales de la universidades de Nari\u00f1o y Mariana, se ha desempe\u00f1ado como columnista en Diario del Sur durante 6 a\u00f1os y en algunos medios virtuales. Tambi\u00e9n es colaborador de el Diario del Cauca. Considera que la pr\u00e1ctica de la lectura es beber de la fuente nutricia que permite apropiarse de manera consciente del ejercicio de la democracia; y la posibilidad de escribir y ser le\u00eddo, acceder al poder, por que considera la palabra como el mayor instrumento de acci\u00f3n cuando est\u00e1 bien encamina al leg\u00edtimo servicio social. En la actualidad adem\u00e1s de so\u00f1ar con viajar por el mundo se desempe\u00f1a como docente del departamento de ciencias de Inem Luis Delf\u00edn Insuasty de Pasto. Correo: Esta direcci\u00f3n de correo electr\u00f3nico est\u00e1 protegida contra spambots. Usted necesita tener Javascript activado para poder verla.\" target=\"_blank\" style=\"color: #1155cc; text-align: justify; font-family: arial, sans-serif; font-size: 13px; line-height: normal;\"&gt;fundacionecosofia@gmail.com","url":"https:\/\/pagina10.com\/web\/author\/anibal\/"}]}},"_links":{"self":[{"href":"https:\/\/pagina10.com\/web\/wp-json\/wp\/v2\/posts\/68434","targetHints":{"allow":["GET"]}}],"collection":[{"href":"https:\/\/pagina10.com\/web\/wp-json\/wp\/v2\/posts"}],"about":[{"href":"https:\/\/pagina10.com\/web\/wp-json\/wp\/v2\/types\/post"}],"author":[{"embeddable":true,"href":"https:\/\/pagina10.com\/web\/wp-json\/wp\/v2\/users\/65"}],"replies":[{"embeddable":true,"href":"https:\/\/pagina10.com\/web\/wp-json\/wp\/v2\/comments?post=68434"}],"version-history":[{"count":1,"href":"https:\/\/pagina10.com\/web\/wp-json\/wp\/v2\/posts\/68434\/revisions"}],"predecessor-version":[{"id":68436,"href":"https:\/\/pagina10.com\/web\/wp-json\/wp\/v2\/posts\/68434\/revisions\/68436"}],"wp:featuredmedia":[{"embeddable":true,"href":"https:\/\/pagina10.com\/web\/wp-json\/wp\/v2\/media\/68435"}],"wp:attachment":[{"href":"https:\/\/pagina10.com\/web\/wp-json\/wp\/v2\/media?parent=68434"}],"wp:term":[{"taxonomy":"category","embeddable":true,"href":"https:\/\/pagina10.com\/web\/wp-json\/wp\/v2\/categories?post=68434"},{"taxonomy":"post_tag","embeddable":true,"href":"https:\/\/pagina10.com\/web\/wp-json\/wp\/v2\/tags?post=68434"}],"curies":[{"name":"wp","href":"https:\/\/api.w.org\/{rel}","templated":true}]}}