{"id":68528,"date":"2023-09-03T22:21:14","date_gmt":"2023-09-04T03:21:14","guid":{"rendered":"https:\/\/pagina10.com\/web\/?p=68528"},"modified":"2024-01-22T23:25:47","modified_gmt":"2024-01-23T04:25:47","slug":"la-visita-ministerial","status":"publish","type":"post","link":"https:\/\/pagina10.com\/web\/la-visita-ministerial\/","title":{"rendered":"La visita ministerial"},"content":{"rendered":"<p style=\"text-align: justify;\">El s\u00e1bado 26 de agosto nos visitaron varios Ministros supuestamente para evaluar los compromisos del Gobierno Nacional con los nari\u00f1enses.<\/p>\n<p style=\"text-align: justify;\">Con respecto a lo tratado con el sector agropecuario, creo conveniente puntualizar:<\/p>\n<p style=\"text-align: justify;\">No podemos desconocer que al Ministerio de Agricultura nunca antes se le hab\u00edan asignado m\u00e1s de 8 billones para inversi\u00f3n, lo importante es que estos recursos se distribuyen equitativamente, que se asignen objetivamente y que se ejecuten de acuerdo a los planes de acci\u00f3n propuestos, no hay que olvidar que estamos a 4 meses para finalizar el a\u00f1o, que la ejecuci\u00f3n presupuestal de todos los ministerios ha sido m\u00ednima y para rematar estamos en plena \u00e9poca electoral por lo tanto se corre el riesgo como es costumbre de feriar contratos sin ton ni son , aprobando proyectos que poco o nada van a servir para el fortalecimiento del sector.<\/p>\n<p style=\"text-align: justify;\">La Ministra manifest\u00f3 que la pol\u00edtica del Gobierno Nacional es apuntarle a proyectos de impacto, eso est\u00e1 muy bien, porque atomizar recursos como el famoso GANA GANA que no aport\u00f3 nada al agro ni en lo t\u00e9cnico, ni en lo asociativo, ni en lo comercial ser\u00eda un desproposito, el GANA GANA fue simplemente un despilfarro de muchos recursos p\u00fablicos para beneficio de unos pocos.<\/p>\n<p style=\"text-align: justify;\">Igualmente nos dijo la Ministra que somos malos formuladores de proyectos, eso es verdad y lo hemos corroborado con la mayor\u00eda de los proyectos ejecutados en el Sistema General de Regal\u00edas, en CTI, con proyectos de recursos propios de la Gobernaci\u00f3n y Alcald\u00edas en donde se han aprobado propuestas absurdas que para rematar se han ejecutado a medias raz\u00f3n por la cual se han dilapidado m\u00e1s del 60% de los recursos p\u00fablicos asignados y como siempre los m\u00e1s perjudicados los peque\u00f1os productores.<\/p>\n<p style=\"text-align: justify;\">Desinformada est\u00e1 la Ministra al asegurar que las compras de los productos a los agricultores ha sido un \u00e9xito total, lo contrario se\u00f1ora Ministra fue un fracaso total; que todas las empresas for\u00e1neas contin\u00faan comprando normalmente la leche en el Departamento, eso es falso en este momento s\u00f3lo est\u00e1 comprando ALPINA y para colmo de males est\u00e1n fijando topes de litros a comprar.<\/p>\n<p style=\"text-align: justify;\">Nos oficializ\u00f3 que el proyecto de la pulverizadora va hacer una realidad, eso est\u00e1 muy bien y es el momento m\u00e1s oportuno, hoy los productores ya est\u00e1n capacitados para garantizar leche de calidad raz\u00f3n por la cual su contenido de s\u00f3lidos es el requerido para que el proceso de pulverizaci\u00f3n sea exitoso, a decir verdad, este proyecto ser\u00eda una excelente herramienta para solucionar o mitigar el eterno problema de excedentes de leche que siempre se presenta y que desafortunadamente a los que m\u00e1s afecta es a los peque\u00f1os productores.<\/p>\n<p style=\"text-align: justify;\">Ojal\u00e1 quienes eval\u00faen este importante proyecto tomen como referente experiencias de procesos desarrollados en la regi\u00f3n, por mencionar la experiencia con la industria l\u00e1ctea San Diego de Mallamues, la idoneidad de COLACTEOS que lleva m\u00e1s de 40 a\u00f1os y ha tenido un significativo desempe\u00f1o en el sector a nivel regional y nacional. Igualmente la constancia de L\u00e1cteos Santa Maria en Puerres que tiene excelentes avances, tenemos en Nari\u00f1o m\u00e1s de 25 empresas medianas y peque\u00f1as de L\u00e1cteos que tambi\u00e9n necesitan apoyo del Gobierno Nacional porque son generadoras de empleo, porque son ejemplo de sostenibilidad, de asociatividad y est\u00e1n aportando a dinamizar la econom\u00eda local y por ende a mejorar la calidad de vida de muchos peque\u00f1os agricultores.<\/p>\n<p style=\"text-align: justify;\">Se le olvid\u00f3 a la Ministra mencionar que tenemos modelos agroindustriales exitosos en caf\u00e9, cacao y tenemos en Ipiales Alimentos Nari\u00f1o que es Zona Franca y que ya est\u00e1 exportando a Ecuador y Nueva York. Alimentos Nari\u00f1o como alianza p\u00fablico privada que se puede aportar mucho al sector agr\u00edcola del Departamento por su experiencia, conocimiento y visi\u00f3n empresarial, por lo tanto necesita todo el apoyo del Gobierno del Cambio.<\/p>\n","protected":false},"excerpt":{"rendered":"<p>El s\u00e1bado 26 de agosto nos visitaron varios Ministros supuestamente para evaluar los compromisos del Gobierno Nacional con los nari\u00f1enses. Con respecto a lo tratado con el sector agropecuario, creo conveniente puntualizar: No podemos desconocer que al Ministerio de Agricultura nunca antes se le hab\u00edan asignado m\u00e1s de 8 billones para inversi\u00f3n, lo importante es [&hellip;]<\/p>\n","protected":false},"author":117,"featured_media":72586,"comment_status":"open","ping_status":"open","sticky":false,"template":"","format":"standard","meta":{"footnotes":""},"categories":[3],"tags":[],"class_list":["post-68528","post","type-post","status-publish","format-standard","has-post-thumbnail","hentry","category-opinion"],"yoast_head":"<!-- This site is optimized with the Yoast SEO plugin v27.1.1 - https:\/\/yoast.com\/product\/yoast-seo-wordpress\/ -->\n<title>La visita ministerial | P\u00e1gina10<\/title>\n<meta name=\"robots\" content=\"index, follow, max-snippet:-1, max-image-preview:large, max-video-preview:-1\" \/>\n<link rel=\"canonical\" href=\"https:\/\/pagina10.com\/web\/la-visita-ministerial\/\" \/>\n<meta property=\"og:locale\" content=\"es_ES\" \/>\n<meta property=\"og:type\" content=\"article\" \/>\n<meta property=\"og:title\" content=\"La visita ministerial | P\u00e1gina10\" \/>\n<meta property=\"og:description\" content=\"El s\u00e1bado 26 de agosto nos visitaron varios Ministros supuestamente para evaluar los compromisos del Gobierno Nacional con los nari\u00f1enses. Con respecto a lo tratado con el sector agropecuario, creo conveniente puntualizar: No podemos desconocer que al Ministerio de Agricultura nunca antes se le hab\u00edan asignado m\u00e1s de 8 billones para inversi\u00f3n, lo importante es [&hellip;]\" \/>\n<meta property=\"og:url\" content=\"https:\/\/pagina10.com\/web\/la-visita-ministerial\/\" \/>\n<meta property=\"og:site_name\" content=\"P\u00e1gina10\" \/>\n<meta property=\"article:publisher\" content=\"https:\/\/www.facebook.com\/pag10com\" \/>\n<meta property=\"article:published_time\" content=\"2023-09-04T03:21:14+00:00\" \/>\n<meta property=\"article:modified_time\" content=\"2024-01-23T04:25:47+00:00\" \/>\n<meta property=\"og:image\" content=\"https:\/\/pagina10.com\/web\/wp-content\/uploads\/2023\/11\/39-pagina-10-periodico-regional-pasto.jpg\" \/>\n\t<meta property=\"og:image:width\" content=\"1000\" \/>\n\t<meta property=\"og:image:height\" content=\"591\" \/>\n\t<meta property=\"og:image:type\" content=\"image\/jpeg\" \/>\n<meta name=\"author\" content=\"Luis Efr\u00e9n Delgado Eraso\" \/>\n<meta name=\"twitter:card\" content=\"summary_large_image\" \/>\n<meta name=\"twitter:creator\" content=\"@Pag10com\" \/>\n<meta name=\"twitter:site\" content=\"@Pag10com\" \/>\n<meta name=\"twitter:label1\" content=\"Escrito por\" \/>\n\t<meta name=\"twitter:data1\" content=\"Luis Efr\u00e9n Delgado Eraso\" \/>\n\t<meta name=\"twitter:label2\" content=\"Tiempo de lectura\" \/>\n\t<meta name=\"twitter:data2\" content=\"3 minutos\" \/>\n<script type=\"application\/ld+json\" class=\"yoast-schema-graph\">{\"@context\":\"https:\/\/schema.org\",\"@graph\":[{\"@type\":\"Article\",\"@id\":\"https:\/\/pagina10.com\/web\/la-visita-ministerial\/#article\",\"isPartOf\":{\"@id\":\"https:\/\/pagina10.com\/web\/la-visita-ministerial\/\"},\"author\":{\"name\":\"Luis Efr\u00e9n Delgado Eraso\",\"@id\":\"https:\/\/pagina10.com\/web\/#\/schema\/person\/ae1ad6ca00ca5d93e5f0fbfe76ed2a8b\"},\"headline\":\"La visita ministerial\",\"datePublished\":\"2023-09-04T03:21:14+00:00\",\"dateModified\":\"2024-01-23T04:25:47+00:00\",\"mainEntityOfPage\":{\"@id\":\"https:\/\/pagina10.com\/web\/la-visita-ministerial\/\"},\"wordCount\":676,\"commentCount\":0,\"publisher\":{\"@id\":\"https:\/\/pagina10.com\/web\/#organization\"},\"image\":{\"@id\":\"https:\/\/pagina10.com\/web\/la-visita-ministerial\/#primaryimage\"},\"thumbnailUrl\":\"https:\/\/pagina10.com\/web\/wp-content\/uploads\/2023\/11\/39-pagina-10-periodico-regional-pasto.jpg\",\"articleSection\":[\"Opini\u00f3n\"],\"inLanguage\":\"es\",\"potentialAction\":[{\"@type\":\"CommentAction\",\"name\":\"Comment\",\"target\":[\"https:\/\/pagina10.com\/web\/la-visita-ministerial\/#respond\"]}]},{\"@type\":\"WebPage\",\"@id\":\"https:\/\/pagina10.com\/web\/la-visita-ministerial\/\",\"url\":\"https:\/\/pagina10.com\/web\/la-visita-ministerial\/\",\"name\":\"La visita ministerial | P\u00e1gina10\",\"isPartOf\":{\"@id\":\"https:\/\/pagina10.com\/web\/#website\"},\"primaryImageOfPage\":{\"@id\":\"https:\/\/pagina10.com\/web\/la-visita-ministerial\/#primaryimage\"},\"image\":{\"@id\":\"https:\/\/pagina10.com\/web\/la-visita-ministerial\/#primaryimage\"},\"thumbnailUrl\":\"https:\/\/pagina10.com\/web\/wp-content\/uploads\/2023\/11\/39-pagina-10-periodico-regional-pasto.jpg\",\"datePublished\":\"2023-09-04T03:21:14+00:00\",\"dateModified\":\"2024-01-23T04:25:47+00:00\",\"breadcrumb\":{\"@id\":\"https:\/\/pagina10.com\/web\/la-visita-ministerial\/#breadcrumb\"},\"inLanguage\":\"es\",\"potentialAction\":[{\"@type\":\"ReadAction\",\"target\":[\"https:\/\/pagina10.com\/web\/la-visita-ministerial\/\"]}]},{\"@type\":\"ImageObject\",\"inLanguage\":\"es\",\"@id\":\"https:\/\/pagina10.com\/web\/la-visita-ministerial\/#primaryimage\",\"url\":\"https:\/\/pagina10.com\/web\/wp-content\/uploads\/2023\/11\/39-pagina-10-periodico-regional-pasto.jpg\",\"contentUrl\":\"https:\/\/pagina10.com\/web\/wp-content\/uploads\/2023\/11\/39-pagina-10-periodico-regional-pasto.jpg\",\"width\":1000,\"height\":591},{\"@type\":\"BreadcrumbList\",\"@id\":\"https:\/\/pagina10.com\/web\/la-visita-ministerial\/#breadcrumb\",\"itemListElement\":[{\"@type\":\"ListItem\",\"position\":1,\"name\":\"Portada\",\"item\":\"https:\/\/pagina10.com\/web\/\"},{\"@type\":\"ListItem\",\"position\":2,\"name\":\"La visita ministerial\"}]},{\"@type\":\"WebSite\",\"@id\":\"https:\/\/pagina10.com\/web\/#website\",\"url\":\"https:\/\/pagina10.com\/web\/\",\"name\":\"P\u00e1gina10\",\"description\":\"Peri\u00f3dico Regional\",\"publisher\":{\"@id\":\"https:\/\/pagina10.com\/web\/#organization\"},\"alternateName\":\"P\u00e1gina10 Peri\u00f3dico Regional\",\"potentialAction\":[{\"@type\":\"SearchAction\",\"target\":{\"@type\":\"EntryPoint\",\"urlTemplate\":\"https:\/\/pagina10.com\/web\/?s={search_term_string}\"},\"query-input\":{\"@type\":\"PropertyValueSpecification\",\"valueRequired\":true,\"valueName\":\"search_term_string\"}}],\"inLanguage\":\"es\"},{\"@type\":\"Organization\",\"@id\":\"https:\/\/pagina10.com\/web\/#organization\",\"name\":\"P\u00e1gina10\",\"alternateName\":\"P\u00e1gina10 Peri\u00f3dico Regional\",\"url\":\"https:\/\/pagina10.com\/web\/\",\"logo\":{\"@type\":\"ImageObject\",\"inLanguage\":\"es\",\"@id\":\"https:\/\/pagina10.com\/web\/#\/schema\/logo\/image\/\",\"url\":\"https:\/\/pagina10.com\/web\/wp-content\/uploads\/2024\/01\/40-pagina-10-periodico-regional-pasto.jpg\",\"contentUrl\":\"https:\/\/pagina10.com\/web\/wp-content\/uploads\/2024\/01\/40-pagina-10-periodico-regional-pasto.jpg\",\"width\":1280,\"height\":720,\"caption\":\"P\u00e1gina10\"},\"image\":{\"@id\":\"https:\/\/pagina10.com\/web\/#\/schema\/logo\/image\/\"},\"sameAs\":[\"https:\/\/www.facebook.com\/pag10com\",\"https:\/\/x.com\/Pag10com\",\"https:\/\/www.instagram.com\/pagina10col\/\",\"https:\/\/youtube.com\/channel\/pag10\",\"https:\/\/www.tiktok.com\/@p10col\"]},{\"@type\":\"Person\",\"@id\":\"https:\/\/pagina10.com\/web\/#\/schema\/person\/ae1ad6ca00ca5d93e5f0fbfe76ed2a8b\",\"name\":\"Luis Efr\u00e9n Delgado Eraso\",\"description\":\"Ingeniero Agron\u00f3mo -Universidad de Nari\u00f1o Esp. Gerencia de Empresas Agropecuarias Universidad La Salle Esp. Gerencia de Mercadeo Universidad Jorge Tadeo Lozano Becario Instituto CINADCO Israel y del Instituto Murciano de Agricultura IMIDA Espa\u00f1a Presidente Asociaci\u00f3n de Ingenieros Agron\u00f3mos de la Universidad de Nari\u00f1o ASOINAGRO\",\"url\":\"https:\/\/pagina10.com\/web\/author\/luis-delgado\/\"}]}<\/script>\n<!-- \/ Yoast SEO plugin. -->","yoast_head_json":{"title":"La visita ministerial | P\u00e1gina10","robots":{"index":"index","follow":"follow","max-snippet":"max-snippet:-1","max-image-preview":"max-image-preview:large","max-video-preview":"max-video-preview:-1"},"canonical":"https:\/\/pagina10.com\/web\/la-visita-ministerial\/","og_locale":"es_ES","og_type":"article","og_title":"La visita ministerial | P\u00e1gina10","og_description":"El s\u00e1bado 26 de agosto nos visitaron varios Ministros supuestamente para evaluar los compromisos del Gobierno Nacional con los nari\u00f1enses. Con respecto a lo tratado con el sector agropecuario, creo conveniente puntualizar: No podemos desconocer que al Ministerio de Agricultura nunca antes se le hab\u00edan asignado m\u00e1s de 8 billones para inversi\u00f3n, lo importante es [&hellip;]","og_url":"https:\/\/pagina10.com\/web\/la-visita-ministerial\/","og_site_name":"P\u00e1gina10","article_publisher":"https:\/\/www.facebook.com\/pag10com","article_published_time":"2023-09-04T03:21:14+00:00","article_modified_time":"2024-01-23T04:25:47+00:00","og_image":[{"width":1000,"height":591,"url":"https:\/\/pagina10.com\/web\/wp-content\/uploads\/2023\/11\/39-pagina-10-periodico-regional-pasto.jpg","type":"image\/jpeg"}],"author":"Luis Efr\u00e9n Delgado Eraso","twitter_card":"summary_large_image","twitter_creator":"@Pag10com","twitter_site":"@Pag10com","twitter_misc":{"Escrito por":"Luis Efr\u00e9n Delgado Eraso","Tiempo de lectura":"3 minutos"},"schema":{"@context":"https:\/\/schema.org","@graph":[{"@type":"Article","@id":"https:\/\/pagina10.com\/web\/la-visita-ministerial\/#article","isPartOf":{"@id":"https:\/\/pagina10.com\/web\/la-visita-ministerial\/"},"author":{"name":"Luis Efr\u00e9n Delgado Eraso","@id":"https:\/\/pagina10.com\/web\/#\/schema\/person\/ae1ad6ca00ca5d93e5f0fbfe76ed2a8b"},"headline":"La visita ministerial","datePublished":"2023-09-04T03:21:14+00:00","dateModified":"2024-01-23T04:25:47+00:00","mainEntityOfPage":{"@id":"https:\/\/pagina10.com\/web\/la-visita-ministerial\/"},"wordCount":676,"commentCount":0,"publisher":{"@id":"https:\/\/pagina10.com\/web\/#organization"},"image":{"@id":"https:\/\/pagina10.com\/web\/la-visita-ministerial\/#primaryimage"},"thumbnailUrl":"https:\/\/pagina10.com\/web\/wp-content\/uploads\/2023\/11\/39-pagina-10-periodico-regional-pasto.jpg","articleSection":["Opini\u00f3n"],"inLanguage":"es","potentialAction":[{"@type":"CommentAction","name":"Comment","target":["https:\/\/pagina10.com\/web\/la-visita-ministerial\/#respond"]}]},{"@type":"WebPage","@id":"https:\/\/pagina10.com\/web\/la-visita-ministerial\/","url":"https:\/\/pagina10.com\/web\/la-visita-ministerial\/","name":"La visita ministerial | P\u00e1gina10","isPartOf":{"@id":"https:\/\/pagina10.com\/web\/#website"},"primaryImageOfPage":{"@id":"https:\/\/pagina10.com\/web\/la-visita-ministerial\/#primaryimage"},"image":{"@id":"https:\/\/pagina10.com\/web\/la-visita-ministerial\/#primaryimage"},"thumbnailUrl":"https:\/\/pagina10.com\/web\/wp-content\/uploads\/2023\/11\/39-pagina-10-periodico-regional-pasto.jpg","datePublished":"2023-09-04T03:21:14+00:00","dateModified":"2024-01-23T04:25:47+00:00","breadcrumb":{"@id":"https:\/\/pagina10.com\/web\/la-visita-ministerial\/#breadcrumb"},"inLanguage":"es","potentialAction":[{"@type":"ReadAction","target":["https:\/\/pagina10.com\/web\/la-visita-ministerial\/"]}]},{"@type":"ImageObject","inLanguage":"es","@id":"https:\/\/pagina10.com\/web\/la-visita-ministerial\/#primaryimage","url":"https:\/\/pagina10.com\/web\/wp-content\/uploads\/2023\/11\/39-pagina-10-periodico-regional-pasto.jpg","contentUrl":"https:\/\/pagina10.com\/web\/wp-content\/uploads\/2023\/11\/39-pagina-10-periodico-regional-pasto.jpg","width":1000,"height":591},{"@type":"BreadcrumbList","@id":"https:\/\/pagina10.com\/web\/la-visita-ministerial\/#breadcrumb","itemListElement":[{"@type":"ListItem","position":1,"name":"Portada","item":"https:\/\/pagina10.com\/web\/"},{"@type":"ListItem","position":2,"name":"La visita ministerial"}]},{"@type":"WebSite","@id":"https:\/\/pagina10.com\/web\/#website","url":"https:\/\/pagina10.com\/web\/","name":"P\u00e1gina10","description":"Peri\u00f3dico Regional","publisher":{"@id":"https:\/\/pagina10.com\/web\/#organization"},"alternateName":"P\u00e1gina10 Peri\u00f3dico Regional","potentialAction":[{"@type":"SearchAction","target":{"@type":"EntryPoint","urlTemplate":"https:\/\/pagina10.com\/web\/?s={search_term_string}"},"query-input":{"@type":"PropertyValueSpecification","valueRequired":true,"valueName":"search_term_string"}}],"inLanguage":"es"},{"@type":"Organization","@id":"https:\/\/pagina10.com\/web\/#organization","name":"P\u00e1gina10","alternateName":"P\u00e1gina10 Peri\u00f3dico Regional","url":"https:\/\/pagina10.com\/web\/","logo":{"@type":"ImageObject","inLanguage":"es","@id":"https:\/\/pagina10.com\/web\/#\/schema\/logo\/image\/","url":"https:\/\/pagina10.com\/web\/wp-content\/uploads\/2024\/01\/40-pagina-10-periodico-regional-pasto.jpg","contentUrl":"https:\/\/pagina10.com\/web\/wp-content\/uploads\/2024\/01\/40-pagina-10-periodico-regional-pasto.jpg","width":1280,"height":720,"caption":"P\u00e1gina10"},"image":{"@id":"https:\/\/pagina10.com\/web\/#\/schema\/logo\/image\/"},"sameAs":["https:\/\/www.facebook.com\/pag10com","https:\/\/x.com\/Pag10com","https:\/\/www.instagram.com\/pagina10col\/","https:\/\/youtube.com\/channel\/pag10","https:\/\/www.tiktok.com\/@p10col"]},{"@type":"Person","@id":"https:\/\/pagina10.com\/web\/#\/schema\/person\/ae1ad6ca00ca5d93e5f0fbfe76ed2a8b","name":"Luis Efr\u00e9n Delgado Eraso","description":"Ingeniero Agron\u00f3mo -Universidad de Nari\u00f1o Esp. Gerencia de Empresas Agropecuarias Universidad La Salle Esp. Gerencia de Mercadeo Universidad Jorge Tadeo Lozano Becario Instituto CINADCO Israel y del Instituto Murciano de Agricultura IMIDA Espa\u00f1a Presidente Asociaci\u00f3n de Ingenieros Agron\u00f3mos de la Universidad de Nari\u00f1o ASOINAGRO","url":"https:\/\/pagina10.com\/web\/author\/luis-delgado\/"}]}},"_links":{"self":[{"href":"https:\/\/pagina10.com\/web\/wp-json\/wp\/v2\/posts\/68528","targetHints":{"allow":["GET"]}}],"collection":[{"href":"https:\/\/pagina10.com\/web\/wp-json\/wp\/v2\/posts"}],"about":[{"href":"https:\/\/pagina10.com\/web\/wp-json\/wp\/v2\/types\/post"}],"author":[{"embeddable":true,"href":"https:\/\/pagina10.com\/web\/wp-json\/wp\/v2\/users\/117"}],"replies":[{"embeddable":true,"href":"https:\/\/pagina10.com\/web\/wp-json\/wp\/v2\/comments?post=68528"}],"version-history":[{"count":1,"href":"https:\/\/pagina10.com\/web\/wp-json\/wp\/v2\/posts\/68528\/revisions"}],"predecessor-version":[{"id":68529,"href":"https:\/\/pagina10.com\/web\/wp-json\/wp\/v2\/posts\/68528\/revisions\/68529"}],"wp:featuredmedia":[{"embeddable":true,"href":"https:\/\/pagina10.com\/web\/wp-json\/wp\/v2\/media\/72586"}],"wp:attachment":[{"href":"https:\/\/pagina10.com\/web\/wp-json\/wp\/v2\/media?parent=68528"}],"wp:term":[{"taxonomy":"category","embeddable":true,"href":"https:\/\/pagina10.com\/web\/wp-json\/wp\/v2\/categories?post=68528"},{"taxonomy":"post_tag","embeddable":true,"href":"https:\/\/pagina10.com\/web\/wp-json\/wp\/v2\/tags?post=68528"}],"curies":[{"name":"wp","href":"https:\/\/api.w.org\/{rel}","templated":true}]}}