{"id":68547,"date":"2023-09-04T17:09:05","date_gmt":"2023-09-04T22:09:05","guid":{"rendered":"https:\/\/pagina10.com\/web\/?p=68547"},"modified":"2024-01-22T22:30:47","modified_gmt":"2024-01-23T03:30:47","slug":"y-el-agua-que-dice-la-contienda-electoral","status":"publish","type":"post","link":"https:\/\/pagina10.com\/web\/y-el-agua-que-dice-la-contienda-electoral\/","title":{"rendered":"\u00bfY el agua? \u00bfQu\u00e9 dice la contienda electoral?"},"content":{"rendered":"<p style=\"text-align: justify;\">Hablar sobre agua y saneamiento b\u00e1sico en la contienda electoral es de suma importancia por varias razones fundamentales.<\/p>\n<p style=\"text-align: justify;\">En un planeta donde el agua es esencial para la vida, resulta parad\u00f3jico que a menudo demos por sentada su disponibilidad. Nuestros grifos contin\u00faan fluyendo, nuestros r\u00edos siguen corriendo, pero la realidad es que el recurso h\u00eddrico es cada vez m\u00e1s escaso. La urgencia de cuidar y protegerla nunca ha sido tan evidente como en la actualidad.<\/p>\n<p style=\"text-align: justify;\">La gesti\u00f3n del agua est\u00e1 directamente vinculada al cambio clim\u00e1tico. Las sequ\u00edas, inundaciones y otros eventos extremos pueden tener un impacto significativo en la disponibilidad y calidad del agua. En la agenda pol\u00edtica de las ciudades se debe demostrar la comprensi\u00f3n de los candidatos sobre los desaf\u00edos clim\u00e1ticos y la necesidad de adaptarse.<\/p>\n<p style=\"text-align: justify;\">Las poblaciones m\u00e1s desfavorecidas suelen ser las m\u00e1s afectadas por la falta de acceso a agua y saneamiento. Poner en agenda estos temas es una forma de abordar la desigualdad y garantizar que todas las personas, independientemente de su situaci\u00f3n econ\u00f3mica, tengan igualdad de oportunidades en t\u00e9rminos de salud y calidad de vida.<\/p>\n<p style=\"text-align: justify;\">Los compromisos y promesas electorales relacionadas con este sector influyen en la asignaci\u00f3n de recursos y en la formulaci\u00f3n de pol\u00edticas p\u00fablicas. Los candidatos deben promover la inversi\u00f3n en infraestructura h\u00eddrica y la implementaci\u00f3n de regulaciones efectivas para garantizar el acceso equitativo y sostenible al agua.<\/p>\n<p style=\"text-align: justify;\">Sin una infraestructura adecuada, el crecimiento econ\u00f3mico y social es un imposible. Los candidatos que promuevan un plan de inversiones en estas \u00e1reas reflejan su visi\u00f3n a largo plazo y un compromiso con la vida.<\/p>\n<p style=\"text-align: justify;\">La contienda electoral debe ser adem\u00e1s una oportunidad para educar y sensibilizar a la poblaci\u00f3n sobre la importancia del cuidado y protecci\u00f3n del agua y la prioridad en limpiar sus r\u00edos, informar a los ciudadanos sobre pr\u00e1cticas sostenibles y fomentar un cambio de comportamiento a nivel individual y comunitario.<\/p>\n<p style=\"text-align: justify;\">En resumen, hablar sobre agua y saneamiento b\u00e1sico en la contienda electoral va m\u00e1s all\u00e1 de la ret\u00f3rica pol\u00edtica: refleja un compromiso real con la salud p\u00fablica, la igualdad, el desarrollo sostenible y la resiliencia ante los desaf\u00edos clim\u00e1ticos. Al poner estos temas en primer plano, los candidatos demuestran su capacidad de liderazgo y su preocupaci\u00f3n por el bienestar y el futuro de la sociedad a la que aspiran a servir.<\/p>\n<p style=\"text-align: justify;\">Pasto est\u00e1 en mora de sanear sus aguas, ese compromiso debe ser inaplazable.<\/p>\n<p style=\"text-align: justify;\">Fin.<\/p>\n<p style=\"text-align: justify;\">\n","protected":false},"excerpt":{"rendered":"<p>Hablar sobre agua y saneamiento b\u00e1sico en la contienda electoral es de suma importancia por varias razones fundamentales. En un planeta donde el agua es esencial para la vida, resulta parad\u00f3jico que a menudo demos por sentada su disponibilidad. Nuestros grifos contin\u00faan fluyendo, nuestros r\u00edos siguen corriendo, pero la realidad es que el recurso h\u00eddrico [&hellip;]<\/p>\n","protected":false},"author":76,"featured_media":72554,"comment_status":"open","ping_status":"open","sticky":false,"template":"","format":"standard","meta":{"footnotes":""},"categories":[3],"tags":[],"class_list":["post-68547","post","type-post","status-publish","format-standard","has-post-thumbnail","hentry","category-opinion"],"yoast_head":"<!-- This site is optimized with the Yoast SEO plugin v27.1.1 - https:\/\/yoast.com\/product\/yoast-seo-wordpress\/ -->\n<title>\u00bfY el agua? \u00bfQu\u00e9 dice la contienda electoral? | P\u00e1gina10<\/title>\n<meta name=\"robots\" content=\"index, follow, max-snippet:-1, max-image-preview:large, max-video-preview:-1\" \/>\n<link rel=\"canonical\" href=\"https:\/\/pagina10.com\/web\/y-el-agua-que-dice-la-contienda-electoral\/\" \/>\n<meta property=\"og:locale\" content=\"es_ES\" \/>\n<meta property=\"og:type\" content=\"article\" \/>\n<meta property=\"og:title\" content=\"\u00bfY el agua? \u00bfQu\u00e9 dice la contienda electoral? | P\u00e1gina10\" \/>\n<meta property=\"og:description\" content=\"Hablar sobre agua y saneamiento b\u00e1sico en la contienda electoral es de suma importancia por varias razones fundamentales. En un planeta donde el agua es esencial para la vida, resulta parad\u00f3jico que a menudo demos por sentada su disponibilidad. Nuestros grifos contin\u00faan fluyendo, nuestros r\u00edos siguen corriendo, pero la realidad es que el recurso h\u00eddrico [&hellip;]\" \/>\n<meta property=\"og:url\" content=\"https:\/\/pagina10.com\/web\/y-el-agua-que-dice-la-contienda-electoral\/\" \/>\n<meta property=\"og:site_name\" content=\"P\u00e1gina10\" \/>\n<meta property=\"article:publisher\" content=\"https:\/\/www.facebook.com\/pag10com\" \/>\n<meta property=\"article:published_time\" content=\"2023-09-04T22:09:05+00:00\" \/>\n<meta property=\"article:modified_time\" content=\"2024-01-23T03:30:47+00:00\" \/>\n<meta property=\"og:image\" content=\"https:\/\/pagina10.com\/web\/wp-content\/uploads\/2023\/12\/37-pagina-10-periodico-regional-pasto.jpg\" \/>\n\t<meta property=\"og:image:width\" content=\"1000\" \/>\n\t<meta property=\"og:image:height\" content=\"591\" \/>\n\t<meta property=\"og:image:type\" content=\"image\/jpeg\" \/>\n<meta name=\"author\" content=\"Erika Delgado\" \/>\n<meta name=\"twitter:card\" content=\"summary_large_image\" \/>\n<meta name=\"twitter:creator\" content=\"@Pag10com\" \/>\n<meta name=\"twitter:site\" content=\"@Pag10com\" \/>\n<meta name=\"twitter:label1\" content=\"Escrito por\" \/>\n\t<meta name=\"twitter:data1\" content=\"Erika Delgado\" \/>\n\t<meta name=\"twitter:label2\" content=\"Tiempo de lectura\" \/>\n\t<meta name=\"twitter:data2\" content=\"2 minutos\" \/>\n<script type=\"application\/ld+json\" class=\"yoast-schema-graph\">{\"@context\":\"https:\/\/schema.org\",\"@graph\":[{\"@type\":\"Article\",\"@id\":\"https:\/\/pagina10.com\/web\/y-el-agua-que-dice-la-contienda-electoral\/#article\",\"isPartOf\":{\"@id\":\"https:\/\/pagina10.com\/web\/y-el-agua-que-dice-la-contienda-electoral\/\"},\"author\":{\"name\":\"Erika Delgado\",\"@id\":\"https:\/\/pagina10.com\/web\/#\/schema\/person\/8347980c16a87ea1c5120fb89511a7fd\"},\"headline\":\"\u00bfY el agua? \u00bfQu\u00e9 dice la contienda electoral?\",\"datePublished\":\"2023-09-04T22:09:05+00:00\",\"dateModified\":\"2024-01-23T03:30:47+00:00\",\"mainEntityOfPage\":{\"@id\":\"https:\/\/pagina10.com\/web\/y-el-agua-que-dice-la-contienda-electoral\/\"},\"wordCount\":444,\"commentCount\":0,\"publisher\":{\"@id\":\"https:\/\/pagina10.com\/web\/#organization\"},\"image\":{\"@id\":\"https:\/\/pagina10.com\/web\/y-el-agua-que-dice-la-contienda-electoral\/#primaryimage\"},\"thumbnailUrl\":\"https:\/\/pagina10.com\/web\/wp-content\/uploads\/2023\/12\/37-pagina-10-periodico-regional-pasto.jpg\",\"articleSection\":[\"Opini\u00f3n\"],\"inLanguage\":\"es\",\"potentialAction\":[{\"@type\":\"CommentAction\",\"name\":\"Comment\",\"target\":[\"https:\/\/pagina10.com\/web\/y-el-agua-que-dice-la-contienda-electoral\/#respond\"]}]},{\"@type\":\"WebPage\",\"@id\":\"https:\/\/pagina10.com\/web\/y-el-agua-que-dice-la-contienda-electoral\/\",\"url\":\"https:\/\/pagina10.com\/web\/y-el-agua-que-dice-la-contienda-electoral\/\",\"name\":\"\u00bfY el agua? \u00bfQu\u00e9 dice la contienda electoral? | P\u00e1gina10\",\"isPartOf\":{\"@id\":\"https:\/\/pagina10.com\/web\/#website\"},\"primaryImageOfPage\":{\"@id\":\"https:\/\/pagina10.com\/web\/y-el-agua-que-dice-la-contienda-electoral\/#primaryimage\"},\"image\":{\"@id\":\"https:\/\/pagina10.com\/web\/y-el-agua-que-dice-la-contienda-electoral\/#primaryimage\"},\"thumbnailUrl\":\"https:\/\/pagina10.com\/web\/wp-content\/uploads\/2023\/12\/37-pagina-10-periodico-regional-pasto.jpg\",\"datePublished\":\"2023-09-04T22:09:05+00:00\",\"dateModified\":\"2024-01-23T03:30:47+00:00\",\"breadcrumb\":{\"@id\":\"https:\/\/pagina10.com\/web\/y-el-agua-que-dice-la-contienda-electoral\/#breadcrumb\"},\"inLanguage\":\"es\",\"potentialAction\":[{\"@type\":\"ReadAction\",\"target\":[\"https:\/\/pagina10.com\/web\/y-el-agua-que-dice-la-contienda-electoral\/\"]}]},{\"@type\":\"ImageObject\",\"inLanguage\":\"es\",\"@id\":\"https:\/\/pagina10.com\/web\/y-el-agua-que-dice-la-contienda-electoral\/#primaryimage\",\"url\":\"https:\/\/pagina10.com\/web\/wp-content\/uploads\/2023\/12\/37-pagina-10-periodico-regional-pasto.jpg\",\"contentUrl\":\"https:\/\/pagina10.com\/web\/wp-content\/uploads\/2023\/12\/37-pagina-10-periodico-regional-pasto.jpg\",\"width\":1000,\"height\":591},{\"@type\":\"BreadcrumbList\",\"@id\":\"https:\/\/pagina10.com\/web\/y-el-agua-que-dice-la-contienda-electoral\/#breadcrumb\",\"itemListElement\":[{\"@type\":\"ListItem\",\"position\":1,\"name\":\"Portada\",\"item\":\"https:\/\/pagina10.com\/web\/\"},{\"@type\":\"ListItem\",\"position\":2,\"name\":\"\u00bfY el agua? \u00bfQu\u00e9 dice la contienda electoral?\"}]},{\"@type\":\"WebSite\",\"@id\":\"https:\/\/pagina10.com\/web\/#website\",\"url\":\"https:\/\/pagina10.com\/web\/\",\"name\":\"P\u00e1gina10\",\"description\":\"Peri\u00f3dico Regional\",\"publisher\":{\"@id\":\"https:\/\/pagina10.com\/web\/#organization\"},\"alternateName\":\"P\u00e1gina10 Peri\u00f3dico Regional\",\"potentialAction\":[{\"@type\":\"SearchAction\",\"target\":{\"@type\":\"EntryPoint\",\"urlTemplate\":\"https:\/\/pagina10.com\/web\/?s={search_term_string}\"},\"query-input\":{\"@type\":\"PropertyValueSpecification\",\"valueRequired\":true,\"valueName\":\"search_term_string\"}}],\"inLanguage\":\"es\"},{\"@type\":\"Organization\",\"@id\":\"https:\/\/pagina10.com\/web\/#organization\",\"name\":\"P\u00e1gina10\",\"alternateName\":\"P\u00e1gina10 Peri\u00f3dico Regional\",\"url\":\"https:\/\/pagina10.com\/web\/\",\"logo\":{\"@type\":\"ImageObject\",\"inLanguage\":\"es\",\"@id\":\"https:\/\/pagina10.com\/web\/#\/schema\/logo\/image\/\",\"url\":\"https:\/\/pagina10.com\/web\/wp-content\/uploads\/2024\/01\/40-pagina-10-periodico-regional-pasto.jpg\",\"contentUrl\":\"https:\/\/pagina10.com\/web\/wp-content\/uploads\/2024\/01\/40-pagina-10-periodico-regional-pasto.jpg\",\"width\":1280,\"height\":720,\"caption\":\"P\u00e1gina10\"},\"image\":{\"@id\":\"https:\/\/pagina10.com\/web\/#\/schema\/logo\/image\/\"},\"sameAs\":[\"https:\/\/www.facebook.com\/pag10com\",\"https:\/\/x.com\/Pag10com\",\"https:\/\/www.instagram.com\/pagina10col\/\",\"https:\/\/youtube.com\/channel\/pag10\",\"https:\/\/www.tiktok.com\/@p10col\"]},{\"@type\":\"Person\",\"@id\":\"https:\/\/pagina10.com\/web\/#\/schema\/person\/8347980c16a87ea1c5120fb89511a7fd\",\"name\":\"Erika Delgado\",\"description\":\"Comunicadora Social y Periodista (Universidad de la Sabana); Especialista en Gesti\u00f3n P\u00fablica y Desarrollo Territorial (Universidad Javeriana); Candidata a Magister en Administraci\u00f3n de Negocios (Universidad Javeriana). L\u00edder en Transformaci\u00f3n Cultural (Acueducto de Bogot\u00e1, MinEnerg\u00eda). Brand Manager. Jefe de Comunicaciones (Ministerio de Hacienda, Minas y Energ\u00eda, Findeter). Directora Regional del Programa de Ciudades Sostenibles y Competitivas (Cauca-Nari\u00f1o y Putumayo, Findeter). Periodista en Presidencia de la Rep\u00fablica de Colombia. Periodista y Reportera Caracol Radio y Rcn Radio. Redes: tw: @ErikaDelgado IG: @erikadelgadom LinkedIn: Erika Delgado Moncayo\",\"url\":\"https:\/\/pagina10.com\/web\/author\/erik\/\"}]}<\/script>\n<!-- \/ Yoast SEO plugin. -->","yoast_head_json":{"title":"\u00bfY el agua? \u00bfQu\u00e9 dice la contienda electoral? | P\u00e1gina10","robots":{"index":"index","follow":"follow","max-snippet":"max-snippet:-1","max-image-preview":"max-image-preview:large","max-video-preview":"max-video-preview:-1"},"canonical":"https:\/\/pagina10.com\/web\/y-el-agua-que-dice-la-contienda-electoral\/","og_locale":"es_ES","og_type":"article","og_title":"\u00bfY el agua? \u00bfQu\u00e9 dice la contienda electoral? | P\u00e1gina10","og_description":"Hablar sobre agua y saneamiento b\u00e1sico en la contienda electoral es de suma importancia por varias razones fundamentales. En un planeta donde el agua es esencial para la vida, resulta parad\u00f3jico que a menudo demos por sentada su disponibilidad. Nuestros grifos contin\u00faan fluyendo, nuestros r\u00edos siguen corriendo, pero la realidad es que el recurso h\u00eddrico [&hellip;]","og_url":"https:\/\/pagina10.com\/web\/y-el-agua-que-dice-la-contienda-electoral\/","og_site_name":"P\u00e1gina10","article_publisher":"https:\/\/www.facebook.com\/pag10com","article_published_time":"2023-09-04T22:09:05+00:00","article_modified_time":"2024-01-23T03:30:47+00:00","og_image":[{"width":1000,"height":591,"url":"https:\/\/pagina10.com\/web\/wp-content\/uploads\/2023\/12\/37-pagina-10-periodico-regional-pasto.jpg","type":"image\/jpeg"}],"author":"Erika Delgado","twitter_card":"summary_large_image","twitter_creator":"@Pag10com","twitter_site":"@Pag10com","twitter_misc":{"Escrito por":"Erika Delgado","Tiempo de lectura":"2 minutos"},"schema":{"@context":"https:\/\/schema.org","@graph":[{"@type":"Article","@id":"https:\/\/pagina10.com\/web\/y-el-agua-que-dice-la-contienda-electoral\/#article","isPartOf":{"@id":"https:\/\/pagina10.com\/web\/y-el-agua-que-dice-la-contienda-electoral\/"},"author":{"name":"Erika Delgado","@id":"https:\/\/pagina10.com\/web\/#\/schema\/person\/8347980c16a87ea1c5120fb89511a7fd"},"headline":"\u00bfY el agua? \u00bfQu\u00e9 dice la contienda electoral?","datePublished":"2023-09-04T22:09:05+00:00","dateModified":"2024-01-23T03:30:47+00:00","mainEntityOfPage":{"@id":"https:\/\/pagina10.com\/web\/y-el-agua-que-dice-la-contienda-electoral\/"},"wordCount":444,"commentCount":0,"publisher":{"@id":"https:\/\/pagina10.com\/web\/#organization"},"image":{"@id":"https:\/\/pagina10.com\/web\/y-el-agua-que-dice-la-contienda-electoral\/#primaryimage"},"thumbnailUrl":"https:\/\/pagina10.com\/web\/wp-content\/uploads\/2023\/12\/37-pagina-10-periodico-regional-pasto.jpg","articleSection":["Opini\u00f3n"],"inLanguage":"es","potentialAction":[{"@type":"CommentAction","name":"Comment","target":["https:\/\/pagina10.com\/web\/y-el-agua-que-dice-la-contienda-electoral\/#respond"]}]},{"@type":"WebPage","@id":"https:\/\/pagina10.com\/web\/y-el-agua-que-dice-la-contienda-electoral\/","url":"https:\/\/pagina10.com\/web\/y-el-agua-que-dice-la-contienda-electoral\/","name":"\u00bfY el agua? \u00bfQu\u00e9 dice la contienda electoral? | P\u00e1gina10","isPartOf":{"@id":"https:\/\/pagina10.com\/web\/#website"},"primaryImageOfPage":{"@id":"https:\/\/pagina10.com\/web\/y-el-agua-que-dice-la-contienda-electoral\/#primaryimage"},"image":{"@id":"https:\/\/pagina10.com\/web\/y-el-agua-que-dice-la-contienda-electoral\/#primaryimage"},"thumbnailUrl":"https:\/\/pagina10.com\/web\/wp-content\/uploads\/2023\/12\/37-pagina-10-periodico-regional-pasto.jpg","datePublished":"2023-09-04T22:09:05+00:00","dateModified":"2024-01-23T03:30:47+00:00","breadcrumb":{"@id":"https:\/\/pagina10.com\/web\/y-el-agua-que-dice-la-contienda-electoral\/#breadcrumb"},"inLanguage":"es","potentialAction":[{"@type":"ReadAction","target":["https:\/\/pagina10.com\/web\/y-el-agua-que-dice-la-contienda-electoral\/"]}]},{"@type":"ImageObject","inLanguage":"es","@id":"https:\/\/pagina10.com\/web\/y-el-agua-que-dice-la-contienda-electoral\/#primaryimage","url":"https:\/\/pagina10.com\/web\/wp-content\/uploads\/2023\/12\/37-pagina-10-periodico-regional-pasto.jpg","contentUrl":"https:\/\/pagina10.com\/web\/wp-content\/uploads\/2023\/12\/37-pagina-10-periodico-regional-pasto.jpg","width":1000,"height":591},{"@type":"BreadcrumbList","@id":"https:\/\/pagina10.com\/web\/y-el-agua-que-dice-la-contienda-electoral\/#breadcrumb","itemListElement":[{"@type":"ListItem","position":1,"name":"Portada","item":"https:\/\/pagina10.com\/web\/"},{"@type":"ListItem","position":2,"name":"\u00bfY el agua? \u00bfQu\u00e9 dice la contienda electoral?"}]},{"@type":"WebSite","@id":"https:\/\/pagina10.com\/web\/#website","url":"https:\/\/pagina10.com\/web\/","name":"P\u00e1gina10","description":"Peri\u00f3dico Regional","publisher":{"@id":"https:\/\/pagina10.com\/web\/#organization"},"alternateName":"P\u00e1gina10 Peri\u00f3dico Regional","potentialAction":[{"@type":"SearchAction","target":{"@type":"EntryPoint","urlTemplate":"https:\/\/pagina10.com\/web\/?s={search_term_string}"},"query-input":{"@type":"PropertyValueSpecification","valueRequired":true,"valueName":"search_term_string"}}],"inLanguage":"es"},{"@type":"Organization","@id":"https:\/\/pagina10.com\/web\/#organization","name":"P\u00e1gina10","alternateName":"P\u00e1gina10 Peri\u00f3dico Regional","url":"https:\/\/pagina10.com\/web\/","logo":{"@type":"ImageObject","inLanguage":"es","@id":"https:\/\/pagina10.com\/web\/#\/schema\/logo\/image\/","url":"https:\/\/pagina10.com\/web\/wp-content\/uploads\/2024\/01\/40-pagina-10-periodico-regional-pasto.jpg","contentUrl":"https:\/\/pagina10.com\/web\/wp-content\/uploads\/2024\/01\/40-pagina-10-periodico-regional-pasto.jpg","width":1280,"height":720,"caption":"P\u00e1gina10"},"image":{"@id":"https:\/\/pagina10.com\/web\/#\/schema\/logo\/image\/"},"sameAs":["https:\/\/www.facebook.com\/pag10com","https:\/\/x.com\/Pag10com","https:\/\/www.instagram.com\/pagina10col\/","https:\/\/youtube.com\/channel\/pag10","https:\/\/www.tiktok.com\/@p10col"]},{"@type":"Person","@id":"https:\/\/pagina10.com\/web\/#\/schema\/person\/8347980c16a87ea1c5120fb89511a7fd","name":"Erika Delgado","description":"Comunicadora Social y Periodista (Universidad de la Sabana); Especialista en Gesti\u00f3n P\u00fablica y Desarrollo Territorial (Universidad Javeriana); Candidata a Magister en Administraci\u00f3n de Negocios (Universidad Javeriana). L\u00edder en Transformaci\u00f3n Cultural (Acueducto de Bogot\u00e1, MinEnerg\u00eda). Brand Manager. Jefe de Comunicaciones (Ministerio de Hacienda, Minas y Energ\u00eda, Findeter). Directora Regional del Programa de Ciudades Sostenibles y Competitivas (Cauca-Nari\u00f1o y Putumayo, Findeter). Periodista en Presidencia de la Rep\u00fablica de Colombia. Periodista y Reportera Caracol Radio y Rcn Radio. Redes: tw: @ErikaDelgado IG: @erikadelgadom LinkedIn: Erika Delgado Moncayo","url":"https:\/\/pagina10.com\/web\/author\/erik\/"}]}},"_links":{"self":[{"href":"https:\/\/pagina10.com\/web\/wp-json\/wp\/v2\/posts\/68547","targetHints":{"allow":["GET"]}}],"collection":[{"href":"https:\/\/pagina10.com\/web\/wp-json\/wp\/v2\/posts"}],"about":[{"href":"https:\/\/pagina10.com\/web\/wp-json\/wp\/v2\/types\/post"}],"author":[{"embeddable":true,"href":"https:\/\/pagina10.com\/web\/wp-json\/wp\/v2\/users\/76"}],"replies":[{"embeddable":true,"href":"https:\/\/pagina10.com\/web\/wp-json\/wp\/v2\/comments?post=68547"}],"version-history":[{"count":1,"href":"https:\/\/pagina10.com\/web\/wp-json\/wp\/v2\/posts\/68547\/revisions"}],"predecessor-version":[{"id":68548,"href":"https:\/\/pagina10.com\/web\/wp-json\/wp\/v2\/posts\/68547\/revisions\/68548"}],"wp:featuredmedia":[{"embeddable":true,"href":"https:\/\/pagina10.com\/web\/wp-json\/wp\/v2\/media\/72554"}],"wp:attachment":[{"href":"https:\/\/pagina10.com\/web\/wp-json\/wp\/v2\/media?parent=68547"}],"wp:term":[{"taxonomy":"category","embeddable":true,"href":"https:\/\/pagina10.com\/web\/wp-json\/wp\/v2\/categories?post=68547"},{"taxonomy":"post_tag","embeddable":true,"href":"https:\/\/pagina10.com\/web\/wp-json\/wp\/v2\/tags?post=68547"}],"curies":[{"name":"wp","href":"https:\/\/api.w.org\/{rel}","templated":true}]}}