{"id":68554,"date":"2023-09-04T23:13:43","date_gmt":"2023-09-05T04:13:43","guid":{"rendered":"https:\/\/pagina10.com\/web\/?p=68554"},"modified":"2023-09-04T23:13:52","modified_gmt":"2023-09-05T04:13:52","slug":"gobierno-nacional-subiria-el-precio-de-diesel-luego-de-campana-electoral","status":"publish","type":"post","link":"https:\/\/pagina10.com\/web\/gobierno-nacional-subiria-el-precio-de-diesel-luego-de-campana-electoral\/","title":{"rendered":"Gobierno Nacional subir\u00eda el precio de Diesel luego de campa\u00f1a electoral"},"content":{"rendered":"<p style=\"text-align: justify;\">El Ministro de Hacienda, Ricardo Bonilla, <strong>caus\u00f3 pol\u00e9mica por sus recientes declaraciones ante medios de comunicaci\u00f3n<\/strong>, en la que afirmaba que el precio del di\u00e9sel no se modificar\u00e1 durante la campa\u00f1a electoral y hasta que se iguale el precio de la gasolina.<\/p>\n<p style=\"text-align: justify;\">\u201cNo vamos a tocar el Diesel en plena campa\u00f1a electoral\u201d, aseguro el ministro. Bonilla a\u00f1adi\u00f3 que este hidrocarburo \u201ces el combustible del transporte masivo y de transporte de carga, no queremos tener un re impacto sobre la inflaci\u00f3n\u201d.<\/p>\n<p style=\"text-align: justify;\">El aumento en el precio del di\u00e9sel se contempla despu\u00e9s de nivelar el precio de la gasolina, en aproximadamente cuatro meses. Adem\u00e1s, se destaca que una parte significativa de la gasolina consumida en Colombia es importada y se paga a precios internacionales. La idea es resolver el d\u00e9ficit financiero relacionado con los combustibles.<\/p>\n","protected":false},"excerpt":{"rendered":"<p>El Ministro de Hacienda, Ricardo Bonilla, caus\u00f3 pol\u00e9mica por sus recientes declaraciones ante medios de comunicaci\u00f3n, en la que afirmaba que el precio del di\u00e9sel no se modificar\u00e1 durante la campa\u00f1a electoral y hasta que se iguale el precio de la gasolina. \u201cNo vamos a tocar el Diesel en plena campa\u00f1a electoral\u201d, aseguro el ministro. [&hellip;]<\/p>\n","protected":false},"author":1,"featured_media":68555,"comment_status":"open","ping_status":"open","sticky":false,"template":"","format":"standard","meta":{"footnotes":""},"categories":[1528],"tags":[],"class_list":["post-68554","post","type-post","status-publish","format-standard","has-post-thumbnail","hentry","category-titulares"],"yoast_head":"<!-- This site is optimized with the Yoast SEO plugin v27.1.1 - https:\/\/yoast.com\/product\/yoast-seo-wordpress\/ -->\n<title>Gobierno Nacional subir\u00eda el precio de Diesel luego de campa\u00f1a electoral | P\u00e1gina10<\/title>\n<meta name=\"robots\" content=\"index, follow, max-snippet:-1, max-image-preview:large, max-video-preview:-1\" \/>\n<link rel=\"canonical\" href=\"https:\/\/pagina10.com\/web\/gobierno-nacional-subiria-el-precio-de-diesel-luego-de-campana-electoral\/\" \/>\n<meta property=\"og:locale\" content=\"es_ES\" \/>\n<meta property=\"og:type\" content=\"article\" \/>\n<meta property=\"og:title\" content=\"Gobierno Nacional subir\u00eda el precio de Diesel luego de campa\u00f1a electoral | P\u00e1gina10\" \/>\n<meta property=\"og:description\" content=\"El Ministro de Hacienda, Ricardo Bonilla, caus\u00f3 pol\u00e9mica por sus recientes declaraciones ante medios de comunicaci\u00f3n, en la que afirmaba que el precio del di\u00e9sel no se modificar\u00e1 durante la campa\u00f1a electoral y hasta que se iguale el precio de la gasolina. \u201cNo vamos a tocar el Diesel en plena campa\u00f1a electoral\u201d, aseguro el ministro. [&hellip;]\" \/>\n<meta property=\"og:url\" content=\"https:\/\/pagina10.com\/web\/gobierno-nacional-subiria-el-precio-de-diesel-luego-de-campana-electoral\/\" \/>\n<meta property=\"og:site_name\" content=\"P\u00e1gina10\" \/>\n<meta property=\"article:publisher\" content=\"https:\/\/www.facebook.com\/pag10com\" \/>\n<meta property=\"article:published_time\" content=\"2023-09-05T04:13:43+00:00\" \/>\n<meta property=\"article:modified_time\" content=\"2023-09-05T04:13:52+00:00\" \/>\n<meta property=\"og:image\" content=\"https:\/\/pagina10.com\/web\/wp-content\/uploads\/2023\/09\/ricardo-bonilla-alcaldia-bogota-e1682628784701.webp\" \/>\n\t<meta property=\"og:image:width\" content=\"1200\" \/>\n\t<meta property=\"og:image:height\" content=\"675\" \/>\n\t<meta property=\"og:image:type\" content=\"image\/webp\" \/>\n<meta name=\"author\" content=\"P\u00e1gina 10\" \/>\n<meta name=\"twitter:card\" content=\"summary_large_image\" \/>\n<meta name=\"twitter:creator\" content=\"@Pag10com\" \/>\n<meta name=\"twitter:site\" content=\"@Pag10com\" \/>\n<meta name=\"twitter:label1\" content=\"Escrito por\" \/>\n\t<meta name=\"twitter:data1\" content=\"P\u00e1gina 10\" \/>\n\t<meta name=\"twitter:label2\" content=\"Tiempo de lectura\" \/>\n\t<meta name=\"twitter:data2\" content=\"1 minuto\" \/>\n<script type=\"application\/ld+json\" class=\"yoast-schema-graph\">{\"@context\":\"https:\/\/schema.org\",\"@graph\":[{\"@type\":\"Article\",\"@id\":\"https:\/\/pagina10.com\/web\/gobierno-nacional-subiria-el-precio-de-diesel-luego-de-campana-electoral\/#article\",\"isPartOf\":{\"@id\":\"https:\/\/pagina10.com\/web\/gobierno-nacional-subiria-el-precio-de-diesel-luego-de-campana-electoral\/\"},\"author\":{\"name\":\"P\u00e1gina 10\",\"@id\":\"https:\/\/pagina10.com\/web\/#\/schema\/person\/2efc4a090d25b667d3bc796798a3a81b\"},\"headline\":\"Gobierno Nacional subir\u00eda el precio de Diesel luego de campa\u00f1a electoral\",\"datePublished\":\"2023-09-05T04:13:43+00:00\",\"dateModified\":\"2023-09-05T04:13:52+00:00\",\"mainEntityOfPage\":{\"@id\":\"https:\/\/pagina10.com\/web\/gobierno-nacional-subiria-el-precio-de-diesel-luego-de-campana-electoral\/\"},\"wordCount\":157,\"commentCount\":0,\"publisher\":{\"@id\":\"https:\/\/pagina10.com\/web\/#organization\"},\"image\":{\"@id\":\"https:\/\/pagina10.com\/web\/gobierno-nacional-subiria-el-precio-de-diesel-luego-de-campana-electoral\/#primaryimage\"},\"thumbnailUrl\":\"https:\/\/pagina10.com\/web\/wp-content\/uploads\/2023\/09\/ricardo-bonilla-alcaldia-bogota-e1682628784701.webp\",\"articleSection\":[\"Titulares\"],\"inLanguage\":\"es\",\"potentialAction\":[{\"@type\":\"CommentAction\",\"name\":\"Comment\",\"target\":[\"https:\/\/pagina10.com\/web\/gobierno-nacional-subiria-el-precio-de-diesel-luego-de-campana-electoral\/#respond\"]}]},{\"@type\":\"WebPage\",\"@id\":\"https:\/\/pagina10.com\/web\/gobierno-nacional-subiria-el-precio-de-diesel-luego-de-campana-electoral\/\",\"url\":\"https:\/\/pagina10.com\/web\/gobierno-nacional-subiria-el-precio-de-diesel-luego-de-campana-electoral\/\",\"name\":\"Gobierno Nacional subir\u00eda el precio de Diesel luego de campa\u00f1a electoral | P\u00e1gina10\",\"isPartOf\":{\"@id\":\"https:\/\/pagina10.com\/web\/#website\"},\"primaryImageOfPage\":{\"@id\":\"https:\/\/pagina10.com\/web\/gobierno-nacional-subiria-el-precio-de-diesel-luego-de-campana-electoral\/#primaryimage\"},\"image\":{\"@id\":\"https:\/\/pagina10.com\/web\/gobierno-nacional-subiria-el-precio-de-diesel-luego-de-campana-electoral\/#primaryimage\"},\"thumbnailUrl\":\"https:\/\/pagina10.com\/web\/wp-content\/uploads\/2023\/09\/ricardo-bonilla-alcaldia-bogota-e1682628784701.webp\",\"datePublished\":\"2023-09-05T04:13:43+00:00\",\"dateModified\":\"2023-09-05T04:13:52+00:00\",\"breadcrumb\":{\"@id\":\"https:\/\/pagina10.com\/web\/gobierno-nacional-subiria-el-precio-de-diesel-luego-de-campana-electoral\/#breadcrumb\"},\"inLanguage\":\"es\",\"potentialAction\":[{\"@type\":\"ReadAction\",\"target\":[\"https:\/\/pagina10.com\/web\/gobierno-nacional-subiria-el-precio-de-diesel-luego-de-campana-electoral\/\"]}]},{\"@type\":\"ImageObject\",\"inLanguage\":\"es\",\"@id\":\"https:\/\/pagina10.com\/web\/gobierno-nacional-subiria-el-precio-de-diesel-luego-de-campana-electoral\/#primaryimage\",\"url\":\"https:\/\/pagina10.com\/web\/wp-content\/uploads\/2023\/09\/ricardo-bonilla-alcaldia-bogota-e1682628784701.webp\",\"contentUrl\":\"https:\/\/pagina10.com\/web\/wp-content\/uploads\/2023\/09\/ricardo-bonilla-alcaldia-bogota-e1682628784701.webp\",\"width\":1200,\"height\":675},{\"@type\":\"BreadcrumbList\",\"@id\":\"https:\/\/pagina10.com\/web\/gobierno-nacional-subiria-el-precio-de-diesel-luego-de-campana-electoral\/#breadcrumb\",\"itemListElement\":[{\"@type\":\"ListItem\",\"position\":1,\"name\":\"Portada\",\"item\":\"https:\/\/pagina10.com\/web\/\"},{\"@type\":\"ListItem\",\"position\":2,\"name\":\"Gobierno Nacional subir\u00eda el precio de Diesel luego de campa\u00f1a electoral\"}]},{\"@type\":\"WebSite\",\"@id\":\"https:\/\/pagina10.com\/web\/#website\",\"url\":\"https:\/\/pagina10.com\/web\/\",\"name\":\"P\u00e1gina10\",\"description\":\"Peri\u00f3dico Regional\",\"publisher\":{\"@id\":\"https:\/\/pagina10.com\/web\/#organization\"},\"alternateName\":\"P\u00e1gina10 Peri\u00f3dico Regional\",\"potentialAction\":[{\"@type\":\"SearchAction\",\"target\":{\"@type\":\"EntryPoint\",\"urlTemplate\":\"https:\/\/pagina10.com\/web\/?s={search_term_string}\"},\"query-input\":{\"@type\":\"PropertyValueSpecification\",\"valueRequired\":true,\"valueName\":\"search_term_string\"}}],\"inLanguage\":\"es\"},{\"@type\":\"Organization\",\"@id\":\"https:\/\/pagina10.com\/web\/#organization\",\"name\":\"P\u00e1gina10\",\"alternateName\":\"P\u00e1gina10 Peri\u00f3dico Regional\",\"url\":\"https:\/\/pagina10.com\/web\/\",\"logo\":{\"@type\":\"ImageObject\",\"inLanguage\":\"es\",\"@id\":\"https:\/\/pagina10.com\/web\/#\/schema\/logo\/image\/\",\"url\":\"https:\/\/pagina10.com\/web\/wp-content\/uploads\/2024\/01\/40-pagina-10-periodico-regional-pasto.jpg\",\"contentUrl\":\"https:\/\/pagina10.com\/web\/wp-content\/uploads\/2024\/01\/40-pagina-10-periodico-regional-pasto.jpg\",\"width\":1280,\"height\":720,\"caption\":\"P\u00e1gina10\"},\"image\":{\"@id\":\"https:\/\/pagina10.com\/web\/#\/schema\/logo\/image\/\"},\"sameAs\":[\"https:\/\/www.facebook.com\/pag10com\",\"https:\/\/x.com\/Pag10com\",\"https:\/\/www.instagram.com\/pagina10col\/\",\"https:\/\/youtube.com\/channel\/pag10\",\"https:\/\/www.tiktok.com\/@p10col\"]},{\"@type\":\"Person\",\"@id\":\"https:\/\/pagina10.com\/web\/#\/schema\/person\/2efc4a090d25b667d3bc796798a3a81b\",\"name\":\"P\u00e1gina 10\",\"description\":\"P\u00e1gina 10 es un peri\u00f3dico regional que nace en Colombia, en el departamento de Nari\u00f1o, con un enfoque global, fundamentado en cuatro pilares esenciales: la libertad, el pluralismo, la inclusi\u00f3n y la independencia. P\u00e1gina 10 hace referencia a Nari\u00f1o como el d\u00e9cimo departamento creado en Colombia, despu\u00e9s de un proceso pol\u00edtico liderado por actores y actrices regionales con el fin de obtener la independencia y autonom\u00eda de nuestros territorios. Con la creaci\u00f3n de P\u00e1gina 10 se pretende abrir un escenario para el dialogo, la reflexi\u00f3n y el debate que se extienda a otras geograf\u00edas de Am\u00e9rica Latina y del planeta, en una apuesta por transformar colectivamente los desaf\u00edos de un mundo contempor\u00e1neo, m\u00e1s all\u00e1 de las fronteras impuestas.\",\"url\":\"https:\/\/pagina10.com\/web\/author\/pdiezadmin\/\"}]}<\/script>\n<!-- \/ Yoast SEO plugin. -->","yoast_head_json":{"title":"Gobierno Nacional subir\u00eda el precio de Diesel luego de campa\u00f1a electoral | P\u00e1gina10","robots":{"index":"index","follow":"follow","max-snippet":"max-snippet:-1","max-image-preview":"max-image-preview:large","max-video-preview":"max-video-preview:-1"},"canonical":"https:\/\/pagina10.com\/web\/gobierno-nacional-subiria-el-precio-de-diesel-luego-de-campana-electoral\/","og_locale":"es_ES","og_type":"article","og_title":"Gobierno Nacional subir\u00eda el precio de Diesel luego de campa\u00f1a electoral | P\u00e1gina10","og_description":"El Ministro de Hacienda, Ricardo Bonilla, caus\u00f3 pol\u00e9mica por sus recientes declaraciones ante medios de comunicaci\u00f3n, en la que afirmaba que el precio del di\u00e9sel no se modificar\u00e1 durante la campa\u00f1a electoral y hasta que se iguale el precio de la gasolina. \u201cNo vamos a tocar el Diesel en plena campa\u00f1a electoral\u201d, aseguro el ministro. [&hellip;]","og_url":"https:\/\/pagina10.com\/web\/gobierno-nacional-subiria-el-precio-de-diesel-luego-de-campana-electoral\/","og_site_name":"P\u00e1gina10","article_publisher":"https:\/\/www.facebook.com\/pag10com","article_published_time":"2023-09-05T04:13:43+00:00","article_modified_time":"2023-09-05T04:13:52+00:00","og_image":[{"width":1200,"height":675,"url":"https:\/\/pagina10.com\/web\/wp-content\/uploads\/2023\/09\/ricardo-bonilla-alcaldia-bogota-e1682628784701.webp","type":"image\/webp"}],"author":"P\u00e1gina 10","twitter_card":"summary_large_image","twitter_creator":"@Pag10com","twitter_site":"@Pag10com","twitter_misc":{"Escrito por":"P\u00e1gina 10","Tiempo de lectura":"1 minuto"},"schema":{"@context":"https:\/\/schema.org","@graph":[{"@type":"Article","@id":"https:\/\/pagina10.com\/web\/gobierno-nacional-subiria-el-precio-de-diesel-luego-de-campana-electoral\/#article","isPartOf":{"@id":"https:\/\/pagina10.com\/web\/gobierno-nacional-subiria-el-precio-de-diesel-luego-de-campana-electoral\/"},"author":{"name":"P\u00e1gina 10","@id":"https:\/\/pagina10.com\/web\/#\/schema\/person\/2efc4a090d25b667d3bc796798a3a81b"},"headline":"Gobierno Nacional subir\u00eda el precio de Diesel luego de campa\u00f1a electoral","datePublished":"2023-09-05T04:13:43+00:00","dateModified":"2023-09-05T04:13:52+00:00","mainEntityOfPage":{"@id":"https:\/\/pagina10.com\/web\/gobierno-nacional-subiria-el-precio-de-diesel-luego-de-campana-electoral\/"},"wordCount":157,"commentCount":0,"publisher":{"@id":"https:\/\/pagina10.com\/web\/#organization"},"image":{"@id":"https:\/\/pagina10.com\/web\/gobierno-nacional-subiria-el-precio-de-diesel-luego-de-campana-electoral\/#primaryimage"},"thumbnailUrl":"https:\/\/pagina10.com\/web\/wp-content\/uploads\/2023\/09\/ricardo-bonilla-alcaldia-bogota-e1682628784701.webp","articleSection":["Titulares"],"inLanguage":"es","potentialAction":[{"@type":"CommentAction","name":"Comment","target":["https:\/\/pagina10.com\/web\/gobierno-nacional-subiria-el-precio-de-diesel-luego-de-campana-electoral\/#respond"]}]},{"@type":"WebPage","@id":"https:\/\/pagina10.com\/web\/gobierno-nacional-subiria-el-precio-de-diesel-luego-de-campana-electoral\/","url":"https:\/\/pagina10.com\/web\/gobierno-nacional-subiria-el-precio-de-diesel-luego-de-campana-electoral\/","name":"Gobierno Nacional subir\u00eda el precio de Diesel luego de campa\u00f1a electoral | P\u00e1gina10","isPartOf":{"@id":"https:\/\/pagina10.com\/web\/#website"},"primaryImageOfPage":{"@id":"https:\/\/pagina10.com\/web\/gobierno-nacional-subiria-el-precio-de-diesel-luego-de-campana-electoral\/#primaryimage"},"image":{"@id":"https:\/\/pagina10.com\/web\/gobierno-nacional-subiria-el-precio-de-diesel-luego-de-campana-electoral\/#primaryimage"},"thumbnailUrl":"https:\/\/pagina10.com\/web\/wp-content\/uploads\/2023\/09\/ricardo-bonilla-alcaldia-bogota-e1682628784701.webp","datePublished":"2023-09-05T04:13:43+00:00","dateModified":"2023-09-05T04:13:52+00:00","breadcrumb":{"@id":"https:\/\/pagina10.com\/web\/gobierno-nacional-subiria-el-precio-de-diesel-luego-de-campana-electoral\/#breadcrumb"},"inLanguage":"es","potentialAction":[{"@type":"ReadAction","target":["https:\/\/pagina10.com\/web\/gobierno-nacional-subiria-el-precio-de-diesel-luego-de-campana-electoral\/"]}]},{"@type":"ImageObject","inLanguage":"es","@id":"https:\/\/pagina10.com\/web\/gobierno-nacional-subiria-el-precio-de-diesel-luego-de-campana-electoral\/#primaryimage","url":"https:\/\/pagina10.com\/web\/wp-content\/uploads\/2023\/09\/ricardo-bonilla-alcaldia-bogota-e1682628784701.webp","contentUrl":"https:\/\/pagina10.com\/web\/wp-content\/uploads\/2023\/09\/ricardo-bonilla-alcaldia-bogota-e1682628784701.webp","width":1200,"height":675},{"@type":"BreadcrumbList","@id":"https:\/\/pagina10.com\/web\/gobierno-nacional-subiria-el-precio-de-diesel-luego-de-campana-electoral\/#breadcrumb","itemListElement":[{"@type":"ListItem","position":1,"name":"Portada","item":"https:\/\/pagina10.com\/web\/"},{"@type":"ListItem","position":2,"name":"Gobierno Nacional subir\u00eda el precio de Diesel luego de campa\u00f1a electoral"}]},{"@type":"WebSite","@id":"https:\/\/pagina10.com\/web\/#website","url":"https:\/\/pagina10.com\/web\/","name":"P\u00e1gina10","description":"Peri\u00f3dico Regional","publisher":{"@id":"https:\/\/pagina10.com\/web\/#organization"},"alternateName":"P\u00e1gina10 Peri\u00f3dico Regional","potentialAction":[{"@type":"SearchAction","target":{"@type":"EntryPoint","urlTemplate":"https:\/\/pagina10.com\/web\/?s={search_term_string}"},"query-input":{"@type":"PropertyValueSpecification","valueRequired":true,"valueName":"search_term_string"}}],"inLanguage":"es"},{"@type":"Organization","@id":"https:\/\/pagina10.com\/web\/#organization","name":"P\u00e1gina10","alternateName":"P\u00e1gina10 Peri\u00f3dico Regional","url":"https:\/\/pagina10.com\/web\/","logo":{"@type":"ImageObject","inLanguage":"es","@id":"https:\/\/pagina10.com\/web\/#\/schema\/logo\/image\/","url":"https:\/\/pagina10.com\/web\/wp-content\/uploads\/2024\/01\/40-pagina-10-periodico-regional-pasto.jpg","contentUrl":"https:\/\/pagina10.com\/web\/wp-content\/uploads\/2024\/01\/40-pagina-10-periodico-regional-pasto.jpg","width":1280,"height":720,"caption":"P\u00e1gina10"},"image":{"@id":"https:\/\/pagina10.com\/web\/#\/schema\/logo\/image\/"},"sameAs":["https:\/\/www.facebook.com\/pag10com","https:\/\/x.com\/Pag10com","https:\/\/www.instagram.com\/pagina10col\/","https:\/\/youtube.com\/channel\/pag10","https:\/\/www.tiktok.com\/@p10col"]},{"@type":"Person","@id":"https:\/\/pagina10.com\/web\/#\/schema\/person\/2efc4a090d25b667d3bc796798a3a81b","name":"P\u00e1gina 10","description":"P\u00e1gina 10 es un peri\u00f3dico regional que nace en Colombia, en el departamento de Nari\u00f1o, con un enfoque global, fundamentado en cuatro pilares esenciales: la libertad, el pluralismo, la inclusi\u00f3n y la independencia. P\u00e1gina 10 hace referencia a Nari\u00f1o como el d\u00e9cimo departamento creado en Colombia, despu\u00e9s de un proceso pol\u00edtico liderado por actores y actrices regionales con el fin de obtener la independencia y autonom\u00eda de nuestros territorios. Con la creaci\u00f3n de P\u00e1gina 10 se pretende abrir un escenario para el dialogo, la reflexi\u00f3n y el debate que se extienda a otras geograf\u00edas de Am\u00e9rica Latina y del planeta, en una apuesta por transformar colectivamente los desaf\u00edos de un mundo contempor\u00e1neo, m\u00e1s all\u00e1 de las fronteras impuestas.","url":"https:\/\/pagina10.com\/web\/author\/pdiezadmin\/"}]}},"_links":{"self":[{"href":"https:\/\/pagina10.com\/web\/wp-json\/wp\/v2\/posts\/68554","targetHints":{"allow":["GET"]}}],"collection":[{"href":"https:\/\/pagina10.com\/web\/wp-json\/wp\/v2\/posts"}],"about":[{"href":"https:\/\/pagina10.com\/web\/wp-json\/wp\/v2\/types\/post"}],"author":[{"embeddable":true,"href":"https:\/\/pagina10.com\/web\/wp-json\/wp\/v2\/users\/1"}],"replies":[{"embeddable":true,"href":"https:\/\/pagina10.com\/web\/wp-json\/wp\/v2\/comments?post=68554"}],"version-history":[{"count":1,"href":"https:\/\/pagina10.com\/web\/wp-json\/wp\/v2\/posts\/68554\/revisions"}],"predecessor-version":[{"id":68556,"href":"https:\/\/pagina10.com\/web\/wp-json\/wp\/v2\/posts\/68554\/revisions\/68556"}],"wp:featuredmedia":[{"embeddable":true,"href":"https:\/\/pagina10.com\/web\/wp-json\/wp\/v2\/media\/68555"}],"wp:attachment":[{"href":"https:\/\/pagina10.com\/web\/wp-json\/wp\/v2\/media?parent=68554"}],"wp:term":[{"taxonomy":"category","embeddable":true,"href":"https:\/\/pagina10.com\/web\/wp-json\/wp\/v2\/categories?post=68554"},{"taxonomy":"post_tag","embeddable":true,"href":"https:\/\/pagina10.com\/web\/wp-json\/wp\/v2\/tags?post=68554"}],"curies":[{"name":"wp","href":"https:\/\/api.w.org\/{rel}","templated":true}]}}