{"id":68562,"date":"2023-09-05T14:20:50","date_gmt":"2023-09-05T19:20:50","guid":{"rendered":"https:\/\/pagina10.com\/web\/?p=68562"},"modified":"2023-09-05T14:20:50","modified_gmt":"2023-09-05T19:20:50","slug":"un-candidato-idoneo-para-la-actual-crisis-economica-y-social-de-narino","status":"publish","type":"post","link":"https:\/\/pagina10.com\/web\/un-candidato-idoneo-para-la-actual-crisis-economica-y-social-de-narino\/","title":{"rendered":"\u00bfUn candidato id\u00f3neo para la actual crisis econ\u00f3mica y social de Nari\u00f1o?"},"content":{"rendered":"<p style=\"text-align: justify;\">El candidato LUIS ALFONSO ESCOBAR JARAMILLO es el actual candidato para la gobernaci\u00f3n de Nari\u00f1o en representaci\u00f3n del PACTO HISTORICO despu\u00e9s de unas pol\u00e9micas consultas de esa colectividad que dieron como ganador al dirigente pol\u00edtico LUIS ELADIO P\u00c9REZ BONILLA. Por considerar que se obtuvo un empate t\u00e9cnico, un comit\u00e9 desde la capital de la rep\u00fablica impuso como candidato al doctor LUIS ALFONSO JARAMILLO.<\/p>\n<p style=\"text-align: justify;\">Mordi\u00e9ndose la lengua y trag\u00e1ndose sapos y culebras el ganador de la consulta decidi\u00f3 no dar mayores declaraciones y al mismo tiempo abstenerse de apoyar esta candidatura, que algunos, en las redes sociales califican como espuria. Por respeto a la democracia me abstengo de publicar estos pronunciamientos.<\/p>\n<p style=\"text-align: justify;\">Nadie duda de la gran preparaci\u00f3n del candidato del Pacto Hist\u00f3rico. Ser\u00eda un dislate desconocer su excelencia acad\u00e9mica. Pero, muchos comienzan a cuestionarse su participaci\u00f3n en las administraciones de RAUL DELGADO y CAMILO ROMERO como secretario de planeaci\u00f3n. https:\/\/www.las2orillas.co\/sobre-el-contrato-via-junin-barbacoas\/ Administraciones con delicados se\u00f1alamientos y que hasta ahora la justicia se ha abstenido de pronunciarse.<\/p>\n<p style=\"text-align: justify;\">Tambi\u00e9n se pone en tela de juicio su capacidad de gesti\u00f3n por la sencilla raz\u00f3n que la administraci\u00f3n de Camilo Romero adem\u00e1s de ser cuestionada, ocup\u00f3 los \u00faltimos lugares en el manejo de recursos provenientes de Regal\u00edas. Se perdieron para el departamento de Nari\u00f1o grandes oportunidades de progreso y desarrollo, el sector rural se sumi\u00f3 en una postraci\u00f3n total y las consecuencias, funestas y dolorosas, se sienten hoy m\u00e1s que nunca en los constantes anuncios de quiebra familiar y abandono de las pocas empresas que existen en la regi\u00f3n. Se preguntan los lectores : \u00bfCuando esto ocurr\u00eda en Nari\u00f1o y el barco hacia aguas por todos sus flancos, el hoy candidato a la gobernaci\u00f3n de Nari\u00f1o emiti\u00f3 alguna voz de alerta o se pronunci\u00f3 al respecto o se encerr\u00f3 en tu torre de marfil de la academia en una universidad del Valle? La sombra de viejos dirigentes pol\u00edticos sobre los manejos y decisiones del Pacto Hist\u00f3rico en nuestra regi\u00f3n, siembran mantos de duda sobre la independencia y autonom\u00eda del doctor LUIS ALFONSO JARAMILLO en los asuntos y manejos departamentales en caso de ser elegido como gobernador.<\/p>\n<p style=\"text-align: justify;\">De otra parte se cuestiona la independencia que pueda tener del poder central, pues se ha visto que congresistas y adeptos al gobierno de turno han guardado y practicado un mutismo total ante las indolencias hacia una regi\u00f3n como la nuestra, sumida en abandono, olvido e ingratitud del presidente de la rep\u00fablica Gustavo Petro Urrego y manifiestan que hoy m\u00e1s que nunca se requiere una voz que se oponga a las arbitrariedades centrales y convoque a las fuerzas vivas del departamento para reclamar por una situaci\u00f3n de postraci\u00f3n en la que nos hemos sumido sin que exista eficacia en las determinaciones venidas desde la capital de la rep\u00fablica.<\/p>\n<p style=\"text-align: justify;\">Se manifiesta, de otra parte, que el candidato parece incurrir en el pecado de la SOBERBIA pues no contesta el celular a sus viejos amigos, los pone a sacar citas, los ignora o simplemente los invita a hablar con su secretaria o auxiliar. Y se preguntan si as\u00ed es como candidato, c\u00f3mo actuar\u00e1 como GOBERNADOR. Saben ellos que la pol\u00edtica se hace entre amigos y conservando la sencillez y cordura de siempre. Le solicitan sus seguidores que no act\u00fae como los ne\u00f3fitos congresistas del Pacto Hist\u00f3rico que una vez elegidos cambiaron de celular, no contestan, se llenaron de un orgullo petulante y acallaron su voz para clamar por nuestro Nari\u00f1o.<\/p>\n<p style=\"text-align: justify;\">Nari\u00f1o no puede callar ante tanto exabrupto y si antes se dec\u00eda que se requiere un gobierno departamental amigo del gobierno central, hoy se cuestiona ese hecho y se inclinan a pensar que se necesita un liderazgo fuerte con la capacidad y decisi\u00f3n de decirle al presidente PETRO que los vientos del Sur se est\u00e1n convirtiendo en insondable huracanes de dantescas consecuencias para nuestra gente.<\/p>\n","protected":false},"excerpt":{"rendered":"<p>El candidato LUIS ALFONSO ESCOBAR JARAMILLO es el actual candidato para la gobernaci\u00f3n de Nari\u00f1o en representaci\u00f3n del PACTO HISTORICO despu\u00e9s de unas pol\u00e9micas consultas de esa colectividad que dieron como ganador al dirigente pol\u00edtico LUIS ELADIO P\u00c9REZ BONILLA. Por considerar que se obtuvo un empate t\u00e9cnico, un comit\u00e9 desde la capital de la rep\u00fablica [&hellip;]<\/p>\n","protected":false},"author":46,"featured_media":52049,"comment_status":"open","ping_status":"open","sticky":false,"template":"","format":"standard","meta":{"footnotes":""},"categories":[3],"tags":[],"class_list":["post-68562","post","type-post","status-publish","format-standard","has-post-thumbnail","hentry","category-opinion"],"yoast_head":"<!-- This site is optimized with the Yoast SEO plugin v27.1.1 - https:\/\/yoast.com\/product\/yoast-seo-wordpress\/ -->\n<title>\u00bfUn candidato id\u00f3neo para la actual crisis econ\u00f3mica y social de Nari\u00f1o? | P\u00e1gina10<\/title>\n<meta name=\"robots\" content=\"index, follow, max-snippet:-1, max-image-preview:large, max-video-preview:-1\" \/>\n<link rel=\"canonical\" href=\"https:\/\/pagina10.com\/web\/un-candidato-idoneo-para-la-actual-crisis-economica-y-social-de-narino\/\" \/>\n<meta property=\"og:locale\" content=\"es_ES\" \/>\n<meta property=\"og:type\" content=\"article\" \/>\n<meta property=\"og:title\" content=\"\u00bfUn candidato id\u00f3neo para la actual crisis econ\u00f3mica y social de Nari\u00f1o? | P\u00e1gina10\" \/>\n<meta property=\"og:description\" content=\"El candidato LUIS ALFONSO ESCOBAR JARAMILLO es el actual candidato para la gobernaci\u00f3n de Nari\u00f1o en representaci\u00f3n del PACTO HISTORICO despu\u00e9s de unas pol\u00e9micas consultas de esa colectividad que dieron como ganador al dirigente pol\u00edtico LUIS ELADIO P\u00c9REZ BONILLA. Por considerar que se obtuvo un empate t\u00e9cnico, un comit\u00e9 desde la capital de la rep\u00fablica [&hellip;]\" \/>\n<meta property=\"og:url\" content=\"https:\/\/pagina10.com\/web\/un-candidato-idoneo-para-la-actual-crisis-economica-y-social-de-narino\/\" \/>\n<meta property=\"og:site_name\" content=\"P\u00e1gina10\" \/>\n<meta property=\"article:publisher\" content=\"https:\/\/www.facebook.com\/pag10com\" \/>\n<meta property=\"article:published_time\" content=\"2023-09-05T19:20:50+00:00\" \/>\n<meta property=\"og:image\" content=\"https:\/\/pagina10.com\/web\/wp-content\/uploads\/2021\/04\/Captura-de-pantalla-241.png\" \/>\n\t<meta property=\"og:image:width\" content=\"640\" \/>\n\t<meta property=\"og:image:height\" content=\"378\" \/>\n\t<meta property=\"og:image:type\" content=\"image\/png\" \/>\n<meta name=\"author\" content=\"Pablo Emilio Obando Acosta\" \/>\n<meta name=\"twitter:card\" content=\"summary_large_image\" \/>\n<meta name=\"twitter:creator\" content=\"@Pag10com\" \/>\n<meta name=\"twitter:site\" content=\"@Pag10com\" \/>\n<meta name=\"twitter:label1\" content=\"Escrito por\" \/>\n\t<meta name=\"twitter:data1\" content=\"Pablo Emilio Obando Acosta\" \/>\n\t<meta name=\"twitter:label2\" content=\"Tiempo de lectura\" \/>\n\t<meta name=\"twitter:data2\" content=\"3 minutos\" \/>\n<script type=\"application\/ld+json\" class=\"yoast-schema-graph\">{\"@context\":\"https:\/\/schema.org\",\"@graph\":[{\"@type\":\"Article\",\"@id\":\"https:\/\/pagina10.com\/web\/un-candidato-idoneo-para-la-actual-crisis-economica-y-social-de-narino\/#article\",\"isPartOf\":{\"@id\":\"https:\/\/pagina10.com\/web\/un-candidato-idoneo-para-la-actual-crisis-economica-y-social-de-narino\/\"},\"author\":{\"name\":\"Pablo Emilio Obando Acosta\",\"@id\":\"https:\/\/pagina10.com\/web\/#\/schema\/person\/3d3687c9f037834284853a963ee45123\"},\"headline\":\"\u00bfUn candidato id\u00f3neo para la actual crisis econ\u00f3mica y social de Nari\u00f1o?\",\"datePublished\":\"2023-09-05T19:20:50+00:00\",\"mainEntityOfPage\":{\"@id\":\"https:\/\/pagina10.com\/web\/un-candidato-idoneo-para-la-actual-crisis-economica-y-social-de-narino\/\"},\"wordCount\":704,\"commentCount\":0,\"publisher\":{\"@id\":\"https:\/\/pagina10.com\/web\/#organization\"},\"image\":{\"@id\":\"https:\/\/pagina10.com\/web\/un-candidato-idoneo-para-la-actual-crisis-economica-y-social-de-narino\/#primaryimage\"},\"thumbnailUrl\":\"https:\/\/pagina10.com\/web\/wp-content\/uploads\/2021\/04\/Captura-de-pantalla-241.png\",\"articleSection\":[\"Opini\u00f3n\"],\"inLanguage\":\"es\",\"potentialAction\":[{\"@type\":\"CommentAction\",\"name\":\"Comment\",\"target\":[\"https:\/\/pagina10.com\/web\/un-candidato-idoneo-para-la-actual-crisis-economica-y-social-de-narino\/#respond\"]}]},{\"@type\":\"WebPage\",\"@id\":\"https:\/\/pagina10.com\/web\/un-candidato-idoneo-para-la-actual-crisis-economica-y-social-de-narino\/\",\"url\":\"https:\/\/pagina10.com\/web\/un-candidato-idoneo-para-la-actual-crisis-economica-y-social-de-narino\/\",\"name\":\"\u00bfUn candidato id\u00f3neo para la actual crisis econ\u00f3mica y social de Nari\u00f1o? | P\u00e1gina10\",\"isPartOf\":{\"@id\":\"https:\/\/pagina10.com\/web\/#website\"},\"primaryImageOfPage\":{\"@id\":\"https:\/\/pagina10.com\/web\/un-candidato-idoneo-para-la-actual-crisis-economica-y-social-de-narino\/#primaryimage\"},\"image\":{\"@id\":\"https:\/\/pagina10.com\/web\/un-candidato-idoneo-para-la-actual-crisis-economica-y-social-de-narino\/#primaryimage\"},\"thumbnailUrl\":\"https:\/\/pagina10.com\/web\/wp-content\/uploads\/2021\/04\/Captura-de-pantalla-241.png\",\"datePublished\":\"2023-09-05T19:20:50+00:00\",\"breadcrumb\":{\"@id\":\"https:\/\/pagina10.com\/web\/un-candidato-idoneo-para-la-actual-crisis-economica-y-social-de-narino\/#breadcrumb\"},\"inLanguage\":\"es\",\"potentialAction\":[{\"@type\":\"ReadAction\",\"target\":[\"https:\/\/pagina10.com\/web\/un-candidato-idoneo-para-la-actual-crisis-economica-y-social-de-narino\/\"]}]},{\"@type\":\"ImageObject\",\"inLanguage\":\"es\",\"@id\":\"https:\/\/pagina10.com\/web\/un-candidato-idoneo-para-la-actual-crisis-economica-y-social-de-narino\/#primaryimage\",\"url\":\"https:\/\/pagina10.com\/web\/wp-content\/uploads\/2021\/04\/Captura-de-pantalla-241.png\",\"contentUrl\":\"https:\/\/pagina10.com\/web\/wp-content\/uploads\/2021\/04\/Captura-de-pantalla-241.png\",\"width\":640,\"height\":378},{\"@type\":\"BreadcrumbList\",\"@id\":\"https:\/\/pagina10.com\/web\/un-candidato-idoneo-para-la-actual-crisis-economica-y-social-de-narino\/#breadcrumb\",\"itemListElement\":[{\"@type\":\"ListItem\",\"position\":1,\"name\":\"Portada\",\"item\":\"https:\/\/pagina10.com\/web\/\"},{\"@type\":\"ListItem\",\"position\":2,\"name\":\"\u00bfUn candidato id\u00f3neo para la actual crisis econ\u00f3mica y social de Nari\u00f1o?\"}]},{\"@type\":\"WebSite\",\"@id\":\"https:\/\/pagina10.com\/web\/#website\",\"url\":\"https:\/\/pagina10.com\/web\/\",\"name\":\"P\u00e1gina10\",\"description\":\"Peri\u00f3dico Regional\",\"publisher\":{\"@id\":\"https:\/\/pagina10.com\/web\/#organization\"},\"alternateName\":\"P\u00e1gina10 Peri\u00f3dico Regional\",\"potentialAction\":[{\"@type\":\"SearchAction\",\"target\":{\"@type\":\"EntryPoint\",\"urlTemplate\":\"https:\/\/pagina10.com\/web\/?s={search_term_string}\"},\"query-input\":{\"@type\":\"PropertyValueSpecification\",\"valueRequired\":true,\"valueName\":\"search_term_string\"}}],\"inLanguage\":\"es\"},{\"@type\":\"Organization\",\"@id\":\"https:\/\/pagina10.com\/web\/#organization\",\"name\":\"P\u00e1gina10\",\"alternateName\":\"P\u00e1gina10 Peri\u00f3dico Regional\",\"url\":\"https:\/\/pagina10.com\/web\/\",\"logo\":{\"@type\":\"ImageObject\",\"inLanguage\":\"es\",\"@id\":\"https:\/\/pagina10.com\/web\/#\/schema\/logo\/image\/\",\"url\":\"https:\/\/pagina10.com\/web\/wp-content\/uploads\/2024\/01\/40-pagina-10-periodico-regional-pasto.jpg\",\"contentUrl\":\"https:\/\/pagina10.com\/web\/wp-content\/uploads\/2024\/01\/40-pagina-10-periodico-regional-pasto.jpg\",\"width\":1280,\"height\":720,\"caption\":\"P\u00e1gina10\"},\"image\":{\"@id\":\"https:\/\/pagina10.com\/web\/#\/schema\/logo\/image\/\"},\"sameAs\":[\"https:\/\/www.facebook.com\/pag10com\",\"https:\/\/x.com\/Pag10com\",\"https:\/\/www.instagram.com\/pagina10col\/\",\"https:\/\/youtube.com\/channel\/pag10\",\"https:\/\/www.tiktok.com\/@p10col\"]},{\"@type\":\"Person\",\"@id\":\"https:\/\/pagina10.com\/web\/#\/schema\/person\/3d3687c9f037834284853a963ee45123\",\"name\":\"Pablo Emilio Obando Acosta\",\"description\":\"PABLO EMILIO OBANDO ACOSTA Nace en el a\u00f1o de 1965. Bachiller acad\u00e9mico Modalidad Humanidades del INEM de Pasto. En 1989 culmina sus estudios universitarios en la Universidad de Nari\u00f1o obteniendo el t\u00edtulo de Licenciado en Ciencias Sociales \u2013 \u00e9nfasis Ciencias de la Educaci\u00f3n \u2013Jornada nocturna-. Especialista en Literatura latinoamericana y colaborador de importantes medios de comunicaci\u00f3n escritos de nuestra regi\u00f3n y del pa\u00eds: El Tiempo.com, Semana.com, Dinero, Diario Del Sur, El Espectador.com, entre otros, Sus escritos se conocen y han obtenido reconocimientos en Chile, Uruguay, Paraguay, Espa\u00f1a y Alemania. En el a\u00f1o 2000 obtiene el reconocimiento CORREO DEL SUR como el personaje c\u00edvico del a\u00f1o por su f\u00e9rrea defensa de la dignidad pastense al protestar con su documento \u201cUn pueblo ante la historia\u201d por el trato despectivo de algunos medios de comunicaci\u00f3n. Las reacciones no se hacen esperar en peri\u00f3dicos de circulaci\u00f3n regional y nacional como El Tiempo, El Espectador y El Pa\u00eds. Ha obtenido m\u00faltiples medallas y condecoraciones por su labor period\u00edstica y cultural: Medalla al merito Guillermo Edmundo Ch\u00e1vez \u2013 mejor escritor del departamento de Nari\u00f1o 2005 \u2013 Fundaci\u00f3n Gabriel Garc\u00eda M\u00e1rquez. Mejor Columnista del departamento de Nari\u00f1o \u2013 a\u00f1os 1991 \u2013 1993 \u2013 1996 \u2013 2001 \u2013 2006 Fundaci\u00f3n Cultural Correo del Sur. Personaje C\u00edvico del Departamento de Nari\u00f1o a\u00f1o 2000. Medalla \u00c1lvaro Javier Jurado Calvache a\u00f1o 2007 \u2013 Centro Educativo PROFESA \u2013 defensor poblaci\u00f3n vulnerable del municipio de Pasto. Mejor cuentista del departamento de Nari\u00f1o \u2013 a\u00f1os 1989 \u2013 2004 \u2013 2005. Cronista m\u00e1s destacado del departamento de Nari\u00f1o \u2013 a\u00f1o 2001. Finalista VI Concurso Internacional de Cuento \u2013 Prensa Nueva \u2013 a\u00f1o 1991. Primer puesto Concurso nacional de cuento \u2013 Contralor\u00eda general de la Rep\u00fablica \u2013 a\u00f1o 1992. Primer Lugar Concurso Municipal de Periodismo \u201cSilvio Le\u00f3n Espa\u00f1a\u201d \u2013 2009. . Reconocimiento Concejo municipal de Pasto, por su labor c\u00edvica y educativa. Sus obras y escritos se conocen en varios pa\u00edses de Latinoam\u00e9rica y de Colombia. Es autor de una docena de textos y m\u00e1s de un millar de columnas de opini\u00f3n que han generado pol\u00e9mica en el contexto nacional y latinoamericano: Testimonio de una insurrecci\u00f3n ciudadana \u2013 2011. El doctor Mierda. Un pueblo ante la historia. La filosof\u00eda de la gallina. Del amor por la Tierra... y otros textos. Diario de un maestro de escuela. Apuntes para una nueva historia Nuevos apuntes \u2013 Tomas Hidalgo Calvache. El problema de los cristianos. La utilidad del poeta. \u00bfTe acuerdas Mariana...? Corona F\u00fanebre \u2013 Tomas Hidalgo Calvache. En formato digital ha editado los siguientes t\u00edtulos: - La nueva filosof\u00eda de la gallina. - Tomas Hidalgo Calvache - Apuntes. - Educar con valor. Figura en varias antolog\u00edas de autores nari\u00f1enses y en una latinoamericana. Sobre \u00e9l han escrito elogiosamente intelectuales de la talla de Otto Morales Ben\u00edtez, Edgar Bastidas Urresty, Juan Augusto Ortiz cabrera, Carlos Santamar\u00eda, Javier Rodrizales, Miguel Garz\u00f3n Arteaga, Fausto Molina, Jorge Arturo Bravo y otros tantos que ser\u00eda dif\u00edcil nombrar en esta peque\u00f1a cr\u00f3nica sobre Pablo Emilio Obando Acosta.\",\"url\":\"https:\/\/pagina10.com\/web\/author\/pobando\/\"}]}<\/script>\n<!-- \/ Yoast SEO plugin. -->","yoast_head_json":{"title":"\u00bfUn candidato id\u00f3neo para la actual crisis econ\u00f3mica y social de Nari\u00f1o? | P\u00e1gina10","robots":{"index":"index","follow":"follow","max-snippet":"max-snippet:-1","max-image-preview":"max-image-preview:large","max-video-preview":"max-video-preview:-1"},"canonical":"https:\/\/pagina10.com\/web\/un-candidato-idoneo-para-la-actual-crisis-economica-y-social-de-narino\/","og_locale":"es_ES","og_type":"article","og_title":"\u00bfUn candidato id\u00f3neo para la actual crisis econ\u00f3mica y social de Nari\u00f1o? | P\u00e1gina10","og_description":"El candidato LUIS ALFONSO ESCOBAR JARAMILLO es el actual candidato para la gobernaci\u00f3n de Nari\u00f1o en representaci\u00f3n del PACTO HISTORICO despu\u00e9s de unas pol\u00e9micas consultas de esa colectividad que dieron como ganador al dirigente pol\u00edtico LUIS ELADIO P\u00c9REZ BONILLA. Por considerar que se obtuvo un empate t\u00e9cnico, un comit\u00e9 desde la capital de la rep\u00fablica [&hellip;]","og_url":"https:\/\/pagina10.com\/web\/un-candidato-idoneo-para-la-actual-crisis-economica-y-social-de-narino\/","og_site_name":"P\u00e1gina10","article_publisher":"https:\/\/www.facebook.com\/pag10com","article_published_time":"2023-09-05T19:20:50+00:00","og_image":[{"width":640,"height":378,"url":"https:\/\/pagina10.com\/web\/wp-content\/uploads\/2021\/04\/Captura-de-pantalla-241.png","type":"image\/png"}],"author":"Pablo Emilio Obando Acosta","twitter_card":"summary_large_image","twitter_creator":"@Pag10com","twitter_site":"@Pag10com","twitter_misc":{"Escrito por":"Pablo Emilio Obando Acosta","Tiempo de lectura":"3 minutos"},"schema":{"@context":"https:\/\/schema.org","@graph":[{"@type":"Article","@id":"https:\/\/pagina10.com\/web\/un-candidato-idoneo-para-la-actual-crisis-economica-y-social-de-narino\/#article","isPartOf":{"@id":"https:\/\/pagina10.com\/web\/un-candidato-idoneo-para-la-actual-crisis-economica-y-social-de-narino\/"},"author":{"name":"Pablo Emilio Obando Acosta","@id":"https:\/\/pagina10.com\/web\/#\/schema\/person\/3d3687c9f037834284853a963ee45123"},"headline":"\u00bfUn candidato id\u00f3neo para la actual crisis econ\u00f3mica y social de Nari\u00f1o?","datePublished":"2023-09-05T19:20:50+00:00","mainEntityOfPage":{"@id":"https:\/\/pagina10.com\/web\/un-candidato-idoneo-para-la-actual-crisis-economica-y-social-de-narino\/"},"wordCount":704,"commentCount":0,"publisher":{"@id":"https:\/\/pagina10.com\/web\/#organization"},"image":{"@id":"https:\/\/pagina10.com\/web\/un-candidato-idoneo-para-la-actual-crisis-economica-y-social-de-narino\/#primaryimage"},"thumbnailUrl":"https:\/\/pagina10.com\/web\/wp-content\/uploads\/2021\/04\/Captura-de-pantalla-241.png","articleSection":["Opini\u00f3n"],"inLanguage":"es","potentialAction":[{"@type":"CommentAction","name":"Comment","target":["https:\/\/pagina10.com\/web\/un-candidato-idoneo-para-la-actual-crisis-economica-y-social-de-narino\/#respond"]}]},{"@type":"WebPage","@id":"https:\/\/pagina10.com\/web\/un-candidato-idoneo-para-la-actual-crisis-economica-y-social-de-narino\/","url":"https:\/\/pagina10.com\/web\/un-candidato-idoneo-para-la-actual-crisis-economica-y-social-de-narino\/","name":"\u00bfUn candidato id\u00f3neo para la actual crisis econ\u00f3mica y social de Nari\u00f1o? | P\u00e1gina10","isPartOf":{"@id":"https:\/\/pagina10.com\/web\/#website"},"primaryImageOfPage":{"@id":"https:\/\/pagina10.com\/web\/un-candidato-idoneo-para-la-actual-crisis-economica-y-social-de-narino\/#primaryimage"},"image":{"@id":"https:\/\/pagina10.com\/web\/un-candidato-idoneo-para-la-actual-crisis-economica-y-social-de-narino\/#primaryimage"},"thumbnailUrl":"https:\/\/pagina10.com\/web\/wp-content\/uploads\/2021\/04\/Captura-de-pantalla-241.png","datePublished":"2023-09-05T19:20:50+00:00","breadcrumb":{"@id":"https:\/\/pagina10.com\/web\/un-candidato-idoneo-para-la-actual-crisis-economica-y-social-de-narino\/#breadcrumb"},"inLanguage":"es","potentialAction":[{"@type":"ReadAction","target":["https:\/\/pagina10.com\/web\/un-candidato-idoneo-para-la-actual-crisis-economica-y-social-de-narino\/"]}]},{"@type":"ImageObject","inLanguage":"es","@id":"https:\/\/pagina10.com\/web\/un-candidato-idoneo-para-la-actual-crisis-economica-y-social-de-narino\/#primaryimage","url":"https:\/\/pagina10.com\/web\/wp-content\/uploads\/2021\/04\/Captura-de-pantalla-241.png","contentUrl":"https:\/\/pagina10.com\/web\/wp-content\/uploads\/2021\/04\/Captura-de-pantalla-241.png","width":640,"height":378},{"@type":"BreadcrumbList","@id":"https:\/\/pagina10.com\/web\/un-candidato-idoneo-para-la-actual-crisis-economica-y-social-de-narino\/#breadcrumb","itemListElement":[{"@type":"ListItem","position":1,"name":"Portada","item":"https:\/\/pagina10.com\/web\/"},{"@type":"ListItem","position":2,"name":"\u00bfUn candidato id\u00f3neo para la actual crisis econ\u00f3mica y social de Nari\u00f1o?"}]},{"@type":"WebSite","@id":"https:\/\/pagina10.com\/web\/#website","url":"https:\/\/pagina10.com\/web\/","name":"P\u00e1gina10","description":"Peri\u00f3dico Regional","publisher":{"@id":"https:\/\/pagina10.com\/web\/#organization"},"alternateName":"P\u00e1gina10 Peri\u00f3dico Regional","potentialAction":[{"@type":"SearchAction","target":{"@type":"EntryPoint","urlTemplate":"https:\/\/pagina10.com\/web\/?s={search_term_string}"},"query-input":{"@type":"PropertyValueSpecification","valueRequired":true,"valueName":"search_term_string"}}],"inLanguage":"es"},{"@type":"Organization","@id":"https:\/\/pagina10.com\/web\/#organization","name":"P\u00e1gina10","alternateName":"P\u00e1gina10 Peri\u00f3dico Regional","url":"https:\/\/pagina10.com\/web\/","logo":{"@type":"ImageObject","inLanguage":"es","@id":"https:\/\/pagina10.com\/web\/#\/schema\/logo\/image\/","url":"https:\/\/pagina10.com\/web\/wp-content\/uploads\/2024\/01\/40-pagina-10-periodico-regional-pasto.jpg","contentUrl":"https:\/\/pagina10.com\/web\/wp-content\/uploads\/2024\/01\/40-pagina-10-periodico-regional-pasto.jpg","width":1280,"height":720,"caption":"P\u00e1gina10"},"image":{"@id":"https:\/\/pagina10.com\/web\/#\/schema\/logo\/image\/"},"sameAs":["https:\/\/www.facebook.com\/pag10com","https:\/\/x.com\/Pag10com","https:\/\/www.instagram.com\/pagina10col\/","https:\/\/youtube.com\/channel\/pag10","https:\/\/www.tiktok.com\/@p10col"]},{"@type":"Person","@id":"https:\/\/pagina10.com\/web\/#\/schema\/person\/3d3687c9f037834284853a963ee45123","name":"Pablo Emilio Obando Acosta","description":"PABLO EMILIO OBANDO ACOSTA Nace en el a\u00f1o de 1965. Bachiller acad\u00e9mico Modalidad Humanidades del INEM de Pasto. En 1989 culmina sus estudios universitarios en la Universidad de Nari\u00f1o obteniendo el t\u00edtulo de Licenciado en Ciencias Sociales \u2013 \u00e9nfasis Ciencias de la Educaci\u00f3n \u2013Jornada nocturna-. Especialista en Literatura latinoamericana y colaborador de importantes medios de comunicaci\u00f3n escritos de nuestra regi\u00f3n y del pa\u00eds: El Tiempo.com, Semana.com, Dinero, Diario Del Sur, El Espectador.com, entre otros, Sus escritos se conocen y han obtenido reconocimientos en Chile, Uruguay, Paraguay, Espa\u00f1a y Alemania. En el a\u00f1o 2000 obtiene el reconocimiento CORREO DEL SUR como el personaje c\u00edvico del a\u00f1o por su f\u00e9rrea defensa de la dignidad pastense al protestar con su documento \u201cUn pueblo ante la historia\u201d por el trato despectivo de algunos medios de comunicaci\u00f3n. Las reacciones no se hacen esperar en peri\u00f3dicos de circulaci\u00f3n regional y nacional como El Tiempo, El Espectador y El Pa\u00eds. Ha obtenido m\u00faltiples medallas y condecoraciones por su labor period\u00edstica y cultural: Medalla al merito Guillermo Edmundo Ch\u00e1vez \u2013 mejor escritor del departamento de Nari\u00f1o 2005 \u2013 Fundaci\u00f3n Gabriel Garc\u00eda M\u00e1rquez. Mejor Columnista del departamento de Nari\u00f1o \u2013 a\u00f1os 1991 \u2013 1993 \u2013 1996 \u2013 2001 \u2013 2006 Fundaci\u00f3n Cultural Correo del Sur. Personaje C\u00edvico del Departamento de Nari\u00f1o a\u00f1o 2000. Medalla \u00c1lvaro Javier Jurado Calvache a\u00f1o 2007 \u2013 Centro Educativo PROFESA \u2013 defensor poblaci\u00f3n vulnerable del municipio de Pasto. Mejor cuentista del departamento de Nari\u00f1o \u2013 a\u00f1os 1989 \u2013 2004 \u2013 2005. Cronista m\u00e1s destacado del departamento de Nari\u00f1o \u2013 a\u00f1o 2001. Finalista VI Concurso Internacional de Cuento \u2013 Prensa Nueva \u2013 a\u00f1o 1991. Primer puesto Concurso nacional de cuento \u2013 Contralor\u00eda general de la Rep\u00fablica \u2013 a\u00f1o 1992. Primer Lugar Concurso Municipal de Periodismo \u201cSilvio Le\u00f3n Espa\u00f1a\u201d \u2013 2009. . Reconocimiento Concejo municipal de Pasto, por su labor c\u00edvica y educativa. Sus obras y escritos se conocen en varios pa\u00edses de Latinoam\u00e9rica y de Colombia. Es autor de una docena de textos y m\u00e1s de un millar de columnas de opini\u00f3n que han generado pol\u00e9mica en el contexto nacional y latinoamericano: Testimonio de una insurrecci\u00f3n ciudadana \u2013 2011. El doctor Mierda. Un pueblo ante la historia. La filosof\u00eda de la gallina. Del amor por la Tierra... y otros textos. Diario de un maestro de escuela. Apuntes para una nueva historia Nuevos apuntes \u2013 Tomas Hidalgo Calvache. El problema de los cristianos. La utilidad del poeta. \u00bfTe acuerdas Mariana...? Corona F\u00fanebre \u2013 Tomas Hidalgo Calvache. En formato digital ha editado los siguientes t\u00edtulos: - La nueva filosof\u00eda de la gallina. - Tomas Hidalgo Calvache - Apuntes. - Educar con valor. Figura en varias antolog\u00edas de autores nari\u00f1enses y en una latinoamericana. Sobre \u00e9l han escrito elogiosamente intelectuales de la talla de Otto Morales Ben\u00edtez, Edgar Bastidas Urresty, Juan Augusto Ortiz cabrera, Carlos Santamar\u00eda, Javier Rodrizales, Miguel Garz\u00f3n Arteaga, Fausto Molina, Jorge Arturo Bravo y otros tantos que ser\u00eda dif\u00edcil nombrar en esta peque\u00f1a cr\u00f3nica sobre Pablo Emilio Obando Acosta.","url":"https:\/\/pagina10.com\/web\/author\/pobando\/"}]}},"_links":{"self":[{"href":"https:\/\/pagina10.com\/web\/wp-json\/wp\/v2\/posts\/68562","targetHints":{"allow":["GET"]}}],"collection":[{"href":"https:\/\/pagina10.com\/web\/wp-json\/wp\/v2\/posts"}],"about":[{"href":"https:\/\/pagina10.com\/web\/wp-json\/wp\/v2\/types\/post"}],"author":[{"embeddable":true,"href":"https:\/\/pagina10.com\/web\/wp-json\/wp\/v2\/users\/46"}],"replies":[{"embeddable":true,"href":"https:\/\/pagina10.com\/web\/wp-json\/wp\/v2\/comments?post=68562"}],"version-history":[{"count":1,"href":"https:\/\/pagina10.com\/web\/wp-json\/wp\/v2\/posts\/68562\/revisions"}],"predecessor-version":[{"id":68563,"href":"https:\/\/pagina10.com\/web\/wp-json\/wp\/v2\/posts\/68562\/revisions\/68563"}],"wp:featuredmedia":[{"embeddable":true,"href":"https:\/\/pagina10.com\/web\/wp-json\/wp\/v2\/media\/52049"}],"wp:attachment":[{"href":"https:\/\/pagina10.com\/web\/wp-json\/wp\/v2\/media?parent=68562"}],"wp:term":[{"taxonomy":"category","embeddable":true,"href":"https:\/\/pagina10.com\/web\/wp-json\/wp\/v2\/categories?post=68562"},{"taxonomy":"post_tag","embeddable":true,"href":"https:\/\/pagina10.com\/web\/wp-json\/wp\/v2\/tags?post=68562"}],"curies":[{"name":"wp","href":"https:\/\/api.w.org\/{rel}","templated":true}]}}