{"id":68564,"date":"2023-09-05T16:43:55","date_gmt":"2023-09-05T21:43:55","guid":{"rendered":"https:\/\/pagina10.com\/web\/?p=68564"},"modified":"2023-09-05T16:43:55","modified_gmt":"2023-09-05T21:43:55","slug":"por-que-sube-el-precio-de-la-gasolina","status":"publish","type":"post","link":"https:\/\/pagina10.com\/web\/por-que-sube-el-precio-de-la-gasolina\/","title":{"rendered":"\u00bfPor qu\u00e9 sube el precio de la gasolina?"},"content":{"rendered":"<p style=\"text-align: justify;\">\n<p style=\"text-align: justify;\">Por: An\u00edbal Ar\u00e9valo Rosero<\/p>\n<p style=\"text-align: justify;\">\n<p style=\"text-align: justify;\">Abordar el tema del incremento progresivo de los combustibles tiene tanto de ancho como de largo. En primer t\u00e9rmino, tenemos que decir que para que los combustibles est\u00e9n disponibles en la estaci\u00f3n de servicio se requiere entender que hay un proceso en el cual se incluye la producci\u00f3n, el transporte, el almacenamiento y la venta. En cada uno de estos eslabones, el consumidor final tiene que asumir unos costos que se ven reflejados en el costo del gal\u00f3n de combustible.<\/p>\n<p style=\"text-align: justify;\">\n<p style=\"text-align: justify;\">A esto hay que sumarle que se debe pagar impuestos, pero, tambi\u00e9n se debe considerar que la gasolina que consumimos en Colombia es subsidiada. Por lo tanto, de no tener subsidio, la gasolina corriente estar\u00eda por encima de $18.000 el gal\u00f3n. El consumo mensual de gasolina corriente en Colombia es un poco m\u00e1s de 200 millones de galones, y Ecopetrol, con sus dos refiner\u00edas (en Cartagena y Barrancabermeja), produce aproximadamente 165 millones de galones al mes. Por lo tanto, m\u00e1s del 20 porciento de la gasolina corriente es importada.<\/p>\n<p style=\"text-align: justify;\">\n<p style=\"text-align: justify;\">Si los precios internacionales de la gasolina disminuyen, entonces la brecha entre lo que pagamos los colombianos y el precio internacional se reducir\u00eda, lo cual es cubierto por el Fondo de Estabilizaci\u00f3n de Precios de combustibles (Fepc).<\/p>\n<p style=\"text-align: justify;\">\n<p style=\"text-align: justify;\">El Fondo de Estabilizaci\u00f3n de Precios de Combustible fue creado en el a\u00f1o 2007 con el prop\u00f3sito de mantener m\u00e1s estables los precios, teniendo en cuneta que a nivel internacional los combustibles tienen sus variaciones. La diferencia entre el valor real que pagamos los colombianos y los precios internacionales es asumido por el gobierno a trav\u00e9s de este fondo. Es por ello que se hab\u00eda establecido el incremento constante: mes a mes con bajos valores para que no afecte la canasta familiar.<\/p>\n<p style=\"text-align: justify;\">\n<p style=\"text-align: justify;\">Sin embargo, el expresidente Duque dej\u00f3 de aplicar esta pol\u00edtica de combustibles ante la baja popularidad que termin\u00f3 su mandato por el estallido social y su mal gobierno; lo que hizo que el d\u00e9ficit del Fondo creciera hasta la altura de $36 billones, dejando ese \u2018chicharr\u00f3n\u2019 para el nuevo mandatario.<\/p>\n<p style=\"text-align: justify;\">\n<p style=\"text-align: justify;\">Por lo tanto, el presidente Petro est\u00e1 en la obligaci\u00f3n de ejecutar un incremento bajo pero constante, de tal manera que no se vean afectados los precios de los alimentos. El \u00faltimo incremento, para el mes de septiembre, fue de $400, dando un promedio nacional de $13.564 el gal\u00f3n de gasolina corriente. Con ello se busca bajar el d\u00e9ficit que dej\u00f3 el gobierno de Duque. Seg\u00fan nos enteramos, se han recogido $4 billones, y se aspira que hasta final de a\u00f1o el d\u00e9ficit sea de $26 billones.<\/p>\n<p style=\"text-align: justify;\">\n<p style=\"text-align: justify;\">Pero tambi\u00e9n en el combustible se ve reflejado el efecto que causa la guerra entre Ucrania y Rusia; teniendo en cuenta que Rusia es uno de los mayores productores de crudo en el mundo, los pa\u00edses de la Otan les han cerrado los pasos a las exportaciones. El efecto directo es el encarecimiento del combustible en los precios al consumidor. En la Uni\u00f3n Europea, en los viajes a\u00e9reos se paga una tasa de combustible por razones de este conflicto b\u00e9lico.<\/p>\n<p style=\"text-align: justify;\">\n<p style=\"text-align: justify;\">Se debe tener claro que el incremento es \u00fanicamente para la gasolina corriente y la extra. Es decir, el precio del Diesel no se ver\u00e1 afectado hasta el fin de a\u00f1o, porque de subir constantemente su precio, causa un efecto que har\u00eda que se dispare el precio de los alimentos, causando una gran inflaci\u00f3n. El Diesel es utilizado en camiones, buses y algunos veh\u00edculos peque\u00f1os, en su gran mayor\u00eda destinados al transporte de carga y de pasajeros.<\/p>\n<p style=\"text-align: justify;\">\n<p style=\"text-align: justify;\">Por su parte, los taxistas han realizado protestas, manifestando su inconformidad por el alto costo del combustible. El gobierno les ofreci\u00f3 unas garant\u00edas consistentes en unos bonos para tanquear, que se registra a trav\u00e9s del Runt, y de esta manera amortiguar el impacto.<\/p>\n<p style=\"text-align: justify;\">\n<p style=\"text-align: justify;\">Para los motociclistas a\u00fan no se ha establecido ninguna medida, teniendo en cuenta que la moto es un medio de transporte familiar, y, para muchos, es su medio de sustento, como es el caso de los domiciliarios. Pero una medida que estableci\u00f3 el gobierno a partir del presente a\u00f1o fue rebajar el Soat en el 50 por ciento, que les ayuda a los motociclistas. En fin, de cuentas, el consumo de combustible en las motos es mucho menor con un gran beneficio de ahorro.<\/p>\n<p style=\"text-align: justify;\">\n<p style=\"text-align: justify;\">Quienes vamos a pagar el precio m\u00e1s alto somos los propietarios de camionetas y autom\u00f3viles particulares, porque estos veh\u00edculos se mueven con gasolina corriente o extra.<\/p>\n<p style=\"text-align: justify;\">\n<p style=\"text-align: justify;\">En \u00faltimas, a todos los colombianos nos corresponde contribuir a ahorrar combustible, desplaz\u00e1ndonos a pie o en bicicleta o con el uso del transporte p\u00fablico. Si todos colaboramos con el ahorro de combustible, las importaciones ser\u00edan menores y el d\u00e9ficit se acabar\u00eda m\u00e1s pronto.<\/p>\n<p style=\"text-align: justify;\">\n<p style=\"text-align: justify;\">\n","protected":false},"excerpt":{"rendered":"<p>Por: An\u00edbal Ar\u00e9valo Rosero Abordar el tema del incremento progresivo de los combustibles tiene tanto de ancho como de largo. En primer t\u00e9rmino, tenemos que decir que para que los combustibles est\u00e9n disponibles en la estaci\u00f3n de servicio se requiere entender que hay un proceso en el cual se incluye la producci\u00f3n, el transporte, el [&hellip;]<\/p>\n","protected":false},"author":65,"featured_media":65050,"comment_status":"open","ping_status":"open","sticky":false,"template":"","format":"standard","meta":{"footnotes":""},"categories":[3],"tags":[],"class_list":["post-68564","post","type-post","status-publish","format-standard","has-post-thumbnail","hentry","category-opinion"],"yoast_head":"<!-- This site is optimized with the Yoast SEO plugin v27.1.1 - https:\/\/yoast.com\/product\/yoast-seo-wordpress\/ -->\n<title>\u00bfPor qu\u00e9 sube el precio de la gasolina? | P\u00e1gina10<\/title>\n<meta name=\"robots\" content=\"index, follow, max-snippet:-1, max-image-preview:large, max-video-preview:-1\" \/>\n<link rel=\"canonical\" href=\"https:\/\/pagina10.com\/web\/por-que-sube-el-precio-de-la-gasolina\/\" \/>\n<meta property=\"og:locale\" content=\"es_ES\" \/>\n<meta property=\"og:type\" content=\"article\" \/>\n<meta property=\"og:title\" content=\"\u00bfPor qu\u00e9 sube el precio de la gasolina? | P\u00e1gina10\" \/>\n<meta property=\"og:description\" content=\"Por: An\u00edbal Ar\u00e9valo Rosero Abordar el tema del incremento progresivo de los combustibles tiene tanto de ancho como de largo. En primer t\u00e9rmino, tenemos que decir que para que los combustibles est\u00e9n disponibles en la estaci\u00f3n de servicio se requiere entender que hay un proceso en el cual se incluye la producci\u00f3n, el transporte, el [&hellip;]\" \/>\n<meta property=\"og:url\" content=\"https:\/\/pagina10.com\/web\/por-que-sube-el-precio-de-la-gasolina\/\" \/>\n<meta property=\"og:site_name\" content=\"P\u00e1gina10\" \/>\n<meta property=\"article:publisher\" content=\"https:\/\/www.facebook.com\/pag10com\" \/>\n<meta property=\"article:published_time\" content=\"2023-09-05T21:43:55+00:00\" \/>\n<meta property=\"og:image\" content=\"https:\/\/pagina10.com\/web\/wp-content\/uploads\/2023\/03\/WhatsApp-Image-2023-03-10-at-7.05.29-PM.jpeg\" \/>\n\t<meta property=\"og:image:width\" content=\"1600\" \/>\n\t<meta property=\"og:image:height\" content=\"1008\" \/>\n\t<meta property=\"og:image:type\" content=\"image\/jpeg\" \/>\n<meta name=\"author\" content=\"Anibal Ar\u00e9valo Rosero\" \/>\n<meta name=\"twitter:card\" content=\"summary_large_image\" \/>\n<meta name=\"twitter:creator\" content=\"@Pag10com\" \/>\n<meta name=\"twitter:site\" content=\"@Pag10com\" \/>\n<meta name=\"twitter:label1\" content=\"Escrito por\" \/>\n\t<meta name=\"twitter:data1\" content=\"Anibal Ar\u00e9valo Rosero\" \/>\n\t<meta name=\"twitter:label2\" content=\"Tiempo de lectura\" \/>\n\t<meta name=\"twitter:data2\" content=\"4 minutos\" \/>\n<script type=\"application\/ld+json\" class=\"yoast-schema-graph\">{\"@context\":\"https:\/\/schema.org\",\"@graph\":[{\"@type\":\"Article\",\"@id\":\"https:\/\/pagina10.com\/web\/por-que-sube-el-precio-de-la-gasolina\/#article\",\"isPartOf\":{\"@id\":\"https:\/\/pagina10.com\/web\/por-que-sube-el-precio-de-la-gasolina\/\"},\"author\":{\"name\":\"Anibal Ar\u00e9valo Rosero\",\"@id\":\"https:\/\/pagina10.com\/web\/#\/schema\/person\/9ec3e2b432363a195d2d01bf820c66fe\"},\"headline\":\"\u00bfPor qu\u00e9 sube el precio de la gasolina?\",\"datePublished\":\"2023-09-05T21:43:55+00:00\",\"mainEntityOfPage\":{\"@id\":\"https:\/\/pagina10.com\/web\/por-que-sube-el-precio-de-la-gasolina\/\"},\"wordCount\":834,\"commentCount\":0,\"publisher\":{\"@id\":\"https:\/\/pagina10.com\/web\/#organization\"},\"image\":{\"@id\":\"https:\/\/pagina10.com\/web\/por-que-sube-el-precio-de-la-gasolina\/#primaryimage\"},\"thumbnailUrl\":\"https:\/\/pagina10.com\/web\/wp-content\/uploads\/2023\/03\/WhatsApp-Image-2023-03-10-at-7.05.29-PM.jpeg\",\"articleSection\":[\"Opini\u00f3n\"],\"inLanguage\":\"es\",\"potentialAction\":[{\"@type\":\"CommentAction\",\"name\":\"Comment\",\"target\":[\"https:\/\/pagina10.com\/web\/por-que-sube-el-precio-de-la-gasolina\/#respond\"]}]},{\"@type\":\"WebPage\",\"@id\":\"https:\/\/pagina10.com\/web\/por-que-sube-el-precio-de-la-gasolina\/\",\"url\":\"https:\/\/pagina10.com\/web\/por-que-sube-el-precio-de-la-gasolina\/\",\"name\":\"\u00bfPor qu\u00e9 sube el precio de la gasolina? | P\u00e1gina10\",\"isPartOf\":{\"@id\":\"https:\/\/pagina10.com\/web\/#website\"},\"primaryImageOfPage\":{\"@id\":\"https:\/\/pagina10.com\/web\/por-que-sube-el-precio-de-la-gasolina\/#primaryimage\"},\"image\":{\"@id\":\"https:\/\/pagina10.com\/web\/por-que-sube-el-precio-de-la-gasolina\/#primaryimage\"},\"thumbnailUrl\":\"https:\/\/pagina10.com\/web\/wp-content\/uploads\/2023\/03\/WhatsApp-Image-2023-03-10-at-7.05.29-PM.jpeg\",\"datePublished\":\"2023-09-05T21:43:55+00:00\",\"breadcrumb\":{\"@id\":\"https:\/\/pagina10.com\/web\/por-que-sube-el-precio-de-la-gasolina\/#breadcrumb\"},\"inLanguage\":\"es\",\"potentialAction\":[{\"@type\":\"ReadAction\",\"target\":[\"https:\/\/pagina10.com\/web\/por-que-sube-el-precio-de-la-gasolina\/\"]}]},{\"@type\":\"ImageObject\",\"inLanguage\":\"es\",\"@id\":\"https:\/\/pagina10.com\/web\/por-que-sube-el-precio-de-la-gasolina\/#primaryimage\",\"url\":\"https:\/\/pagina10.com\/web\/wp-content\/uploads\/2023\/03\/WhatsApp-Image-2023-03-10-at-7.05.29-PM.jpeg\",\"contentUrl\":\"https:\/\/pagina10.com\/web\/wp-content\/uploads\/2023\/03\/WhatsApp-Image-2023-03-10-at-7.05.29-PM.jpeg\",\"width\":1600,\"height\":1008},{\"@type\":\"BreadcrumbList\",\"@id\":\"https:\/\/pagina10.com\/web\/por-que-sube-el-precio-de-la-gasolina\/#breadcrumb\",\"itemListElement\":[{\"@type\":\"ListItem\",\"position\":1,\"name\":\"Portada\",\"item\":\"https:\/\/pagina10.com\/web\/\"},{\"@type\":\"ListItem\",\"position\":2,\"name\":\"\u00bfPor qu\u00e9 sube el precio de la gasolina?\"}]},{\"@type\":\"WebSite\",\"@id\":\"https:\/\/pagina10.com\/web\/#website\",\"url\":\"https:\/\/pagina10.com\/web\/\",\"name\":\"P\u00e1gina10\",\"description\":\"Peri\u00f3dico Regional\",\"publisher\":{\"@id\":\"https:\/\/pagina10.com\/web\/#organization\"},\"alternateName\":\"P\u00e1gina10 Peri\u00f3dico Regional\",\"potentialAction\":[{\"@type\":\"SearchAction\",\"target\":{\"@type\":\"EntryPoint\",\"urlTemplate\":\"https:\/\/pagina10.com\/web\/?s={search_term_string}\"},\"query-input\":{\"@type\":\"PropertyValueSpecification\",\"valueRequired\":true,\"valueName\":\"search_term_string\"}}],\"inLanguage\":\"es\"},{\"@type\":\"Organization\",\"@id\":\"https:\/\/pagina10.com\/web\/#organization\",\"name\":\"P\u00e1gina10\",\"alternateName\":\"P\u00e1gina10 Peri\u00f3dico Regional\",\"url\":\"https:\/\/pagina10.com\/web\/\",\"logo\":{\"@type\":\"ImageObject\",\"inLanguage\":\"es\",\"@id\":\"https:\/\/pagina10.com\/web\/#\/schema\/logo\/image\/\",\"url\":\"https:\/\/pagina10.com\/web\/wp-content\/uploads\/2024\/01\/40-pagina-10-periodico-regional-pasto.jpg\",\"contentUrl\":\"https:\/\/pagina10.com\/web\/wp-content\/uploads\/2024\/01\/40-pagina-10-periodico-regional-pasto.jpg\",\"width\":1280,\"height\":720,\"caption\":\"P\u00e1gina10\"},\"image\":{\"@id\":\"https:\/\/pagina10.com\/web\/#\/schema\/logo\/image\/\"},\"sameAs\":[\"https:\/\/www.facebook.com\/pag10com\",\"https:\/\/x.com\/Pag10com\",\"https:\/\/www.instagram.com\/pagina10col\/\",\"https:\/\/youtube.com\/channel\/pag10\",\"https:\/\/www.tiktok.com\/@p10col\"]},{\"@type\":\"Person\",\"@id\":\"https:\/\/pagina10.com\/web\/#\/schema\/person\/9ec3e2b432363a195d2d01bf820c66fe\",\"name\":\"Anibal Ar\u00e9valo Rosero\",\"description\":\"An\u00edbal Ar\u00e9valo Rosero a trav\u00e9s de su vida ha realizado diversas actividades tendientes a reivindicar al ser humano en su conciencia plena. Durante su vida ha hecho teatro, a escrito poes\u00eda y en sus tiempos de universitario realiz\u00f3 varias publicaciones entre las que se recuerda la revista Quinde. Junto con otros compa\u00f1eros fund\u00f3 el Taller Cultural El Cueche, equipo con el que se hicieron varias publicaciones. De este mismo grupo hay que resaltar que se hizo un trabajo pionero en la difusi\u00f3n de la m\u00fasica andina, latinoamericana y del caribe. Despu\u00e9s de terminar sus estudios de biolog\u00eda en la Universidad de Nari\u00f1o entr\u00f3 a laborar en emisoras de la ciudad de Pasto como en RCN, donde se desempe\u00f1aba como locutor de planta. Dirigi\u00f3 programas en la extinta Ondas del Mayo, en varias oportunidades; tambi\u00e9n en Ecos de Pasto. Fue colaborador de el Noticias RCN y dirigi\u00f3 el programa Simana al D\u00eda, del Sindicato del Magisterio de Nari\u00f1o, en dos \u00e9pocas. En el a\u00f1o de 1992 funda el Comit\u00e9 de Solidaridad con Cuba Jos\u00e9 Mart\u00ed, cuyo objetivo era divulgar la realidad cubana y expresar apoyo moral, pol\u00edtico y material al pa\u00eds caribe\u00f1o. Ante la mala interpretaci\u00f3n que la gente le daba a este tipo de acciones, se decide promover viajes de solidad a Cuba para participar en la Brigada Latinoamericana de Trabajo Voluntario, en el Festival Cuba Vive y, de manera especia,l en el 14 Festival Mundial de la Juventud y los Estudiantes, que se desarroll\u00f3 en la isla en el a\u00f1o de 1997. Con esta experiencia impulsa el turismo al pa\u00eds caribe\u00f1o con el resultado de que miles de personas han participado de las excursiones organizadas por Ar\u00e9valo Rosero. Asimismo ha venido impulsando las Brigadas de Salud en Cuba, tendiente a llevar pacientes de c\u00e1ncer a ese destino con el fin de que reciban atenci\u00f3n m\u00e9dica, teniendo en cuenta que la experiencia cubana en el tema ha sido bastante favorable. Veinte a\u00f1os despu\u00e9s de estas nutritivas experiencias, le permiten impulsar excursiones adem\u00e1s a M\u00e9xico, Machu Picchu, Argentina, Ecuador, Panam\u00e1 y Tierra Santa. En cuanto al desempe\u00f1o period\u00edstico, adem\u00e1s de los medios radiales y de televisi\u00f3n, en los canales de la universidades de Nari\u00f1o y Mariana, se ha desempe\u00f1ado como columnista en Diario del Sur durante 6 a\u00f1os y en algunos medios virtuales. Tambi\u00e9n es colaborador de el Diario del Cauca. Considera que la pr\u00e1ctica de la lectura es beber de la fuente nutricia que permite apropiarse de manera consciente del ejercicio de la democracia; y la posibilidad de escribir y ser le\u00eddo, acceder al poder, por que considera la palabra como el mayor instrumento de acci\u00f3n cuando est\u00e1 bien encamina al leg\u00edtimo servicio social. En la actualidad adem\u00e1s de so\u00f1ar con viajar por el mundo se desempe\u00f1a como docente del departamento de ciencias de Inem Luis Delf\u00edn Insuasty de Pasto. Correo: Esta direcci\u00f3n de correo electr\u00f3nico est\u00e1 protegida contra spambots. Usted necesita tener Javascript activado para poder verla.\\\" target=\\\"_blank\\\" style=\\\"color: #1155cc; text-align: justify; font-family: arial, sans-serif; font-size: 13px; line-height: normal;\\\"&gt;fundacionecosofia@gmail.com\",\"url\":\"https:\/\/pagina10.com\/web\/author\/anibal\/\"}]}<\/script>\n<!-- \/ Yoast SEO plugin. -->","yoast_head_json":{"title":"\u00bfPor qu\u00e9 sube el precio de la gasolina? | P\u00e1gina10","robots":{"index":"index","follow":"follow","max-snippet":"max-snippet:-1","max-image-preview":"max-image-preview:large","max-video-preview":"max-video-preview:-1"},"canonical":"https:\/\/pagina10.com\/web\/por-que-sube-el-precio-de-la-gasolina\/","og_locale":"es_ES","og_type":"article","og_title":"\u00bfPor qu\u00e9 sube el precio de la gasolina? | P\u00e1gina10","og_description":"Por: An\u00edbal Ar\u00e9valo Rosero Abordar el tema del incremento progresivo de los combustibles tiene tanto de ancho como de largo. En primer t\u00e9rmino, tenemos que decir que para que los combustibles est\u00e9n disponibles en la estaci\u00f3n de servicio se requiere entender que hay un proceso en el cual se incluye la producci\u00f3n, el transporte, el [&hellip;]","og_url":"https:\/\/pagina10.com\/web\/por-que-sube-el-precio-de-la-gasolina\/","og_site_name":"P\u00e1gina10","article_publisher":"https:\/\/www.facebook.com\/pag10com","article_published_time":"2023-09-05T21:43:55+00:00","og_image":[{"width":1600,"height":1008,"url":"https:\/\/pagina10.com\/web\/wp-content\/uploads\/2023\/03\/WhatsApp-Image-2023-03-10-at-7.05.29-PM.jpeg","type":"image\/jpeg"}],"author":"Anibal Ar\u00e9valo Rosero","twitter_card":"summary_large_image","twitter_creator":"@Pag10com","twitter_site":"@Pag10com","twitter_misc":{"Escrito por":"Anibal Ar\u00e9valo Rosero","Tiempo de lectura":"4 minutos"},"schema":{"@context":"https:\/\/schema.org","@graph":[{"@type":"Article","@id":"https:\/\/pagina10.com\/web\/por-que-sube-el-precio-de-la-gasolina\/#article","isPartOf":{"@id":"https:\/\/pagina10.com\/web\/por-que-sube-el-precio-de-la-gasolina\/"},"author":{"name":"Anibal Ar\u00e9valo Rosero","@id":"https:\/\/pagina10.com\/web\/#\/schema\/person\/9ec3e2b432363a195d2d01bf820c66fe"},"headline":"\u00bfPor qu\u00e9 sube el precio de la gasolina?","datePublished":"2023-09-05T21:43:55+00:00","mainEntityOfPage":{"@id":"https:\/\/pagina10.com\/web\/por-que-sube-el-precio-de-la-gasolina\/"},"wordCount":834,"commentCount":0,"publisher":{"@id":"https:\/\/pagina10.com\/web\/#organization"},"image":{"@id":"https:\/\/pagina10.com\/web\/por-que-sube-el-precio-de-la-gasolina\/#primaryimage"},"thumbnailUrl":"https:\/\/pagina10.com\/web\/wp-content\/uploads\/2023\/03\/WhatsApp-Image-2023-03-10-at-7.05.29-PM.jpeg","articleSection":["Opini\u00f3n"],"inLanguage":"es","potentialAction":[{"@type":"CommentAction","name":"Comment","target":["https:\/\/pagina10.com\/web\/por-que-sube-el-precio-de-la-gasolina\/#respond"]}]},{"@type":"WebPage","@id":"https:\/\/pagina10.com\/web\/por-que-sube-el-precio-de-la-gasolina\/","url":"https:\/\/pagina10.com\/web\/por-que-sube-el-precio-de-la-gasolina\/","name":"\u00bfPor qu\u00e9 sube el precio de la gasolina? | P\u00e1gina10","isPartOf":{"@id":"https:\/\/pagina10.com\/web\/#website"},"primaryImageOfPage":{"@id":"https:\/\/pagina10.com\/web\/por-que-sube-el-precio-de-la-gasolina\/#primaryimage"},"image":{"@id":"https:\/\/pagina10.com\/web\/por-que-sube-el-precio-de-la-gasolina\/#primaryimage"},"thumbnailUrl":"https:\/\/pagina10.com\/web\/wp-content\/uploads\/2023\/03\/WhatsApp-Image-2023-03-10-at-7.05.29-PM.jpeg","datePublished":"2023-09-05T21:43:55+00:00","breadcrumb":{"@id":"https:\/\/pagina10.com\/web\/por-que-sube-el-precio-de-la-gasolina\/#breadcrumb"},"inLanguage":"es","potentialAction":[{"@type":"ReadAction","target":["https:\/\/pagina10.com\/web\/por-que-sube-el-precio-de-la-gasolina\/"]}]},{"@type":"ImageObject","inLanguage":"es","@id":"https:\/\/pagina10.com\/web\/por-que-sube-el-precio-de-la-gasolina\/#primaryimage","url":"https:\/\/pagina10.com\/web\/wp-content\/uploads\/2023\/03\/WhatsApp-Image-2023-03-10-at-7.05.29-PM.jpeg","contentUrl":"https:\/\/pagina10.com\/web\/wp-content\/uploads\/2023\/03\/WhatsApp-Image-2023-03-10-at-7.05.29-PM.jpeg","width":1600,"height":1008},{"@type":"BreadcrumbList","@id":"https:\/\/pagina10.com\/web\/por-que-sube-el-precio-de-la-gasolina\/#breadcrumb","itemListElement":[{"@type":"ListItem","position":1,"name":"Portada","item":"https:\/\/pagina10.com\/web\/"},{"@type":"ListItem","position":2,"name":"\u00bfPor qu\u00e9 sube el precio de la gasolina?"}]},{"@type":"WebSite","@id":"https:\/\/pagina10.com\/web\/#website","url":"https:\/\/pagina10.com\/web\/","name":"P\u00e1gina10","description":"Peri\u00f3dico Regional","publisher":{"@id":"https:\/\/pagina10.com\/web\/#organization"},"alternateName":"P\u00e1gina10 Peri\u00f3dico Regional","potentialAction":[{"@type":"SearchAction","target":{"@type":"EntryPoint","urlTemplate":"https:\/\/pagina10.com\/web\/?s={search_term_string}"},"query-input":{"@type":"PropertyValueSpecification","valueRequired":true,"valueName":"search_term_string"}}],"inLanguage":"es"},{"@type":"Organization","@id":"https:\/\/pagina10.com\/web\/#organization","name":"P\u00e1gina10","alternateName":"P\u00e1gina10 Peri\u00f3dico Regional","url":"https:\/\/pagina10.com\/web\/","logo":{"@type":"ImageObject","inLanguage":"es","@id":"https:\/\/pagina10.com\/web\/#\/schema\/logo\/image\/","url":"https:\/\/pagina10.com\/web\/wp-content\/uploads\/2024\/01\/40-pagina-10-periodico-regional-pasto.jpg","contentUrl":"https:\/\/pagina10.com\/web\/wp-content\/uploads\/2024\/01\/40-pagina-10-periodico-regional-pasto.jpg","width":1280,"height":720,"caption":"P\u00e1gina10"},"image":{"@id":"https:\/\/pagina10.com\/web\/#\/schema\/logo\/image\/"},"sameAs":["https:\/\/www.facebook.com\/pag10com","https:\/\/x.com\/Pag10com","https:\/\/www.instagram.com\/pagina10col\/","https:\/\/youtube.com\/channel\/pag10","https:\/\/www.tiktok.com\/@p10col"]},{"@type":"Person","@id":"https:\/\/pagina10.com\/web\/#\/schema\/person\/9ec3e2b432363a195d2d01bf820c66fe","name":"Anibal Ar\u00e9valo Rosero","description":"An\u00edbal Ar\u00e9valo Rosero a trav\u00e9s de su vida ha realizado diversas actividades tendientes a reivindicar al ser humano en su conciencia plena. Durante su vida ha hecho teatro, a escrito poes\u00eda y en sus tiempos de universitario realiz\u00f3 varias publicaciones entre las que se recuerda la revista Quinde. Junto con otros compa\u00f1eros fund\u00f3 el Taller Cultural El Cueche, equipo con el que se hicieron varias publicaciones. De este mismo grupo hay que resaltar que se hizo un trabajo pionero en la difusi\u00f3n de la m\u00fasica andina, latinoamericana y del caribe. Despu\u00e9s de terminar sus estudios de biolog\u00eda en la Universidad de Nari\u00f1o entr\u00f3 a laborar en emisoras de la ciudad de Pasto como en RCN, donde se desempe\u00f1aba como locutor de planta. Dirigi\u00f3 programas en la extinta Ondas del Mayo, en varias oportunidades; tambi\u00e9n en Ecos de Pasto. Fue colaborador de el Noticias RCN y dirigi\u00f3 el programa Simana al D\u00eda, del Sindicato del Magisterio de Nari\u00f1o, en dos \u00e9pocas. En el a\u00f1o de 1992 funda el Comit\u00e9 de Solidaridad con Cuba Jos\u00e9 Mart\u00ed, cuyo objetivo era divulgar la realidad cubana y expresar apoyo moral, pol\u00edtico y material al pa\u00eds caribe\u00f1o. Ante la mala interpretaci\u00f3n que la gente le daba a este tipo de acciones, se decide promover viajes de solidad a Cuba para participar en la Brigada Latinoamericana de Trabajo Voluntario, en el Festival Cuba Vive y, de manera especia,l en el 14 Festival Mundial de la Juventud y los Estudiantes, que se desarroll\u00f3 en la isla en el a\u00f1o de 1997. Con esta experiencia impulsa el turismo al pa\u00eds caribe\u00f1o con el resultado de que miles de personas han participado de las excursiones organizadas por Ar\u00e9valo Rosero. Asimismo ha venido impulsando las Brigadas de Salud en Cuba, tendiente a llevar pacientes de c\u00e1ncer a ese destino con el fin de que reciban atenci\u00f3n m\u00e9dica, teniendo en cuenta que la experiencia cubana en el tema ha sido bastante favorable. Veinte a\u00f1os despu\u00e9s de estas nutritivas experiencias, le permiten impulsar excursiones adem\u00e1s a M\u00e9xico, Machu Picchu, Argentina, Ecuador, Panam\u00e1 y Tierra Santa. En cuanto al desempe\u00f1o period\u00edstico, adem\u00e1s de los medios radiales y de televisi\u00f3n, en los canales de la universidades de Nari\u00f1o y Mariana, se ha desempe\u00f1ado como columnista en Diario del Sur durante 6 a\u00f1os y en algunos medios virtuales. Tambi\u00e9n es colaborador de el Diario del Cauca. Considera que la pr\u00e1ctica de la lectura es beber de la fuente nutricia que permite apropiarse de manera consciente del ejercicio de la democracia; y la posibilidad de escribir y ser le\u00eddo, acceder al poder, por que considera la palabra como el mayor instrumento de acci\u00f3n cuando est\u00e1 bien encamina al leg\u00edtimo servicio social. En la actualidad adem\u00e1s de so\u00f1ar con viajar por el mundo se desempe\u00f1a como docente del departamento de ciencias de Inem Luis Delf\u00edn Insuasty de Pasto. Correo: Esta direcci\u00f3n de correo electr\u00f3nico est\u00e1 protegida contra spambots. Usted necesita tener Javascript activado para poder verla.\" target=\"_blank\" style=\"color: #1155cc; text-align: justify; font-family: arial, sans-serif; font-size: 13px; line-height: normal;\"&gt;fundacionecosofia@gmail.com","url":"https:\/\/pagina10.com\/web\/author\/anibal\/"}]}},"_links":{"self":[{"href":"https:\/\/pagina10.com\/web\/wp-json\/wp\/v2\/posts\/68564","targetHints":{"allow":["GET"]}}],"collection":[{"href":"https:\/\/pagina10.com\/web\/wp-json\/wp\/v2\/posts"}],"about":[{"href":"https:\/\/pagina10.com\/web\/wp-json\/wp\/v2\/types\/post"}],"author":[{"embeddable":true,"href":"https:\/\/pagina10.com\/web\/wp-json\/wp\/v2\/users\/65"}],"replies":[{"embeddable":true,"href":"https:\/\/pagina10.com\/web\/wp-json\/wp\/v2\/comments?post=68564"}],"version-history":[{"count":1,"href":"https:\/\/pagina10.com\/web\/wp-json\/wp\/v2\/posts\/68564\/revisions"}],"predecessor-version":[{"id":68565,"href":"https:\/\/pagina10.com\/web\/wp-json\/wp\/v2\/posts\/68564\/revisions\/68565"}],"wp:featuredmedia":[{"embeddable":true,"href":"https:\/\/pagina10.com\/web\/wp-json\/wp\/v2\/media\/65050"}],"wp:attachment":[{"href":"https:\/\/pagina10.com\/web\/wp-json\/wp\/v2\/media?parent=68564"}],"wp:term":[{"taxonomy":"category","embeddable":true,"href":"https:\/\/pagina10.com\/web\/wp-json\/wp\/v2\/categories?post=68564"},{"taxonomy":"post_tag","embeddable":true,"href":"https:\/\/pagina10.com\/web\/wp-json\/wp\/v2\/tags?post=68564"}],"curies":[{"name":"wp","href":"https:\/\/api.w.org\/{rel}","templated":true}]}}