{"id":68627,"date":"2023-09-08T16:39:10","date_gmt":"2023-09-08T21:39:10","guid":{"rendered":"https:\/\/pagina10.com\/web\/?p=68627"},"modified":"2024-01-22T22:39:54","modified_gmt":"2024-01-23T03:39:54","slug":"los-generales-civiles-del-golpe","status":"publish","type":"post","link":"https:\/\/pagina10.com\/web\/los-generales-civiles-del-golpe\/","title":{"rendered":"Los generales civiles del golpe"},"content":{"rendered":"<p style=\"text-align: justify;\">Por: Juan Pablo Torres-Henao<\/p>\n<p style=\"text-align: justify;\">Por lo general, la izquierda ha subestimado el miedo y el odio de la derecha, la facilidad con la que hombres y mujeres bien vestidos le toman el gusto a la sangre<\/p>\n<p style=\"text-align: justify;\">Eric Hobsbawm<\/p>\n<p style=\"text-align: justify;\">La noche del 19 de junio de 2022 muchos hombres y mujeres no pudieron dormir. La peor de sus pesadillas se hab\u00eda vuelto realidad: un guerrillero hab\u00eda ganado las elecciones presidenciales en Colombia y el fantasma del comunismo -pensaban\/piensan muchos de ellos y ellas-, ahora rondaba a sus anchas por las blancas, cat\u00f3licas y patriarcales calles y trochas de todo el territorio nacional. Los resultados electorales los tom\u00f3 por sorpresa, y aunque tardaron en reaccionar, reaccionaron.<\/p>\n<p style=\"text-align: justify;\">Luego de unos meses de letargo, la derecha comenz\u00f3 a invertir la correlaci\u00f3n de fuerzas existente -que en principio parec\u00eda favorecer a las fuerzas progresistas-, mediante la alineaci\u00f3n de todos sus alfiles tanto en el interior del ejecutivo nacional, como de su correlato territorial, el legislativo, el judicial, los medios masivos de comunicaci\u00f3n, militares y polic\u00edas en retiro y los empresarios. Su objetivo, forjar un bloque social, econ\u00f3mico y pol\u00edtico contra-progresista que ubique a Colombia al borde del abismo.<\/p>\n<p style=\"text-align: justify;\">Esta trama civil, desde el mism\u00edsimo momento en que lograron invertir la correlaci\u00f3n de fuerzas -en gran medida gracias a los errores cometidos por el mismo gobierno-, trabaja a diario para preparar las condiciones pol\u00edticas, econ\u00f3micas y sociales necesarias para extremar la pugna pol\u00edtica e ideol\u00f3gica para lograr, primero, la derrota electoral en las pr\u00f3ximas elecciones regionales; y segundo -en virtud de la tensi\u00f3n que sobrevendr\u00e1 entre los mandatarios locales y el Gobierno Nacional-, obstaculizar aun m\u00e1s el gobierno del Pacto Hist\u00f3rico.<\/p>\n<p style=\"text-align: justify;\">Esta operaci\u00f3n a gran escala guarda mucha relaci\u00f3n con lo que en su momento se experiment\u00f3 durante el gobierno de Salvador Allende y la Unidad Popular -del que en pocos d\u00edas se conmemor\u00e1n 50 a\u00f1os del golpe de Estado-. El recurso privilegiado es el \u201cmecanismo de proyecci\u00f3n\u201d: la atribuci\u00f3n al adversario pol\u00edtico del comportamiento propio. Hoy los adversarios pol\u00edticos del gobierno del Pacto Hist\u00f3rico le atribuyen la inseguridad cuando fueron aquellos quienes simularon la implementaci\u00f3n del Acuerdo Final de Paz, le atribuyen la precariedad econ\u00f3mica que experimenta el pa\u00eds cuando aquellos saquearon el erario por m\u00e1s de cinco d\u00e9cadas, le atribuyen las tensiones inter\u00e9tnicas e interculturales cuando fueron ellos quienes las azuzaron y jamas les buscaron soluciones consensuadas.<\/p>\n<p style=\"text-align: justify;\">El proceder de estos generales civiles tal como lo ha advertido el presidente Gustavo Petro, abre muchos interrogantes: \u00bfcu\u00e1l es el precio que est\u00e1n dispuestos a asumir para impedir que la democracia en Colombia se vuelva sustantiva? \u00bfcu\u00e1l es el precio que est\u00e1n dispuestos a asumir para obstaculizar la necesaria reforma agraria? \u00bf \u00bfcu\u00e1l es el precio que est\u00e1n dispuestos a asumir para perpetuar nuestra dependencia econ\u00f3mica? La derecha est\u00e1 demostrando que sabe defender sus privilegios a ultranza.<\/p>\n<p style=\"text-align: justify;\">\n","protected":false},"excerpt":{"rendered":"<p>Por: Juan Pablo Torres-Henao Por lo general, la izquierda ha subestimado el miedo y el odio de la derecha, la facilidad con la que hombres y mujeres bien vestidos le toman el gusto a la sangre Eric Hobsbawm La noche del 19 de junio de 2022 muchos hombres y mujeres no pudieron dormir. La peor [&hellip;]<\/p>\n","protected":false},"author":102,"featured_media":72333,"comment_status":"open","ping_status":"open","sticky":false,"template":"","format":"standard","meta":{"footnotes":""},"categories":[3],"tags":[],"class_list":["post-68627","post","type-post","status-publish","format-standard","has-post-thumbnail","hentry","category-opinion"],"yoast_head":"<!-- This site is optimized with the Yoast SEO plugin v27.1.1 - https:\/\/yoast.com\/product\/yoast-seo-wordpress\/ -->\n<title>Los generales civiles del golpe | P\u00e1gina10<\/title>\n<meta name=\"robots\" content=\"index, follow, max-snippet:-1, max-image-preview:large, max-video-preview:-1\" \/>\n<link rel=\"canonical\" href=\"https:\/\/pagina10.com\/web\/los-generales-civiles-del-golpe\/\" \/>\n<meta property=\"og:locale\" content=\"es_ES\" \/>\n<meta property=\"og:type\" content=\"article\" \/>\n<meta property=\"og:title\" content=\"Los generales civiles del golpe | P\u00e1gina10\" \/>\n<meta property=\"og:description\" content=\"Por: Juan Pablo Torres-Henao Por lo general, la izquierda ha subestimado el miedo y el odio de la derecha, la facilidad con la que hombres y mujeres bien vestidos le toman el gusto a la sangre Eric Hobsbawm La noche del 19 de junio de 2022 muchos hombres y mujeres no pudieron dormir. La peor [&hellip;]\" \/>\n<meta property=\"og:url\" content=\"https:\/\/pagina10.com\/web\/los-generales-civiles-del-golpe\/\" \/>\n<meta property=\"og:site_name\" content=\"P\u00e1gina10\" \/>\n<meta property=\"article:publisher\" content=\"https:\/\/www.facebook.com\/pag10com\" \/>\n<meta property=\"article:published_time\" content=\"2023-09-08T21:39:10+00:00\" \/>\n<meta property=\"article:modified_time\" content=\"2024-01-23T03:39:54+00:00\" \/>\n<meta property=\"og:image\" content=\"https:\/\/pagina10.com\/web\/wp-content\/uploads\/2024\/01\/26-pagina-10-periodico-regional-pasto.jpg\" \/>\n\t<meta property=\"og:image:width\" content=\"1000\" \/>\n\t<meta property=\"og:image:height\" content=\"591\" \/>\n\t<meta property=\"og:image:type\" content=\"image\/jpeg\" \/>\n<meta name=\"author\" content=\"Juan Pablo Torres Henao\" \/>\n<meta name=\"twitter:card\" content=\"summary_large_image\" \/>\n<meta name=\"twitter:creator\" content=\"@Pag10com\" \/>\n<meta name=\"twitter:site\" content=\"@Pag10com\" \/>\n<meta name=\"twitter:label1\" content=\"Escrito por\" \/>\n\t<meta name=\"twitter:data1\" content=\"Juan Pablo Torres Henao\" \/>\n\t<meta name=\"twitter:label2\" content=\"Tiempo de lectura\" \/>\n\t<meta name=\"twitter:data2\" content=\"3 minutos\" \/>\n<script type=\"application\/ld+json\" class=\"yoast-schema-graph\">{\"@context\":\"https:\/\/schema.org\",\"@graph\":[{\"@type\":\"Article\",\"@id\":\"https:\/\/pagina10.com\/web\/los-generales-civiles-del-golpe\/#article\",\"isPartOf\":{\"@id\":\"https:\/\/pagina10.com\/web\/los-generales-civiles-del-golpe\/\"},\"author\":{\"name\":\"Juan Pablo Torres Henao\",\"@id\":\"https:\/\/pagina10.com\/web\/#\/schema\/person\/0dc8fb39736157843f331f582a4f1749\"},\"headline\":\"Los generales civiles del golpe\",\"datePublished\":\"2023-09-08T21:39:10+00:00\",\"dateModified\":\"2024-01-23T03:39:54+00:00\",\"mainEntityOfPage\":{\"@id\":\"https:\/\/pagina10.com\/web\/los-generales-civiles-del-golpe\/\"},\"wordCount\":516,\"commentCount\":0,\"publisher\":{\"@id\":\"https:\/\/pagina10.com\/web\/#organization\"},\"image\":{\"@id\":\"https:\/\/pagina10.com\/web\/los-generales-civiles-del-golpe\/#primaryimage\"},\"thumbnailUrl\":\"https:\/\/pagina10.com\/web\/wp-content\/uploads\/2024\/01\/26-pagina-10-periodico-regional-pasto.jpg\",\"articleSection\":[\"Opini\u00f3n\"],\"inLanguage\":\"es\",\"potentialAction\":[{\"@type\":\"CommentAction\",\"name\":\"Comment\",\"target\":[\"https:\/\/pagina10.com\/web\/los-generales-civiles-del-golpe\/#respond\"]}]},{\"@type\":\"WebPage\",\"@id\":\"https:\/\/pagina10.com\/web\/los-generales-civiles-del-golpe\/\",\"url\":\"https:\/\/pagina10.com\/web\/los-generales-civiles-del-golpe\/\",\"name\":\"Los generales civiles del golpe | P\u00e1gina10\",\"isPartOf\":{\"@id\":\"https:\/\/pagina10.com\/web\/#website\"},\"primaryImageOfPage\":{\"@id\":\"https:\/\/pagina10.com\/web\/los-generales-civiles-del-golpe\/#primaryimage\"},\"image\":{\"@id\":\"https:\/\/pagina10.com\/web\/los-generales-civiles-del-golpe\/#primaryimage\"},\"thumbnailUrl\":\"https:\/\/pagina10.com\/web\/wp-content\/uploads\/2024\/01\/26-pagina-10-periodico-regional-pasto.jpg\",\"datePublished\":\"2023-09-08T21:39:10+00:00\",\"dateModified\":\"2024-01-23T03:39:54+00:00\",\"breadcrumb\":{\"@id\":\"https:\/\/pagina10.com\/web\/los-generales-civiles-del-golpe\/#breadcrumb\"},\"inLanguage\":\"es\",\"potentialAction\":[{\"@type\":\"ReadAction\",\"target\":[\"https:\/\/pagina10.com\/web\/los-generales-civiles-del-golpe\/\"]}]},{\"@type\":\"ImageObject\",\"inLanguage\":\"es\",\"@id\":\"https:\/\/pagina10.com\/web\/los-generales-civiles-del-golpe\/#primaryimage\",\"url\":\"https:\/\/pagina10.com\/web\/wp-content\/uploads\/2024\/01\/26-pagina-10-periodico-regional-pasto.jpg\",\"contentUrl\":\"https:\/\/pagina10.com\/web\/wp-content\/uploads\/2024\/01\/26-pagina-10-periodico-regional-pasto.jpg\",\"width\":1000,\"height\":591},{\"@type\":\"BreadcrumbList\",\"@id\":\"https:\/\/pagina10.com\/web\/los-generales-civiles-del-golpe\/#breadcrumb\",\"itemListElement\":[{\"@type\":\"ListItem\",\"position\":1,\"name\":\"Portada\",\"item\":\"https:\/\/pagina10.com\/web\/\"},{\"@type\":\"ListItem\",\"position\":2,\"name\":\"Los generales civiles del golpe\"}]},{\"@type\":\"WebSite\",\"@id\":\"https:\/\/pagina10.com\/web\/#website\",\"url\":\"https:\/\/pagina10.com\/web\/\",\"name\":\"P\u00e1gina10\",\"description\":\"Peri\u00f3dico Regional\",\"publisher\":{\"@id\":\"https:\/\/pagina10.com\/web\/#organization\"},\"alternateName\":\"P\u00e1gina10 Peri\u00f3dico Regional\",\"potentialAction\":[{\"@type\":\"SearchAction\",\"target\":{\"@type\":\"EntryPoint\",\"urlTemplate\":\"https:\/\/pagina10.com\/web\/?s={search_term_string}\"},\"query-input\":{\"@type\":\"PropertyValueSpecification\",\"valueRequired\":true,\"valueName\":\"search_term_string\"}}],\"inLanguage\":\"es\"},{\"@type\":\"Organization\",\"@id\":\"https:\/\/pagina10.com\/web\/#organization\",\"name\":\"P\u00e1gina10\",\"alternateName\":\"P\u00e1gina10 Peri\u00f3dico Regional\",\"url\":\"https:\/\/pagina10.com\/web\/\",\"logo\":{\"@type\":\"ImageObject\",\"inLanguage\":\"es\",\"@id\":\"https:\/\/pagina10.com\/web\/#\/schema\/logo\/image\/\",\"url\":\"https:\/\/pagina10.com\/web\/wp-content\/uploads\/2024\/01\/40-pagina-10-periodico-regional-pasto.jpg\",\"contentUrl\":\"https:\/\/pagina10.com\/web\/wp-content\/uploads\/2024\/01\/40-pagina-10-periodico-regional-pasto.jpg\",\"width\":1280,\"height\":720,\"caption\":\"P\u00e1gina10\"},\"image\":{\"@id\":\"https:\/\/pagina10.com\/web\/#\/schema\/logo\/image\/\"},\"sameAs\":[\"https:\/\/www.facebook.com\/pag10com\",\"https:\/\/x.com\/Pag10com\",\"https:\/\/www.instagram.com\/pagina10col\/\",\"https:\/\/youtube.com\/channel\/pag10\",\"https:\/\/www.tiktok.com\/@p10col\"]},{\"@type\":\"Person\",\"@id\":\"https:\/\/pagina10.com\/web\/#\/schema\/person\/0dc8fb39736157843f331f582a4f1749\",\"name\":\"Juan Pablo Torres Henao\",\"description\":\"Polit\u00f3golo de la Pontificia Universidad Javeriana y abogado de la Universidad Nacional de Colombia, con Especializaci\u00f3n en Derecho Constitucional, Maestr\u00eda en Estudios Pol\u00edticos Latinoamericanos y candidato a Doctor en Historia de la misma universidad. \u00c9nfasis de formaci\u00f3n en teor\u00eda y filosof\u00eda pol\u00edtica, historia del conflicto armado y transiciones pol\u00edticas. Experiencia de trabajo en la formulaci\u00f3n de pol\u00edticas publicas e iniciativas legislativas para organizaciones de victimas y poblaci\u00f3n en proceso de reincorporaci\u00f3n.\",\"url\":\"https:\/\/pagina10.com\/web\/author\/juanpablotorres\/\"}]}<\/script>\n<!-- \/ Yoast SEO plugin. -->","yoast_head_json":{"title":"Los generales civiles del golpe | P\u00e1gina10","robots":{"index":"index","follow":"follow","max-snippet":"max-snippet:-1","max-image-preview":"max-image-preview:large","max-video-preview":"max-video-preview:-1"},"canonical":"https:\/\/pagina10.com\/web\/los-generales-civiles-del-golpe\/","og_locale":"es_ES","og_type":"article","og_title":"Los generales civiles del golpe | P\u00e1gina10","og_description":"Por: Juan Pablo Torres-Henao Por lo general, la izquierda ha subestimado el miedo y el odio de la derecha, la facilidad con la que hombres y mujeres bien vestidos le toman el gusto a la sangre Eric Hobsbawm La noche del 19 de junio de 2022 muchos hombres y mujeres no pudieron dormir. La peor [&hellip;]","og_url":"https:\/\/pagina10.com\/web\/los-generales-civiles-del-golpe\/","og_site_name":"P\u00e1gina10","article_publisher":"https:\/\/www.facebook.com\/pag10com","article_published_time":"2023-09-08T21:39:10+00:00","article_modified_time":"2024-01-23T03:39:54+00:00","og_image":[{"width":1000,"height":591,"url":"https:\/\/pagina10.com\/web\/wp-content\/uploads\/2024\/01\/26-pagina-10-periodico-regional-pasto.jpg","type":"image\/jpeg"}],"author":"Juan Pablo Torres Henao","twitter_card":"summary_large_image","twitter_creator":"@Pag10com","twitter_site":"@Pag10com","twitter_misc":{"Escrito por":"Juan Pablo Torres Henao","Tiempo de lectura":"3 minutos"},"schema":{"@context":"https:\/\/schema.org","@graph":[{"@type":"Article","@id":"https:\/\/pagina10.com\/web\/los-generales-civiles-del-golpe\/#article","isPartOf":{"@id":"https:\/\/pagina10.com\/web\/los-generales-civiles-del-golpe\/"},"author":{"name":"Juan Pablo Torres Henao","@id":"https:\/\/pagina10.com\/web\/#\/schema\/person\/0dc8fb39736157843f331f582a4f1749"},"headline":"Los generales civiles del golpe","datePublished":"2023-09-08T21:39:10+00:00","dateModified":"2024-01-23T03:39:54+00:00","mainEntityOfPage":{"@id":"https:\/\/pagina10.com\/web\/los-generales-civiles-del-golpe\/"},"wordCount":516,"commentCount":0,"publisher":{"@id":"https:\/\/pagina10.com\/web\/#organization"},"image":{"@id":"https:\/\/pagina10.com\/web\/los-generales-civiles-del-golpe\/#primaryimage"},"thumbnailUrl":"https:\/\/pagina10.com\/web\/wp-content\/uploads\/2024\/01\/26-pagina-10-periodico-regional-pasto.jpg","articleSection":["Opini\u00f3n"],"inLanguage":"es","potentialAction":[{"@type":"CommentAction","name":"Comment","target":["https:\/\/pagina10.com\/web\/los-generales-civiles-del-golpe\/#respond"]}]},{"@type":"WebPage","@id":"https:\/\/pagina10.com\/web\/los-generales-civiles-del-golpe\/","url":"https:\/\/pagina10.com\/web\/los-generales-civiles-del-golpe\/","name":"Los generales civiles del golpe | P\u00e1gina10","isPartOf":{"@id":"https:\/\/pagina10.com\/web\/#website"},"primaryImageOfPage":{"@id":"https:\/\/pagina10.com\/web\/los-generales-civiles-del-golpe\/#primaryimage"},"image":{"@id":"https:\/\/pagina10.com\/web\/los-generales-civiles-del-golpe\/#primaryimage"},"thumbnailUrl":"https:\/\/pagina10.com\/web\/wp-content\/uploads\/2024\/01\/26-pagina-10-periodico-regional-pasto.jpg","datePublished":"2023-09-08T21:39:10+00:00","dateModified":"2024-01-23T03:39:54+00:00","breadcrumb":{"@id":"https:\/\/pagina10.com\/web\/los-generales-civiles-del-golpe\/#breadcrumb"},"inLanguage":"es","potentialAction":[{"@type":"ReadAction","target":["https:\/\/pagina10.com\/web\/los-generales-civiles-del-golpe\/"]}]},{"@type":"ImageObject","inLanguage":"es","@id":"https:\/\/pagina10.com\/web\/los-generales-civiles-del-golpe\/#primaryimage","url":"https:\/\/pagina10.com\/web\/wp-content\/uploads\/2024\/01\/26-pagina-10-periodico-regional-pasto.jpg","contentUrl":"https:\/\/pagina10.com\/web\/wp-content\/uploads\/2024\/01\/26-pagina-10-periodico-regional-pasto.jpg","width":1000,"height":591},{"@type":"BreadcrumbList","@id":"https:\/\/pagina10.com\/web\/los-generales-civiles-del-golpe\/#breadcrumb","itemListElement":[{"@type":"ListItem","position":1,"name":"Portada","item":"https:\/\/pagina10.com\/web\/"},{"@type":"ListItem","position":2,"name":"Los generales civiles del golpe"}]},{"@type":"WebSite","@id":"https:\/\/pagina10.com\/web\/#website","url":"https:\/\/pagina10.com\/web\/","name":"P\u00e1gina10","description":"Peri\u00f3dico Regional","publisher":{"@id":"https:\/\/pagina10.com\/web\/#organization"},"alternateName":"P\u00e1gina10 Peri\u00f3dico Regional","potentialAction":[{"@type":"SearchAction","target":{"@type":"EntryPoint","urlTemplate":"https:\/\/pagina10.com\/web\/?s={search_term_string}"},"query-input":{"@type":"PropertyValueSpecification","valueRequired":true,"valueName":"search_term_string"}}],"inLanguage":"es"},{"@type":"Organization","@id":"https:\/\/pagina10.com\/web\/#organization","name":"P\u00e1gina10","alternateName":"P\u00e1gina10 Peri\u00f3dico Regional","url":"https:\/\/pagina10.com\/web\/","logo":{"@type":"ImageObject","inLanguage":"es","@id":"https:\/\/pagina10.com\/web\/#\/schema\/logo\/image\/","url":"https:\/\/pagina10.com\/web\/wp-content\/uploads\/2024\/01\/40-pagina-10-periodico-regional-pasto.jpg","contentUrl":"https:\/\/pagina10.com\/web\/wp-content\/uploads\/2024\/01\/40-pagina-10-periodico-regional-pasto.jpg","width":1280,"height":720,"caption":"P\u00e1gina10"},"image":{"@id":"https:\/\/pagina10.com\/web\/#\/schema\/logo\/image\/"},"sameAs":["https:\/\/www.facebook.com\/pag10com","https:\/\/x.com\/Pag10com","https:\/\/www.instagram.com\/pagina10col\/","https:\/\/youtube.com\/channel\/pag10","https:\/\/www.tiktok.com\/@p10col"]},{"@type":"Person","@id":"https:\/\/pagina10.com\/web\/#\/schema\/person\/0dc8fb39736157843f331f582a4f1749","name":"Juan Pablo Torres Henao","description":"Polit\u00f3golo de la Pontificia Universidad Javeriana y abogado de la Universidad Nacional de Colombia, con Especializaci\u00f3n en Derecho Constitucional, Maestr\u00eda en Estudios Pol\u00edticos Latinoamericanos y candidato a Doctor en Historia de la misma universidad. \u00c9nfasis de formaci\u00f3n en teor\u00eda y filosof\u00eda pol\u00edtica, historia del conflicto armado y transiciones pol\u00edticas. Experiencia de trabajo en la formulaci\u00f3n de pol\u00edticas publicas e iniciativas legislativas para organizaciones de victimas y poblaci\u00f3n en proceso de reincorporaci\u00f3n.","url":"https:\/\/pagina10.com\/web\/author\/juanpablotorres\/"}]}},"_links":{"self":[{"href":"https:\/\/pagina10.com\/web\/wp-json\/wp\/v2\/posts\/68627","targetHints":{"allow":["GET"]}}],"collection":[{"href":"https:\/\/pagina10.com\/web\/wp-json\/wp\/v2\/posts"}],"about":[{"href":"https:\/\/pagina10.com\/web\/wp-json\/wp\/v2\/types\/post"}],"author":[{"embeddable":true,"href":"https:\/\/pagina10.com\/web\/wp-json\/wp\/v2\/users\/102"}],"replies":[{"embeddable":true,"href":"https:\/\/pagina10.com\/web\/wp-json\/wp\/v2\/comments?post=68627"}],"version-history":[{"count":2,"href":"https:\/\/pagina10.com\/web\/wp-json\/wp\/v2\/posts\/68627\/revisions"}],"predecessor-version":[{"id":72580,"href":"https:\/\/pagina10.com\/web\/wp-json\/wp\/v2\/posts\/68627\/revisions\/72580"}],"wp:featuredmedia":[{"embeddable":true,"href":"https:\/\/pagina10.com\/web\/wp-json\/wp\/v2\/media\/72333"}],"wp:attachment":[{"href":"https:\/\/pagina10.com\/web\/wp-json\/wp\/v2\/media?parent=68627"}],"wp:term":[{"taxonomy":"category","embeddable":true,"href":"https:\/\/pagina10.com\/web\/wp-json\/wp\/v2\/categories?post=68627"},{"taxonomy":"post_tag","embeddable":true,"href":"https:\/\/pagina10.com\/web\/wp-json\/wp\/v2\/tags?post=68627"}],"curies":[{"name":"wp","href":"https:\/\/api.w.org\/{rel}","templated":true}]}}