{"id":68643,"date":"2023-09-09T09:56:31","date_gmt":"2023-09-09T14:56:31","guid":{"rendered":"https:\/\/pagina10.com\/web\/?p=68643"},"modified":"2023-09-09T10:38:27","modified_gmt":"2023-09-09T15:38:27","slug":"narinense-paula-rivadeneira-destacada-figura-internacional-en-robotica-y-tecnologia","status":"publish","type":"post","link":"https:\/\/pagina10.com\/web\/narinense-paula-rivadeneira-destacada-figura-internacional-en-robotica-y-tecnologia\/","title":{"rendered":"Nari\u00f1ense Paula Rivadeneira: Destacada figura internacional en rob\u00f3tica y tecnolog\u00eda"},"content":{"rendered":"<p style=\"text-align: justify;\">Paula Andrea Rivadeneira Ojeda, es una Nari\u00f1ense y figura destacada en el campo de la rob\u00f3tica y la tecnolog\u00eda, qui\u00e9n se ha ganado un lugar de honor como oradora en el tercer <strong>Encuentro Internacional de Rob\u00f3tica de la Universidad CorHuila<\/strong>. Su ponencia, titulada &#8220;Shaping the future: la simbiosis entre la Inteligencia Artificial y la Rob\u00f3tica&#8221;, promete ser uno de los puntos destacados del evento.<\/p>\n<p style=\"text-align: justify;\">El reconocimiento de Paula en el mundo de la rob\u00f3tica no se detiene aqu\u00ed: su equipo, Maplebots Robotics logr\u00f3 un impresionante desempe\u00f1o en el Championship Roborave Mexico 2023, llev\u00e1ndose el podio internacional con el segundo y cuarto lugar en las categor\u00edas de Roboethics y Sumo Lego. Este evento se llev\u00f3 a cabo entre el 9 y 11 de agosto de 2023 en Monterrey, M\u00e9xico, donde Paula tambi\u00e9n form\u00f3 parte del panel principal de oradores junto a representantes de la NASA, Jap\u00f3n, China y Europa. Adicionalmente, su habilidad como entrenadora tambi\u00e9n ha sido reconocida con un Premio Excelente en Ingenier\u00eda en la competencia First Lego League 2023 en Alberta, Canad\u00e1.<\/p>\n<p style=\"text-align: justify;\"><img fetchpriority=\"high\" decoding=\"async\" class=\"aligncenter size-full wp-image-68658\" src=\"https:\/\/pagina10.com\/web\/wp-content\/uploads\/2023\/09\/IMG-20230909-WA0004.jpg\" alt=\"\" width=\"514\" height=\"840\" srcset=\"https:\/\/pagina10.com\/web\/wp-content\/uploads\/2023\/09\/IMG-20230909-WA0004.jpg 514w, https:\/\/pagina10.com\/web\/wp-content\/uploads\/2023\/09\/IMG-20230909-WA0004-184x300.jpg 184w\" sizes=\"(max-width: 514px) 100vw, 514px\" \/>Paula Andrea Rivadeneira Ojeda ha dejado huella en la escena internacional de la rob\u00f3tica desde 2019 cuando, al frente de su equipo, obtuvo una Medalla de Plata en el evento RoboRave China, en la ciudad de Congua, en la categor\u00eda de Seguidor de L\u00ednea.<\/p>\n<p style=\"text-align: justify;\">Actualmente, <strong>Rivadeneira<\/strong> es la Fundadora y presidente de la empresa de Rob\u00f3tica Educativa Maplebots Robotics, con sedes en Colombia y Canad\u00e1, cuyo lema es &#8220;Aprendiendo a crear diversi\u00f3n&#8221;. Tambi\u00e9n ejerce como manager de la compa\u00f1\u00eda Engineering for Kids en Canad\u00e1, Directora del programa Internacional RoboRave Calgary en Canad\u00e1, adem\u00e1s, desempe\u00f1a un papel crucial como Directora de Mujeres en STEAM y es miembro ejecutivo de la Asociaci\u00f3n de Rob\u00f3tica de la Universidad de Calgary. A trav\u00e9s de estos programas, Paula promueve activamente la participaci\u00f3n de ni\u00f1os y ni\u00f1as en campos STEAM a trav\u00e9s de competencias de rob\u00f3tica a nivel local, nacional e internacional.<\/p>\n<p style=\"text-align: justify;\">A trav\u00e9s de su empresa <strong>Maplebots Robotics<\/strong>, la reconocida Nari\u00f1ense est\u00e1 liderando iniciativas de educaci\u00f3n STEAM en Colombia y Canad\u00e1. Su objetivo es crear espacios donde los ni\u00f1os y j\u00f3venes puedan desarrollar y potenciar sus habilidades para prepararse en la cuarta revoluci\u00f3n industrial actual. La rob\u00f3tica educativa les permite dise\u00f1ar, construir y programar robots, participando en competencias que ponen a prueba su conocimiento, fomentan el trabajo en equipo, la resoluci\u00f3n de problemas y, lo m\u00e1s importante, se divierten mientras aprenden.<\/p>\n<p style=\"text-align: justify;\">Paula Andrea es un ejemplo inspirador en el mundo de la tecnolog\u00eda y la rob\u00f3tica, demostrando que si es posible abrir puertas a futuros brillantes y llenos de posibilidades para j\u00f3venes de todo el mundo.<\/p>\n<p style=\"text-align: justify;\">Su dedicaci\u00f3n y pasi\u00f3n por esta disciplina contin\u00faan dejando una marca perdurable en la comunidad educativa global.<\/p>\n","protected":false},"excerpt":{"rendered":"<p>Paula Andrea Rivadeneira Ojeda, es una Nari\u00f1ense y figura destacada en el campo de la rob\u00f3tica y la tecnolog\u00eda, qui\u00e9n se ha ganado un lugar de honor como oradora en el tercer Encuentro Internacional de Rob\u00f3tica de la Universidad CorHuila. Su ponencia, titulada &#8220;Shaping the future: la simbiosis entre la Inteligencia Artificial y la Rob\u00f3tica&#8221;, [&hellip;]<\/p>\n","protected":false},"author":1,"featured_media":68644,"comment_status":"open","ping_status":"open","sticky":false,"template":"","format":"standard","meta":{"footnotes":""},"categories":[84],"tags":[],"class_list":["post-68643","post","type-post","status-publish","format-standard","has-post-thumbnail","hentry","category-global-2"],"yoast_head":"<!-- This site is optimized with the Yoast SEO plugin v27.1.1 - https:\/\/yoast.com\/product\/yoast-seo-wordpress\/ -->\n<title>Nari\u00f1ense Paula Rivadeneira: Destacada figura internacional en rob\u00f3tica y tecnolog\u00eda | P\u00e1gina10<\/title>\n<meta name=\"robots\" content=\"index, follow, max-snippet:-1, max-image-preview:large, max-video-preview:-1\" \/>\n<link rel=\"canonical\" href=\"https:\/\/pagina10.com\/web\/narinense-paula-rivadeneira-destacada-figura-internacional-en-robotica-y-tecnologia\/\" \/>\n<meta property=\"og:locale\" content=\"es_ES\" \/>\n<meta property=\"og:type\" content=\"article\" \/>\n<meta property=\"og:title\" content=\"Nari\u00f1ense Paula Rivadeneira: Destacada figura internacional en rob\u00f3tica y tecnolog\u00eda | P\u00e1gina10\" \/>\n<meta property=\"og:description\" content=\"Paula Andrea Rivadeneira Ojeda, es una Nari\u00f1ense y figura destacada en el campo de la rob\u00f3tica y la tecnolog\u00eda, qui\u00e9n se ha ganado un lugar de honor como oradora en el tercer Encuentro Internacional de Rob\u00f3tica de la Universidad CorHuila. Su ponencia, titulada &#8220;Shaping the future: la simbiosis entre la Inteligencia Artificial y la Rob\u00f3tica&#8221;, [&hellip;]\" \/>\n<meta property=\"og:url\" content=\"https:\/\/pagina10.com\/web\/narinense-paula-rivadeneira-destacada-figura-internacional-en-robotica-y-tecnologia\/\" \/>\n<meta property=\"og:site_name\" content=\"P\u00e1gina10\" \/>\n<meta property=\"article:publisher\" content=\"https:\/\/www.facebook.com\/pag10com\" \/>\n<meta property=\"article:published_time\" content=\"2023-09-09T14:56:31+00:00\" \/>\n<meta property=\"article:modified_time\" content=\"2023-09-09T15:38:27+00:00\" \/>\n<meta property=\"og:image\" content=\"https:\/\/pagina10.com\/web\/wp-content\/uploads\/2023\/09\/WhatsApp-Image-2023-09-05-at-8.46.46-PM.jpeg\" \/>\n\t<meta property=\"og:image:width\" content=\"1024\" \/>\n\t<meta property=\"og:image:height\" content=\"625\" \/>\n\t<meta property=\"og:image:type\" content=\"image\/jpeg\" \/>\n<meta name=\"author\" content=\"P\u00e1gina 10\" \/>\n<meta name=\"twitter:card\" content=\"summary_large_image\" \/>\n<meta name=\"twitter:creator\" content=\"@Pag10com\" \/>\n<meta name=\"twitter:site\" content=\"@Pag10com\" \/>\n<meta name=\"twitter:label1\" content=\"Escrito por\" \/>\n\t<meta name=\"twitter:data1\" content=\"P\u00e1gina 10\" \/>\n\t<meta name=\"twitter:label2\" content=\"Tiempo de lectura\" \/>\n\t<meta name=\"twitter:data2\" content=\"2 minutos\" \/>\n<script type=\"application\/ld+json\" class=\"yoast-schema-graph\">{\"@context\":\"https:\/\/schema.org\",\"@graph\":[{\"@type\":\"Article\",\"@id\":\"https:\/\/pagina10.com\/web\/narinense-paula-rivadeneira-destacada-figura-internacional-en-robotica-y-tecnologia\/#article\",\"isPartOf\":{\"@id\":\"https:\/\/pagina10.com\/web\/narinense-paula-rivadeneira-destacada-figura-internacional-en-robotica-y-tecnologia\/\"},\"author\":{\"name\":\"P\u00e1gina 10\",\"@id\":\"https:\/\/pagina10.com\/web\/#\/schema\/person\/2efc4a090d25b667d3bc796798a3a81b\"},\"headline\":\"Nari\u00f1ense Paula Rivadeneira: Destacada figura internacional en rob\u00f3tica y tecnolog\u00eda\",\"datePublished\":\"2023-09-09T14:56:31+00:00\",\"dateModified\":\"2023-09-09T15:38:27+00:00\",\"mainEntityOfPage\":{\"@id\":\"https:\/\/pagina10.com\/web\/narinense-paula-rivadeneira-destacada-figura-internacional-en-robotica-y-tecnologia\/\"},\"wordCount\":506,\"commentCount\":0,\"publisher\":{\"@id\":\"https:\/\/pagina10.com\/web\/#organization\"},\"image\":{\"@id\":\"https:\/\/pagina10.com\/web\/narinense-paula-rivadeneira-destacada-figura-internacional-en-robotica-y-tecnologia\/#primaryimage\"},\"thumbnailUrl\":\"https:\/\/pagina10.com\/web\/wp-content\/uploads\/2023\/09\/WhatsApp-Image-2023-09-05-at-8.46.46-PM.jpeg\",\"articleSection\":[\"Global\"],\"inLanguage\":\"es\",\"potentialAction\":[{\"@type\":\"CommentAction\",\"name\":\"Comment\",\"target\":[\"https:\/\/pagina10.com\/web\/narinense-paula-rivadeneira-destacada-figura-internacional-en-robotica-y-tecnologia\/#respond\"]}]},{\"@type\":\"WebPage\",\"@id\":\"https:\/\/pagina10.com\/web\/narinense-paula-rivadeneira-destacada-figura-internacional-en-robotica-y-tecnologia\/\",\"url\":\"https:\/\/pagina10.com\/web\/narinense-paula-rivadeneira-destacada-figura-internacional-en-robotica-y-tecnologia\/\",\"name\":\"Nari\u00f1ense Paula Rivadeneira: Destacada figura internacional en rob\u00f3tica y tecnolog\u00eda | P\u00e1gina10\",\"isPartOf\":{\"@id\":\"https:\/\/pagina10.com\/web\/#website\"},\"primaryImageOfPage\":{\"@id\":\"https:\/\/pagina10.com\/web\/narinense-paula-rivadeneira-destacada-figura-internacional-en-robotica-y-tecnologia\/#primaryimage\"},\"image\":{\"@id\":\"https:\/\/pagina10.com\/web\/narinense-paula-rivadeneira-destacada-figura-internacional-en-robotica-y-tecnologia\/#primaryimage\"},\"thumbnailUrl\":\"https:\/\/pagina10.com\/web\/wp-content\/uploads\/2023\/09\/WhatsApp-Image-2023-09-05-at-8.46.46-PM.jpeg\",\"datePublished\":\"2023-09-09T14:56:31+00:00\",\"dateModified\":\"2023-09-09T15:38:27+00:00\",\"breadcrumb\":{\"@id\":\"https:\/\/pagina10.com\/web\/narinense-paula-rivadeneira-destacada-figura-internacional-en-robotica-y-tecnologia\/#breadcrumb\"},\"inLanguage\":\"es\",\"potentialAction\":[{\"@type\":\"ReadAction\",\"target\":[\"https:\/\/pagina10.com\/web\/narinense-paula-rivadeneira-destacada-figura-internacional-en-robotica-y-tecnologia\/\"]}]},{\"@type\":\"ImageObject\",\"inLanguage\":\"es\",\"@id\":\"https:\/\/pagina10.com\/web\/narinense-paula-rivadeneira-destacada-figura-internacional-en-robotica-y-tecnologia\/#primaryimage\",\"url\":\"https:\/\/pagina10.com\/web\/wp-content\/uploads\/2023\/09\/WhatsApp-Image-2023-09-05-at-8.46.46-PM.jpeg\",\"contentUrl\":\"https:\/\/pagina10.com\/web\/wp-content\/uploads\/2023\/09\/WhatsApp-Image-2023-09-05-at-8.46.46-PM.jpeg\",\"width\":1024,\"height\":625},{\"@type\":\"BreadcrumbList\",\"@id\":\"https:\/\/pagina10.com\/web\/narinense-paula-rivadeneira-destacada-figura-internacional-en-robotica-y-tecnologia\/#breadcrumb\",\"itemListElement\":[{\"@type\":\"ListItem\",\"position\":1,\"name\":\"Portada\",\"item\":\"https:\/\/pagina10.com\/web\/\"},{\"@type\":\"ListItem\",\"position\":2,\"name\":\"Nari\u00f1ense Paula Rivadeneira: Destacada figura internacional en rob\u00f3tica y tecnolog\u00eda\"}]},{\"@type\":\"WebSite\",\"@id\":\"https:\/\/pagina10.com\/web\/#website\",\"url\":\"https:\/\/pagina10.com\/web\/\",\"name\":\"P\u00e1gina10\",\"description\":\"Peri\u00f3dico Regional\",\"publisher\":{\"@id\":\"https:\/\/pagina10.com\/web\/#organization\"},\"alternateName\":\"P\u00e1gina10 Peri\u00f3dico Regional\",\"potentialAction\":[{\"@type\":\"SearchAction\",\"target\":{\"@type\":\"EntryPoint\",\"urlTemplate\":\"https:\/\/pagina10.com\/web\/?s={search_term_string}\"},\"query-input\":{\"@type\":\"PropertyValueSpecification\",\"valueRequired\":true,\"valueName\":\"search_term_string\"}}],\"inLanguage\":\"es\"},{\"@type\":\"Organization\",\"@id\":\"https:\/\/pagina10.com\/web\/#organization\",\"name\":\"P\u00e1gina10\",\"alternateName\":\"P\u00e1gina10 Peri\u00f3dico Regional\",\"url\":\"https:\/\/pagina10.com\/web\/\",\"logo\":{\"@type\":\"ImageObject\",\"inLanguage\":\"es\",\"@id\":\"https:\/\/pagina10.com\/web\/#\/schema\/logo\/image\/\",\"url\":\"https:\/\/pagina10.com\/web\/wp-content\/uploads\/2024\/01\/40-pagina-10-periodico-regional-pasto.jpg\",\"contentUrl\":\"https:\/\/pagina10.com\/web\/wp-content\/uploads\/2024\/01\/40-pagina-10-periodico-regional-pasto.jpg\",\"width\":1280,\"height\":720,\"caption\":\"P\u00e1gina10\"},\"image\":{\"@id\":\"https:\/\/pagina10.com\/web\/#\/schema\/logo\/image\/\"},\"sameAs\":[\"https:\/\/www.facebook.com\/pag10com\",\"https:\/\/x.com\/Pag10com\",\"https:\/\/www.instagram.com\/pagina10col\/\",\"https:\/\/youtube.com\/channel\/pag10\",\"https:\/\/www.tiktok.com\/@p10col\"]},{\"@type\":\"Person\",\"@id\":\"https:\/\/pagina10.com\/web\/#\/schema\/person\/2efc4a090d25b667d3bc796798a3a81b\",\"name\":\"P\u00e1gina 10\",\"description\":\"P\u00e1gina 10 es un peri\u00f3dico regional que nace en Colombia, en el departamento de Nari\u00f1o, con un enfoque global, fundamentado en cuatro pilares esenciales: la libertad, el pluralismo, la inclusi\u00f3n y la independencia. P\u00e1gina 10 hace referencia a Nari\u00f1o como el d\u00e9cimo departamento creado en Colombia, despu\u00e9s de un proceso pol\u00edtico liderado por actores y actrices regionales con el fin de obtener la independencia y autonom\u00eda de nuestros territorios. Con la creaci\u00f3n de P\u00e1gina 10 se pretende abrir un escenario para el dialogo, la reflexi\u00f3n y el debate que se extienda a otras geograf\u00edas de Am\u00e9rica Latina y del planeta, en una apuesta por transformar colectivamente los desaf\u00edos de un mundo contempor\u00e1neo, m\u00e1s all\u00e1 de las fronteras impuestas.\",\"url\":\"https:\/\/pagina10.com\/web\/author\/pdiezadmin\/\"}]}<\/script>\n<!-- \/ Yoast SEO plugin. -->","yoast_head_json":{"title":"Nari\u00f1ense Paula Rivadeneira: Destacada figura internacional en rob\u00f3tica y tecnolog\u00eda | P\u00e1gina10","robots":{"index":"index","follow":"follow","max-snippet":"max-snippet:-1","max-image-preview":"max-image-preview:large","max-video-preview":"max-video-preview:-1"},"canonical":"https:\/\/pagina10.com\/web\/narinense-paula-rivadeneira-destacada-figura-internacional-en-robotica-y-tecnologia\/","og_locale":"es_ES","og_type":"article","og_title":"Nari\u00f1ense Paula Rivadeneira: Destacada figura internacional en rob\u00f3tica y tecnolog\u00eda | P\u00e1gina10","og_description":"Paula Andrea Rivadeneira Ojeda, es una Nari\u00f1ense y figura destacada en el campo de la rob\u00f3tica y la tecnolog\u00eda, qui\u00e9n se ha ganado un lugar de honor como oradora en el tercer Encuentro Internacional de Rob\u00f3tica de la Universidad CorHuila. Su ponencia, titulada &#8220;Shaping the future: la simbiosis entre la Inteligencia Artificial y la Rob\u00f3tica&#8221;, [&hellip;]","og_url":"https:\/\/pagina10.com\/web\/narinense-paula-rivadeneira-destacada-figura-internacional-en-robotica-y-tecnologia\/","og_site_name":"P\u00e1gina10","article_publisher":"https:\/\/www.facebook.com\/pag10com","article_published_time":"2023-09-09T14:56:31+00:00","article_modified_time":"2023-09-09T15:38:27+00:00","og_image":[{"width":1024,"height":625,"url":"https:\/\/pagina10.com\/web\/wp-content\/uploads\/2023\/09\/WhatsApp-Image-2023-09-05-at-8.46.46-PM.jpeg","type":"image\/jpeg"}],"author":"P\u00e1gina 10","twitter_card":"summary_large_image","twitter_creator":"@Pag10com","twitter_site":"@Pag10com","twitter_misc":{"Escrito por":"P\u00e1gina 10","Tiempo de lectura":"2 minutos"},"schema":{"@context":"https:\/\/schema.org","@graph":[{"@type":"Article","@id":"https:\/\/pagina10.com\/web\/narinense-paula-rivadeneira-destacada-figura-internacional-en-robotica-y-tecnologia\/#article","isPartOf":{"@id":"https:\/\/pagina10.com\/web\/narinense-paula-rivadeneira-destacada-figura-internacional-en-robotica-y-tecnologia\/"},"author":{"name":"P\u00e1gina 10","@id":"https:\/\/pagina10.com\/web\/#\/schema\/person\/2efc4a090d25b667d3bc796798a3a81b"},"headline":"Nari\u00f1ense Paula Rivadeneira: Destacada figura internacional en rob\u00f3tica y tecnolog\u00eda","datePublished":"2023-09-09T14:56:31+00:00","dateModified":"2023-09-09T15:38:27+00:00","mainEntityOfPage":{"@id":"https:\/\/pagina10.com\/web\/narinense-paula-rivadeneira-destacada-figura-internacional-en-robotica-y-tecnologia\/"},"wordCount":506,"commentCount":0,"publisher":{"@id":"https:\/\/pagina10.com\/web\/#organization"},"image":{"@id":"https:\/\/pagina10.com\/web\/narinense-paula-rivadeneira-destacada-figura-internacional-en-robotica-y-tecnologia\/#primaryimage"},"thumbnailUrl":"https:\/\/pagina10.com\/web\/wp-content\/uploads\/2023\/09\/WhatsApp-Image-2023-09-05-at-8.46.46-PM.jpeg","articleSection":["Global"],"inLanguage":"es","potentialAction":[{"@type":"CommentAction","name":"Comment","target":["https:\/\/pagina10.com\/web\/narinense-paula-rivadeneira-destacada-figura-internacional-en-robotica-y-tecnologia\/#respond"]}]},{"@type":"WebPage","@id":"https:\/\/pagina10.com\/web\/narinense-paula-rivadeneira-destacada-figura-internacional-en-robotica-y-tecnologia\/","url":"https:\/\/pagina10.com\/web\/narinense-paula-rivadeneira-destacada-figura-internacional-en-robotica-y-tecnologia\/","name":"Nari\u00f1ense Paula Rivadeneira: Destacada figura internacional en rob\u00f3tica y tecnolog\u00eda | P\u00e1gina10","isPartOf":{"@id":"https:\/\/pagina10.com\/web\/#website"},"primaryImageOfPage":{"@id":"https:\/\/pagina10.com\/web\/narinense-paula-rivadeneira-destacada-figura-internacional-en-robotica-y-tecnologia\/#primaryimage"},"image":{"@id":"https:\/\/pagina10.com\/web\/narinense-paula-rivadeneira-destacada-figura-internacional-en-robotica-y-tecnologia\/#primaryimage"},"thumbnailUrl":"https:\/\/pagina10.com\/web\/wp-content\/uploads\/2023\/09\/WhatsApp-Image-2023-09-05-at-8.46.46-PM.jpeg","datePublished":"2023-09-09T14:56:31+00:00","dateModified":"2023-09-09T15:38:27+00:00","breadcrumb":{"@id":"https:\/\/pagina10.com\/web\/narinense-paula-rivadeneira-destacada-figura-internacional-en-robotica-y-tecnologia\/#breadcrumb"},"inLanguage":"es","potentialAction":[{"@type":"ReadAction","target":["https:\/\/pagina10.com\/web\/narinense-paula-rivadeneira-destacada-figura-internacional-en-robotica-y-tecnologia\/"]}]},{"@type":"ImageObject","inLanguage":"es","@id":"https:\/\/pagina10.com\/web\/narinense-paula-rivadeneira-destacada-figura-internacional-en-robotica-y-tecnologia\/#primaryimage","url":"https:\/\/pagina10.com\/web\/wp-content\/uploads\/2023\/09\/WhatsApp-Image-2023-09-05-at-8.46.46-PM.jpeg","contentUrl":"https:\/\/pagina10.com\/web\/wp-content\/uploads\/2023\/09\/WhatsApp-Image-2023-09-05-at-8.46.46-PM.jpeg","width":1024,"height":625},{"@type":"BreadcrumbList","@id":"https:\/\/pagina10.com\/web\/narinense-paula-rivadeneira-destacada-figura-internacional-en-robotica-y-tecnologia\/#breadcrumb","itemListElement":[{"@type":"ListItem","position":1,"name":"Portada","item":"https:\/\/pagina10.com\/web\/"},{"@type":"ListItem","position":2,"name":"Nari\u00f1ense Paula Rivadeneira: Destacada figura internacional en rob\u00f3tica y tecnolog\u00eda"}]},{"@type":"WebSite","@id":"https:\/\/pagina10.com\/web\/#website","url":"https:\/\/pagina10.com\/web\/","name":"P\u00e1gina10","description":"Peri\u00f3dico Regional","publisher":{"@id":"https:\/\/pagina10.com\/web\/#organization"},"alternateName":"P\u00e1gina10 Peri\u00f3dico Regional","potentialAction":[{"@type":"SearchAction","target":{"@type":"EntryPoint","urlTemplate":"https:\/\/pagina10.com\/web\/?s={search_term_string}"},"query-input":{"@type":"PropertyValueSpecification","valueRequired":true,"valueName":"search_term_string"}}],"inLanguage":"es"},{"@type":"Organization","@id":"https:\/\/pagina10.com\/web\/#organization","name":"P\u00e1gina10","alternateName":"P\u00e1gina10 Peri\u00f3dico Regional","url":"https:\/\/pagina10.com\/web\/","logo":{"@type":"ImageObject","inLanguage":"es","@id":"https:\/\/pagina10.com\/web\/#\/schema\/logo\/image\/","url":"https:\/\/pagina10.com\/web\/wp-content\/uploads\/2024\/01\/40-pagina-10-periodico-regional-pasto.jpg","contentUrl":"https:\/\/pagina10.com\/web\/wp-content\/uploads\/2024\/01\/40-pagina-10-periodico-regional-pasto.jpg","width":1280,"height":720,"caption":"P\u00e1gina10"},"image":{"@id":"https:\/\/pagina10.com\/web\/#\/schema\/logo\/image\/"},"sameAs":["https:\/\/www.facebook.com\/pag10com","https:\/\/x.com\/Pag10com","https:\/\/www.instagram.com\/pagina10col\/","https:\/\/youtube.com\/channel\/pag10","https:\/\/www.tiktok.com\/@p10col"]},{"@type":"Person","@id":"https:\/\/pagina10.com\/web\/#\/schema\/person\/2efc4a090d25b667d3bc796798a3a81b","name":"P\u00e1gina 10","description":"P\u00e1gina 10 es un peri\u00f3dico regional que nace en Colombia, en el departamento de Nari\u00f1o, con un enfoque global, fundamentado en cuatro pilares esenciales: la libertad, el pluralismo, la inclusi\u00f3n y la independencia. P\u00e1gina 10 hace referencia a Nari\u00f1o como el d\u00e9cimo departamento creado en Colombia, despu\u00e9s de un proceso pol\u00edtico liderado por actores y actrices regionales con el fin de obtener la independencia y autonom\u00eda de nuestros territorios. Con la creaci\u00f3n de P\u00e1gina 10 se pretende abrir un escenario para el dialogo, la reflexi\u00f3n y el debate que se extienda a otras geograf\u00edas de Am\u00e9rica Latina y del planeta, en una apuesta por transformar colectivamente los desaf\u00edos de un mundo contempor\u00e1neo, m\u00e1s all\u00e1 de las fronteras impuestas.","url":"https:\/\/pagina10.com\/web\/author\/pdiezadmin\/"}]}},"_links":{"self":[{"href":"https:\/\/pagina10.com\/web\/wp-json\/wp\/v2\/posts\/68643","targetHints":{"allow":["GET"]}}],"collection":[{"href":"https:\/\/pagina10.com\/web\/wp-json\/wp\/v2\/posts"}],"about":[{"href":"https:\/\/pagina10.com\/web\/wp-json\/wp\/v2\/types\/post"}],"author":[{"embeddable":true,"href":"https:\/\/pagina10.com\/web\/wp-json\/wp\/v2\/users\/1"}],"replies":[{"embeddable":true,"href":"https:\/\/pagina10.com\/web\/wp-json\/wp\/v2\/comments?post=68643"}],"version-history":[{"count":3,"href":"https:\/\/pagina10.com\/web\/wp-json\/wp\/v2\/posts\/68643\/revisions"}],"predecessor-version":[{"id":68659,"href":"https:\/\/pagina10.com\/web\/wp-json\/wp\/v2\/posts\/68643\/revisions\/68659"}],"wp:featuredmedia":[{"embeddable":true,"href":"https:\/\/pagina10.com\/web\/wp-json\/wp\/v2\/media\/68644"}],"wp:attachment":[{"href":"https:\/\/pagina10.com\/web\/wp-json\/wp\/v2\/media?parent=68643"}],"wp:term":[{"taxonomy":"category","embeddable":true,"href":"https:\/\/pagina10.com\/web\/wp-json\/wp\/v2\/categories?post=68643"},{"taxonomy":"post_tag","embeddable":true,"href":"https:\/\/pagina10.com\/web\/wp-json\/wp\/v2\/tags?post=68643"}],"curies":[{"name":"wp","href":"https:\/\/api.w.org\/{rel}","templated":true}]}}