{"id":6865,"date":"2014-02-26T23:34:45","date_gmt":"2014-02-26T23:34:45","guid":{"rendered":"https:\/\/pagina10.com\/web\/cuatro-talleres-escenicos-en-la-casa-teatro-la-guagua\/"},"modified":"2014-02-26T23:34:45","modified_gmt":"2014-02-26T23:34:45","slug":"cuatro-talleres-escenicos-en-la-casa-teatro-la-guagua","status":"publish","type":"post","link":"https:\/\/pagina10.com\/web\/cuatro-talleres-escenicos-en-la-casa-teatro-la-guagua\/","title":{"rendered":"CUATRO TALLERES ESC\u00c9NICOS EN LA CASA TEATRO LA GUAGUA"},"content":{"rendered":"<p><img fetchpriority=\"high\" decoding=\"async\" class=\" size-full wp-image-6864\" src=\"https:\/\/pagina10.com\/web\/wp-content\/uploads\/2014\/02\/11e67df7a25e08580ba8f841a9716bdb.jpg\" alt=\"\" width=\"960\" height=\"355\" srcset=\"https:\/\/pagina10.com\/web\/wp-content\/uploads\/2014\/02\/11e67df7a25e08580ba8f841a9716bdb.jpg 960w, https:\/\/pagina10.com\/web\/wp-content\/uploads\/2014\/02\/11e67df7a25e08580ba8f841a9716bdb-300x111.jpg 300w, https:\/\/pagina10.com\/web\/wp-content\/uploads\/2014\/02\/11e67df7a25e08580ba8f841a9716bdb-768x284.jpg 768w\" sizes=\"(max-width: 960px) 100vw, 960px\" \/><\/p>\n<p style=\"text-align: justify;\">Los buenos planes culturales est\u00e1n en auge en la ciudad de Pasto. Hoy por hoy no solo nos conformamos con ser espectadores de una representaci\u00f3n art\u00edstica, sino en ser quiz\u00e1 los precursores y protagonistas de la escena. Es por ello que la Casa Teatro La Guagua se permite invitar a todos los lectores a ser parte de la realizaci\u00f3n de los talleres que se estar\u00e1n dictado a partir del s\u00e1bado 1\u00ba de marzo.<\/p>\n<p>  <!--more-->  <\/p>\n<p style=\"text-align: justify;\">4 talleres expuestos en una variedad de temas: desde danza, expresi\u00f3n oral, literaria y teatral. &nbsp;A su cargo se encuentran excelentes profesores de talla nacional e internacional.<\/p>\n<p style=\"text-align: justify;\">&nbsp;<\/p>\n<p style=\"text-align: justify;\"><strong>TALLER DE TANGO<\/strong><\/p>\n<p style=\"text-align: justify;\">Con: La Compa\u00f1\u00eda Tango Entre Sombras \u2013 Bogot\u00e1<\/p>\n<p style=\"text-align: justify;\">S\u00e1bado 1 de Marzo de 9:00 a.m. a 12:00 m<\/p>\n<p style=\"text-align: justify;\">Valor: $ 25.000<\/p>\n<p style=\"text-align: justify;\">&nbsp;<\/p>\n<p style=\"text-align: justify;\"><strong>CL\u00cdNICA DE EXPRESI\u00d3N CORPORAL Y T\u00c9CNICA SILVESTRE<\/strong><\/p>\n<p style=\"text-align: justify;\">S\u00e1bado 1, domingo 2 y lunes 3 de marzo<\/p>\n<p style=\"text-align: justify;\">Valor: $ 20.000<\/p>\n<p style=\"text-align: justify;\">S\u00e1bado 1 de Marzo 10 a.m.<\/p>\n<p style=\"text-align: justify;\">Domingo 2 de Marzo 10 a.m.<\/p>\n<p style=\"text-align: justify;\">Lunes 3 de Marzo 6 p.m.<\/p>\n<p style=\"text-align: justify;\">&nbsp;<\/p>\n<p style=\"text-align: justify;\"><strong>TALLER DE DRAMATURGIA \u2013 \u201cCIUDAD PAPEL\u201d<\/strong><\/p>\n<p style=\"text-align: justify;\">Con: John Jairo Rodr\u00edguez Saavedra<\/p>\n<p style=\"text-align: justify;\">Lunes 3 al s\u00e1bado 8 de Marzo 6:00 p.m. a 8:00 p.m.<\/p>\n<p style=\"text-align: justify;\">Valor: $ 60.000<\/p>\n<p style=\"text-align: justify;\">&nbsp;<\/p>\n<p style=\"text-align: justify;\"><strong>TALLER \u201cTEATRO PARA LA TRANSFORMACI\u00d3N SOCIAL\u201d<\/strong><\/p>\n<p style=\"text-align: justify;\">Con: Carolina Wajnerman \u2013 Argentina<\/p>\n<p style=\"text-align: justify;\">Viernes 7 de Marzo \u2013 3:00 p.m. a 6:00 p.m.<\/p>\n<p style=\"text-align: justify;\">Valor Sugerido: $ 20.000<\/p>\n<p style=\"text-align: justify;\">&nbsp;<\/p>\n<p style=\"text-align: justify;\">Reservas al Tel\u00e9fono: 7291500<\/p>\n<p style=\"text-align: justify;\">Cupo Limitado<\/p>\n","protected":false},"excerpt":{"rendered":"<p>Los buenos planes culturales est\u00e1n en auge en la ciudad de Pasto. Hoy por hoy no solo nos conformamos con ser espectadores de una representaci\u00f3n art\u00edstica, sino en ser quiz\u00e1 los precursores y protagonistas de la escena. Es por ello que la Casa Teatro La Guagua se permite invitar a todos los lectores a ser [&hellip;]<\/p>\n","protected":false},"author":29,"featured_media":6864,"comment_status":"open","ping_status":"open","sticky":false,"template":"","format":"standard","meta":{"footnotes":""},"categories":[82],"tags":[],"class_list":["post-6865","post","type-post","status-publish","format-standard","has-post-thumbnail","hentry","category-ciudad-2"],"yoast_head":"<!-- This site is optimized with the Yoast SEO plugin v27.1.1 - https:\/\/yoast.com\/product\/yoast-seo-wordpress\/ -->\n<title>CUATRO TALLERES ESC\u00c9NICOS EN LA CASA TEATRO LA GUAGUA | P\u00e1gina10<\/title>\n<meta name=\"robots\" content=\"index, follow, max-snippet:-1, max-image-preview:large, max-video-preview:-1\" \/>\n<link rel=\"canonical\" href=\"https:\/\/pagina10.com\/web\/cuatro-talleres-escenicos-en-la-casa-teatro-la-guagua\/\" \/>\n<meta property=\"og:locale\" content=\"es_ES\" \/>\n<meta property=\"og:type\" content=\"article\" \/>\n<meta property=\"og:title\" content=\"CUATRO TALLERES ESC\u00c9NICOS EN LA CASA TEATRO LA GUAGUA | P\u00e1gina10\" \/>\n<meta property=\"og:description\" content=\"Los buenos planes culturales est\u00e1n en auge en la ciudad de Pasto. Hoy por hoy no solo nos conformamos con ser espectadores de una representaci\u00f3n art\u00edstica, sino en ser quiz\u00e1 los precursores y protagonistas de la escena. Es por ello que la Casa Teatro La Guagua se permite invitar a todos los lectores a ser [&hellip;]\" \/>\n<meta property=\"og:url\" content=\"https:\/\/pagina10.com\/web\/cuatro-talleres-escenicos-en-la-casa-teatro-la-guagua\/\" \/>\n<meta property=\"og:site_name\" content=\"P\u00e1gina10\" \/>\n<meta property=\"article:publisher\" content=\"https:\/\/www.facebook.com\/pag10com\" \/>\n<meta property=\"article:published_time\" content=\"2014-02-26T23:34:45+00:00\" \/>\n<meta property=\"og:image\" content=\"https:\/\/pagina10.com\/web\/wp-content\/uploads\/2014\/02\/11e67df7a25e08580ba8f841a9716bdb.jpg\" \/>\n\t<meta property=\"og:image:width\" content=\"960\" \/>\n\t<meta property=\"og:image:height\" content=\"355\" \/>\n\t<meta property=\"og:image:type\" content=\"image\/jpeg\" \/>\n<meta name=\"author\" content=\"P\u00e1gina 10\" \/>\n<meta name=\"twitter:card\" content=\"summary_large_image\" \/>\n<meta name=\"twitter:creator\" content=\"@Pag10com\" \/>\n<meta name=\"twitter:site\" content=\"@Pag10com\" \/>\n<meta name=\"twitter:label1\" content=\"Escrito por\" \/>\n\t<meta name=\"twitter:data1\" content=\"P\u00e1gina 10\" \/>\n\t<meta name=\"twitter:label2\" content=\"Tiempo de lectura\" \/>\n\t<meta name=\"twitter:data2\" content=\"1 minuto\" \/>\n<script type=\"application\/ld+json\" class=\"yoast-schema-graph\">{\"@context\":\"https:\/\/schema.org\",\"@graph\":[{\"@type\":\"Article\",\"@id\":\"https:\/\/pagina10.com\/web\/cuatro-talleres-escenicos-en-la-casa-teatro-la-guagua\/#article\",\"isPartOf\":{\"@id\":\"https:\/\/pagina10.com\/web\/cuatro-talleres-escenicos-en-la-casa-teatro-la-guagua\/\"},\"author\":{\"name\":\"P\u00e1gina 10\",\"@id\":\"https:\/\/pagina10.com\/web\/#\/schema\/person\/a7a5d38f0629dfc107f619fbae4f6cc3\"},\"headline\":\"CUATRO TALLERES ESC\u00c9NICOS EN LA CASA TEATRO LA GUAGUA\",\"datePublished\":\"2014-02-26T23:34:45+00:00\",\"mainEntityOfPage\":{\"@id\":\"https:\/\/pagina10.com\/web\/cuatro-talleres-escenicos-en-la-casa-teatro-la-guagua\/\"},\"wordCount\":226,\"commentCount\":0,\"publisher\":{\"@id\":\"https:\/\/pagina10.com\/web\/#organization\"},\"image\":{\"@id\":\"https:\/\/pagina10.com\/web\/cuatro-talleres-escenicos-en-la-casa-teatro-la-guagua\/#primaryimage\"},\"thumbnailUrl\":\"https:\/\/pagina10.com\/web\/wp-content\/uploads\/2014\/02\/11e67df7a25e08580ba8f841a9716bdb.jpg\",\"articleSection\":[\"Ciudad\"],\"inLanguage\":\"es\",\"potentialAction\":[{\"@type\":\"CommentAction\",\"name\":\"Comment\",\"target\":[\"https:\/\/pagina10.com\/web\/cuatro-talleres-escenicos-en-la-casa-teatro-la-guagua\/#respond\"]}]},{\"@type\":\"WebPage\",\"@id\":\"https:\/\/pagina10.com\/web\/cuatro-talleres-escenicos-en-la-casa-teatro-la-guagua\/\",\"url\":\"https:\/\/pagina10.com\/web\/cuatro-talleres-escenicos-en-la-casa-teatro-la-guagua\/\",\"name\":\"CUATRO TALLERES ESC\u00c9NICOS EN LA CASA TEATRO LA GUAGUA | P\u00e1gina10\",\"isPartOf\":{\"@id\":\"https:\/\/pagina10.com\/web\/#website\"},\"primaryImageOfPage\":{\"@id\":\"https:\/\/pagina10.com\/web\/cuatro-talleres-escenicos-en-la-casa-teatro-la-guagua\/#primaryimage\"},\"image\":{\"@id\":\"https:\/\/pagina10.com\/web\/cuatro-talleres-escenicos-en-la-casa-teatro-la-guagua\/#primaryimage\"},\"thumbnailUrl\":\"https:\/\/pagina10.com\/web\/wp-content\/uploads\/2014\/02\/11e67df7a25e08580ba8f841a9716bdb.jpg\",\"datePublished\":\"2014-02-26T23:34:45+00:00\",\"breadcrumb\":{\"@id\":\"https:\/\/pagina10.com\/web\/cuatro-talleres-escenicos-en-la-casa-teatro-la-guagua\/#breadcrumb\"},\"inLanguage\":\"es\",\"potentialAction\":[{\"@type\":\"ReadAction\",\"target\":[\"https:\/\/pagina10.com\/web\/cuatro-talleres-escenicos-en-la-casa-teatro-la-guagua\/\"]}]},{\"@type\":\"ImageObject\",\"inLanguage\":\"es\",\"@id\":\"https:\/\/pagina10.com\/web\/cuatro-talleres-escenicos-en-la-casa-teatro-la-guagua\/#primaryimage\",\"url\":\"https:\/\/pagina10.com\/web\/wp-content\/uploads\/2014\/02\/11e67df7a25e08580ba8f841a9716bdb.jpg\",\"contentUrl\":\"https:\/\/pagina10.com\/web\/wp-content\/uploads\/2014\/02\/11e67df7a25e08580ba8f841a9716bdb.jpg\",\"width\":960,\"height\":355},{\"@type\":\"BreadcrumbList\",\"@id\":\"https:\/\/pagina10.com\/web\/cuatro-talleres-escenicos-en-la-casa-teatro-la-guagua\/#breadcrumb\",\"itemListElement\":[{\"@type\":\"ListItem\",\"position\":1,\"name\":\"Portada\",\"item\":\"https:\/\/pagina10.com\/web\/\"},{\"@type\":\"ListItem\",\"position\":2,\"name\":\"CUATRO TALLERES ESC\u00c9NICOS EN LA CASA TEATRO LA GUAGUA\"}]},{\"@type\":\"WebSite\",\"@id\":\"https:\/\/pagina10.com\/web\/#website\",\"url\":\"https:\/\/pagina10.com\/web\/\",\"name\":\"P\u00e1gina10\",\"description\":\"Peri\u00f3dico Regional\",\"publisher\":{\"@id\":\"https:\/\/pagina10.com\/web\/#organization\"},\"alternateName\":\"P\u00e1gina10 Peri\u00f3dico Regional\",\"potentialAction\":[{\"@type\":\"SearchAction\",\"target\":{\"@type\":\"EntryPoint\",\"urlTemplate\":\"https:\/\/pagina10.com\/web\/?s={search_term_string}\"},\"query-input\":{\"@type\":\"PropertyValueSpecification\",\"valueRequired\":true,\"valueName\":\"search_term_string\"}}],\"inLanguage\":\"es\"},{\"@type\":\"Organization\",\"@id\":\"https:\/\/pagina10.com\/web\/#organization\",\"name\":\"P\u00e1gina10\",\"alternateName\":\"P\u00e1gina10 Peri\u00f3dico Regional\",\"url\":\"https:\/\/pagina10.com\/web\/\",\"logo\":{\"@type\":\"ImageObject\",\"inLanguage\":\"es\",\"@id\":\"https:\/\/pagina10.com\/web\/#\/schema\/logo\/image\/\",\"url\":\"https:\/\/pagina10.com\/web\/wp-content\/uploads\/2024\/01\/40-pagina-10-periodico-regional-pasto.jpg\",\"contentUrl\":\"https:\/\/pagina10.com\/web\/wp-content\/uploads\/2024\/01\/40-pagina-10-periodico-regional-pasto.jpg\",\"width\":1280,\"height\":720,\"caption\":\"P\u00e1gina10\"},\"image\":{\"@id\":\"https:\/\/pagina10.com\/web\/#\/schema\/logo\/image\/\"},\"sameAs\":[\"https:\/\/www.facebook.com\/pag10com\",\"https:\/\/x.com\/Pag10com\",\"https:\/\/www.instagram.com\/pagina10col\/\",\"https:\/\/youtube.com\/channel\/pag10\",\"https:\/\/www.tiktok.com\/@p10col\"]},{\"@type\":\"Person\",\"@id\":\"https:\/\/pagina10.com\/web\/#\/schema\/person\/a7a5d38f0629dfc107f619fbae4f6cc3\",\"name\":\"P\u00e1gina 10\",\"description\":\"P\u00e1gina10.com es un peri\u00f3dico digital que nace en Colombia, en el departamento de Nari\u00f1o, con un enfoque global, fundamentado en cuatro pilares esenciales: la libertad, el pluralismo, la inclusi\u00f3n y la independencia. P\u00e1gina10.com hace referencia a Nari\u00f1o como el d\u00e9cimo departamento creado en Colombia, despu\u00e9s de un proceso pol\u00edtico liderado por actores y actrices regionales con el fin de obtener la independencia y autonom\u00eda de nuestros territorios. Con la creaci\u00f3n de P\u00e1gina10.com se pretende abrir un escenario para el dialogo, la reflexi\u00f3n y el debate que se extienda a otras geograf\u00edas de Am\u00e9rica Latina y del planeta, en una apuesta por transformar colectivamente los desaf\u00edos de un mundo contempor\u00e1neo, m\u00e1s all\u00e1 de las fronteras impuestas.\",\"url\":\"https:\/\/pagina10.com\/web\/author\/mcepeda\/\"}]}<\/script>\n<!-- \/ Yoast SEO plugin. -->","yoast_head_json":{"title":"CUATRO TALLERES ESC\u00c9NICOS EN LA CASA TEATRO LA GUAGUA | P\u00e1gina10","robots":{"index":"index","follow":"follow","max-snippet":"max-snippet:-1","max-image-preview":"max-image-preview:large","max-video-preview":"max-video-preview:-1"},"canonical":"https:\/\/pagina10.com\/web\/cuatro-talleres-escenicos-en-la-casa-teatro-la-guagua\/","og_locale":"es_ES","og_type":"article","og_title":"CUATRO TALLERES ESC\u00c9NICOS EN LA CASA TEATRO LA GUAGUA | P\u00e1gina10","og_description":"Los buenos planes culturales est\u00e1n en auge en la ciudad de Pasto. Hoy por hoy no solo nos conformamos con ser espectadores de una representaci\u00f3n art\u00edstica, sino en ser quiz\u00e1 los precursores y protagonistas de la escena. Es por ello que la Casa Teatro La Guagua se permite invitar a todos los lectores a ser [&hellip;]","og_url":"https:\/\/pagina10.com\/web\/cuatro-talleres-escenicos-en-la-casa-teatro-la-guagua\/","og_site_name":"P\u00e1gina10","article_publisher":"https:\/\/www.facebook.com\/pag10com","article_published_time":"2014-02-26T23:34:45+00:00","og_image":[{"width":960,"height":355,"url":"https:\/\/pagina10.com\/web\/wp-content\/uploads\/2014\/02\/11e67df7a25e08580ba8f841a9716bdb.jpg","type":"image\/jpeg"}],"author":"P\u00e1gina 10","twitter_card":"summary_large_image","twitter_creator":"@Pag10com","twitter_site":"@Pag10com","twitter_misc":{"Escrito por":"P\u00e1gina 10","Tiempo de lectura":"1 minuto"},"schema":{"@context":"https:\/\/schema.org","@graph":[{"@type":"Article","@id":"https:\/\/pagina10.com\/web\/cuatro-talleres-escenicos-en-la-casa-teatro-la-guagua\/#article","isPartOf":{"@id":"https:\/\/pagina10.com\/web\/cuatro-talleres-escenicos-en-la-casa-teatro-la-guagua\/"},"author":{"name":"P\u00e1gina 10","@id":"https:\/\/pagina10.com\/web\/#\/schema\/person\/a7a5d38f0629dfc107f619fbae4f6cc3"},"headline":"CUATRO TALLERES ESC\u00c9NICOS EN LA CASA TEATRO LA GUAGUA","datePublished":"2014-02-26T23:34:45+00:00","mainEntityOfPage":{"@id":"https:\/\/pagina10.com\/web\/cuatro-talleres-escenicos-en-la-casa-teatro-la-guagua\/"},"wordCount":226,"commentCount":0,"publisher":{"@id":"https:\/\/pagina10.com\/web\/#organization"},"image":{"@id":"https:\/\/pagina10.com\/web\/cuatro-talleres-escenicos-en-la-casa-teatro-la-guagua\/#primaryimage"},"thumbnailUrl":"https:\/\/pagina10.com\/web\/wp-content\/uploads\/2014\/02\/11e67df7a25e08580ba8f841a9716bdb.jpg","articleSection":["Ciudad"],"inLanguage":"es","potentialAction":[{"@type":"CommentAction","name":"Comment","target":["https:\/\/pagina10.com\/web\/cuatro-talleres-escenicos-en-la-casa-teatro-la-guagua\/#respond"]}]},{"@type":"WebPage","@id":"https:\/\/pagina10.com\/web\/cuatro-talleres-escenicos-en-la-casa-teatro-la-guagua\/","url":"https:\/\/pagina10.com\/web\/cuatro-talleres-escenicos-en-la-casa-teatro-la-guagua\/","name":"CUATRO TALLERES ESC\u00c9NICOS EN LA CASA TEATRO LA GUAGUA | P\u00e1gina10","isPartOf":{"@id":"https:\/\/pagina10.com\/web\/#website"},"primaryImageOfPage":{"@id":"https:\/\/pagina10.com\/web\/cuatro-talleres-escenicos-en-la-casa-teatro-la-guagua\/#primaryimage"},"image":{"@id":"https:\/\/pagina10.com\/web\/cuatro-talleres-escenicos-en-la-casa-teatro-la-guagua\/#primaryimage"},"thumbnailUrl":"https:\/\/pagina10.com\/web\/wp-content\/uploads\/2014\/02\/11e67df7a25e08580ba8f841a9716bdb.jpg","datePublished":"2014-02-26T23:34:45+00:00","breadcrumb":{"@id":"https:\/\/pagina10.com\/web\/cuatro-talleres-escenicos-en-la-casa-teatro-la-guagua\/#breadcrumb"},"inLanguage":"es","potentialAction":[{"@type":"ReadAction","target":["https:\/\/pagina10.com\/web\/cuatro-talleres-escenicos-en-la-casa-teatro-la-guagua\/"]}]},{"@type":"ImageObject","inLanguage":"es","@id":"https:\/\/pagina10.com\/web\/cuatro-talleres-escenicos-en-la-casa-teatro-la-guagua\/#primaryimage","url":"https:\/\/pagina10.com\/web\/wp-content\/uploads\/2014\/02\/11e67df7a25e08580ba8f841a9716bdb.jpg","contentUrl":"https:\/\/pagina10.com\/web\/wp-content\/uploads\/2014\/02\/11e67df7a25e08580ba8f841a9716bdb.jpg","width":960,"height":355},{"@type":"BreadcrumbList","@id":"https:\/\/pagina10.com\/web\/cuatro-talleres-escenicos-en-la-casa-teatro-la-guagua\/#breadcrumb","itemListElement":[{"@type":"ListItem","position":1,"name":"Portada","item":"https:\/\/pagina10.com\/web\/"},{"@type":"ListItem","position":2,"name":"CUATRO TALLERES ESC\u00c9NICOS EN LA CASA TEATRO LA GUAGUA"}]},{"@type":"WebSite","@id":"https:\/\/pagina10.com\/web\/#website","url":"https:\/\/pagina10.com\/web\/","name":"P\u00e1gina10","description":"Peri\u00f3dico Regional","publisher":{"@id":"https:\/\/pagina10.com\/web\/#organization"},"alternateName":"P\u00e1gina10 Peri\u00f3dico Regional","potentialAction":[{"@type":"SearchAction","target":{"@type":"EntryPoint","urlTemplate":"https:\/\/pagina10.com\/web\/?s={search_term_string}"},"query-input":{"@type":"PropertyValueSpecification","valueRequired":true,"valueName":"search_term_string"}}],"inLanguage":"es"},{"@type":"Organization","@id":"https:\/\/pagina10.com\/web\/#organization","name":"P\u00e1gina10","alternateName":"P\u00e1gina10 Peri\u00f3dico Regional","url":"https:\/\/pagina10.com\/web\/","logo":{"@type":"ImageObject","inLanguage":"es","@id":"https:\/\/pagina10.com\/web\/#\/schema\/logo\/image\/","url":"https:\/\/pagina10.com\/web\/wp-content\/uploads\/2024\/01\/40-pagina-10-periodico-regional-pasto.jpg","contentUrl":"https:\/\/pagina10.com\/web\/wp-content\/uploads\/2024\/01\/40-pagina-10-periodico-regional-pasto.jpg","width":1280,"height":720,"caption":"P\u00e1gina10"},"image":{"@id":"https:\/\/pagina10.com\/web\/#\/schema\/logo\/image\/"},"sameAs":["https:\/\/www.facebook.com\/pag10com","https:\/\/x.com\/Pag10com","https:\/\/www.instagram.com\/pagina10col\/","https:\/\/youtube.com\/channel\/pag10","https:\/\/www.tiktok.com\/@p10col"]},{"@type":"Person","@id":"https:\/\/pagina10.com\/web\/#\/schema\/person\/a7a5d38f0629dfc107f619fbae4f6cc3","name":"P\u00e1gina 10","description":"P\u00e1gina10.com es un peri\u00f3dico digital que nace en Colombia, en el departamento de Nari\u00f1o, con un enfoque global, fundamentado en cuatro pilares esenciales: la libertad, el pluralismo, la inclusi\u00f3n y la independencia. P\u00e1gina10.com hace referencia a Nari\u00f1o como el d\u00e9cimo departamento creado en Colombia, despu\u00e9s de un proceso pol\u00edtico liderado por actores y actrices regionales con el fin de obtener la independencia y autonom\u00eda de nuestros territorios. Con la creaci\u00f3n de P\u00e1gina10.com se pretende abrir un escenario para el dialogo, la reflexi\u00f3n y el debate que se extienda a otras geograf\u00edas de Am\u00e9rica Latina y del planeta, en una apuesta por transformar colectivamente los desaf\u00edos de un mundo contempor\u00e1neo, m\u00e1s all\u00e1 de las fronteras impuestas.","url":"https:\/\/pagina10.com\/web\/author\/mcepeda\/"}]}},"_links":{"self":[{"href":"https:\/\/pagina10.com\/web\/wp-json\/wp\/v2\/posts\/6865","targetHints":{"allow":["GET"]}}],"collection":[{"href":"https:\/\/pagina10.com\/web\/wp-json\/wp\/v2\/posts"}],"about":[{"href":"https:\/\/pagina10.com\/web\/wp-json\/wp\/v2\/types\/post"}],"author":[{"embeddable":true,"href":"https:\/\/pagina10.com\/web\/wp-json\/wp\/v2\/users\/29"}],"replies":[{"embeddable":true,"href":"https:\/\/pagina10.com\/web\/wp-json\/wp\/v2\/comments?post=6865"}],"version-history":[{"count":0,"href":"https:\/\/pagina10.com\/web\/wp-json\/wp\/v2\/posts\/6865\/revisions"}],"wp:featuredmedia":[{"embeddable":true,"href":"https:\/\/pagina10.com\/web\/wp-json\/wp\/v2\/media\/6864"}],"wp:attachment":[{"href":"https:\/\/pagina10.com\/web\/wp-json\/wp\/v2\/media?parent=6865"}],"wp:term":[{"taxonomy":"category","embeddable":true,"href":"https:\/\/pagina10.com\/web\/wp-json\/wp\/v2\/categories?post=6865"},{"taxonomy":"post_tag","embeddable":true,"href":"https:\/\/pagina10.com\/web\/wp-json\/wp\/v2\/tags?post=6865"}],"curies":[{"name":"wp","href":"https:\/\/api.w.org\/{rel}","templated":true}]}}