{"id":68653,"date":"2023-09-09T09:17:38","date_gmt":"2023-09-09T14:17:38","guid":{"rendered":"https:\/\/pagina10.com\/web\/?p=68653"},"modified":"2023-09-09T09:17:38","modified_gmt":"2023-09-09T14:17:38","slug":"encanto-trio-agrupacion-de-musica-romantica-con-un-brillante-camino-hacia-el-exito","status":"publish","type":"post","link":"https:\/\/pagina10.com\/web\/encanto-trio-agrupacion-de-musica-romantica-con-un-brillante-camino-hacia-el-exito\/","title":{"rendered":"\u2018Encanto Tr\u00edo\u2019: Agrupaci\u00f3n de m\u00fasica rom\u00e1ntica con un brillante camino hacia el \u00e9xito"},"content":{"rendered":"<p style=\"text-align: justify;\">En el a\u00f1o 2008, como un prometedor proyecto estudiantil del <strong>Colegio La Inmaculada en Pasto<\/strong>, comenz\u00f3 la historia de Encanto Tr\u00edo. El proyecto naci\u00f3 por la iniciativa de <strong>Christian Benavides Guerrero<\/strong>, quien ten\u00eda tan solo 11 a\u00f1os en ese momento. La construcci\u00f3n de su futuro musical dio inicio, entre otros eslabones, gracias al apoyo del profesor Javier Madro\u00f1ero, quien invit\u00f3 a dos compa\u00f1eros de la misma edad para acompa\u00f1amiento del nuevo grupo. Con dedicaci\u00f3n, visi\u00f3n y prop\u00f3sito, han experimentado una notable evoluci\u00f3n y han conquistado diversos escenarios tanto en Colombia como en Ecuador.<\/p>\n<p style=\"text-align: justify;\">La versatilidad de Encanto Tr\u00edo se refleja en su extenso repertorio, que abarca temas de diferentes \u00e9pocas y fusiona diversos ritmos, lo que la convierte en una agrupaci\u00f3n musical excepcional. Su mayor atractivo se evidencia en la interpretaci\u00f3n de sus instrumentos, sus voces y su cautivadora puesta en escena, lo que la convierte en una atracci\u00f3n para todo p\u00fablico.<\/p>\n<p style=\"text-align: justify; padding-left: 40px;\">Actualmente, la agrupaci\u00f3n la conforman tres talentosos m\u00fasicos:<\/p>\n<ul>\n<li style=\"list-style-type: none;\">\n<ul style=\"text-align: justify;\">\n<li><strong>Christian Benavides<\/strong>: Fundador, director musical, requintista y vocalista principal.<\/li>\n<li><strong>Kevin Portilla<\/strong>: Director art\u00edstico, guitarrista, bajista, segundo requintista y vocalista.<\/li>\n<li><strong>Josue Mart\u00ednez<\/strong>: Bajista, guitarrista y vocalista.<\/li>\n<\/ul>\n<\/li>\n<\/ul>\n<p style=\"text-align: justify;\">Este tr\u00edo musical ha participado en numerosos y deslumbrantes escenarios, incluyendo el \u2018Festival Internacional Ipiales Cuna de Grandes Tr\u00edos\u2019 y el programa \u2018Serenata\u2019 de Teleantioquia en Medell\u00edn, tambi\u00e9n fueron ganadores del primer puesto en la categor\u00eda abierta y profesional del \u2018Concurso Internacional de Tr\u00edos\u2019 en el \u2018Onom\u00e1stico de San Juan de Pasto\u2019, as\u00ed como en el \u2018Concurso Internacional de Tr\u00edos\u2019 en Ibarra, Ecuador, de igual forma, han compartido escenario con artistas de renombre internacional como <strong>Los Panchos, Los Tres Reyes, Juan Fernando Velasco<\/strong> y entre otros.<\/p>\n<p style=\"text-align: justify;\">La talentosa agrupaci\u00f3n juvenil y profesional ha sido galardonada recientemente con el prestigioso Premio Cacique Marquet\u00e1 como la mejor propuesta creativa en el Festival Nacional de M\u00fasica &#8220;Mangostino de Oro&#8221;. Este premio es un merecido reconocimiento a su innovadora propuesta dentro del g\u00e9nero rom\u00e1ntico, que ha cautivado los corazones de su creciente audiencia.<\/p>\n<p style=\"text-align: justify;\"><img fetchpriority=\"high\" decoding=\"async\" class=\"aligncenter wp-image-68649\" src=\"https:\/\/pagina10.com\/web\/wp-content\/uploads\/2023\/09\/WhatsApp-Image-2023-09-06-at-4.57.32-PM-1-1024x576.jpeg\" alt=\"\" width=\"513\" height=\"288\" srcset=\"https:\/\/pagina10.com\/web\/wp-content\/uploads\/2023\/09\/WhatsApp-Image-2023-09-06-at-4.57.32-PM-1-1024x576.jpeg 1024w, https:\/\/pagina10.com\/web\/wp-content\/uploads\/2023\/09\/WhatsApp-Image-2023-09-06-at-4.57.32-PM-1-300x169.jpeg 300w, https:\/\/pagina10.com\/web\/wp-content\/uploads\/2023\/09\/WhatsApp-Image-2023-09-06-at-4.57.32-PM-1-768x432.jpeg 768w, https:\/\/pagina10.com\/web\/wp-content\/uploads\/2023\/09\/WhatsApp-Image-2023-09-06-at-4.57.32-PM-1-1536x864.jpeg 1536w, https:\/\/pagina10.com\/web\/wp-content\/uploads\/2023\/09\/WhatsApp-Image-2023-09-06-at-4.57.32-PM-1.jpeg 1600w\" sizes=\"(max-width: 513px) 100vw, 513px\" \/>Pr\u00f3ximamente, el destacado tr\u00edo tendr\u00e1 el honor de ser invitado especial en el cierre de la primera noche del ToliJazz, un prestigioso festival que se llevar\u00e1 a cabo del 27 de septiembre al 1 de octubre en Ibagu\u00e9, Tolima, en el que compartir\u00e1n escenario con el maestro de Jazz, Arturo Sandoval, lo que promete ser un momento inolvidable para los amantes de la m\u00fasica.<\/p>\n<p style=\"text-align: justify;\">Encanto Tr\u00edo sigue conquistando corazones y escenarios, consolid\u00e1ndose como una de las promesas musicales m\u00e1s reconocidas de la actualidad en la regi\u00f3n. Adem\u00e1s, su pasi\u00f3n y dedicaci\u00f3n por la m\u00fasica contin\u00faan inspirando a su audiencia.<\/p>\n","protected":false},"excerpt":{"rendered":"<p>En el a\u00f1o 2008, como un prometedor proyecto estudiantil del Colegio La Inmaculada en Pasto, comenz\u00f3 la historia de Encanto Tr\u00edo. El proyecto naci\u00f3 por la iniciativa de Christian Benavides Guerrero, quien ten\u00eda tan solo 11 a\u00f1os en ese momento. La construcci\u00f3n de su futuro musical dio inicio, entre otros eslabones, gracias al apoyo del [&hellip;]<\/p>\n","protected":false},"author":1,"featured_media":68651,"comment_status":"open","ping_status":"open","sticky":false,"template":"","format":"standard","meta":{"footnotes":""},"categories":[84],"tags":[],"class_list":["post-68653","post","type-post","status-publish","format-standard","has-post-thumbnail","hentry","category-global-2"],"yoast_head":"<!-- This site is optimized with the Yoast SEO plugin v27.1.1 - https:\/\/yoast.com\/product\/yoast-seo-wordpress\/ -->\n<title>\u2018Encanto Tr\u00edo\u2019: Agrupaci\u00f3n de m\u00fasica rom\u00e1ntica con un brillante camino hacia el \u00e9xito | P\u00e1gina10<\/title>\n<meta name=\"robots\" content=\"index, follow, max-snippet:-1, max-image-preview:large, max-video-preview:-1\" \/>\n<link rel=\"canonical\" href=\"https:\/\/pagina10.com\/web\/encanto-trio-agrupacion-de-musica-romantica-con-un-brillante-camino-hacia-el-exito\/\" \/>\n<meta property=\"og:locale\" content=\"es_ES\" \/>\n<meta property=\"og:type\" content=\"article\" \/>\n<meta property=\"og:title\" content=\"\u2018Encanto Tr\u00edo\u2019: Agrupaci\u00f3n de m\u00fasica rom\u00e1ntica con un brillante camino hacia el \u00e9xito | P\u00e1gina10\" \/>\n<meta property=\"og:description\" content=\"En el a\u00f1o 2008, como un prometedor proyecto estudiantil del Colegio La Inmaculada en Pasto, comenz\u00f3 la historia de Encanto Tr\u00edo. El proyecto naci\u00f3 por la iniciativa de Christian Benavides Guerrero, quien ten\u00eda tan solo 11 a\u00f1os en ese momento. La construcci\u00f3n de su futuro musical dio inicio, entre otros eslabones, gracias al apoyo del [&hellip;]\" \/>\n<meta property=\"og:url\" content=\"https:\/\/pagina10.com\/web\/encanto-trio-agrupacion-de-musica-romantica-con-un-brillante-camino-hacia-el-exito\/\" \/>\n<meta property=\"og:site_name\" content=\"P\u00e1gina10\" \/>\n<meta property=\"article:publisher\" content=\"https:\/\/www.facebook.com\/pag10com\" \/>\n<meta property=\"article:published_time\" content=\"2023-09-09T14:17:38+00:00\" \/>\n<meta property=\"og:image\" content=\"https:\/\/pagina10.com\/web\/wp-content\/uploads\/2023\/09\/trio-1-scaled.jpg\" \/>\n\t<meta property=\"og:image:width\" content=\"2560\" \/>\n\t<meta property=\"og:image:height\" content=\"1896\" \/>\n\t<meta property=\"og:image:type\" content=\"image\/jpeg\" \/>\n<meta name=\"author\" content=\"P\u00e1gina 10\" \/>\n<meta name=\"twitter:card\" content=\"summary_large_image\" \/>\n<meta name=\"twitter:creator\" content=\"@Pag10com\" \/>\n<meta name=\"twitter:site\" content=\"@Pag10com\" \/>\n<meta name=\"twitter:label1\" content=\"Escrito por\" \/>\n\t<meta name=\"twitter:data1\" content=\"P\u00e1gina 10\" \/>\n\t<meta name=\"twitter:label2\" content=\"Tiempo de lectura\" \/>\n\t<meta name=\"twitter:data2\" content=\"2 minutos\" \/>\n<script type=\"application\/ld+json\" class=\"yoast-schema-graph\">{\"@context\":\"https:\/\/schema.org\",\"@graph\":[{\"@type\":\"Article\",\"@id\":\"https:\/\/pagina10.com\/web\/encanto-trio-agrupacion-de-musica-romantica-con-un-brillante-camino-hacia-el-exito\/#article\",\"isPartOf\":{\"@id\":\"https:\/\/pagina10.com\/web\/encanto-trio-agrupacion-de-musica-romantica-con-un-brillante-camino-hacia-el-exito\/\"},\"author\":{\"name\":\"P\u00e1gina 10\",\"@id\":\"https:\/\/pagina10.com\/web\/#\/schema\/person\/2efc4a090d25b667d3bc796798a3a81b\"},\"headline\":\"\u2018Encanto Tr\u00edo\u2019: Agrupaci\u00f3n de m\u00fasica rom\u00e1ntica con un brillante camino hacia el \u00e9xito\",\"datePublished\":\"2023-09-09T14:17:38+00:00\",\"mainEntityOfPage\":{\"@id\":\"https:\/\/pagina10.com\/web\/encanto-trio-agrupacion-de-musica-romantica-con-un-brillante-camino-hacia-el-exito\/\"},\"wordCount\":482,\"commentCount\":0,\"publisher\":{\"@id\":\"https:\/\/pagina10.com\/web\/#organization\"},\"image\":{\"@id\":\"https:\/\/pagina10.com\/web\/encanto-trio-agrupacion-de-musica-romantica-con-un-brillante-camino-hacia-el-exito\/#primaryimage\"},\"thumbnailUrl\":\"https:\/\/pagina10.com\/web\/wp-content\/uploads\/2023\/09\/trio-1-scaled.jpg\",\"articleSection\":[\"Global\"],\"inLanguage\":\"es\",\"potentialAction\":[{\"@type\":\"CommentAction\",\"name\":\"Comment\",\"target\":[\"https:\/\/pagina10.com\/web\/encanto-trio-agrupacion-de-musica-romantica-con-un-brillante-camino-hacia-el-exito\/#respond\"]}]},{\"@type\":\"WebPage\",\"@id\":\"https:\/\/pagina10.com\/web\/encanto-trio-agrupacion-de-musica-romantica-con-un-brillante-camino-hacia-el-exito\/\",\"url\":\"https:\/\/pagina10.com\/web\/encanto-trio-agrupacion-de-musica-romantica-con-un-brillante-camino-hacia-el-exito\/\",\"name\":\"\u2018Encanto Tr\u00edo\u2019: Agrupaci\u00f3n de m\u00fasica rom\u00e1ntica con un brillante camino hacia el \u00e9xito | P\u00e1gina10\",\"isPartOf\":{\"@id\":\"https:\/\/pagina10.com\/web\/#website\"},\"primaryImageOfPage\":{\"@id\":\"https:\/\/pagina10.com\/web\/encanto-trio-agrupacion-de-musica-romantica-con-un-brillante-camino-hacia-el-exito\/#primaryimage\"},\"image\":{\"@id\":\"https:\/\/pagina10.com\/web\/encanto-trio-agrupacion-de-musica-romantica-con-un-brillante-camino-hacia-el-exito\/#primaryimage\"},\"thumbnailUrl\":\"https:\/\/pagina10.com\/web\/wp-content\/uploads\/2023\/09\/trio-1-scaled.jpg\",\"datePublished\":\"2023-09-09T14:17:38+00:00\",\"breadcrumb\":{\"@id\":\"https:\/\/pagina10.com\/web\/encanto-trio-agrupacion-de-musica-romantica-con-un-brillante-camino-hacia-el-exito\/#breadcrumb\"},\"inLanguage\":\"es\",\"potentialAction\":[{\"@type\":\"ReadAction\",\"target\":[\"https:\/\/pagina10.com\/web\/encanto-trio-agrupacion-de-musica-romantica-con-un-brillante-camino-hacia-el-exito\/\"]}]},{\"@type\":\"ImageObject\",\"inLanguage\":\"es\",\"@id\":\"https:\/\/pagina10.com\/web\/encanto-trio-agrupacion-de-musica-romantica-con-un-brillante-camino-hacia-el-exito\/#primaryimage\",\"url\":\"https:\/\/pagina10.com\/web\/wp-content\/uploads\/2023\/09\/trio-1-scaled.jpg\",\"contentUrl\":\"https:\/\/pagina10.com\/web\/wp-content\/uploads\/2023\/09\/trio-1-scaled.jpg\",\"width\":2560,\"height\":1896},{\"@type\":\"BreadcrumbList\",\"@id\":\"https:\/\/pagina10.com\/web\/encanto-trio-agrupacion-de-musica-romantica-con-un-brillante-camino-hacia-el-exito\/#breadcrumb\",\"itemListElement\":[{\"@type\":\"ListItem\",\"position\":1,\"name\":\"Portada\",\"item\":\"https:\/\/pagina10.com\/web\/\"},{\"@type\":\"ListItem\",\"position\":2,\"name\":\"\u2018Encanto Tr\u00edo\u2019: Agrupaci\u00f3n de m\u00fasica rom\u00e1ntica con un brillante camino hacia el \u00e9xito\"}]},{\"@type\":\"WebSite\",\"@id\":\"https:\/\/pagina10.com\/web\/#website\",\"url\":\"https:\/\/pagina10.com\/web\/\",\"name\":\"P\u00e1gina10\",\"description\":\"Peri\u00f3dico Regional\",\"publisher\":{\"@id\":\"https:\/\/pagina10.com\/web\/#organization\"},\"alternateName\":\"P\u00e1gina10 Peri\u00f3dico Regional\",\"potentialAction\":[{\"@type\":\"SearchAction\",\"target\":{\"@type\":\"EntryPoint\",\"urlTemplate\":\"https:\/\/pagina10.com\/web\/?s={search_term_string}\"},\"query-input\":{\"@type\":\"PropertyValueSpecification\",\"valueRequired\":true,\"valueName\":\"search_term_string\"}}],\"inLanguage\":\"es\"},{\"@type\":\"Organization\",\"@id\":\"https:\/\/pagina10.com\/web\/#organization\",\"name\":\"P\u00e1gina10\",\"alternateName\":\"P\u00e1gina10 Peri\u00f3dico Regional\",\"url\":\"https:\/\/pagina10.com\/web\/\",\"logo\":{\"@type\":\"ImageObject\",\"inLanguage\":\"es\",\"@id\":\"https:\/\/pagina10.com\/web\/#\/schema\/logo\/image\/\",\"url\":\"https:\/\/pagina10.com\/web\/wp-content\/uploads\/2024\/01\/40-pagina-10-periodico-regional-pasto.jpg\",\"contentUrl\":\"https:\/\/pagina10.com\/web\/wp-content\/uploads\/2024\/01\/40-pagina-10-periodico-regional-pasto.jpg\",\"width\":1280,\"height\":720,\"caption\":\"P\u00e1gina10\"},\"image\":{\"@id\":\"https:\/\/pagina10.com\/web\/#\/schema\/logo\/image\/\"},\"sameAs\":[\"https:\/\/www.facebook.com\/pag10com\",\"https:\/\/x.com\/Pag10com\",\"https:\/\/www.instagram.com\/pagina10col\/\",\"https:\/\/youtube.com\/channel\/pag10\",\"https:\/\/www.tiktok.com\/@p10col\"]},{\"@type\":\"Person\",\"@id\":\"https:\/\/pagina10.com\/web\/#\/schema\/person\/2efc4a090d25b667d3bc796798a3a81b\",\"name\":\"P\u00e1gina 10\",\"description\":\"P\u00e1gina 10 es un peri\u00f3dico regional que nace en Colombia, en el departamento de Nari\u00f1o, con un enfoque global, fundamentado en cuatro pilares esenciales: la libertad, el pluralismo, la inclusi\u00f3n y la independencia. P\u00e1gina 10 hace referencia a Nari\u00f1o como el d\u00e9cimo departamento creado en Colombia, despu\u00e9s de un proceso pol\u00edtico liderado por actores y actrices regionales con el fin de obtener la independencia y autonom\u00eda de nuestros territorios. Con la creaci\u00f3n de P\u00e1gina 10 se pretende abrir un escenario para el dialogo, la reflexi\u00f3n y el debate que se extienda a otras geograf\u00edas de Am\u00e9rica Latina y del planeta, en una apuesta por transformar colectivamente los desaf\u00edos de un mundo contempor\u00e1neo, m\u00e1s all\u00e1 de las fronteras impuestas.\",\"url\":\"https:\/\/pagina10.com\/web\/author\/pdiezadmin\/\"}]}<\/script>\n<!-- \/ Yoast SEO plugin. -->","yoast_head_json":{"title":"\u2018Encanto Tr\u00edo\u2019: Agrupaci\u00f3n de m\u00fasica rom\u00e1ntica con un brillante camino hacia el \u00e9xito | P\u00e1gina10","robots":{"index":"index","follow":"follow","max-snippet":"max-snippet:-1","max-image-preview":"max-image-preview:large","max-video-preview":"max-video-preview:-1"},"canonical":"https:\/\/pagina10.com\/web\/encanto-trio-agrupacion-de-musica-romantica-con-un-brillante-camino-hacia-el-exito\/","og_locale":"es_ES","og_type":"article","og_title":"\u2018Encanto Tr\u00edo\u2019: Agrupaci\u00f3n de m\u00fasica rom\u00e1ntica con un brillante camino hacia el \u00e9xito | P\u00e1gina10","og_description":"En el a\u00f1o 2008, como un prometedor proyecto estudiantil del Colegio La Inmaculada en Pasto, comenz\u00f3 la historia de Encanto Tr\u00edo. El proyecto naci\u00f3 por la iniciativa de Christian Benavides Guerrero, quien ten\u00eda tan solo 11 a\u00f1os en ese momento. La construcci\u00f3n de su futuro musical dio inicio, entre otros eslabones, gracias al apoyo del [&hellip;]","og_url":"https:\/\/pagina10.com\/web\/encanto-trio-agrupacion-de-musica-romantica-con-un-brillante-camino-hacia-el-exito\/","og_site_name":"P\u00e1gina10","article_publisher":"https:\/\/www.facebook.com\/pag10com","article_published_time":"2023-09-09T14:17:38+00:00","og_image":[{"width":2560,"height":1896,"url":"https:\/\/pagina10.com\/web\/wp-content\/uploads\/2023\/09\/trio-1-scaled.jpg","type":"image\/jpeg"}],"author":"P\u00e1gina 10","twitter_card":"summary_large_image","twitter_creator":"@Pag10com","twitter_site":"@Pag10com","twitter_misc":{"Escrito por":"P\u00e1gina 10","Tiempo de lectura":"2 minutos"},"schema":{"@context":"https:\/\/schema.org","@graph":[{"@type":"Article","@id":"https:\/\/pagina10.com\/web\/encanto-trio-agrupacion-de-musica-romantica-con-un-brillante-camino-hacia-el-exito\/#article","isPartOf":{"@id":"https:\/\/pagina10.com\/web\/encanto-trio-agrupacion-de-musica-romantica-con-un-brillante-camino-hacia-el-exito\/"},"author":{"name":"P\u00e1gina 10","@id":"https:\/\/pagina10.com\/web\/#\/schema\/person\/2efc4a090d25b667d3bc796798a3a81b"},"headline":"\u2018Encanto Tr\u00edo\u2019: Agrupaci\u00f3n de m\u00fasica rom\u00e1ntica con un brillante camino hacia el \u00e9xito","datePublished":"2023-09-09T14:17:38+00:00","mainEntityOfPage":{"@id":"https:\/\/pagina10.com\/web\/encanto-trio-agrupacion-de-musica-romantica-con-un-brillante-camino-hacia-el-exito\/"},"wordCount":482,"commentCount":0,"publisher":{"@id":"https:\/\/pagina10.com\/web\/#organization"},"image":{"@id":"https:\/\/pagina10.com\/web\/encanto-trio-agrupacion-de-musica-romantica-con-un-brillante-camino-hacia-el-exito\/#primaryimage"},"thumbnailUrl":"https:\/\/pagina10.com\/web\/wp-content\/uploads\/2023\/09\/trio-1-scaled.jpg","articleSection":["Global"],"inLanguage":"es","potentialAction":[{"@type":"CommentAction","name":"Comment","target":["https:\/\/pagina10.com\/web\/encanto-trio-agrupacion-de-musica-romantica-con-un-brillante-camino-hacia-el-exito\/#respond"]}]},{"@type":"WebPage","@id":"https:\/\/pagina10.com\/web\/encanto-trio-agrupacion-de-musica-romantica-con-un-brillante-camino-hacia-el-exito\/","url":"https:\/\/pagina10.com\/web\/encanto-trio-agrupacion-de-musica-romantica-con-un-brillante-camino-hacia-el-exito\/","name":"\u2018Encanto Tr\u00edo\u2019: Agrupaci\u00f3n de m\u00fasica rom\u00e1ntica con un brillante camino hacia el \u00e9xito | P\u00e1gina10","isPartOf":{"@id":"https:\/\/pagina10.com\/web\/#website"},"primaryImageOfPage":{"@id":"https:\/\/pagina10.com\/web\/encanto-trio-agrupacion-de-musica-romantica-con-un-brillante-camino-hacia-el-exito\/#primaryimage"},"image":{"@id":"https:\/\/pagina10.com\/web\/encanto-trio-agrupacion-de-musica-romantica-con-un-brillante-camino-hacia-el-exito\/#primaryimage"},"thumbnailUrl":"https:\/\/pagina10.com\/web\/wp-content\/uploads\/2023\/09\/trio-1-scaled.jpg","datePublished":"2023-09-09T14:17:38+00:00","breadcrumb":{"@id":"https:\/\/pagina10.com\/web\/encanto-trio-agrupacion-de-musica-romantica-con-un-brillante-camino-hacia-el-exito\/#breadcrumb"},"inLanguage":"es","potentialAction":[{"@type":"ReadAction","target":["https:\/\/pagina10.com\/web\/encanto-trio-agrupacion-de-musica-romantica-con-un-brillante-camino-hacia-el-exito\/"]}]},{"@type":"ImageObject","inLanguage":"es","@id":"https:\/\/pagina10.com\/web\/encanto-trio-agrupacion-de-musica-romantica-con-un-brillante-camino-hacia-el-exito\/#primaryimage","url":"https:\/\/pagina10.com\/web\/wp-content\/uploads\/2023\/09\/trio-1-scaled.jpg","contentUrl":"https:\/\/pagina10.com\/web\/wp-content\/uploads\/2023\/09\/trio-1-scaled.jpg","width":2560,"height":1896},{"@type":"BreadcrumbList","@id":"https:\/\/pagina10.com\/web\/encanto-trio-agrupacion-de-musica-romantica-con-un-brillante-camino-hacia-el-exito\/#breadcrumb","itemListElement":[{"@type":"ListItem","position":1,"name":"Portada","item":"https:\/\/pagina10.com\/web\/"},{"@type":"ListItem","position":2,"name":"\u2018Encanto Tr\u00edo\u2019: Agrupaci\u00f3n de m\u00fasica rom\u00e1ntica con un brillante camino hacia el \u00e9xito"}]},{"@type":"WebSite","@id":"https:\/\/pagina10.com\/web\/#website","url":"https:\/\/pagina10.com\/web\/","name":"P\u00e1gina10","description":"Peri\u00f3dico Regional","publisher":{"@id":"https:\/\/pagina10.com\/web\/#organization"},"alternateName":"P\u00e1gina10 Peri\u00f3dico Regional","potentialAction":[{"@type":"SearchAction","target":{"@type":"EntryPoint","urlTemplate":"https:\/\/pagina10.com\/web\/?s={search_term_string}"},"query-input":{"@type":"PropertyValueSpecification","valueRequired":true,"valueName":"search_term_string"}}],"inLanguage":"es"},{"@type":"Organization","@id":"https:\/\/pagina10.com\/web\/#organization","name":"P\u00e1gina10","alternateName":"P\u00e1gina10 Peri\u00f3dico Regional","url":"https:\/\/pagina10.com\/web\/","logo":{"@type":"ImageObject","inLanguage":"es","@id":"https:\/\/pagina10.com\/web\/#\/schema\/logo\/image\/","url":"https:\/\/pagina10.com\/web\/wp-content\/uploads\/2024\/01\/40-pagina-10-periodico-regional-pasto.jpg","contentUrl":"https:\/\/pagina10.com\/web\/wp-content\/uploads\/2024\/01\/40-pagina-10-periodico-regional-pasto.jpg","width":1280,"height":720,"caption":"P\u00e1gina10"},"image":{"@id":"https:\/\/pagina10.com\/web\/#\/schema\/logo\/image\/"},"sameAs":["https:\/\/www.facebook.com\/pag10com","https:\/\/x.com\/Pag10com","https:\/\/www.instagram.com\/pagina10col\/","https:\/\/youtube.com\/channel\/pag10","https:\/\/www.tiktok.com\/@p10col"]},{"@type":"Person","@id":"https:\/\/pagina10.com\/web\/#\/schema\/person\/2efc4a090d25b667d3bc796798a3a81b","name":"P\u00e1gina 10","description":"P\u00e1gina 10 es un peri\u00f3dico regional que nace en Colombia, en el departamento de Nari\u00f1o, con un enfoque global, fundamentado en cuatro pilares esenciales: la libertad, el pluralismo, la inclusi\u00f3n y la independencia. P\u00e1gina 10 hace referencia a Nari\u00f1o como el d\u00e9cimo departamento creado en Colombia, despu\u00e9s de un proceso pol\u00edtico liderado por actores y actrices regionales con el fin de obtener la independencia y autonom\u00eda de nuestros territorios. Con la creaci\u00f3n de P\u00e1gina 10 se pretende abrir un escenario para el dialogo, la reflexi\u00f3n y el debate que se extienda a otras geograf\u00edas de Am\u00e9rica Latina y del planeta, en una apuesta por transformar colectivamente los desaf\u00edos de un mundo contempor\u00e1neo, m\u00e1s all\u00e1 de las fronteras impuestas.","url":"https:\/\/pagina10.com\/web\/author\/pdiezadmin\/"}]}},"_links":{"self":[{"href":"https:\/\/pagina10.com\/web\/wp-json\/wp\/v2\/posts\/68653","targetHints":{"allow":["GET"]}}],"collection":[{"href":"https:\/\/pagina10.com\/web\/wp-json\/wp\/v2\/posts"}],"about":[{"href":"https:\/\/pagina10.com\/web\/wp-json\/wp\/v2\/types\/post"}],"author":[{"embeddable":true,"href":"https:\/\/pagina10.com\/web\/wp-json\/wp\/v2\/users\/1"}],"replies":[{"embeddable":true,"href":"https:\/\/pagina10.com\/web\/wp-json\/wp\/v2\/comments?post=68653"}],"version-history":[{"count":1,"href":"https:\/\/pagina10.com\/web\/wp-json\/wp\/v2\/posts\/68653\/revisions"}],"predecessor-version":[{"id":68654,"href":"https:\/\/pagina10.com\/web\/wp-json\/wp\/v2\/posts\/68653\/revisions\/68654"}],"wp:featuredmedia":[{"embeddable":true,"href":"https:\/\/pagina10.com\/web\/wp-json\/wp\/v2\/media\/68651"}],"wp:attachment":[{"href":"https:\/\/pagina10.com\/web\/wp-json\/wp\/v2\/media?parent=68653"}],"wp:term":[{"taxonomy":"category","embeddable":true,"href":"https:\/\/pagina10.com\/web\/wp-json\/wp\/v2\/categories?post=68653"},{"taxonomy":"post_tag","embeddable":true,"href":"https:\/\/pagina10.com\/web\/wp-json\/wp\/v2\/tags?post=68653"}],"curies":[{"name":"wp","href":"https:\/\/api.w.org\/{rel}","templated":true}]}}